{"id":14330,"date":"2019-05-15T09:20:35","date_gmt":"2019-05-15T07:20:35","guid":{"rendered":"https:\/\/vosgesinfo.fr\/remiremontinfo\/2019\/05\/parcoursup-phase-dadmission-demarre-soir\/"},"modified":"2019-05-15T09:20:35","modified_gmt":"2019-05-15T07:20:35","slug":"parcoursup-phase-dadmission-demarre-soir","status":"publish","type":"post","link":"https:\/\/vosgesinfo.fr\/remiremontinfo\/2019\/05\/parcoursup-phase-dadmission-demarre-soir\/","title":{"rendered":"Parcoursup : la phase d&rsquo;admission d\u00e9marre ce soir !"},"content":{"rendered":"<h2 class=\"p1\"><a href=\"\/2019\/02\/computer-1185626_1280.jpg\"><img decoding=\"async\" class=\"alignnone size-large wp-image-252788\" src=\"\/2019\/02\/computer-1185626_1280-1024x682.jpg\" alt=\"computer-1185626_1280\" width=\"960\" height=\"639\" \/><\/a><\/h2>\n<h2 class=\"p1\"><span style=\"font-size: 12pt;\"><strong><span class=\"s1\">La phase d\u2019admission de Parcoursup d\u00e9marre ce mercredi soir \u00e0 19h pour les 24 300 \u00e9l\u00e8ves de terminale et \u00e9tudiants en r\u00e9orientation de l\u2019acad\u00e9mie Nancy-Metz. <\/span><\/strong><\/span><\/h2>\n<p class=\"p1\"><span class=\"s1\">A partir de 19h ce soir, les candidats pourront consulter dans leur dossier Parcoursup les r\u00e9ponses donn\u00e9es par les formations pour chaque v\u0153u et sous-v\u0153u qui a \u00e9t\u00e9 formul\u00e9. Ils vont recevoir les propositions d\u2019admission au fur et \u00e0 mesure et en continu.<\/span><\/p>\n<p class=\"p1\"><span class=\"s1\">Chaque fois qu\u2019un candidat confirme ou renonce \u00e0 une proposition re\u00e7ue, il lib\u00e8re des places qui seront ensuite propos\u00e9es \u00e0 d\u2019autres candidats. Chaque jour, de nouveaux candidats auront donc de nouvelles propositions.<\/span><\/p>\n<p class=\"p1\"><strong><span class=\"s1\">Les r\u00e9ponses possibles sont : <\/span><\/strong><\/p>\n<p class=\"p1\"><em><span class=\"s1\">Pour une formation s\u00e9lective (CPGE, BTS, DUT, \u00e9coles, IFSI, EFTS, etc.) :<\/span><\/em><\/p>\n<ul>\n<li class=\"li1\"><span class=\"s1\">Oui : vous avez une proposition d\u2019admission et devez y r\u00e9pondre dans les d\u00e9lais indiqu\u00e9s.<\/span><\/li>\n<li class=\"li1\"><span class=\"s1\">Oui &#8211; en attente d\u2019une place : vous \u00eates sur liste d\u2019attente et avez connaissance de votre position sur celle-ci.<\/span><\/li>\n<li class=\"li1\"><span class=\"s1\">Non : vous \u00eates refus\u00e9 dans cette formation.<\/span><\/li>\n<\/ul>\n<p class=\"p1\"><em><span class=\"s1\">Pour une formation non s\u00e9lective (licence, 1\u00e8re ann\u00e9e des \u00e9tudes de sant\u00e9 &#8211; PACES) :<\/span><\/em><\/p>\n<ul>\n<li class=\"li1\"><span class=\"s1\">Oui : vous avez une proposition d\u2019admission et devez y r\u00e9pondre dans les d\u00e9lais indiqu\u00e9s.<\/span><\/li>\n<li class=\"li1\"><span class=\"s1\">Oui-si : vous avez une proposition d\u2019admission et la formation vous propose de suivre un parcours adapt\u00e9 avec des remises \u00e0 niveau permettant de renforcer votre capacit\u00e9 \u00e0 r\u00e9ussir dans la formation.<\/span><\/li>\n<li class=\"li1\"><span class=\"s1\">Oui &#8211; en attente d\u2019une place : vous \u00eates sur liste d\u2019attente et avez connaissance de votre position sur celle-ci.<\/span><\/li>\n<\/ul>\n<p class=\"p1\"><span class=\"s1\">Chaque candidat qui re\u00e7oit une proposition d\u2019admission entre le 15 mai 2019 et le 19 mai 2019 dispose de 5 jours pour r\u00e9pondre (J+4). Exemple : s\u2019il re\u00e7oit une proposition d\u2019admission le 18 mai 2019, il peut accepter ou renoncer \u00e0 cette proposition jusqu\u2019au 22 mai 2019 23h59 (heure de Paris). A partir du 20 mai, s\u2019il re\u00e7oit une proposition d\u2019admission, il n\u2019aura plus que 3 jours pour y r\u00e9pondre (J+2) ! Les derni\u00e8res propositions d\u2019admission seront envoy\u00e9es le 17 juillet 2019.<\/span><\/p>\n<p class=\"p1\"><span class=\"s1\">Pendant les \u00e9preuves \u00e9crites du baccalaur\u00e9at du 17 juin 2019 au 24 juin 2019, l\u2019envoi des propositions d\u2019admission est interrompu et les d\u00e9lais de r\u00e9ponse sont suspendus. Il sera cependant possible de r\u00e9pondre aux propositions re\u00e7ues avant le d\u00e9but des \u00e9preuves.<\/span><\/p>\n<p class=\"p1\"><span class=\"s1\">Pour plus d&rsquo;informations, rende vous sur <strong><a href=\"https:\/\/www.parcoursup.fr\/\">ParcourSup.fr<\/a><\/strong><\/span><\/p>\n","protected":false},"excerpt":{"rendered":"<p>La phase d\u2019admission de Parcoursup d\u00e9marre ce mercredi soir \u00e0 19h pour les 24 300 \u00e9l\u00e8ves de terminale et \u00e9tudiants [&hellip;]<\/p>\n","protected":false},"author":407,"featured_media":14331,"comment_status":"open","ping_status":"open","sticky":false,"template":"","format":"standard","meta":{"footnotes":""},"categories":[26,165],"tags":[],"class_list":["post-14330","post","type-post","status-publish","format-standard","has-post-thumbnail","hentry","category-a-la-une","category-enseignement"],"acf":[],"yoast_head":"<!-- This site is optimized with the Yoast SEO plugin v22.5 - https:\/\/yoast.com\/wordpress\/plugins\/seo\/ -->\n<title>Parcoursup : la phase d&#039;admission d\u00e9marre ce soir ! - Remiremont Info<\/title>\n<meta name=\"robots\" content=\"index, follow, max-snippet:-1, max-image-preview:large, max-video-preview:-1\" \/>\n<link rel=\"canonical\" href=\"https:\/\/vosgesinfo.fr\/remiremontinfo\/2019\/05\/parcoursup-phase-dadmission-demarre-soir\/\" \/>\n<meta name=\"twitter:card\" content=\"summary_large_image\" \/>\n<meta name=\"twitter:title\" content=\"Parcoursup : la phase d&#039;admission d\u00e9marre ce soir ! - Remiremont Info\" \/>\n<meta name=\"twitter:description\" content=\"La phase d\u2019admission de Parcoursup d\u00e9marre ce mercredi soir \u00e0 19h pour les 24 300 \u00e9l\u00e8ves de terminale et \u00e9tudiants [&hellip;]\" \/>\n<meta name=\"twitter:image\" content=\"https:\/\/vosgesinfo.fr\/app\/uploads\/sites\/5\/2024\/09\/201902computer-1185626-1280-3.jpg\" \/>\n<meta name=\"twitter:creator\" content=\"@VosgesInfo88\" \/>\n<meta name=\"twitter:site\" content=\"@VosgesInfo88\" \/>\n<meta name=\"twitter:label1\" content=\"\u00c9crit par\" \/>\n\t<meta name=\"twitter:data1\" content=\"C D\" \/>\n\t<meta name=\"twitter:label2\" content=\"Dur\u00e9e de lecture estim\u00e9e\" \/>\n\t<meta name=\"twitter:data2\" content=\"2 minutes\" \/>\n<script type=\"application\/ld+json\" class=\"yoast-schema-graph\">{\"@context\":\"https:\/\/schema.org\",\"@graph\":[{\"@type\":\"Article\",\"@id\":\"https:\/\/vosgesinfo.fr\/remiremontinfo\/2019\/05\/parcoursup-phase-dadmission-demarre-soir\/#article\",\"isPartOf\":{\"@id\":\"https:\/\/vosgesinfo.fr\/remiremontinfo\/2019\/05\/parcoursup-phase-dadmission-demarre-soir\/\"},\"author\":{\"name\":\"C D\",\"@id\":\"https:\/\/vosgesinfo.fr\/remiremontinfo\/#\/schema\/person\/3bfd164d5218a185b1db68655a265316\"},\"headline\":\"Parcoursup : la phase d&rsquo;admission d\u00e9marre ce soir !\",\"datePublished\":\"2019-05-15T07:20:35+00:00\",\"dateModified\":\"2019-05-15T07:20:35+00:00\",\"mainEntityOfPage\":{\"@id\":\"https:\/\/vosgesinfo.fr\/remiremontinfo\/2019\/05\/parcoursup-phase-dadmission-demarre-soir\/\"},\"wordCount\":403,\"commentCount\":0,\"publisher\":{\"@id\":\"https:\/\/vosgesinfo.fr\/remiremontinfo\/#organization\"},\"image\":{\"@id\":\"https:\/\/vosgesinfo.fr\/remiremontinfo\/2019\/05\/parcoursup-phase-dadmission-demarre-soir\/#primaryimage\"},\"thumbnailUrl\":\"https:\/\/vosgesinfo.fr\/app\/uploads\/sites\/5\/2024\/09\/201902computer-1185626-1280-3.jpg\",\"articleSection\":[\"A la Une\",\"Enseignement\"],\"inLanguage\":\"fr-FR\",\"potentialAction\":[{\"@type\":\"CommentAction\",\"name\":\"Comment\",\"target\":[\"https:\/\/vosgesinfo.fr\/remiremontinfo\/2019\/05\/parcoursup-phase-dadmission-demarre-soir\/#respond\"]}]},{\"@type\":\"WebPage\",\"@id\":\"https:\/\/vosgesinfo.fr\/remiremontinfo\/2019\/05\/parcoursup-phase-dadmission-demarre-soir\/\",\"url\":\"https:\/\/vosgesinfo.fr\/remiremontinfo\/2019\/05\/parcoursup-phase-dadmission-demarre-soir\/\",\"name\":\"Parcoursup : la phase d'admission d\u00e9marre ce soir ! - Remiremont Info\",\"isPartOf\":{\"@id\":\"https:\/\/vosgesinfo.fr\/remiremontinfo\/#website\"},\"primaryImageOfPage\":{\"@id\":\"https:\/\/vosgesinfo.fr\/remiremontinfo\/2019\/05\/parcoursup-phase-dadmission-demarre-soir\/#primaryimage\"},\"image\":{\"@id\":\"https:\/\/vosgesinfo.fr\/remiremontinfo\/2019\/05\/parcoursup-phase-dadmission-demarre-soir\/#primaryimage\"},\"thumbnailUrl\":\"https:\/\/vosgesinfo.fr\/app\/uploads\/sites\/5\/2024\/09\/201902computer-1185626-1280-3.jpg\",\"datePublished\":\"2019-05-15T07:20:35+00:00\",\"dateModified\":\"2019-05-15T07:20:35+00:00\",\"breadcrumb\":{\"@id\":\"https:\/\/vosgesinfo.fr\/remiremontinfo\/2019\/05\/parcoursup-phase-dadmission-demarre-soir\/#breadcrumb\"},\"inLanguage\":\"fr-FR\",\"potentialAction\":[{\"@type\":\"ReadAction\",\"target\":[\"https:\/\/vosgesinfo.fr\/remiremontinfo\/2019\/05\/parcoursup-phase-dadmission-demarre-soir\/\"]}]},{\"@type\":\"ImageObject\",\"inLanguage\":\"fr-FR\",\"@id\":\"https:\/\/vosgesinfo.fr\/remiremontinfo\/2019\/05\/parcoursup-phase-dadmission-demarre-soir\/#primaryimage\",\"url\":\"https:\/\/vosgesinfo.fr\/app\/uploads\/sites\/5\/2024\/09\/201902computer-1185626-1280-3.jpg\",\"contentUrl\":\"https:\/\/vosgesinfo.fr\/app\/uploads\/sites\/5\/2024\/09\/201902computer-1185626-1280-3.jpg\",\"width\":1280,\"height\":853},{\"@type\":\"BreadcrumbList\",\"@id\":\"https:\/\/vosgesinfo.fr\/remiremontinfo\/2019\/05\/parcoursup-phase-dadmission-demarre-soir\/#breadcrumb\",\"itemListElement\":[{\"@type\":\"ListItem\",\"position\":1,\"name\":\"Home\",\"item\":\"https:\/\/vosgesinfo.fr\/remiremontinfo\/\"},{\"@type\":\"ListItem\",\"position\":2,\"name\":\"Parcoursup : la phase d&rsquo;admission d\u00e9marre ce soir !\"}]},{\"@type\":\"WebSite\",\"@id\":\"https:\/\/vosgesinfo.fr\/remiremontinfo\/#website\",\"url\":\"https:\/\/vosgesinfo.fr\/remiremontinfo\/\",\"name\":\"Remiremont Info\",\"description\":\"Toute l&#039;actualit\u00e9 de Remiremont\",\"publisher\":{\"@id\":\"https:\/\/vosgesinfo.fr\/remiremontinfo\/#organization\"},\"alternateName\":\"Toute l'actualit\u00e9 de Remiremont\",\"potentialAction\":[{\"@type\":\"SearchAction\",\"target\":{\"@type\":\"EntryPoint\",\"urlTemplate\":\"https:\/\/vosgesinfo.fr\/remiremontinfo\/?s={search_term_string}\"},\"query-input\":\"required name=search_term_string\"}],\"inLanguage\":\"fr-FR\"},{\"@type\":\"Organization\",\"@id\":\"https:\/\/vosgesinfo.fr\/remiremontinfo\/#organization\",\"name\":\"Remiremont Info\",\"url\":\"https:\/\/vosgesinfo.fr\/remiremontinfo\/\",\"logo\":{\"@type\":\"ImageObject\",\"inLanguage\":\"fr-FR\",\"@id\":\"https:\/\/vosgesinfo.fr\/remiremontinfo\/#\/schema\/logo\/image\/\",\"url\":\"https:\/\/vosgesinfo.fr\/app\/uploads\/sites\/5\/2023\/08\/favicon-remiremontinfo.png\",\"contentUrl\":\"https:\/\/vosgesinfo.fr\/app\/uploads\/sites\/5\/2023\/08\/favicon-remiremontinfo.png\",\"width\":512,\"height\":512,\"caption\":\"Remiremont Info\"},\"image\":{\"@id\":\"https:\/\/vosgesinfo.fr\/remiremontinfo\/#\/schema\/logo\/image\/\"},\"sameAs\":[\"https:\/\/www.facebook.com\/remiremontinfo\",\"https:\/\/x.com\/VosgesInfo88\",\"https:\/\/www.youtube.com\/@vosgesinfo\"]},{\"@type\":\"Person\",\"@id\":\"https:\/\/vosgesinfo.fr\/remiremontinfo\/#\/schema\/person\/3bfd164d5218a185b1db68655a265316\",\"name\":\"C D\",\"image\":{\"@type\":\"ImageObject\",\"inLanguage\":\"fr-FR\",\"@id\":\"https:\/\/vosgesinfo.fr\/remiremontinfo\/#\/schema\/person\/image\/\",\"url\":\"https:\/\/secure.gravatar.com\/avatar\/1f9a70007336511a47468b8f1c66f922b8b7cf617b02a31149ada43893a5d48f?s=96&d=mm&r=g\",\"contentUrl\":\"https:\/\/secure.gravatar.com\/avatar\/1f9a70007336511a47468b8f1c66f922b8b7cf617b02a31149ada43893a5d48f?s=96&d=mm&r=g\",\"caption\":\"C D\"},\"url\":\"https:\/\/vosgesinfo.fr\/remiremontinfo\/author\/cedric-drevet\/\"}]}<\/script>\n<!-- \/ Yoast SEO plugin. -->","yoast_head_json":{"title":"Parcoursup : la phase d'admission d\u00e9marre ce soir ! - Remiremont Info","robots":{"index":"index","follow":"follow","max-snippet":"max-snippet:-1","max-image-preview":"max-image-preview:large","max-video-preview":"max-video-preview:-1"},"canonical":"https:\/\/vosgesinfo.fr\/remiremontinfo\/2019\/05\/parcoursup-phase-dadmission-demarre-soir\/","twitter_card":"summary_large_image","twitter_title":"Parcoursup : la phase d'admission d\u00e9marre ce soir ! - Remiremont Info","twitter_description":"La phase d\u2019admission de Parcoursup d\u00e9marre ce mercredi soir \u00e0 19h pour les 24 300 \u00e9l\u00e8ves de terminale et \u00e9tudiants [&hellip;]","twitter_image":"https:\/\/vosgesinfo.fr\/app\/uploads\/sites\/5\/2024\/09\/201902computer-1185626-1280-3.jpg","twitter_creator":"@VosgesInfo88","twitter_site":"@VosgesInfo88","twitter_misc":{"\u00c9crit par":"C D","Dur\u00e9e de lecture estim\u00e9e":"2 minutes"},"schema":{"@context":"https:\/\/schema.org","@graph":[{"@type":"Article","@id":"https:\/\/vosgesinfo.fr\/remiremontinfo\/2019\/05\/parcoursup-phase-dadmission-demarre-soir\/#article","isPartOf":{"@id":"https:\/\/vosgesinfo.fr\/remiremontinfo\/2019\/05\/parcoursup-phase-dadmission-demarre-soir\/"},"author":{"name":"C D","@id":"https:\/\/vosgesinfo.fr\/remiremontinfo\/#\/schema\/person\/3bfd164d5218a185b1db68655a265316"},"headline":"Parcoursup : la phase d&rsquo;admission d\u00e9marre ce soir !","datePublished":"2019-05-15T07:20:35+00:00","dateModified":"2019-05-15T07:20:35+00:00","mainEntityOfPage":{"@id":"https:\/\/vosgesinfo.fr\/remiremontinfo\/2019\/05\/parcoursup-phase-dadmission-demarre-soir\/"},"wordCount":403,"commentCount":0,"publisher":{"@id":"https:\/\/vosgesinfo.fr\/remiremontinfo\/#organization"},"image":{"@id":"https:\/\/vosgesinfo.fr\/remiremontinfo\/2019\/05\/parcoursup-phase-dadmission-demarre-soir\/#primaryimage"},"thumbnailUrl":"https:\/\/vosgesinfo.fr\/app\/uploads\/sites\/5\/2024\/09\/201902computer-1185626-1280-3.jpg","articleSection":["A la Une","Enseignement"],"inLanguage":"fr-FR","potentialAction":[{"@type":"CommentAction","name":"Comment","target":["https:\/\/vosgesinfo.fr\/remiremontinfo\/2019\/05\/parcoursup-phase-dadmission-demarre-soir\/#respond"]}]},{"@type":"WebPage","@id":"https:\/\/vosgesinfo.fr\/remiremontinfo\/2019\/05\/parcoursup-phase-dadmission-demarre-soir\/","url":"https:\/\/vosgesinfo.fr\/remiremontinfo\/2019\/05\/parcoursup-phase-dadmission-demarre-soir\/","name":"Parcoursup : la phase d'admission d\u00e9marre ce soir ! - Remiremont Info","isPartOf":{"@id":"https:\/\/vosgesinfo.fr\/remiremontinfo\/#website"},"primaryImageOfPage":{"@id":"https:\/\/vosgesinfo.fr\/remiremontinfo\/2019\/05\/parcoursup-phase-dadmission-demarre-soir\/#primaryimage"},"image":{"@id":"https:\/\/vosgesinfo.fr\/remiremontinfo\/2019\/05\/parcoursup-phase-dadmission-demarre-soir\/#primaryimage"},"thumbnailUrl":"https:\/\/vosgesinfo.fr\/app\/uploads\/sites\/5\/2024\/09\/201902computer-1185626-1280-3.jpg","datePublished":"2019-05-15T07:20:35+00:00","dateModified":"2019-05-15T07:20:35+00:00","breadcrumb":{"@id":"https:\/\/vosgesinfo.fr\/remiremontinfo\/2019\/05\/parcoursup-phase-dadmission-demarre-soir\/#breadcrumb"},"inLanguage":"fr-FR","potentialAction":[{"@type":"ReadAction","target":["https:\/\/vosgesinfo.fr\/remiremontinfo\/2019\/05\/parcoursup-phase-dadmission-demarre-soir\/"]}]},{"@type":"ImageObject","inLanguage":"fr-FR","@id":"https:\/\/vosgesinfo.fr\/remiremontinfo\/2019\/05\/parcoursup-phase-dadmission-demarre-soir\/#primaryimage","url":"https:\/\/vosgesinfo.fr\/app\/uploads\/sites\/5\/2024\/09\/201902computer-1185626-1280-3.jpg","contentUrl":"https:\/\/vosgesinfo.fr\/app\/uploads\/sites\/5\/2024\/09\/201902computer-1185626-1280-3.jpg","width":1280,"height":853},{"@type":"BreadcrumbList","@id":"https:\/\/vosgesinfo.fr\/remiremontinfo\/2019\/05\/parcoursup-phase-dadmission-demarre-soir\/#breadcrumb","itemListElement":[{"@type":"ListItem","position":1,"name":"Home","item":"https:\/\/vosgesinfo.fr\/remiremontinfo\/"},{"@type":"ListItem","position":2,"name":"Parcoursup : la phase d&rsquo;admission d\u00e9marre ce soir !"}]},{"@type":"WebSite","@id":"https:\/\/vosgesinfo.fr\/remiremontinfo\/#website","url":"https:\/\/vosgesinfo.fr\/remiremontinfo\/","name":"Remiremont Info","description":"Toute l&#039;actualit\u00e9 de Remiremont","publisher":{"@id":"https:\/\/vosgesinfo.fr\/remiremontinfo\/#organization"},"alternateName":"Toute l'actualit\u00e9 de Remiremont","potentialAction":[{"@type":"SearchAction","target":{"@type":"EntryPoint","urlTemplate":"https:\/\/vosgesinfo.fr\/remiremontinfo\/?s={search_term_string}"},"query-input":"required name=search_term_string"}],"inLanguage":"fr-FR"},{"@type":"Organization","@id":"https:\/\/vosgesinfo.fr\/remiremontinfo\/#organization","name":"Remiremont Info","url":"https:\/\/vosgesinfo.fr\/remiremontinfo\/","logo":{"@type":"ImageObject","inLanguage":"fr-FR","@id":"https:\/\/vosgesinfo.fr\/remiremontinfo\/#\/schema\/logo\/image\/","url":"https:\/\/vosgesinfo.fr\/app\/uploads\/sites\/5\/2023\/08\/favicon-remiremontinfo.png","contentUrl":"https:\/\/vosgesinfo.fr\/app\/uploads\/sites\/5\/2023\/08\/favicon-remiremontinfo.png","width":512,"height":512,"caption":"Remiremont Info"},"image":{"@id":"https:\/\/vosgesinfo.fr\/remiremontinfo\/#\/schema\/logo\/image\/"},"sameAs":["https:\/\/www.facebook.com\/remiremontinfo","https:\/\/x.com\/VosgesInfo88","https:\/\/www.youtube.com\/@vosgesinfo"]},{"@type":"Person","@id":"https:\/\/vosgesinfo.fr\/remiremontinfo\/#\/schema\/person\/3bfd164d5218a185b1db68655a265316","name":"C D","image":{"@type":"ImageObject","inLanguage":"fr-FR","@id":"https:\/\/vosgesinfo.fr\/remiremontinfo\/#\/schema\/person\/image\/","url":"https:\/\/secure.gravatar.com\/avatar\/1f9a70007336511a47468b8f1c66f922b8b7cf617b02a31149ada43893a5d48f?s=96&d=mm&r=g","contentUrl":"https:\/\/secure.gravatar.com\/avatar\/1f9a70007336511a47468b8f1c66f922b8b7cf617b02a31149ada43893a5d48f?s=96&d=mm&r=g","caption":"C D"},"url":"https:\/\/vosgesinfo.fr\/remiremontinfo\/author\/cedric-drevet\/"}]}},"_links":{"self":[{"href":"https:\/\/vosgesinfo.fr\/remiremontinfo\/wp-json\/wp\/v2\/posts\/14330","targetHints":{"allow":["GET"]}}],"collection":[{"href":"https:\/\/vosgesinfo.fr\/remiremontinfo\/wp-json\/wp\/v2\/posts"}],"about":[{"href":"https:\/\/vosgesinfo.fr\/remiremontinfo\/wp-json\/wp\/v2\/types\/post"}],"author":[{"embeddable":true,"href":"https:\/\/vosgesinfo.fr\/remiremontinfo\/wp-json\/wp\/v2\/users\/407"}],"replies":[{"embeddable":true,"href":"https:\/\/vosgesinfo.fr\/remiremontinfo\/wp-json\/wp\/v2\/comments?post=14330"}],"version-history":[{"count":0,"href":"https:\/\/vosgesinfo.fr\/remiremontinfo\/wp-json\/wp\/v2\/posts\/14330\/revisions"}],"wp:featuredmedia":[{"embeddable":true,"href":"https:\/\/vosgesinfo.fr\/remiremontinfo\/wp-json\/wp\/v2\/media\/14331"}],"wp:attachment":[{"href":"https:\/\/vosgesinfo.fr\/remiremontinfo\/wp-json\/wp\/v2\/media?parent=14330"}],"wp:term":[{"taxonomy":"category","embeddable":true,"href":"https:\/\/vosgesinfo.fr\/remiremontinfo\/wp-json\/wp\/v2\/categories?post=14330"},{"taxonomy":"post_tag","embeddable":true,"href":"https:\/\/vosgesinfo.fr\/remiremontinfo\/wp-json\/wp\/v2\/tags?post=14330"}],"curies":[{"name":"wp","href":"https:\/\/api.w.org\/{rel}","templated":true}]}}