{"id":14412,"date":"2019-05-17T06:58:39","date_gmt":"2019-05-17T04:58:39","guid":{"rendered":"https:\/\/vosgesinfo.fr\/remiremontinfo\/2019\/05\/saint-ame-basket-ball-cadets-finale-play-offs-departementaux\/"},"modified":"2019-05-17T06:58:39","modified_gmt":"2019-05-17T04:58:39","slug":"saint-ame-basket-ball-cadets-finale-play-offs-departementaux","status":"publish","type":"post","link":"https:\/\/vosgesinfo.fr\/remiremontinfo\/2019\/05\/saint-ame-basket-ball-cadets-finale-play-offs-departementaux\/","title":{"rendered":"Saint-Am\u00e9 : Basket-Ball, les cadets en finale des play-offs d\u00e9partementaux !"},"content":{"rendered":"<pre class=\"m_2328230183442883494moz-signature\"><a href=\"\/2019\/05\/Capture-d\u2019e\u0301cran-2019-05-17-a\u0300-08.04.36.png\"><img decoding=\"async\" class=\"alignnone size-large wp-image-259215\" src=\"\/2019\/05\/Capture-d\u2019e\u0301cran-2019-05-17-a\u0300-08.04.36-1024x684.png\" alt=\"Capture d\u2019e\u0301cran 2019-05-17 a\u0300 08.04.36\" width=\"960\" height=\"641\" \/><\/a>\n<\/pre>\n<h2><span style=\"font-size: 12pt;\"><strong>La fin de saison approche pour l&rsquo;ASSACS, mais il est encore temps de passer de bons moments de joie sportive !<\/strong><\/span><\/h2>\n<p>La derni\u00e8re journ\u00e9e de championnat aura lieu ce week-end, le 18 mai \u00e0 St Am\u00e9 avec 2 matchs au programme : les U11 qui re\u00e7oivent le GET 2 \u00e0 13h30 et les seniors qui re\u00e7oivent Gironcourt \u00e0 20h30 !<\/p>\n<p>De plus, nos cadets joueront les prolongations, puisque suite \u00e0 leur brillante qualification face \u00e0 l&rsquo;EB Remiremont-Le Thillot dans une double confrontation sans partage (victoires des jaunes et noirs 38-63 \u00e0 l&rsquo;ext\u00e9rieur puis 77-41 \u00e0 domicile), nos U17 joueront la finale des play-offs du championnat des Vosges 2018\/2019 face au BC Thermal (Vittel-Contrex\u00e9ville).<\/p>\n<p>Le match aura lieu sur terrain neutre le\u00a0<b>samedi 1er juin 2019 \u00e0 17h00 \u00e0 GOLBEY<\/b>\u00a0(salle Fernand David). Venez nombreux et nombreuses les encourager et n&rsquo;h\u00e9sitez pas \u00e0 partager sur les r\u00e9seaux sociaux ! \ud83d\ude42<\/p>\n<p>Enfin le club organise comme chaque ann\u00e9e le challenge guillaugme g\u00e9go\u00fbt, le\u00a0<b>dimanche 23 juin 2019<\/b>\u00a0\u00e0 la salle polyvalente de Saint-Am\u00e9 ! Nous comptons sur les bonnes volont\u00e9s pour aider \u00e0 installer et organiser, ou simplement venir voir autour de quelques joyeuset\u00e9s gustatives habituelles !<\/p>\n<p><em>R.D.<\/em><\/p>\n<p style=\"text-align: center;\"><a href=\"\/2019\/05\/affiche-finale.jpg\"><img decoding=\"async\" class=\"alignnone size-large wp-image-259214\" src=\"\/2019\/05\/affiche-finale-724x1024.jpg\" alt=\"affiche finale\" width=\"724\" height=\"1024\" \/><\/a><\/p>\n","protected":false},"excerpt":{"rendered":"<p>La fin de saison approche pour l&rsquo;ASSACS, mais il est encore temps de passer de bons moments de joie sportive [&hellip;]<\/p>\n","protected":false},"author":407,"featured_media":14413,"comment_status":"open","ping_status":"open","sticky":false,"template":"","format":"standard","meta":{"footnotes":""},"categories":[26,35,223,14],"tags":[],"class_list":["post-14412","post","type-post","status-publish","format-standard","has-post-thumbnail","hentry","category-a-la-une","category-remiremont-son-canton","category-saint-ame","category-sport"],"acf":[],"yoast_head":"<!-- This site is optimized with the Yoast SEO plugin v22.5 - https:\/\/yoast.com\/wordpress\/plugins\/seo\/ -->\n<title>Saint-Am\u00e9 : Basket-Ball, les cadets en finale des play-offs d\u00e9partementaux ! - Remiremont Info<\/title>\n<meta name=\"robots\" content=\"index, follow, max-snippet:-1, max-image-preview:large, max-video-preview:-1\" \/>\n<link rel=\"canonical\" href=\"https:\/\/vosgesinfo.fr\/remiremontinfo\/2019\/05\/saint-ame-basket-ball-cadets-finale-play-offs-departementaux\/\" \/>\n<meta name=\"twitter:card\" content=\"summary_large_image\" \/>\n<meta name=\"twitter:title\" content=\"Saint-Am\u00e9 : Basket-Ball, les cadets en finale des play-offs d\u00e9partementaux ! - Remiremont Info\" \/>\n<meta name=\"twitter:description\" content=\"La fin de saison approche pour l&rsquo;ASSACS, mais il est encore temps de passer de bons moments de joie sportive [&hellip;]\" \/>\n<meta name=\"twitter:image\" content=\"https:\/\/vosgesinfo.fr\/app\/uploads\/sites\/5\/2024\/09\/201905capture-decran-2019-05-17-a-08.04.36.png\" \/>\n<meta name=\"twitter:creator\" content=\"@VosgesInfo88\" \/>\n<meta name=\"twitter:site\" content=\"@VosgesInfo88\" \/>\n<meta name=\"twitter:label1\" content=\"\u00c9crit par\" \/>\n\t<meta name=\"twitter:data1\" content=\"C D\" \/>\n\t<meta name=\"twitter:label2\" content=\"Dur\u00e9e de lecture estim\u00e9e\" \/>\n\t<meta name=\"twitter:data2\" content=\"1 minute\" \/>\n<script type=\"application\/ld+json\" class=\"yoast-schema-graph\">{\"@context\":\"https:\/\/schema.org\",\"@graph\":[{\"@type\":\"Article\",\"@id\":\"https:\/\/vosgesinfo.fr\/remiremontinfo\/2019\/05\/saint-ame-basket-ball-cadets-finale-play-offs-departementaux\/#article\",\"isPartOf\":{\"@id\":\"https:\/\/vosgesinfo.fr\/remiremontinfo\/2019\/05\/saint-ame-basket-ball-cadets-finale-play-offs-departementaux\/\"},\"author\":{\"name\":\"C D\",\"@id\":\"https:\/\/vosgesinfo.fr\/remiremontinfo\/#\/schema\/person\/3bfd164d5218a185b1db68655a265316\"},\"headline\":\"Saint-Am\u00e9 : Basket-Ball, les cadets en finale des play-offs d\u00e9partementaux !\",\"datePublished\":\"2019-05-17T04:58:39+00:00\",\"dateModified\":\"2019-05-17T04:58:39+00:00\",\"mainEntityOfPage\":{\"@id\":\"https:\/\/vosgesinfo.fr\/remiremontinfo\/2019\/05\/saint-ame-basket-ball-cadets-finale-play-offs-departementaux\/\"},\"wordCount\":198,\"commentCount\":0,\"publisher\":{\"@id\":\"https:\/\/vosgesinfo.fr\/remiremontinfo\/#organization\"},\"image\":{\"@id\":\"https:\/\/vosgesinfo.fr\/remiremontinfo\/2019\/05\/saint-ame-basket-ball-cadets-finale-play-offs-departementaux\/#primaryimage\"},\"thumbnailUrl\":\"https:\/\/vosgesinfo.fr\/app\/uploads\/sites\/5\/2024\/09\/201905capture-decran-2019-05-17-a-08.04.36.png\",\"articleSection\":[\"A la Une\",\"Remiremont &amp; son canton\",\"Saint-Am\u00e9\",\"Sport\"],\"inLanguage\":\"fr-FR\",\"potentialAction\":[{\"@type\":\"CommentAction\",\"name\":\"Comment\",\"target\":[\"https:\/\/vosgesinfo.fr\/remiremontinfo\/2019\/05\/saint-ame-basket-ball-cadets-finale-play-offs-departementaux\/#respond\"]}]},{\"@type\":\"WebPage\",\"@id\":\"https:\/\/vosgesinfo.fr\/remiremontinfo\/2019\/05\/saint-ame-basket-ball-cadets-finale-play-offs-departementaux\/\",\"url\":\"https:\/\/vosgesinfo.fr\/remiremontinfo\/2019\/05\/saint-ame-basket-ball-cadets-finale-play-offs-departementaux\/\",\"name\":\"Saint-Am\u00e9 : Basket-Ball, les cadets en finale des play-offs d\u00e9partementaux ! - Remiremont Info\",\"isPartOf\":{\"@id\":\"https:\/\/vosgesinfo.fr\/remiremontinfo\/#website\"},\"primaryImageOfPage\":{\"@id\":\"https:\/\/vosgesinfo.fr\/remiremontinfo\/2019\/05\/saint-ame-basket-ball-cadets-finale-play-offs-departementaux\/#primaryimage\"},\"image\":{\"@id\":\"https:\/\/vosgesinfo.fr\/remiremontinfo\/2019\/05\/saint-ame-basket-ball-cadets-finale-play-offs-departementaux\/#primaryimage\"},\"thumbnailUrl\":\"https:\/\/vosgesinfo.fr\/app\/uploads\/sites\/5\/2024\/09\/201905capture-decran-2019-05-17-a-08.04.36.png\",\"datePublished\":\"2019-05-17T04:58:39+00:00\",\"dateModified\":\"2019-05-17T04:58:39+00:00\",\"breadcrumb\":{\"@id\":\"https:\/\/vosgesinfo.fr\/remiremontinfo\/2019\/05\/saint-ame-basket-ball-cadets-finale-play-offs-departementaux\/#breadcrumb\"},\"inLanguage\":\"fr-FR\",\"potentialAction\":[{\"@type\":\"ReadAction\",\"target\":[\"https:\/\/vosgesinfo.fr\/remiremontinfo\/2019\/05\/saint-ame-basket-ball-cadets-finale-play-offs-departementaux\/\"]}]},{\"@type\":\"ImageObject\",\"inLanguage\":\"fr-FR\",\"@id\":\"https:\/\/vosgesinfo.fr\/remiremontinfo\/2019\/05\/saint-ame-basket-ball-cadets-finale-play-offs-departementaux\/#primaryimage\",\"url\":\"https:\/\/vosgesinfo.fr\/app\/uploads\/sites\/5\/2024\/09\/201905capture-decran-2019-05-17-a-08.04.36.png\",\"contentUrl\":\"https:\/\/vosgesinfo.fr\/app\/uploads\/sites\/5\/2024\/09\/201905capture-decran-2019-05-17-a-08.04.36.png\",\"width\":1850,\"height\":1236},{\"@type\":\"BreadcrumbList\",\"@id\":\"https:\/\/vosgesinfo.fr\/remiremontinfo\/2019\/05\/saint-ame-basket-ball-cadets-finale-play-offs-departementaux\/#breadcrumb\",\"itemListElement\":[{\"@type\":\"ListItem\",\"position\":1,\"name\":\"Home\",\"item\":\"https:\/\/vosgesinfo.fr\/remiremontinfo\/\"},{\"@type\":\"ListItem\",\"position\":2,\"name\":\"Saint-Am\u00e9 : Basket-Ball, les cadets en finale des play-offs d\u00e9partementaux !\"}]},{\"@type\":\"WebSite\",\"@id\":\"https:\/\/vosgesinfo.fr\/remiremontinfo\/#website\",\"url\":\"https:\/\/vosgesinfo.fr\/remiremontinfo\/\",\"name\":\"Remiremont Info\",\"description\":\"Toute l&#039;actualit\u00e9 de Remiremont\",\"publisher\":{\"@id\":\"https:\/\/vosgesinfo.fr\/remiremontinfo\/#organization\"},\"alternateName\":\"Toute l'actualit\u00e9 de Remiremont\",\"potentialAction\":[{\"@type\":\"SearchAction\",\"target\":{\"@type\":\"EntryPoint\",\"urlTemplate\":\"https:\/\/vosgesinfo.fr\/remiremontinfo\/?s={search_term_string}\"},\"query-input\":\"required name=search_term_string\"}],\"inLanguage\":\"fr-FR\"},{\"@type\":\"Organization\",\"@id\":\"https:\/\/vosgesinfo.fr\/remiremontinfo\/#organization\",\"name\":\"Remiremont Info\",\"url\":\"https:\/\/vosgesinfo.fr\/remiremontinfo\/\",\"logo\":{\"@type\":\"ImageObject\",\"inLanguage\":\"fr-FR\",\"@id\":\"https:\/\/vosgesinfo.fr\/remiremontinfo\/#\/schema\/logo\/image\/\",\"url\":\"https:\/\/vosgesinfo.fr\/app\/uploads\/sites\/5\/2023\/08\/favicon-remiremontinfo.png\",\"contentUrl\":\"https:\/\/vosgesinfo.fr\/app\/uploads\/sites\/5\/2023\/08\/favicon-remiremontinfo.png\",\"width\":512,\"height\":512,\"caption\":\"Remiremont Info\"},\"image\":{\"@id\":\"https:\/\/vosgesinfo.fr\/remiremontinfo\/#\/schema\/logo\/image\/\"},\"sameAs\":[\"https:\/\/www.facebook.com\/remiremontinfo\",\"https:\/\/x.com\/VosgesInfo88\",\"https:\/\/www.youtube.com\/@vosgesinfo\"]},{\"@type\":\"Person\",\"@id\":\"https:\/\/vosgesinfo.fr\/remiremontinfo\/#\/schema\/person\/3bfd164d5218a185b1db68655a265316\",\"name\":\"C D\",\"image\":{\"@type\":\"ImageObject\",\"inLanguage\":\"fr-FR\",\"@id\":\"https:\/\/vosgesinfo.fr\/remiremontinfo\/#\/schema\/person\/image\/\",\"url\":\"https:\/\/secure.gravatar.com\/avatar\/1f9a70007336511a47468b8f1c66f922b8b7cf617b02a31149ada43893a5d48f?s=96&d=mm&r=g\",\"contentUrl\":\"https:\/\/secure.gravatar.com\/avatar\/1f9a70007336511a47468b8f1c66f922b8b7cf617b02a31149ada43893a5d48f?s=96&d=mm&r=g\",\"caption\":\"C D\"},\"url\":\"https:\/\/vosgesinfo.fr\/remiremontinfo\/author\/cedric-drevet\/\"}]}<\/script>\n<!-- \/ Yoast SEO plugin. -->","yoast_head_json":{"title":"Saint-Am\u00e9 : Basket-Ball, les cadets en finale des play-offs d\u00e9partementaux ! - Remiremont Info","robots":{"index":"index","follow":"follow","max-snippet":"max-snippet:-1","max-image-preview":"max-image-preview:large","max-video-preview":"max-video-preview:-1"},"canonical":"https:\/\/vosgesinfo.fr\/remiremontinfo\/2019\/05\/saint-ame-basket-ball-cadets-finale-play-offs-departementaux\/","twitter_card":"summary_large_image","twitter_title":"Saint-Am\u00e9 : Basket-Ball, les cadets en finale des play-offs d\u00e9partementaux ! - Remiremont Info","twitter_description":"La fin de saison approche pour l&rsquo;ASSACS, mais il est encore temps de passer de bons moments de joie sportive [&hellip;]","twitter_image":"https:\/\/vosgesinfo.fr\/app\/uploads\/sites\/5\/2024\/09\/201905capture-decran-2019-05-17-a-08.04.36.png","twitter_creator":"@VosgesInfo88","twitter_site":"@VosgesInfo88","twitter_misc":{"\u00c9crit par":"C D","Dur\u00e9e de lecture estim\u00e9e":"1 minute"},"schema":{"@context":"https:\/\/schema.org","@graph":[{"@type":"Article","@id":"https:\/\/vosgesinfo.fr\/remiremontinfo\/2019\/05\/saint-ame-basket-ball-cadets-finale-play-offs-departementaux\/#article","isPartOf":{"@id":"https:\/\/vosgesinfo.fr\/remiremontinfo\/2019\/05\/saint-ame-basket-ball-cadets-finale-play-offs-departementaux\/"},"author":{"name":"C D","@id":"https:\/\/vosgesinfo.fr\/remiremontinfo\/#\/schema\/person\/3bfd164d5218a185b1db68655a265316"},"headline":"Saint-Am\u00e9 : Basket-Ball, les cadets en finale des play-offs d\u00e9partementaux !","datePublished":"2019-05-17T04:58:39+00:00","dateModified":"2019-05-17T04:58:39+00:00","mainEntityOfPage":{"@id":"https:\/\/vosgesinfo.fr\/remiremontinfo\/2019\/05\/saint-ame-basket-ball-cadets-finale-play-offs-departementaux\/"},"wordCount":198,"commentCount":0,"publisher":{"@id":"https:\/\/vosgesinfo.fr\/remiremontinfo\/#organization"},"image":{"@id":"https:\/\/vosgesinfo.fr\/remiremontinfo\/2019\/05\/saint-ame-basket-ball-cadets-finale-play-offs-departementaux\/#primaryimage"},"thumbnailUrl":"https:\/\/vosgesinfo.fr\/app\/uploads\/sites\/5\/2024\/09\/201905capture-decran-2019-05-17-a-08.04.36.png","articleSection":["A la Une","Remiremont &amp; son canton","Saint-Am\u00e9","Sport"],"inLanguage":"fr-FR","potentialAction":[{"@type":"CommentAction","name":"Comment","target":["https:\/\/vosgesinfo.fr\/remiremontinfo\/2019\/05\/saint-ame-basket-ball-cadets-finale-play-offs-departementaux\/#respond"]}]},{"@type":"WebPage","@id":"https:\/\/vosgesinfo.fr\/remiremontinfo\/2019\/05\/saint-ame-basket-ball-cadets-finale-play-offs-departementaux\/","url":"https:\/\/vosgesinfo.fr\/remiremontinfo\/2019\/05\/saint-ame-basket-ball-cadets-finale-play-offs-departementaux\/","name":"Saint-Am\u00e9 : Basket-Ball, les cadets en finale des play-offs d\u00e9partementaux ! - Remiremont Info","isPartOf":{"@id":"https:\/\/vosgesinfo.fr\/remiremontinfo\/#website"},"primaryImageOfPage":{"@id":"https:\/\/vosgesinfo.fr\/remiremontinfo\/2019\/05\/saint-ame-basket-ball-cadets-finale-play-offs-departementaux\/#primaryimage"},"image":{"@id":"https:\/\/vosgesinfo.fr\/remiremontinfo\/2019\/05\/saint-ame-basket-ball-cadets-finale-play-offs-departementaux\/#primaryimage"},"thumbnailUrl":"https:\/\/vosgesinfo.fr\/app\/uploads\/sites\/5\/2024\/09\/201905capture-decran-2019-05-17-a-08.04.36.png","datePublished":"2019-05-17T04:58:39+00:00","dateModified":"2019-05-17T04:58:39+00:00","breadcrumb":{"@id":"https:\/\/vosgesinfo.fr\/remiremontinfo\/2019\/05\/saint-ame-basket-ball-cadets-finale-play-offs-departementaux\/#breadcrumb"},"inLanguage":"fr-FR","potentialAction":[{"@type":"ReadAction","target":["https:\/\/vosgesinfo.fr\/remiremontinfo\/2019\/05\/saint-ame-basket-ball-cadets-finale-play-offs-departementaux\/"]}]},{"@type":"ImageObject","inLanguage":"fr-FR","@id":"https:\/\/vosgesinfo.fr\/remiremontinfo\/2019\/05\/saint-ame-basket-ball-cadets-finale-play-offs-departementaux\/#primaryimage","url":"https:\/\/vosgesinfo.fr\/app\/uploads\/sites\/5\/2024\/09\/201905capture-decran-2019-05-17-a-08.04.36.png","contentUrl":"https:\/\/vosgesinfo.fr\/app\/uploads\/sites\/5\/2024\/09\/201905capture-decran-2019-05-17-a-08.04.36.png","width":1850,"height":1236},{"@type":"BreadcrumbList","@id":"https:\/\/vosgesinfo.fr\/remiremontinfo\/2019\/05\/saint-ame-basket-ball-cadets-finale-play-offs-departementaux\/#breadcrumb","itemListElement":[{"@type":"ListItem","position":1,"name":"Home","item":"https:\/\/vosgesinfo.fr\/remiremontinfo\/"},{"@type":"ListItem","position":2,"name":"Saint-Am\u00e9 : Basket-Ball, les cadets en finale des play-offs d\u00e9partementaux !"}]},{"@type":"WebSite","@id":"https:\/\/vosgesinfo.fr\/remiremontinfo\/#website","url":"https:\/\/vosgesinfo.fr\/remiremontinfo\/","name":"Remiremont Info","description":"Toute l&#039;actualit\u00e9 de Remiremont","publisher":{"@id":"https:\/\/vosgesinfo.fr\/remiremontinfo\/#organization"},"alternateName":"Toute l'actualit\u00e9 de Remiremont","potentialAction":[{"@type":"SearchAction","target":{"@type":"EntryPoint","urlTemplate":"https:\/\/vosgesinfo.fr\/remiremontinfo\/?s={search_term_string}"},"query-input":"required name=search_term_string"}],"inLanguage":"fr-FR"},{"@type":"Organization","@id":"https:\/\/vosgesinfo.fr\/remiremontinfo\/#organization","name":"Remiremont Info","url":"https:\/\/vosgesinfo.fr\/remiremontinfo\/","logo":{"@type":"ImageObject","inLanguage":"fr-FR","@id":"https:\/\/vosgesinfo.fr\/remiremontinfo\/#\/schema\/logo\/image\/","url":"https:\/\/vosgesinfo.fr\/app\/uploads\/sites\/5\/2023\/08\/favicon-remiremontinfo.png","contentUrl":"https:\/\/vosgesinfo.fr\/app\/uploads\/sites\/5\/2023\/08\/favicon-remiremontinfo.png","width":512,"height":512,"caption":"Remiremont Info"},"image":{"@id":"https:\/\/vosgesinfo.fr\/remiremontinfo\/#\/schema\/logo\/image\/"},"sameAs":["https:\/\/www.facebook.com\/remiremontinfo","https:\/\/x.com\/VosgesInfo88","https:\/\/www.youtube.com\/@vosgesinfo"]},{"@type":"Person","@id":"https:\/\/vosgesinfo.fr\/remiremontinfo\/#\/schema\/person\/3bfd164d5218a185b1db68655a265316","name":"C D","image":{"@type":"ImageObject","inLanguage":"fr-FR","@id":"https:\/\/vosgesinfo.fr\/remiremontinfo\/#\/schema\/person\/image\/","url":"https:\/\/secure.gravatar.com\/avatar\/1f9a70007336511a47468b8f1c66f922b8b7cf617b02a31149ada43893a5d48f?s=96&d=mm&r=g","contentUrl":"https:\/\/secure.gravatar.com\/avatar\/1f9a70007336511a47468b8f1c66f922b8b7cf617b02a31149ada43893a5d48f?s=96&d=mm&r=g","caption":"C D"},"url":"https:\/\/vosgesinfo.fr\/remiremontinfo\/author\/cedric-drevet\/"}]}},"_links":{"self":[{"href":"https:\/\/vosgesinfo.fr\/remiremontinfo\/wp-json\/wp\/v2\/posts\/14412","targetHints":{"allow":["GET"]}}],"collection":[{"href":"https:\/\/vosgesinfo.fr\/remiremontinfo\/wp-json\/wp\/v2\/posts"}],"about":[{"href":"https:\/\/vosgesinfo.fr\/remiremontinfo\/wp-json\/wp\/v2\/types\/post"}],"author":[{"embeddable":true,"href":"https:\/\/vosgesinfo.fr\/remiremontinfo\/wp-json\/wp\/v2\/users\/407"}],"replies":[{"embeddable":true,"href":"https:\/\/vosgesinfo.fr\/remiremontinfo\/wp-json\/wp\/v2\/comments?post=14412"}],"version-history":[{"count":0,"href":"https:\/\/vosgesinfo.fr\/remiremontinfo\/wp-json\/wp\/v2\/posts\/14412\/revisions"}],"wp:featuredmedia":[{"embeddable":true,"href":"https:\/\/vosgesinfo.fr\/remiremontinfo\/wp-json\/wp\/v2\/media\/14413"}],"wp:attachment":[{"href":"https:\/\/vosgesinfo.fr\/remiremontinfo\/wp-json\/wp\/v2\/media?parent=14412"}],"wp:term":[{"taxonomy":"category","embeddable":true,"href":"https:\/\/vosgesinfo.fr\/remiremontinfo\/wp-json\/wp\/v2\/categories?post=14412"},{"taxonomy":"post_tag","embeddable":true,"href":"https:\/\/vosgesinfo.fr\/remiremontinfo\/wp-json\/wp\/v2\/tags?post=14412"}],"curies":[{"name":"wp","href":"https:\/\/api.w.org\/{rel}","templated":true}]}}