{"id":14431,"date":"2019-05-17T06:55:39","date_gmt":"2019-05-17T04:55:39","guid":{"rendered":"https:\/\/vosgesinfo.fr\/remiremontinfo\/2019\/05\/plombieres-nouveau-rendez-valoriser-soutenir-patrimoine-lhabitat\/"},"modified":"2019-05-17T06:55:39","modified_gmt":"2019-05-17T04:55:39","slug":"plombieres-nouveau-rendez-valoriser-soutenir-patrimoine-lhabitat","status":"publish","type":"post","link":"https:\/\/vosgesinfo.fr\/remiremontinfo\/2019\/05\/plombieres-nouveau-rendez-valoriser-soutenir-patrimoine-lhabitat\/","title":{"rendered":"Plombi\u00e8res : un nouveau rendez-vous pour valoriser et soutenir le patrimoine et l&rsquo;habitat"},"content":{"rendered":"<p><a href=\"\/2019\/05\/Encart-PLB.jpg\"><img decoding=\"async\" class=\"alignnone size-large wp-image-259236\" src=\"\/2019\/05\/Encart-PLB-1024x691.jpg\" alt=\"Encart PLB\" width=\"960\" height=\"648\" \/><\/a><\/p>\n<h2><span style=\"font-size: 12pt;\"><strong>Un nouveau rendez-vous pour valoriser et soutenir le patrimoine et l&rsquo;habitat de notre commune ! Les 18 et 19 mai 2019, notre cit\u00e9 ouvre les portes de ses biens \u00e0 vendre !<\/strong><\/span><\/h2>\n<h2><span style=\"font-size: 12pt;\"><strong>Vous avez un projet immobilier et\/ou professionnel ?<\/strong><\/span><br \/>\n<span style=\"font-size: 12pt;\"><strong>Vous souhaitez investir ? Vous recherchez un bien d&rsquo;exception ? <\/strong><\/span><br \/>\n<span style=\"font-size: 12pt;\"><strong>\u00ab\u00a0Osez Plombi\u00e8res\u00a0\u00bb est fait pour vous !<\/strong><\/span><\/h2>\n<p>Durant ces 2 jours, venez d\u00e9couvrir la ville et ses biens disponibles. Vous serez re\u00e7u dans un point d&rsquo;accueil o\u00f9 vous pourrez recenser et visiter les biens qui vous int\u00e9ressent dans la journ\u00e9e. Les propri\u00e9taires seront pr\u00e9sents dans leurs biens respectifs, et vous ferons visiter ou r\u00e9pondrons \u00e0 vos questions le jour m\u00eame. Vous pourrez \u00e9galement demandez des conseils aupr\u00e8s de nos partenaires et professionnels de l&rsquo;immobilier.<\/p>\n<p><strong>Devenir propri\u00e9taire, un r\u00eave accessible ! <\/strong><\/p>\n<p>Et r\u00e9alisable durant ses 2 jours. De l&rsquo;appartement \u00e0 l&rsquo;immeuble, de l&rsquo;h\u00f4tel particulier au bien professionnel, ce sont une cinquantaine d&rsquo;opportunit\u00e9s qui vous seront propos\u00e9es,\u00a0 dont certaines sont d&rsquo;exception et \u00e0 prix canons !<\/p>\n<p><strong>C&rsquo;est facile, choisissez, visitez, achetez !<\/strong><\/p>\n<p>En pr\u00e9sence de l&rsquo;Architecte des B\u00e2timents de France et du Service D\u00e9partemental de l&rsquo;Architecture et du Patrimoine, des architectes et techniciens du CAUE (Conseil d&rsquo;Architecture, d&rsquo;Urbanisme et de l&rsquo;Environnement), d&rsquo;agents immobiliers, de notaires, d&rsquo;artisans locaux\u00a0 sp\u00e9cialis\u00e9s dans la r\u00e9novation, vous serez aiguill\u00e9, accompagn\u00e9 et conseill\u00e9.<\/p>\n<p><strong>C&rsquo;est sans surprise &#8230;ou que des bonnes !<\/strong><\/p>\n<p>Vous pourrez consulter les diagnostics techniques de chaque bien pr\u00e9sent\u00e9, \u00e9changer avec les artisans pr\u00e9sents, vous informer sur les prix\u00a0 ratio de r\u00e9novation au m\u00b2, connaitre les dispositifs d&rsquo;aides \u00e0 la r\u00e9novation, consulter le PLU (Plan Local d&rsquo;Urbanisme), etc.<\/p>\n<p><strong>Vous \u00eates ind\u00e9cis ?<\/strong><br \/>\nVous r\u00e9fl\u00e9chissez \u00e0 devenir propri\u00e9taire ? \u00ab\u00a0Osez Plombi\u00e8res\u00a0\u00bb vous accompagne dans votre projet de A \u00e0 Z. \u00c0 l&rsquo;issue de ces 2 jours, le service d&rsquo;urbanisme communal sera \u00e0 votre disposition pour r\u00e9pondre \u00e0 vos questions ou \u00eatre l&rsquo;interface avec les diff\u00e9rents partenaires et professionnels de l&rsquo;immobilier que vous aurez besoin de solliciter.<\/p>\n<p><em><strong>Infos utiles :<\/strong><\/em><\/p>\n<p><em>Accueil :<\/em><br \/>\nSamedi 18 et dimanche 19 mai 2019 de 10h \u00e0 19h<br \/>\nPoint d&rsquo;accueil situ\u00e9 place Beaumarchais (devant la mairie)<br \/>\nLa liste des biens disponibles \u00e0 la vente dans le cadre de l&rsquo;op\u00e9ration sera disponible au point d&rsquo;accueil<br \/>\nEntr\u00e9e et visites libres (Des rendez-vous pour les visites pourront vous \u00eatre organis\u00e9s dans la journ\u00e9e lorsque vous vous rendrez au point d&rsquo;accueil)<\/p>\n","protected":false},"excerpt":{"rendered":"<p>Un nouveau rendez-vous pour valoriser et soutenir le patrimoine et l&rsquo;habitat de notre commune ! Les 18 et 19 mai [&hellip;]<\/p>\n","protected":false},"author":407,"featured_media":14432,"comment_status":"open","ping_status":"open","sticky":false,"template":"","format":"standard","meta":{"footnotes":""},"categories":[26,82,102],"tags":[],"class_list":["post-14431","post","type-post","status-publish","format-standard","has-post-thumbnail","hentry","category-a-la-une","category-le-val-dajol-son-canton","category-plombieres-les-bains"],"acf":[],"yoast_head":"<!-- This site is optimized with the Yoast SEO plugin v22.5 - https:\/\/yoast.com\/wordpress\/plugins\/seo\/ -->\n<title>Plombi\u00e8res : un nouveau rendez-vous pour valoriser et soutenir le patrimoine et l&#039;habitat - Remiremont Info<\/title>\n<meta name=\"robots\" content=\"index, follow, max-snippet:-1, max-image-preview:large, max-video-preview:-1\" \/>\n<link rel=\"canonical\" href=\"https:\/\/vosgesinfo.fr\/remiremontinfo\/2019\/05\/plombieres-nouveau-rendez-valoriser-soutenir-patrimoine-lhabitat\/\" \/>\n<meta name=\"twitter:card\" content=\"summary_large_image\" \/>\n<meta name=\"twitter:title\" content=\"Plombi\u00e8res : un nouveau rendez-vous pour valoriser et soutenir le patrimoine et l&#039;habitat - Remiremont Info\" \/>\n<meta name=\"twitter:description\" content=\"Un nouveau rendez-vous pour valoriser et soutenir le patrimoine et l&rsquo;habitat de notre commune ! Les 18 et 19 mai [&hellip;]\" \/>\n<meta name=\"twitter:image\" content=\"https:\/\/vosgesinfo.fr\/app\/uploads\/sites\/5\/2024\/09\/201905encart-plb.jpg\" \/>\n<meta name=\"twitter:creator\" content=\"@VosgesInfo88\" \/>\n<meta name=\"twitter:site\" content=\"@VosgesInfo88\" \/>\n<meta name=\"twitter:label1\" content=\"\u00c9crit par\" \/>\n\t<meta name=\"twitter:data1\" content=\"C D\" \/>\n\t<meta name=\"twitter:label2\" content=\"Dur\u00e9e de lecture estim\u00e9e\" \/>\n\t<meta name=\"twitter:data2\" content=\"2 minutes\" \/>\n<script type=\"application\/ld+json\" class=\"yoast-schema-graph\">{\"@context\":\"https:\/\/schema.org\",\"@graph\":[{\"@type\":\"Article\",\"@id\":\"https:\/\/vosgesinfo.fr\/remiremontinfo\/2019\/05\/plombieres-nouveau-rendez-valoriser-soutenir-patrimoine-lhabitat\/#article\",\"isPartOf\":{\"@id\":\"https:\/\/vosgesinfo.fr\/remiremontinfo\/2019\/05\/plombieres-nouveau-rendez-valoriser-soutenir-patrimoine-lhabitat\/\"},\"author\":{\"name\":\"C D\",\"@id\":\"https:\/\/vosgesinfo.fr\/remiremontinfo\/#\/schema\/person\/3bfd164d5218a185b1db68655a265316\"},\"headline\":\"Plombi\u00e8res : un nouveau rendez-vous pour valoriser et soutenir le patrimoine et l&rsquo;habitat\",\"datePublished\":\"2019-05-17T04:55:39+00:00\",\"dateModified\":\"2019-05-17T04:55:39+00:00\",\"mainEntityOfPage\":{\"@id\":\"https:\/\/vosgesinfo.fr\/remiremontinfo\/2019\/05\/plombieres-nouveau-rendez-valoriser-soutenir-patrimoine-lhabitat\/\"},\"wordCount\":429,\"commentCount\":0,\"publisher\":{\"@id\":\"https:\/\/vosgesinfo.fr\/remiremontinfo\/#organization\"},\"image\":{\"@id\":\"https:\/\/vosgesinfo.fr\/remiremontinfo\/2019\/05\/plombieres-nouveau-rendez-valoriser-soutenir-patrimoine-lhabitat\/#primaryimage\"},\"thumbnailUrl\":\"https:\/\/vosgesinfo.fr\/app\/uploads\/sites\/5\/2024\/09\/201905encart-plb.jpg\",\"articleSection\":[\"A la Une\",\"Le Val-d'Ajol &amp; son canton\",\"Plombi\u00e8res-l\u00e8s-Bains\"],\"inLanguage\":\"fr-FR\",\"potentialAction\":[{\"@type\":\"CommentAction\",\"name\":\"Comment\",\"target\":[\"https:\/\/vosgesinfo.fr\/remiremontinfo\/2019\/05\/plombieres-nouveau-rendez-valoriser-soutenir-patrimoine-lhabitat\/#respond\"]}]},{\"@type\":\"WebPage\",\"@id\":\"https:\/\/vosgesinfo.fr\/remiremontinfo\/2019\/05\/plombieres-nouveau-rendez-valoriser-soutenir-patrimoine-lhabitat\/\",\"url\":\"https:\/\/vosgesinfo.fr\/remiremontinfo\/2019\/05\/plombieres-nouveau-rendez-valoriser-soutenir-patrimoine-lhabitat\/\",\"name\":\"Plombi\u00e8res : un nouveau rendez-vous pour valoriser et soutenir le patrimoine et l'habitat - Remiremont Info\",\"isPartOf\":{\"@id\":\"https:\/\/vosgesinfo.fr\/remiremontinfo\/#website\"},\"primaryImageOfPage\":{\"@id\":\"https:\/\/vosgesinfo.fr\/remiremontinfo\/2019\/05\/plombieres-nouveau-rendez-valoriser-soutenir-patrimoine-lhabitat\/#primaryimage\"},\"image\":{\"@id\":\"https:\/\/vosgesinfo.fr\/remiremontinfo\/2019\/05\/plombieres-nouveau-rendez-valoriser-soutenir-patrimoine-lhabitat\/#primaryimage\"},\"thumbnailUrl\":\"https:\/\/vosgesinfo.fr\/app\/uploads\/sites\/5\/2024\/09\/201905encart-plb.jpg\",\"datePublished\":\"2019-05-17T04:55:39+00:00\",\"dateModified\":\"2019-05-17T04:55:39+00:00\",\"breadcrumb\":{\"@id\":\"https:\/\/vosgesinfo.fr\/remiremontinfo\/2019\/05\/plombieres-nouveau-rendez-valoriser-soutenir-patrimoine-lhabitat\/#breadcrumb\"},\"inLanguage\":\"fr-FR\",\"potentialAction\":[{\"@type\":\"ReadAction\",\"target\":[\"https:\/\/vosgesinfo.fr\/remiremontinfo\/2019\/05\/plombieres-nouveau-rendez-valoriser-soutenir-patrimoine-lhabitat\/\"]}]},{\"@type\":\"ImageObject\",\"inLanguage\":\"fr-FR\",\"@id\":\"https:\/\/vosgesinfo.fr\/remiremontinfo\/2019\/05\/plombieres-nouveau-rendez-valoriser-soutenir-patrimoine-lhabitat\/#primaryimage\",\"url\":\"https:\/\/vosgesinfo.fr\/app\/uploads\/sites\/5\/2024\/09\/201905encart-plb.jpg\",\"contentUrl\":\"https:\/\/vosgesinfo.fr\/app\/uploads\/sites\/5\/2024\/09\/201905encart-plb.jpg\",\"width\":2362,\"height\":1594},{\"@type\":\"BreadcrumbList\",\"@id\":\"https:\/\/vosgesinfo.fr\/remiremontinfo\/2019\/05\/plombieres-nouveau-rendez-valoriser-soutenir-patrimoine-lhabitat\/#breadcrumb\",\"itemListElement\":[{\"@type\":\"ListItem\",\"position\":1,\"name\":\"Home\",\"item\":\"https:\/\/vosgesinfo.fr\/remiremontinfo\/\"},{\"@type\":\"ListItem\",\"position\":2,\"name\":\"Plombi\u00e8res : un nouveau rendez-vous pour valoriser et soutenir le patrimoine et l&rsquo;habitat\"}]},{\"@type\":\"WebSite\",\"@id\":\"https:\/\/vosgesinfo.fr\/remiremontinfo\/#website\",\"url\":\"https:\/\/vosgesinfo.fr\/remiremontinfo\/\",\"name\":\"Remiremont Info\",\"description\":\"Toute l&#039;actualit\u00e9 de Remiremont\",\"publisher\":{\"@id\":\"https:\/\/vosgesinfo.fr\/remiremontinfo\/#organization\"},\"alternateName\":\"Toute l'actualit\u00e9 de Remiremont\",\"potentialAction\":[{\"@type\":\"SearchAction\",\"target\":{\"@type\":\"EntryPoint\",\"urlTemplate\":\"https:\/\/vosgesinfo.fr\/remiremontinfo\/?s={search_term_string}\"},\"query-input\":\"required name=search_term_string\"}],\"inLanguage\":\"fr-FR\"},{\"@type\":\"Organization\",\"@id\":\"https:\/\/vosgesinfo.fr\/remiremontinfo\/#organization\",\"name\":\"Remiremont Info\",\"url\":\"https:\/\/vosgesinfo.fr\/remiremontinfo\/\",\"logo\":{\"@type\":\"ImageObject\",\"inLanguage\":\"fr-FR\",\"@id\":\"https:\/\/vosgesinfo.fr\/remiremontinfo\/#\/schema\/logo\/image\/\",\"url\":\"https:\/\/vosgesinfo.fr\/app\/uploads\/sites\/5\/2023\/08\/favicon-remiremontinfo.png\",\"contentUrl\":\"https:\/\/vosgesinfo.fr\/app\/uploads\/sites\/5\/2023\/08\/favicon-remiremontinfo.png\",\"width\":512,\"height\":512,\"caption\":\"Remiremont Info\"},\"image\":{\"@id\":\"https:\/\/vosgesinfo.fr\/remiremontinfo\/#\/schema\/logo\/image\/\"},\"sameAs\":[\"https:\/\/www.facebook.com\/remiremontinfo\",\"https:\/\/x.com\/VosgesInfo88\",\"https:\/\/www.youtube.com\/@vosgesinfo\"]},{\"@type\":\"Person\",\"@id\":\"https:\/\/vosgesinfo.fr\/remiremontinfo\/#\/schema\/person\/3bfd164d5218a185b1db68655a265316\",\"name\":\"C D\",\"image\":{\"@type\":\"ImageObject\",\"inLanguage\":\"fr-FR\",\"@id\":\"https:\/\/vosgesinfo.fr\/remiremontinfo\/#\/schema\/person\/image\/\",\"url\":\"https:\/\/secure.gravatar.com\/avatar\/1f9a70007336511a47468b8f1c66f922b8b7cf617b02a31149ada43893a5d48f?s=96&d=mm&r=g\",\"contentUrl\":\"https:\/\/secure.gravatar.com\/avatar\/1f9a70007336511a47468b8f1c66f922b8b7cf617b02a31149ada43893a5d48f?s=96&d=mm&r=g\",\"caption\":\"C D\"},\"url\":\"https:\/\/vosgesinfo.fr\/remiremontinfo\/author\/cedric-drevet\/\"}]}<\/script>\n<!-- \/ Yoast SEO plugin. -->","yoast_head_json":{"title":"Plombi\u00e8res : un nouveau rendez-vous pour valoriser et soutenir le patrimoine et l'habitat - Remiremont Info","robots":{"index":"index","follow":"follow","max-snippet":"max-snippet:-1","max-image-preview":"max-image-preview:large","max-video-preview":"max-video-preview:-1"},"canonical":"https:\/\/vosgesinfo.fr\/remiremontinfo\/2019\/05\/plombieres-nouveau-rendez-valoriser-soutenir-patrimoine-lhabitat\/","twitter_card":"summary_large_image","twitter_title":"Plombi\u00e8res : un nouveau rendez-vous pour valoriser et soutenir le patrimoine et l'habitat - Remiremont Info","twitter_description":"Un nouveau rendez-vous pour valoriser et soutenir le patrimoine et l&rsquo;habitat de notre commune ! Les 18 et 19 mai [&hellip;]","twitter_image":"https:\/\/vosgesinfo.fr\/app\/uploads\/sites\/5\/2024\/09\/201905encart-plb.jpg","twitter_creator":"@VosgesInfo88","twitter_site":"@VosgesInfo88","twitter_misc":{"\u00c9crit par":"C D","Dur\u00e9e de lecture estim\u00e9e":"2 minutes"},"schema":{"@context":"https:\/\/schema.org","@graph":[{"@type":"Article","@id":"https:\/\/vosgesinfo.fr\/remiremontinfo\/2019\/05\/plombieres-nouveau-rendez-valoriser-soutenir-patrimoine-lhabitat\/#article","isPartOf":{"@id":"https:\/\/vosgesinfo.fr\/remiremontinfo\/2019\/05\/plombieres-nouveau-rendez-valoriser-soutenir-patrimoine-lhabitat\/"},"author":{"name":"C D","@id":"https:\/\/vosgesinfo.fr\/remiremontinfo\/#\/schema\/person\/3bfd164d5218a185b1db68655a265316"},"headline":"Plombi\u00e8res : un nouveau rendez-vous pour valoriser et soutenir le patrimoine et l&rsquo;habitat","datePublished":"2019-05-17T04:55:39+00:00","dateModified":"2019-05-17T04:55:39+00:00","mainEntityOfPage":{"@id":"https:\/\/vosgesinfo.fr\/remiremontinfo\/2019\/05\/plombieres-nouveau-rendez-valoriser-soutenir-patrimoine-lhabitat\/"},"wordCount":429,"commentCount":0,"publisher":{"@id":"https:\/\/vosgesinfo.fr\/remiremontinfo\/#organization"},"image":{"@id":"https:\/\/vosgesinfo.fr\/remiremontinfo\/2019\/05\/plombieres-nouveau-rendez-valoriser-soutenir-patrimoine-lhabitat\/#primaryimage"},"thumbnailUrl":"https:\/\/vosgesinfo.fr\/app\/uploads\/sites\/5\/2024\/09\/201905encart-plb.jpg","articleSection":["A la Une","Le Val-d'Ajol &amp; son canton","Plombi\u00e8res-l\u00e8s-Bains"],"inLanguage":"fr-FR","potentialAction":[{"@type":"CommentAction","name":"Comment","target":["https:\/\/vosgesinfo.fr\/remiremontinfo\/2019\/05\/plombieres-nouveau-rendez-valoriser-soutenir-patrimoine-lhabitat\/#respond"]}]},{"@type":"WebPage","@id":"https:\/\/vosgesinfo.fr\/remiremontinfo\/2019\/05\/plombieres-nouveau-rendez-valoriser-soutenir-patrimoine-lhabitat\/","url":"https:\/\/vosgesinfo.fr\/remiremontinfo\/2019\/05\/plombieres-nouveau-rendez-valoriser-soutenir-patrimoine-lhabitat\/","name":"Plombi\u00e8res : un nouveau rendez-vous pour valoriser et soutenir le patrimoine et l'habitat - Remiremont Info","isPartOf":{"@id":"https:\/\/vosgesinfo.fr\/remiremontinfo\/#website"},"primaryImageOfPage":{"@id":"https:\/\/vosgesinfo.fr\/remiremontinfo\/2019\/05\/plombieres-nouveau-rendez-valoriser-soutenir-patrimoine-lhabitat\/#primaryimage"},"image":{"@id":"https:\/\/vosgesinfo.fr\/remiremontinfo\/2019\/05\/plombieres-nouveau-rendez-valoriser-soutenir-patrimoine-lhabitat\/#primaryimage"},"thumbnailUrl":"https:\/\/vosgesinfo.fr\/app\/uploads\/sites\/5\/2024\/09\/201905encart-plb.jpg","datePublished":"2019-05-17T04:55:39+00:00","dateModified":"2019-05-17T04:55:39+00:00","breadcrumb":{"@id":"https:\/\/vosgesinfo.fr\/remiremontinfo\/2019\/05\/plombieres-nouveau-rendez-valoriser-soutenir-patrimoine-lhabitat\/#breadcrumb"},"inLanguage":"fr-FR","potentialAction":[{"@type":"ReadAction","target":["https:\/\/vosgesinfo.fr\/remiremontinfo\/2019\/05\/plombieres-nouveau-rendez-valoriser-soutenir-patrimoine-lhabitat\/"]}]},{"@type":"ImageObject","inLanguage":"fr-FR","@id":"https:\/\/vosgesinfo.fr\/remiremontinfo\/2019\/05\/plombieres-nouveau-rendez-valoriser-soutenir-patrimoine-lhabitat\/#primaryimage","url":"https:\/\/vosgesinfo.fr\/app\/uploads\/sites\/5\/2024\/09\/201905encart-plb.jpg","contentUrl":"https:\/\/vosgesinfo.fr\/app\/uploads\/sites\/5\/2024\/09\/201905encart-plb.jpg","width":2362,"height":1594},{"@type":"BreadcrumbList","@id":"https:\/\/vosgesinfo.fr\/remiremontinfo\/2019\/05\/plombieres-nouveau-rendez-valoriser-soutenir-patrimoine-lhabitat\/#breadcrumb","itemListElement":[{"@type":"ListItem","position":1,"name":"Home","item":"https:\/\/vosgesinfo.fr\/remiremontinfo\/"},{"@type":"ListItem","position":2,"name":"Plombi\u00e8res : un nouveau rendez-vous pour valoriser et soutenir le patrimoine et l&rsquo;habitat"}]},{"@type":"WebSite","@id":"https:\/\/vosgesinfo.fr\/remiremontinfo\/#website","url":"https:\/\/vosgesinfo.fr\/remiremontinfo\/","name":"Remiremont Info","description":"Toute l&#039;actualit\u00e9 de Remiremont","publisher":{"@id":"https:\/\/vosgesinfo.fr\/remiremontinfo\/#organization"},"alternateName":"Toute l'actualit\u00e9 de Remiremont","potentialAction":[{"@type":"SearchAction","target":{"@type":"EntryPoint","urlTemplate":"https:\/\/vosgesinfo.fr\/remiremontinfo\/?s={search_term_string}"},"query-input":"required name=search_term_string"}],"inLanguage":"fr-FR"},{"@type":"Organization","@id":"https:\/\/vosgesinfo.fr\/remiremontinfo\/#organization","name":"Remiremont Info","url":"https:\/\/vosgesinfo.fr\/remiremontinfo\/","logo":{"@type":"ImageObject","inLanguage":"fr-FR","@id":"https:\/\/vosgesinfo.fr\/remiremontinfo\/#\/schema\/logo\/image\/","url":"https:\/\/vosgesinfo.fr\/app\/uploads\/sites\/5\/2023\/08\/favicon-remiremontinfo.png","contentUrl":"https:\/\/vosgesinfo.fr\/app\/uploads\/sites\/5\/2023\/08\/favicon-remiremontinfo.png","width":512,"height":512,"caption":"Remiremont Info"},"image":{"@id":"https:\/\/vosgesinfo.fr\/remiremontinfo\/#\/schema\/logo\/image\/"},"sameAs":["https:\/\/www.facebook.com\/remiremontinfo","https:\/\/x.com\/VosgesInfo88","https:\/\/www.youtube.com\/@vosgesinfo"]},{"@type":"Person","@id":"https:\/\/vosgesinfo.fr\/remiremontinfo\/#\/schema\/person\/3bfd164d5218a185b1db68655a265316","name":"C D","image":{"@type":"ImageObject","inLanguage":"fr-FR","@id":"https:\/\/vosgesinfo.fr\/remiremontinfo\/#\/schema\/person\/image\/","url":"https:\/\/secure.gravatar.com\/avatar\/1f9a70007336511a47468b8f1c66f922b8b7cf617b02a31149ada43893a5d48f?s=96&d=mm&r=g","contentUrl":"https:\/\/secure.gravatar.com\/avatar\/1f9a70007336511a47468b8f1c66f922b8b7cf617b02a31149ada43893a5d48f?s=96&d=mm&r=g","caption":"C D"},"url":"https:\/\/vosgesinfo.fr\/remiremontinfo\/author\/cedric-drevet\/"}]}},"_links":{"self":[{"href":"https:\/\/vosgesinfo.fr\/remiremontinfo\/wp-json\/wp\/v2\/posts\/14431","targetHints":{"allow":["GET"]}}],"collection":[{"href":"https:\/\/vosgesinfo.fr\/remiremontinfo\/wp-json\/wp\/v2\/posts"}],"about":[{"href":"https:\/\/vosgesinfo.fr\/remiremontinfo\/wp-json\/wp\/v2\/types\/post"}],"author":[{"embeddable":true,"href":"https:\/\/vosgesinfo.fr\/remiremontinfo\/wp-json\/wp\/v2\/users\/407"}],"replies":[{"embeddable":true,"href":"https:\/\/vosgesinfo.fr\/remiremontinfo\/wp-json\/wp\/v2\/comments?post=14431"}],"version-history":[{"count":0,"href":"https:\/\/vosgesinfo.fr\/remiremontinfo\/wp-json\/wp\/v2\/posts\/14431\/revisions"}],"wp:featuredmedia":[{"embeddable":true,"href":"https:\/\/vosgesinfo.fr\/remiremontinfo\/wp-json\/wp\/v2\/media\/14432"}],"wp:attachment":[{"href":"https:\/\/vosgesinfo.fr\/remiremontinfo\/wp-json\/wp\/v2\/media?parent=14431"}],"wp:term":[{"taxonomy":"category","embeddable":true,"href":"https:\/\/vosgesinfo.fr\/remiremontinfo\/wp-json\/wp\/v2\/categories?post=14431"},{"taxonomy":"post_tag","embeddable":true,"href":"https:\/\/vosgesinfo.fr\/remiremontinfo\/wp-json\/wp\/v2\/tags?post=14431"}],"curies":[{"name":"wp","href":"https:\/\/api.w.org\/{rel}","templated":true}]}}