{"id":14443,"date":"2019-05-17T11:13:20","date_gmt":"2019-05-17T09:13:20","guid":{"rendered":"https:\/\/vosgesinfo.fr\/remiremontinfo\/2019\/05\/cornimont-homme-se-tue-frappant-vitre-dun-commerce\/"},"modified":"2019-05-17T11:13:20","modified_gmt":"2019-05-17T09:13:20","slug":"cornimont-homme-se-tue-frappant-vitre-dun-commerce","status":"publish","type":"post","link":"https:\/\/vosgesinfo.fr\/remiremontinfo\/2019\/05\/cornimont-homme-se-tue-frappant-vitre-dun-commerce\/","title":{"rendered":"Cornimont : un homme se tue en frappant d&rsquo;un coup de poing dans la vitre d\u2019un commerce"},"content":{"rendered":"<h2 class=\"p1\"><a href=\"\/2019\/05\/glass-1497227_1280.jpg\"><img decoding=\"async\" class=\"alignnone size-large wp-image-259250\" src=\"\/2019\/05\/glass-1497227_1280-1024x682.jpg\" alt=\"glass-1497227_1280\" width=\"960\" height=\"639\" \/><\/a><span style=\"font-size: 12pt;\"><strong><span class=\"s1\">Mercredi dans la soir\u00e9e, un homme fait irruption dans un commerce \u00e0 Cornimont. Quelques minutes plus tard, il se tranche une art\u00e8re en brisant une vitrine de l\u2019\u00e9tablissement.<\/span><\/strong><\/span><\/h2>\n<p class=\"p1\"><span class=\"s1\">L\u2019homme se serait pr\u00e9sent\u00e9 dans un commerce avec une attitude \u00e9trange, se montrant agressif et insultant. <em>\u00ab\u00a0Une personne qui n\u2019\u00e9tait pas du tout connue \u00e0 Cornimont\u00a0\u00bb<\/em> affirme Marie Jos\u00e8phe Cl\u00e9ment, maire de la commune. L\u2019individu aurait \u00e9t\u00e9 vu pr\u00e9c\u00e9demment dans d\u2019autres \u00e9choppes au cours de la journ\u00e9e. <em>\u00ab\u00a0Je pense que cette personne \u00e9tait sous l\u2019emprise de quelque chose, de l\u2019alcool ou de la drogue\u00a0\u00bb.<\/em><\/span><\/p>\n<p class=\"p1\"><span class=\"s1\">La tension montait, et les propri\u00e9taires de l\u2019\u00e9tablissement ont senti que quelque chose de grave pouvait arriver. <em>\u00abIl n\u2019y a pas eu de bagarre\u00bb<\/em>, pr\u00e9cise Marie Jos\u00e8phe Cl\u00e9ment, les personnes pr\u00e9sentes <em>\u00absont rest\u00e9es calmes\u00bb<\/em>. <em>\u00abLa situation se compliquait (\u2026) un client a r\u00e9ussi \u00e0 le ceinturer et \u00e0 le mettre dehors\u00bb<\/em>. Les responsables de l&rsquo;\u00e9tablissement ont ferm\u00e9 les rideaux, fait passer les clients \u00e0 l\u2019arri\u00e8re de la boutique pour les mettre en s\u00e9curit\u00e9.<\/span><\/p>\n<p class=\"p1\"><span class=\"s1\">L\u2019homme est pourtant rest\u00e9 sur les lieux. <em>\u00ab\u00a0Il a voulu \u00e0 tout prix rentrer. D&rsquo;un coup de poing, il a cass\u00e9 la vitrine se tranchant l&rsquo;art\u00e8re du bras et s\u2019est vid\u00e9 de son sang\u00a0\u00bb<\/em>, explique le maire, qui parle d\u2019une agression gratuite de la part du d\u00e9funt.<\/span><\/p>\n<p class=\"p1\"><span class=\"s1\"> Les gendarmes, le SAMU et des sapeurs-pompiers ont \u00e9t\u00e9 d\u00e9p\u00each\u00e9s sur place, l\u2019homme \u00e9tait d\u00e9c\u00e9d\u00e9 \u00e0 leur arriv\u00e9e. Son corps a \u00e9t\u00e9 transport\u00e9 au fun\u00e9rarium de Saint-Nabord.<\/span><\/p>\n<p class=\"p1\"><span class=\"s1\">La commune est en lien avec le Centre M\u00e9dico-Psychologique de Remiremont pour mettre en place un suivi pour les personnes ayant assist\u00e9 \u00e0 ce drame.\u00a0<\/span><\/p>\n","protected":false},"excerpt":{"rendered":"<p>Mercredi dans la soir\u00e9e, un homme fait irruption dans un commerce \u00e0 Cornimont. Quelques minutes plus tard, il se tranche [&hellip;]<\/p>\n","protected":false},"author":407,"featured_media":14444,"comment_status":"open","ping_status":"open","sticky":false,"template":"","format":"standard","meta":{"footnotes":""},"categories":[26,34,8,25],"tags":[],"class_list":["post-14443","post","type-post","status-publish","format-standard","has-post-thumbnail","hentry","category-a-la-une","category-cornimont","category-faits-divers","category-la-bresse-son-canton"],"acf":[],"yoast_head":"<!-- This site is optimized with the Yoast SEO plugin v22.5 - https:\/\/yoast.com\/wordpress\/plugins\/seo\/ -->\n<title>Cornimont : un homme se tue en frappant d&#039;un coup de poing dans la vitre d\u2019un commerce - Remiremont Info<\/title>\n<meta name=\"robots\" content=\"index, follow, max-snippet:-1, max-image-preview:large, max-video-preview:-1\" \/>\n<link rel=\"canonical\" href=\"https:\/\/vosgesinfo.fr\/remiremontinfo\/2019\/05\/cornimont-homme-se-tue-frappant-vitre-dun-commerce\/\" \/>\n<meta name=\"twitter:card\" content=\"summary_large_image\" \/>\n<meta name=\"twitter:title\" content=\"Cornimont : un homme se tue en frappant d&#039;un coup de poing dans la vitre d\u2019un commerce - Remiremont Info\" \/>\n<meta name=\"twitter:description\" content=\"Mercredi dans la soir\u00e9e, un homme fait irruption dans un commerce \u00e0 Cornimont. Quelques minutes plus tard, il se tranche [&hellip;]\" \/>\n<meta name=\"twitter:image\" content=\"https:\/\/vosgesinfo.fr\/app\/uploads\/sites\/5\/2024\/09\/201905glass-1497227-1280.jpg\" \/>\n<meta name=\"twitter:creator\" content=\"@VosgesInfo88\" \/>\n<meta name=\"twitter:site\" content=\"@VosgesInfo88\" \/>\n<meta name=\"twitter:label1\" content=\"\u00c9crit par\" \/>\n\t<meta name=\"twitter:data1\" content=\"C D\" \/>\n\t<meta name=\"twitter:label2\" content=\"Dur\u00e9e de lecture estim\u00e9e\" \/>\n\t<meta name=\"twitter:data2\" content=\"1 minute\" \/>\n<script type=\"application\/ld+json\" class=\"yoast-schema-graph\">{\"@context\":\"https:\/\/schema.org\",\"@graph\":[{\"@type\":\"Article\",\"@id\":\"https:\/\/vosgesinfo.fr\/remiremontinfo\/2019\/05\/cornimont-homme-se-tue-frappant-vitre-dun-commerce\/#article\",\"isPartOf\":{\"@id\":\"https:\/\/vosgesinfo.fr\/remiremontinfo\/2019\/05\/cornimont-homme-se-tue-frappant-vitre-dun-commerce\/\"},\"author\":{\"name\":\"C D\",\"@id\":\"https:\/\/vosgesinfo.fr\/remiremontinfo\/#\/schema\/person\/3bfd164d5218a185b1db68655a265316\"},\"headline\":\"Cornimont : un homme se tue en frappant d&rsquo;un coup de poing dans la vitre d\u2019un commerce\",\"datePublished\":\"2019-05-17T09:13:20+00:00\",\"dateModified\":\"2019-05-17T09:13:20+00:00\",\"mainEntityOfPage\":{\"@id\":\"https:\/\/vosgesinfo.fr\/remiremontinfo\/2019\/05\/cornimont-homme-se-tue-frappant-vitre-dun-commerce\/\"},\"wordCount\":317,\"commentCount\":0,\"publisher\":{\"@id\":\"https:\/\/vosgesinfo.fr\/remiremontinfo\/#organization\"},\"image\":{\"@id\":\"https:\/\/vosgesinfo.fr\/remiremontinfo\/2019\/05\/cornimont-homme-se-tue-frappant-vitre-dun-commerce\/#primaryimage\"},\"thumbnailUrl\":\"https:\/\/vosgesinfo.fr\/app\/uploads\/sites\/5\/2024\/09\/201905glass-1497227-1280.jpg\",\"articleSection\":[\"A la Une\",\"Cornimont\",\"Faits-divers\",\"La Bresse &amp; son canton\"],\"inLanguage\":\"fr-FR\",\"potentialAction\":[{\"@type\":\"CommentAction\",\"name\":\"Comment\",\"target\":[\"https:\/\/vosgesinfo.fr\/remiremontinfo\/2019\/05\/cornimont-homme-se-tue-frappant-vitre-dun-commerce\/#respond\"]}]},{\"@type\":\"WebPage\",\"@id\":\"https:\/\/vosgesinfo.fr\/remiremontinfo\/2019\/05\/cornimont-homme-se-tue-frappant-vitre-dun-commerce\/\",\"url\":\"https:\/\/vosgesinfo.fr\/remiremontinfo\/2019\/05\/cornimont-homme-se-tue-frappant-vitre-dun-commerce\/\",\"name\":\"Cornimont : un homme se tue en frappant d'un coup de poing dans la vitre d\u2019un commerce - Remiremont Info\",\"isPartOf\":{\"@id\":\"https:\/\/vosgesinfo.fr\/remiremontinfo\/#website\"},\"primaryImageOfPage\":{\"@id\":\"https:\/\/vosgesinfo.fr\/remiremontinfo\/2019\/05\/cornimont-homme-se-tue-frappant-vitre-dun-commerce\/#primaryimage\"},\"image\":{\"@id\":\"https:\/\/vosgesinfo.fr\/remiremontinfo\/2019\/05\/cornimont-homme-se-tue-frappant-vitre-dun-commerce\/#primaryimage\"},\"thumbnailUrl\":\"https:\/\/vosgesinfo.fr\/app\/uploads\/sites\/5\/2024\/09\/201905glass-1497227-1280.jpg\",\"datePublished\":\"2019-05-17T09:13:20+00:00\",\"dateModified\":\"2019-05-17T09:13:20+00:00\",\"breadcrumb\":{\"@id\":\"https:\/\/vosgesinfo.fr\/remiremontinfo\/2019\/05\/cornimont-homme-se-tue-frappant-vitre-dun-commerce\/#breadcrumb\"},\"inLanguage\":\"fr-FR\",\"potentialAction\":[{\"@type\":\"ReadAction\",\"target\":[\"https:\/\/vosgesinfo.fr\/remiremontinfo\/2019\/05\/cornimont-homme-se-tue-frappant-vitre-dun-commerce\/\"]}]},{\"@type\":\"ImageObject\",\"inLanguage\":\"fr-FR\",\"@id\":\"https:\/\/vosgesinfo.fr\/remiremontinfo\/2019\/05\/cornimont-homme-se-tue-frappant-vitre-dun-commerce\/#primaryimage\",\"url\":\"https:\/\/vosgesinfo.fr\/app\/uploads\/sites\/5\/2024\/09\/201905glass-1497227-1280.jpg\",\"contentUrl\":\"https:\/\/vosgesinfo.fr\/app\/uploads\/sites\/5\/2024\/09\/201905glass-1497227-1280.jpg\",\"width\":1280,\"height\":853},{\"@type\":\"BreadcrumbList\",\"@id\":\"https:\/\/vosgesinfo.fr\/remiremontinfo\/2019\/05\/cornimont-homme-se-tue-frappant-vitre-dun-commerce\/#breadcrumb\",\"itemListElement\":[{\"@type\":\"ListItem\",\"position\":1,\"name\":\"Home\",\"item\":\"https:\/\/vosgesinfo.fr\/remiremontinfo\/\"},{\"@type\":\"ListItem\",\"position\":2,\"name\":\"Cornimont : un homme se tue en frappant d&rsquo;un coup de poing dans la vitre d\u2019un commerce\"}]},{\"@type\":\"WebSite\",\"@id\":\"https:\/\/vosgesinfo.fr\/remiremontinfo\/#website\",\"url\":\"https:\/\/vosgesinfo.fr\/remiremontinfo\/\",\"name\":\"Remiremont Info\",\"description\":\"Toute l&#039;actualit\u00e9 de Remiremont\",\"publisher\":{\"@id\":\"https:\/\/vosgesinfo.fr\/remiremontinfo\/#organization\"},\"alternateName\":\"Toute l'actualit\u00e9 de Remiremont\",\"potentialAction\":[{\"@type\":\"SearchAction\",\"target\":{\"@type\":\"EntryPoint\",\"urlTemplate\":\"https:\/\/vosgesinfo.fr\/remiremontinfo\/?s={search_term_string}\"},\"query-input\":\"required name=search_term_string\"}],\"inLanguage\":\"fr-FR\"},{\"@type\":\"Organization\",\"@id\":\"https:\/\/vosgesinfo.fr\/remiremontinfo\/#organization\",\"name\":\"Remiremont Info\",\"url\":\"https:\/\/vosgesinfo.fr\/remiremontinfo\/\",\"logo\":{\"@type\":\"ImageObject\",\"inLanguage\":\"fr-FR\",\"@id\":\"https:\/\/vosgesinfo.fr\/remiremontinfo\/#\/schema\/logo\/image\/\",\"url\":\"https:\/\/vosgesinfo.fr\/app\/uploads\/sites\/5\/2023\/08\/favicon-remiremontinfo.png\",\"contentUrl\":\"https:\/\/vosgesinfo.fr\/app\/uploads\/sites\/5\/2023\/08\/favicon-remiremontinfo.png\",\"width\":512,\"height\":512,\"caption\":\"Remiremont Info\"},\"image\":{\"@id\":\"https:\/\/vosgesinfo.fr\/remiremontinfo\/#\/schema\/logo\/image\/\"},\"sameAs\":[\"https:\/\/www.facebook.com\/remiremontinfo\",\"https:\/\/x.com\/VosgesInfo88\",\"https:\/\/www.youtube.com\/@vosgesinfo\"]},{\"@type\":\"Person\",\"@id\":\"https:\/\/vosgesinfo.fr\/remiremontinfo\/#\/schema\/person\/3bfd164d5218a185b1db68655a265316\",\"name\":\"C D\",\"image\":{\"@type\":\"ImageObject\",\"inLanguage\":\"fr-FR\",\"@id\":\"https:\/\/vosgesinfo.fr\/remiremontinfo\/#\/schema\/person\/image\/\",\"url\":\"https:\/\/secure.gravatar.com\/avatar\/1f9a70007336511a47468b8f1c66f922b8b7cf617b02a31149ada43893a5d48f?s=96&d=mm&r=g\",\"contentUrl\":\"https:\/\/secure.gravatar.com\/avatar\/1f9a70007336511a47468b8f1c66f922b8b7cf617b02a31149ada43893a5d48f?s=96&d=mm&r=g\",\"caption\":\"C D\"},\"url\":\"https:\/\/vosgesinfo.fr\/remiremontinfo\/author\/cedric-drevet\/\"}]}<\/script>\n<!-- \/ Yoast SEO plugin. -->","yoast_head_json":{"title":"Cornimont : un homme se tue en frappant d'un coup de poing dans la vitre d\u2019un commerce - Remiremont Info","robots":{"index":"index","follow":"follow","max-snippet":"max-snippet:-1","max-image-preview":"max-image-preview:large","max-video-preview":"max-video-preview:-1"},"canonical":"https:\/\/vosgesinfo.fr\/remiremontinfo\/2019\/05\/cornimont-homme-se-tue-frappant-vitre-dun-commerce\/","twitter_card":"summary_large_image","twitter_title":"Cornimont : un homme se tue en frappant d'un coup de poing dans la vitre d\u2019un commerce - Remiremont Info","twitter_description":"Mercredi dans la soir\u00e9e, un homme fait irruption dans un commerce \u00e0 Cornimont. Quelques minutes plus tard, il se tranche [&hellip;]","twitter_image":"https:\/\/vosgesinfo.fr\/app\/uploads\/sites\/5\/2024\/09\/201905glass-1497227-1280.jpg","twitter_creator":"@VosgesInfo88","twitter_site":"@VosgesInfo88","twitter_misc":{"\u00c9crit par":"C D","Dur\u00e9e de lecture estim\u00e9e":"1 minute"},"schema":{"@context":"https:\/\/schema.org","@graph":[{"@type":"Article","@id":"https:\/\/vosgesinfo.fr\/remiremontinfo\/2019\/05\/cornimont-homme-se-tue-frappant-vitre-dun-commerce\/#article","isPartOf":{"@id":"https:\/\/vosgesinfo.fr\/remiremontinfo\/2019\/05\/cornimont-homme-se-tue-frappant-vitre-dun-commerce\/"},"author":{"name":"C D","@id":"https:\/\/vosgesinfo.fr\/remiremontinfo\/#\/schema\/person\/3bfd164d5218a185b1db68655a265316"},"headline":"Cornimont : un homme se tue en frappant d&rsquo;un coup de poing dans la vitre d\u2019un commerce","datePublished":"2019-05-17T09:13:20+00:00","dateModified":"2019-05-17T09:13:20+00:00","mainEntityOfPage":{"@id":"https:\/\/vosgesinfo.fr\/remiremontinfo\/2019\/05\/cornimont-homme-se-tue-frappant-vitre-dun-commerce\/"},"wordCount":317,"commentCount":0,"publisher":{"@id":"https:\/\/vosgesinfo.fr\/remiremontinfo\/#organization"},"image":{"@id":"https:\/\/vosgesinfo.fr\/remiremontinfo\/2019\/05\/cornimont-homme-se-tue-frappant-vitre-dun-commerce\/#primaryimage"},"thumbnailUrl":"https:\/\/vosgesinfo.fr\/app\/uploads\/sites\/5\/2024\/09\/201905glass-1497227-1280.jpg","articleSection":["A la Une","Cornimont","Faits-divers","La Bresse &amp; son canton"],"inLanguage":"fr-FR","potentialAction":[{"@type":"CommentAction","name":"Comment","target":["https:\/\/vosgesinfo.fr\/remiremontinfo\/2019\/05\/cornimont-homme-se-tue-frappant-vitre-dun-commerce\/#respond"]}]},{"@type":"WebPage","@id":"https:\/\/vosgesinfo.fr\/remiremontinfo\/2019\/05\/cornimont-homme-se-tue-frappant-vitre-dun-commerce\/","url":"https:\/\/vosgesinfo.fr\/remiremontinfo\/2019\/05\/cornimont-homme-se-tue-frappant-vitre-dun-commerce\/","name":"Cornimont : un homme se tue en frappant d'un coup de poing dans la vitre d\u2019un commerce - Remiremont Info","isPartOf":{"@id":"https:\/\/vosgesinfo.fr\/remiremontinfo\/#website"},"primaryImageOfPage":{"@id":"https:\/\/vosgesinfo.fr\/remiremontinfo\/2019\/05\/cornimont-homme-se-tue-frappant-vitre-dun-commerce\/#primaryimage"},"image":{"@id":"https:\/\/vosgesinfo.fr\/remiremontinfo\/2019\/05\/cornimont-homme-se-tue-frappant-vitre-dun-commerce\/#primaryimage"},"thumbnailUrl":"https:\/\/vosgesinfo.fr\/app\/uploads\/sites\/5\/2024\/09\/201905glass-1497227-1280.jpg","datePublished":"2019-05-17T09:13:20+00:00","dateModified":"2019-05-17T09:13:20+00:00","breadcrumb":{"@id":"https:\/\/vosgesinfo.fr\/remiremontinfo\/2019\/05\/cornimont-homme-se-tue-frappant-vitre-dun-commerce\/#breadcrumb"},"inLanguage":"fr-FR","potentialAction":[{"@type":"ReadAction","target":["https:\/\/vosgesinfo.fr\/remiremontinfo\/2019\/05\/cornimont-homme-se-tue-frappant-vitre-dun-commerce\/"]}]},{"@type":"ImageObject","inLanguage":"fr-FR","@id":"https:\/\/vosgesinfo.fr\/remiremontinfo\/2019\/05\/cornimont-homme-se-tue-frappant-vitre-dun-commerce\/#primaryimage","url":"https:\/\/vosgesinfo.fr\/app\/uploads\/sites\/5\/2024\/09\/201905glass-1497227-1280.jpg","contentUrl":"https:\/\/vosgesinfo.fr\/app\/uploads\/sites\/5\/2024\/09\/201905glass-1497227-1280.jpg","width":1280,"height":853},{"@type":"BreadcrumbList","@id":"https:\/\/vosgesinfo.fr\/remiremontinfo\/2019\/05\/cornimont-homme-se-tue-frappant-vitre-dun-commerce\/#breadcrumb","itemListElement":[{"@type":"ListItem","position":1,"name":"Home","item":"https:\/\/vosgesinfo.fr\/remiremontinfo\/"},{"@type":"ListItem","position":2,"name":"Cornimont : un homme se tue en frappant d&rsquo;un coup de poing dans la vitre d\u2019un commerce"}]},{"@type":"WebSite","@id":"https:\/\/vosgesinfo.fr\/remiremontinfo\/#website","url":"https:\/\/vosgesinfo.fr\/remiremontinfo\/","name":"Remiremont Info","description":"Toute l&#039;actualit\u00e9 de Remiremont","publisher":{"@id":"https:\/\/vosgesinfo.fr\/remiremontinfo\/#organization"},"alternateName":"Toute l'actualit\u00e9 de Remiremont","potentialAction":[{"@type":"SearchAction","target":{"@type":"EntryPoint","urlTemplate":"https:\/\/vosgesinfo.fr\/remiremontinfo\/?s={search_term_string}"},"query-input":"required name=search_term_string"}],"inLanguage":"fr-FR"},{"@type":"Organization","@id":"https:\/\/vosgesinfo.fr\/remiremontinfo\/#organization","name":"Remiremont Info","url":"https:\/\/vosgesinfo.fr\/remiremontinfo\/","logo":{"@type":"ImageObject","inLanguage":"fr-FR","@id":"https:\/\/vosgesinfo.fr\/remiremontinfo\/#\/schema\/logo\/image\/","url":"https:\/\/vosgesinfo.fr\/app\/uploads\/sites\/5\/2023\/08\/favicon-remiremontinfo.png","contentUrl":"https:\/\/vosgesinfo.fr\/app\/uploads\/sites\/5\/2023\/08\/favicon-remiremontinfo.png","width":512,"height":512,"caption":"Remiremont Info"},"image":{"@id":"https:\/\/vosgesinfo.fr\/remiremontinfo\/#\/schema\/logo\/image\/"},"sameAs":["https:\/\/www.facebook.com\/remiremontinfo","https:\/\/x.com\/VosgesInfo88","https:\/\/www.youtube.com\/@vosgesinfo"]},{"@type":"Person","@id":"https:\/\/vosgesinfo.fr\/remiremontinfo\/#\/schema\/person\/3bfd164d5218a185b1db68655a265316","name":"C D","image":{"@type":"ImageObject","inLanguage":"fr-FR","@id":"https:\/\/vosgesinfo.fr\/remiremontinfo\/#\/schema\/person\/image\/","url":"https:\/\/secure.gravatar.com\/avatar\/1f9a70007336511a47468b8f1c66f922b8b7cf617b02a31149ada43893a5d48f?s=96&d=mm&r=g","contentUrl":"https:\/\/secure.gravatar.com\/avatar\/1f9a70007336511a47468b8f1c66f922b8b7cf617b02a31149ada43893a5d48f?s=96&d=mm&r=g","caption":"C D"},"url":"https:\/\/vosgesinfo.fr\/remiremontinfo\/author\/cedric-drevet\/"}]}},"_links":{"self":[{"href":"https:\/\/vosgesinfo.fr\/remiremontinfo\/wp-json\/wp\/v2\/posts\/14443","targetHints":{"allow":["GET"]}}],"collection":[{"href":"https:\/\/vosgesinfo.fr\/remiremontinfo\/wp-json\/wp\/v2\/posts"}],"about":[{"href":"https:\/\/vosgesinfo.fr\/remiremontinfo\/wp-json\/wp\/v2\/types\/post"}],"author":[{"embeddable":true,"href":"https:\/\/vosgesinfo.fr\/remiremontinfo\/wp-json\/wp\/v2\/users\/407"}],"replies":[{"embeddable":true,"href":"https:\/\/vosgesinfo.fr\/remiremontinfo\/wp-json\/wp\/v2\/comments?post=14443"}],"version-history":[{"count":0,"href":"https:\/\/vosgesinfo.fr\/remiremontinfo\/wp-json\/wp\/v2\/posts\/14443\/revisions"}],"wp:featuredmedia":[{"embeddable":true,"href":"https:\/\/vosgesinfo.fr\/remiremontinfo\/wp-json\/wp\/v2\/media\/14444"}],"wp:attachment":[{"href":"https:\/\/vosgesinfo.fr\/remiremontinfo\/wp-json\/wp\/v2\/media?parent=14443"}],"wp:term":[{"taxonomy":"category","embeddable":true,"href":"https:\/\/vosgesinfo.fr\/remiremontinfo\/wp-json\/wp\/v2\/categories?post=14443"},{"taxonomy":"post_tag","embeddable":true,"href":"https:\/\/vosgesinfo.fr\/remiremontinfo\/wp-json\/wp\/v2\/tags?post=14443"}],"curies":[{"name":"wp","href":"https:\/\/api.w.org\/{rel}","templated":true}]}}