{"id":14451,"date":"2019-05-18T06:58:05","date_gmt":"2019-05-18T04:58:05","guid":{"rendered":"https:\/\/vosgesinfo.fr\/remiremontinfo\/2019\/05\/ventron-joli-succes-marche-aux-plants-de-lassociation-de-parents-deleves\/"},"modified":"2019-05-18T06:58:05","modified_gmt":"2019-05-18T04:58:05","slug":"ventron-joli-succes-marche-aux-plants-de-lassociation-de-parents-deleves","status":"publish","type":"post","link":"https:\/\/vosgesinfo.fr\/remiremontinfo\/2019\/05\/ventron-joli-succes-marche-aux-plants-de-lassociation-de-parents-deleves\/","title":{"rendered":"Ventron : joli succ\u00e8s pour le march\u00e9 aux plants de l&rsquo;association de parents d&rsquo;\u00e9l\u00e8ves"},"content":{"rendered":"<dl id=\"attachment_259293\" class=\"wp-caption alignnone\" style=\"width: 970px;\">\n<dt class=\"wp-caption-dt\"><a href=\"\/2019\/05\/bourse-3.jpg\"><img decoding=\"async\" class=\"size-large wp-image-259293\" src=\"\/2019\/05\/bourse-3-1024x768.jpg\" alt=\"edf\" width=\"960\" height=\"720\" \/><\/a><\/dt>\n<dd class=\"wp-caption-dd\"><span style=\"font-size: 12pt;\"><strong>Joli succ\u00e8s samedi dernier pour le march\u00e9 aux plants organis\u00e9 par l&rsquo;Association Autonome des Parents d\u2019\u00c9l\u00e8ves de Ventron. A l\u2019abri dans la salle des f\u00eates, compte tenu d&rsquo;une m\u00e9t\u00e9o peu cl\u00e9mente, toute la journ\u00e9e les adeptes du jardinage se sont succ\u00e9d\u00e9 pour acqu\u00e9rir plants potagers, aromatiques, petits fruitiers, fleurs et encore confitures.<\/strong><\/span><\/dd>\n<\/dl>\n<p>Bilan pour l&rsquo;association plus que positif pour cette manifestation, dont c\u2019\u00e9tait la 7\u00e8me \u00e9dition. Peu de plants restaient disponibles en fin d\u2019apr\u00e8s-midi. Les gains de la vente permettront de financer les diff\u00e9rents projets p\u00e9dagogiques au profit des \u00e9l\u00e8ves de l&rsquo;\u00e9cole maternelle et primaire. La pr\u00e9sidente Fanny G\u00e9rard tient \u00e0 remercier les b\u00e9n\u00e9voles de l&rsquo;AAPEV, les \u00e9l\u00e8ves de l\u2019\u00e9cole primaire, les donateurs de plants et les clients venus nombreux.<\/p>\n<p>Prochain rendez-vous pour l\u2019association le samedi 29 juin \u00e0 partir de 15h pour la traditionnelle kermesse, o\u00f9 de nombreuses animations, ainsi qu\u2019une buvette, raviront petits et grands.<\/p>\n","protected":false},"excerpt":{"rendered":"<p>Joli succ\u00e8s samedi dernier pour le march\u00e9 aux plants organis\u00e9 par l&rsquo;Association Autonome des Parents d\u2019\u00c9l\u00e8ves de Ventron. A l\u2019abri [&hellip;]<\/p>\n","protected":false},"author":407,"featured_media":14452,"comment_status":"open","ping_status":"open","sticky":false,"template":"","format":"standard","meta":{"footnotes":""},"categories":[26,25,298,17],"tags":[],"class_list":["post-14451","post","type-post","status-publish","format-standard","has-post-thumbnail","hentry","category-a-la-une","category-la-bresse-son-canton","category-ventron","category-vie-associative"],"acf":[],"yoast_head":"<!-- This site is optimized with the Yoast SEO plugin v22.5 - https:\/\/yoast.com\/wordpress\/plugins\/seo\/ -->\n<title>Ventron : joli succ\u00e8s pour le march\u00e9 aux plants de l&#039;association de parents d&#039;\u00e9l\u00e8ves - Remiremont Info<\/title>\n<meta name=\"robots\" content=\"index, follow, max-snippet:-1, max-image-preview:large, max-video-preview:-1\" \/>\n<link rel=\"canonical\" href=\"https:\/\/vosgesinfo.fr\/remiremontinfo\/2019\/05\/ventron-joli-succes-marche-aux-plants-de-lassociation-de-parents-deleves\/\" \/>\n<meta name=\"twitter:card\" content=\"summary_large_image\" \/>\n<meta name=\"twitter:title\" content=\"Ventron : joli succ\u00e8s pour le march\u00e9 aux plants de l&#039;association de parents d&#039;\u00e9l\u00e8ves - Remiremont Info\" \/>\n<meta name=\"twitter:description\" content=\"Joli succ\u00e8s samedi dernier pour le march\u00e9 aux plants organis\u00e9 par l&rsquo;Association Autonome des Parents d\u2019\u00c9l\u00e8ves de Ventron. A l\u2019abri [&hellip;]\" \/>\n<meta name=\"twitter:image\" content=\"https:\/\/vosgesinfo.fr\/app\/uploads\/sites\/5\/2024\/09\/201905bourse-2-1-scaled.jpg\" \/>\n<meta name=\"twitter:creator\" content=\"@VosgesInfo88\" \/>\n<meta name=\"twitter:site\" content=\"@VosgesInfo88\" \/>\n<meta name=\"twitter:label1\" content=\"\u00c9crit par\" \/>\n\t<meta name=\"twitter:data1\" content=\"C D\" \/>\n\t<meta name=\"twitter:label2\" content=\"Dur\u00e9e de lecture estim\u00e9e\" \/>\n\t<meta name=\"twitter:data2\" content=\"1 minute\" \/>\n<script type=\"application\/ld+json\" class=\"yoast-schema-graph\">{\"@context\":\"https:\/\/schema.org\",\"@graph\":[{\"@type\":\"Article\",\"@id\":\"https:\/\/vosgesinfo.fr\/remiremontinfo\/2019\/05\/ventron-joli-succes-marche-aux-plants-de-lassociation-de-parents-deleves\/#article\",\"isPartOf\":{\"@id\":\"https:\/\/vosgesinfo.fr\/remiremontinfo\/2019\/05\/ventron-joli-succes-marche-aux-plants-de-lassociation-de-parents-deleves\/\"},\"author\":{\"name\":\"C D\",\"@id\":\"https:\/\/vosgesinfo.fr\/remiremontinfo\/#\/schema\/person\/3bfd164d5218a185b1db68655a265316\"},\"headline\":\"Ventron : joli succ\u00e8s pour le march\u00e9 aux plants de l&rsquo;association de parents d&rsquo;\u00e9l\u00e8ves\",\"datePublished\":\"2019-05-18T04:58:05+00:00\",\"dateModified\":\"2019-05-18T04:58:05+00:00\",\"mainEntityOfPage\":{\"@id\":\"https:\/\/vosgesinfo.fr\/remiremontinfo\/2019\/05\/ventron-joli-succes-marche-aux-plants-de-lassociation-de-parents-deleves\/\"},\"wordCount\":191,\"commentCount\":0,\"publisher\":{\"@id\":\"https:\/\/vosgesinfo.fr\/remiremontinfo\/#organization\"},\"image\":{\"@id\":\"https:\/\/vosgesinfo.fr\/remiremontinfo\/2019\/05\/ventron-joli-succes-marche-aux-plants-de-lassociation-de-parents-deleves\/#primaryimage\"},\"thumbnailUrl\":\"https:\/\/vosgesinfo.fr\/app\/uploads\/sites\/5\/2024\/09\/201905bourse-2-1-scaled.jpg\",\"articleSection\":[\"A la Une\",\"La Bresse &amp; son canton\",\"Ventron\",\"Vie associative\"],\"inLanguage\":\"fr-FR\",\"potentialAction\":[{\"@type\":\"CommentAction\",\"name\":\"Comment\",\"target\":[\"https:\/\/vosgesinfo.fr\/remiremontinfo\/2019\/05\/ventron-joli-succes-marche-aux-plants-de-lassociation-de-parents-deleves\/#respond\"]}]},{\"@type\":\"WebPage\",\"@id\":\"https:\/\/vosgesinfo.fr\/remiremontinfo\/2019\/05\/ventron-joli-succes-marche-aux-plants-de-lassociation-de-parents-deleves\/\",\"url\":\"https:\/\/vosgesinfo.fr\/remiremontinfo\/2019\/05\/ventron-joli-succes-marche-aux-plants-de-lassociation-de-parents-deleves\/\",\"name\":\"Ventron : joli succ\u00e8s pour le march\u00e9 aux plants de l'association de parents d'\u00e9l\u00e8ves - Remiremont Info\",\"isPartOf\":{\"@id\":\"https:\/\/vosgesinfo.fr\/remiremontinfo\/#website\"},\"primaryImageOfPage\":{\"@id\":\"https:\/\/vosgesinfo.fr\/remiremontinfo\/2019\/05\/ventron-joli-succes-marche-aux-plants-de-lassociation-de-parents-deleves\/#primaryimage\"},\"image\":{\"@id\":\"https:\/\/vosgesinfo.fr\/remiremontinfo\/2019\/05\/ventron-joli-succes-marche-aux-plants-de-lassociation-de-parents-deleves\/#primaryimage\"},\"thumbnailUrl\":\"https:\/\/vosgesinfo.fr\/app\/uploads\/sites\/5\/2024\/09\/201905bourse-2-1-scaled.jpg\",\"datePublished\":\"2019-05-18T04:58:05+00:00\",\"dateModified\":\"2019-05-18T04:58:05+00:00\",\"breadcrumb\":{\"@id\":\"https:\/\/vosgesinfo.fr\/remiremontinfo\/2019\/05\/ventron-joli-succes-marche-aux-plants-de-lassociation-de-parents-deleves\/#breadcrumb\"},\"inLanguage\":\"fr-FR\",\"potentialAction\":[{\"@type\":\"ReadAction\",\"target\":[\"https:\/\/vosgesinfo.fr\/remiremontinfo\/2019\/05\/ventron-joli-succes-marche-aux-plants-de-lassociation-de-parents-deleves\/\"]}]},{\"@type\":\"ImageObject\",\"inLanguage\":\"fr-FR\",\"@id\":\"https:\/\/vosgesinfo.fr\/remiremontinfo\/2019\/05\/ventron-joli-succes-marche-aux-plants-de-lassociation-de-parents-deleves\/#primaryimage\",\"url\":\"https:\/\/vosgesinfo.fr\/app\/uploads\/sites\/5\/2024\/09\/201905bourse-2-1-scaled.jpg\",\"contentUrl\":\"https:\/\/vosgesinfo.fr\/app\/uploads\/sites\/5\/2024\/09\/201905bourse-2-1-scaled.jpg\",\"width\":2560,\"height\":1920},{\"@type\":\"BreadcrumbList\",\"@id\":\"https:\/\/vosgesinfo.fr\/remiremontinfo\/2019\/05\/ventron-joli-succes-marche-aux-plants-de-lassociation-de-parents-deleves\/#breadcrumb\",\"itemListElement\":[{\"@type\":\"ListItem\",\"position\":1,\"name\":\"Home\",\"item\":\"https:\/\/vosgesinfo.fr\/remiremontinfo\/\"},{\"@type\":\"ListItem\",\"position\":2,\"name\":\"Ventron : joli succ\u00e8s pour le march\u00e9 aux plants de l&rsquo;association de parents d&rsquo;\u00e9l\u00e8ves\"}]},{\"@type\":\"WebSite\",\"@id\":\"https:\/\/vosgesinfo.fr\/remiremontinfo\/#website\",\"url\":\"https:\/\/vosgesinfo.fr\/remiremontinfo\/\",\"name\":\"Remiremont Info\",\"description\":\"Toute l&#039;actualit\u00e9 de Remiremont\",\"publisher\":{\"@id\":\"https:\/\/vosgesinfo.fr\/remiremontinfo\/#organization\"},\"alternateName\":\"Toute l'actualit\u00e9 de Remiremont\",\"potentialAction\":[{\"@type\":\"SearchAction\",\"target\":{\"@type\":\"EntryPoint\",\"urlTemplate\":\"https:\/\/vosgesinfo.fr\/remiremontinfo\/?s={search_term_string}\"},\"query-input\":\"required name=search_term_string\"}],\"inLanguage\":\"fr-FR\"},{\"@type\":\"Organization\",\"@id\":\"https:\/\/vosgesinfo.fr\/remiremontinfo\/#organization\",\"name\":\"Remiremont Info\",\"url\":\"https:\/\/vosgesinfo.fr\/remiremontinfo\/\",\"logo\":{\"@type\":\"ImageObject\",\"inLanguage\":\"fr-FR\",\"@id\":\"https:\/\/vosgesinfo.fr\/remiremontinfo\/#\/schema\/logo\/image\/\",\"url\":\"https:\/\/vosgesinfo.fr\/app\/uploads\/sites\/5\/2023\/08\/favicon-remiremontinfo.png\",\"contentUrl\":\"https:\/\/vosgesinfo.fr\/app\/uploads\/sites\/5\/2023\/08\/favicon-remiremontinfo.png\",\"width\":512,\"height\":512,\"caption\":\"Remiremont Info\"},\"image\":{\"@id\":\"https:\/\/vosgesinfo.fr\/remiremontinfo\/#\/schema\/logo\/image\/\"},\"sameAs\":[\"https:\/\/www.facebook.com\/remiremontinfo\",\"https:\/\/x.com\/VosgesInfo88\",\"https:\/\/www.youtube.com\/@vosgesinfo\"]},{\"@type\":\"Person\",\"@id\":\"https:\/\/vosgesinfo.fr\/remiremontinfo\/#\/schema\/person\/3bfd164d5218a185b1db68655a265316\",\"name\":\"C D\",\"image\":{\"@type\":\"ImageObject\",\"inLanguage\":\"fr-FR\",\"@id\":\"https:\/\/vosgesinfo.fr\/remiremontinfo\/#\/schema\/person\/image\/\",\"url\":\"https:\/\/secure.gravatar.com\/avatar\/1f9a70007336511a47468b8f1c66f922b8b7cf617b02a31149ada43893a5d48f?s=96&d=mm&r=g\",\"contentUrl\":\"https:\/\/secure.gravatar.com\/avatar\/1f9a70007336511a47468b8f1c66f922b8b7cf617b02a31149ada43893a5d48f?s=96&d=mm&r=g\",\"caption\":\"C D\"},\"url\":\"https:\/\/vosgesinfo.fr\/remiremontinfo\/author\/cedric-drevet\/\"}]}<\/script>\n<!-- \/ Yoast SEO plugin. -->","yoast_head_json":{"title":"Ventron : joli succ\u00e8s pour le march\u00e9 aux plants de l'association de parents d'\u00e9l\u00e8ves - Remiremont Info","robots":{"index":"index","follow":"follow","max-snippet":"max-snippet:-1","max-image-preview":"max-image-preview:large","max-video-preview":"max-video-preview:-1"},"canonical":"https:\/\/vosgesinfo.fr\/remiremontinfo\/2019\/05\/ventron-joli-succes-marche-aux-plants-de-lassociation-de-parents-deleves\/","twitter_card":"summary_large_image","twitter_title":"Ventron : joli succ\u00e8s pour le march\u00e9 aux plants de l'association de parents d'\u00e9l\u00e8ves - Remiremont Info","twitter_description":"Joli succ\u00e8s samedi dernier pour le march\u00e9 aux plants organis\u00e9 par l&rsquo;Association Autonome des Parents d\u2019\u00c9l\u00e8ves de Ventron. A l\u2019abri [&hellip;]","twitter_image":"https:\/\/vosgesinfo.fr\/app\/uploads\/sites\/5\/2024\/09\/201905bourse-2-1-scaled.jpg","twitter_creator":"@VosgesInfo88","twitter_site":"@VosgesInfo88","twitter_misc":{"\u00c9crit par":"C D","Dur\u00e9e de lecture estim\u00e9e":"1 minute"},"schema":{"@context":"https:\/\/schema.org","@graph":[{"@type":"Article","@id":"https:\/\/vosgesinfo.fr\/remiremontinfo\/2019\/05\/ventron-joli-succes-marche-aux-plants-de-lassociation-de-parents-deleves\/#article","isPartOf":{"@id":"https:\/\/vosgesinfo.fr\/remiremontinfo\/2019\/05\/ventron-joli-succes-marche-aux-plants-de-lassociation-de-parents-deleves\/"},"author":{"name":"C D","@id":"https:\/\/vosgesinfo.fr\/remiremontinfo\/#\/schema\/person\/3bfd164d5218a185b1db68655a265316"},"headline":"Ventron : joli succ\u00e8s pour le march\u00e9 aux plants de l&rsquo;association de parents d&rsquo;\u00e9l\u00e8ves","datePublished":"2019-05-18T04:58:05+00:00","dateModified":"2019-05-18T04:58:05+00:00","mainEntityOfPage":{"@id":"https:\/\/vosgesinfo.fr\/remiremontinfo\/2019\/05\/ventron-joli-succes-marche-aux-plants-de-lassociation-de-parents-deleves\/"},"wordCount":191,"commentCount":0,"publisher":{"@id":"https:\/\/vosgesinfo.fr\/remiremontinfo\/#organization"},"image":{"@id":"https:\/\/vosgesinfo.fr\/remiremontinfo\/2019\/05\/ventron-joli-succes-marche-aux-plants-de-lassociation-de-parents-deleves\/#primaryimage"},"thumbnailUrl":"https:\/\/vosgesinfo.fr\/app\/uploads\/sites\/5\/2024\/09\/201905bourse-2-1-scaled.jpg","articleSection":["A la Une","La Bresse &amp; son canton","Ventron","Vie associative"],"inLanguage":"fr-FR","potentialAction":[{"@type":"CommentAction","name":"Comment","target":["https:\/\/vosgesinfo.fr\/remiremontinfo\/2019\/05\/ventron-joli-succes-marche-aux-plants-de-lassociation-de-parents-deleves\/#respond"]}]},{"@type":"WebPage","@id":"https:\/\/vosgesinfo.fr\/remiremontinfo\/2019\/05\/ventron-joli-succes-marche-aux-plants-de-lassociation-de-parents-deleves\/","url":"https:\/\/vosgesinfo.fr\/remiremontinfo\/2019\/05\/ventron-joli-succes-marche-aux-plants-de-lassociation-de-parents-deleves\/","name":"Ventron : joli succ\u00e8s pour le march\u00e9 aux plants de l'association de parents d'\u00e9l\u00e8ves - Remiremont Info","isPartOf":{"@id":"https:\/\/vosgesinfo.fr\/remiremontinfo\/#website"},"primaryImageOfPage":{"@id":"https:\/\/vosgesinfo.fr\/remiremontinfo\/2019\/05\/ventron-joli-succes-marche-aux-plants-de-lassociation-de-parents-deleves\/#primaryimage"},"image":{"@id":"https:\/\/vosgesinfo.fr\/remiremontinfo\/2019\/05\/ventron-joli-succes-marche-aux-plants-de-lassociation-de-parents-deleves\/#primaryimage"},"thumbnailUrl":"https:\/\/vosgesinfo.fr\/app\/uploads\/sites\/5\/2024\/09\/201905bourse-2-1-scaled.jpg","datePublished":"2019-05-18T04:58:05+00:00","dateModified":"2019-05-18T04:58:05+00:00","breadcrumb":{"@id":"https:\/\/vosgesinfo.fr\/remiremontinfo\/2019\/05\/ventron-joli-succes-marche-aux-plants-de-lassociation-de-parents-deleves\/#breadcrumb"},"inLanguage":"fr-FR","potentialAction":[{"@type":"ReadAction","target":["https:\/\/vosgesinfo.fr\/remiremontinfo\/2019\/05\/ventron-joli-succes-marche-aux-plants-de-lassociation-de-parents-deleves\/"]}]},{"@type":"ImageObject","inLanguage":"fr-FR","@id":"https:\/\/vosgesinfo.fr\/remiremontinfo\/2019\/05\/ventron-joli-succes-marche-aux-plants-de-lassociation-de-parents-deleves\/#primaryimage","url":"https:\/\/vosgesinfo.fr\/app\/uploads\/sites\/5\/2024\/09\/201905bourse-2-1-scaled.jpg","contentUrl":"https:\/\/vosgesinfo.fr\/app\/uploads\/sites\/5\/2024\/09\/201905bourse-2-1-scaled.jpg","width":2560,"height":1920},{"@type":"BreadcrumbList","@id":"https:\/\/vosgesinfo.fr\/remiremontinfo\/2019\/05\/ventron-joli-succes-marche-aux-plants-de-lassociation-de-parents-deleves\/#breadcrumb","itemListElement":[{"@type":"ListItem","position":1,"name":"Home","item":"https:\/\/vosgesinfo.fr\/remiremontinfo\/"},{"@type":"ListItem","position":2,"name":"Ventron : joli succ\u00e8s pour le march\u00e9 aux plants de l&rsquo;association de parents d&rsquo;\u00e9l\u00e8ves"}]},{"@type":"WebSite","@id":"https:\/\/vosgesinfo.fr\/remiremontinfo\/#website","url":"https:\/\/vosgesinfo.fr\/remiremontinfo\/","name":"Remiremont Info","description":"Toute l&#039;actualit\u00e9 de Remiremont","publisher":{"@id":"https:\/\/vosgesinfo.fr\/remiremontinfo\/#organization"},"alternateName":"Toute l'actualit\u00e9 de Remiremont","potentialAction":[{"@type":"SearchAction","target":{"@type":"EntryPoint","urlTemplate":"https:\/\/vosgesinfo.fr\/remiremontinfo\/?s={search_term_string}"},"query-input":"required name=search_term_string"}],"inLanguage":"fr-FR"},{"@type":"Organization","@id":"https:\/\/vosgesinfo.fr\/remiremontinfo\/#organization","name":"Remiremont Info","url":"https:\/\/vosgesinfo.fr\/remiremontinfo\/","logo":{"@type":"ImageObject","inLanguage":"fr-FR","@id":"https:\/\/vosgesinfo.fr\/remiremontinfo\/#\/schema\/logo\/image\/","url":"https:\/\/vosgesinfo.fr\/app\/uploads\/sites\/5\/2023\/08\/favicon-remiremontinfo.png","contentUrl":"https:\/\/vosgesinfo.fr\/app\/uploads\/sites\/5\/2023\/08\/favicon-remiremontinfo.png","width":512,"height":512,"caption":"Remiremont Info"},"image":{"@id":"https:\/\/vosgesinfo.fr\/remiremontinfo\/#\/schema\/logo\/image\/"},"sameAs":["https:\/\/www.facebook.com\/remiremontinfo","https:\/\/x.com\/VosgesInfo88","https:\/\/www.youtube.com\/@vosgesinfo"]},{"@type":"Person","@id":"https:\/\/vosgesinfo.fr\/remiremontinfo\/#\/schema\/person\/3bfd164d5218a185b1db68655a265316","name":"C D","image":{"@type":"ImageObject","inLanguage":"fr-FR","@id":"https:\/\/vosgesinfo.fr\/remiremontinfo\/#\/schema\/person\/image\/","url":"https:\/\/secure.gravatar.com\/avatar\/1f9a70007336511a47468b8f1c66f922b8b7cf617b02a31149ada43893a5d48f?s=96&d=mm&r=g","contentUrl":"https:\/\/secure.gravatar.com\/avatar\/1f9a70007336511a47468b8f1c66f922b8b7cf617b02a31149ada43893a5d48f?s=96&d=mm&r=g","caption":"C D"},"url":"https:\/\/vosgesinfo.fr\/remiremontinfo\/author\/cedric-drevet\/"}]}},"_links":{"self":[{"href":"https:\/\/vosgesinfo.fr\/remiremontinfo\/wp-json\/wp\/v2\/posts\/14451","targetHints":{"allow":["GET"]}}],"collection":[{"href":"https:\/\/vosgesinfo.fr\/remiremontinfo\/wp-json\/wp\/v2\/posts"}],"about":[{"href":"https:\/\/vosgesinfo.fr\/remiremontinfo\/wp-json\/wp\/v2\/types\/post"}],"author":[{"embeddable":true,"href":"https:\/\/vosgesinfo.fr\/remiremontinfo\/wp-json\/wp\/v2\/users\/407"}],"replies":[{"embeddable":true,"href":"https:\/\/vosgesinfo.fr\/remiremontinfo\/wp-json\/wp\/v2\/comments?post=14451"}],"version-history":[{"count":0,"href":"https:\/\/vosgesinfo.fr\/remiremontinfo\/wp-json\/wp\/v2\/posts\/14451\/revisions"}],"wp:featuredmedia":[{"embeddable":true,"href":"https:\/\/vosgesinfo.fr\/remiremontinfo\/wp-json\/wp\/v2\/media\/14452"}],"wp:attachment":[{"href":"https:\/\/vosgesinfo.fr\/remiremontinfo\/wp-json\/wp\/v2\/media?parent=14451"}],"wp:term":[{"taxonomy":"category","embeddable":true,"href":"https:\/\/vosgesinfo.fr\/remiremontinfo\/wp-json\/wp\/v2\/categories?post=14451"},{"taxonomy":"post_tag","embeddable":true,"href":"https:\/\/vosgesinfo.fr\/remiremontinfo\/wp-json\/wp\/v2\/tags?post=14451"}],"curies":[{"name":"wp","href":"https:\/\/api.w.org\/{rel}","templated":true}]}}