{"id":14516,"date":"2019-05-19T09:30:34","date_gmt":"2019-05-19T07:30:34","guid":{"rendered":"https:\/\/vosgesinfo.fr\/remiremontinfo\/2019\/05\/vecoux-excellente-saison-petit-theatre-de-vecoux\/"},"modified":"2019-05-19T09:30:34","modified_gmt":"2019-05-19T07:30:34","slug":"vecoux-excellente-saison-petit-theatre-de-vecoux","status":"publish","type":"post","link":"https:\/\/vosgesinfo.fr\/remiremontinfo\/2019\/05\/vecoux-excellente-saison-petit-theatre-de-vecoux\/","title":{"rendered":"Vecoux : une excellente saison pour le Petit Th\u00e9\u00e2tre de Vecoux !"},"content":{"rendered":"<h2 class=\"p1\"><a href=\"\/2019\/05\/P1110708.jpg\"><img decoding=\"async\" class=\"alignnone size-large wp-image-259427\" src=\"\/2019\/05\/P1110708-1024x768.jpg\" alt=\"P1110708\" width=\"960\" height=\"720\" \/><\/a><span style=\"font-size: 12pt;\"><strong><span class=\"s1\">Les acteurs et les membres de l\u2019association du Petit Th\u00e9\u00e2tre se sont r\u00e9unis ce samedi soir \u00e0 Vecoux pour leur assembl\u00e9e g\u00e9n\u00e9rale annuelle, en pr\u00e9sence du maire de la commune, Martial Mange. L\u2019occasion de revenir sur une saison r\u00e9ussie.<\/span><\/strong><\/span><\/h2>\n<p class=\"p1\"><span class=\"s1\"><em>Cette ann\u00e9e, l\u2019association, forte de 90 adh\u00e9rents, \u00e0 pr\u00e9sent\u00e9 3 spectacles au public, qui ont recueilli un fort succ\u00e8s :<\/em> <\/span><\/p>\n<p class=\"p1\"><span class=\"s1\">Les \u00ab Petiots\u00a0\u00bb, la plus jeune des troupes du th\u00e9\u00e2tre interpr\u00e9tait \u00ab Les enfants de l\u2019ORTF \u00bb, une pi\u00e8ce \u00e9crite et mise en sc\u00e8ne par Jean-Charles Tisserand. Dans cette pi\u00e8ce, des enfants d\u00e9couvrent une tr\u00e8s vieille t\u00e9l\u00e9 des ann\u00e9es 60 qui fonctionne encore. S\u2019ensuit un Zapping t\u00e9l\u00e9 de l\u2019\u00e9poque de l\u2019ORTF. Au programme: les \u00e9missions et les films cultes des ann\u00e9es 60 et les incontournables speakerines.<\/span><\/p>\n<p class=\"p1\"><span class=\"s1\">Les jeunes com\u00e9diens de la troupe des \u00ab Jeunes Pouss\u2019 \u00bb ont pr\u00e9sent\u00e9 \u00ab En plein dedans ! \u00bb d\u2019Anny Daprey. Dans cette pi\u00e8ce, le spectateur plonge au c\u0153ur des pens\u00e9es de Barbara, jeune trentenaire en plein questionnement. Comment se d\u00e9cider quand toutes les petites voix dans votre t\u00eate vous prennent la t\u00eate ? <\/span><\/p>\n<p class=\"p1\"><span class=\"s1\">La troupe adulte a quant \u00e0 elle jou\u00e9 \u00ab Panique au plazza \u00bb, la pi\u00e8ce de Ray Cooney, en l\u2019adaptant quelque peu \u00e0 l\u2019actualit\u00e9 politique. Dans cette com\u00e9die, Philippe Co\u00efk, ministre du gouvernement Philippe, retrouve \u00e0 l&rsquo;h\u00f4tel S\u00e9gol\u00e8ne Benamou, charg\u00e9e de communication de Jean-Luc M\u00e9l\u00e9nchon. Les amants se retrouvent avec un cadavre sur les bras, et un vent de panique commence \u00e0 souffler dans l&rsquo;ambiance feutr\u00e9e de l&rsquo;H\u00f4tel Plazza.<\/span><\/p>\n<h3 class=\"p1\"><em><span style=\"font-size: 12pt;\"><strong><span class=\"s1\">\u00ab\u00a0Une excellente saison\u00a0\u00bb<\/span><\/strong><\/span><\/em><\/h3>\n<p class=\"p1\"><span class=\"s1\">Le pr\u00e9sident de l\u2019association, St\u00e9phane Antoine, s\u2019est f\u00e9licit\u00e9 de l\u2019investissement de tous. <em>\u00ab\u00a0Vous avez fourni un travail \u00e9norme\u00a0\u00bb<\/em>. En effet, c\u2019est un engagement tr\u00e8s prenant :\u00a0jusqu\u2019\u00e0 3 r\u00e9p\u00e9titions par semaine en janvier, sans compter la pr\u00e9paration des d\u00e9cors. Des efforts payant lorsque l\u2019on voit le r\u00e9sultat obtenu et la qualit\u00e9 du spectacle offert au public.<em> \u00ab\u00a0Une excellente saison\u00a0\u00bb<\/em>. St\u00e9phane Antoine salue <em>\u00ab\u00a0un \u00e9norme engagement pour certains r\u00f4les\u00a0\u00bb. <\/em><\/span><\/p>\n<p class=\"p1\"><span class=\"s1\">Le Petit Th\u00e9\u00e2tre de Vecoux est \u00e0 la recherche d\u2019une nouvelle pi\u00e8ce pour l\u2019ann\u00e9e prochaine. Pour choisir, le comit\u00e9 va se r\u00e9unir avec le metteur en sc\u00e8ne. L\u2019ann\u00e9e derni\u00e8re, se sont quelques 15 pi\u00e8ces qui ont \u00e9t\u00e9 lues avant de trouver la bonne ! Le calendrier sera d\u00e9termin\u00e9 en fonction de l\u2019emploi du temps de chacun. Deux nouvelles jeunes com\u00e9diennes souhaitent d\u00e9j\u00e0 rejoindre la troupe des petiots. La section ados devrait quant \u00e0 elle s\u2019arr\u00eater pour cette saison. Les r\u00e9p\u00e9titions du mercredi reprendront d\u00e9but septembre, apr\u00e8s la rentr\u00e9e des classes.<\/span><\/p>\n<p class=\"p1\">\n\n","protected":false},"excerpt":{"rendered":"<p>Les acteurs et les membres de l\u2019association du Petit Th\u00e9\u00e2tre se sont r\u00e9unis ce samedi soir \u00e0 Vecoux pour leur [&hellip;]<\/p>\n","protected":false},"author":407,"featured_media":14517,"comment_status":"open","ping_status":"open","sticky":false,"template":"","format":"standard","meta":{"footnotes":""},"categories":[26,4,54],"tags":[],"class_list":["post-14516","post","type-post","status-publish","format-standard","has-post-thumbnail","hentry","category-a-la-une","category-culture","category-loisirs"],"acf":[],"yoast_head":"<!-- This site is optimized with the Yoast SEO plugin v22.5 - https:\/\/yoast.com\/wordpress\/plugins\/seo\/ -->\n<title>Vecoux : une excellente saison pour le Petit Th\u00e9\u00e2tre de Vecoux ! - Remiremont Info<\/title>\n<meta name=\"robots\" content=\"index, follow, max-snippet:-1, max-image-preview:large, max-video-preview:-1\" \/>\n<link rel=\"canonical\" href=\"https:\/\/vosgesinfo.fr\/remiremontinfo\/2019\/05\/vecoux-excellente-saison-petit-theatre-de-vecoux\/\" \/>\n<meta name=\"twitter:card\" content=\"summary_large_image\" \/>\n<meta name=\"twitter:title\" content=\"Vecoux : une excellente saison pour le Petit Th\u00e9\u00e2tre de Vecoux ! - Remiremont Info\" \/>\n<meta name=\"twitter:description\" content=\"Les acteurs et les membres de l\u2019association du Petit Th\u00e9\u00e2tre se sont r\u00e9unis ce samedi soir \u00e0 Vecoux pour leur [&hellip;]\" \/>\n<meta name=\"twitter:image\" content=\"https:\/\/vosgesinfo.fr\/app\/uploads\/sites\/5\/2024\/09\/201905p1110708.jpg\" \/>\n<meta name=\"twitter:creator\" content=\"@VosgesInfo88\" \/>\n<meta name=\"twitter:site\" content=\"@VosgesInfo88\" \/>\n<meta name=\"twitter:label1\" content=\"\u00c9crit par\" \/>\n\t<meta name=\"twitter:data1\" content=\"C D\" \/>\n\t<meta name=\"twitter:label2\" content=\"Dur\u00e9e de lecture estim\u00e9e\" \/>\n\t<meta name=\"twitter:data2\" content=\"2 minutes\" \/>\n<script type=\"application\/ld+json\" class=\"yoast-schema-graph\">{\"@context\":\"https:\/\/schema.org\",\"@graph\":[{\"@type\":\"Article\",\"@id\":\"https:\/\/vosgesinfo.fr\/remiremontinfo\/2019\/05\/vecoux-excellente-saison-petit-theatre-de-vecoux\/#article\",\"isPartOf\":{\"@id\":\"https:\/\/vosgesinfo.fr\/remiremontinfo\/2019\/05\/vecoux-excellente-saison-petit-theatre-de-vecoux\/\"},\"author\":{\"name\":\"C D\",\"@id\":\"https:\/\/vosgesinfo.fr\/remiremontinfo\/#\/schema\/person\/3bfd164d5218a185b1db68655a265316\"},\"headline\":\"Vecoux : une excellente saison pour le Petit Th\u00e9\u00e2tre de Vecoux !\",\"datePublished\":\"2019-05-19T07:30:34+00:00\",\"dateModified\":\"2019-05-19T07:30:34+00:00\",\"mainEntityOfPage\":{\"@id\":\"https:\/\/vosgesinfo.fr\/remiremontinfo\/2019\/05\/vecoux-excellente-saison-petit-theatre-de-vecoux\/\"},\"wordCount\":492,\"commentCount\":0,\"publisher\":{\"@id\":\"https:\/\/vosgesinfo.fr\/remiremontinfo\/#organization\"},\"image\":{\"@id\":\"https:\/\/vosgesinfo.fr\/remiremontinfo\/2019\/05\/vecoux-excellente-saison-petit-theatre-de-vecoux\/#primaryimage\"},\"thumbnailUrl\":\"https:\/\/vosgesinfo.fr\/app\/uploads\/sites\/5\/2024\/09\/201905p1110708.jpg\",\"articleSection\":[\"A la Une\",\"Culture\",\"Loisirs\"],\"inLanguage\":\"fr-FR\",\"potentialAction\":[{\"@type\":\"CommentAction\",\"name\":\"Comment\",\"target\":[\"https:\/\/vosgesinfo.fr\/remiremontinfo\/2019\/05\/vecoux-excellente-saison-petit-theatre-de-vecoux\/#respond\"]}]},{\"@type\":\"WebPage\",\"@id\":\"https:\/\/vosgesinfo.fr\/remiremontinfo\/2019\/05\/vecoux-excellente-saison-petit-theatre-de-vecoux\/\",\"url\":\"https:\/\/vosgesinfo.fr\/remiremontinfo\/2019\/05\/vecoux-excellente-saison-petit-theatre-de-vecoux\/\",\"name\":\"Vecoux : une excellente saison pour le Petit Th\u00e9\u00e2tre de Vecoux ! - Remiremont Info\",\"isPartOf\":{\"@id\":\"https:\/\/vosgesinfo.fr\/remiremontinfo\/#website\"},\"primaryImageOfPage\":{\"@id\":\"https:\/\/vosgesinfo.fr\/remiremontinfo\/2019\/05\/vecoux-excellente-saison-petit-theatre-de-vecoux\/#primaryimage\"},\"image\":{\"@id\":\"https:\/\/vosgesinfo.fr\/remiremontinfo\/2019\/05\/vecoux-excellente-saison-petit-theatre-de-vecoux\/#primaryimage\"},\"thumbnailUrl\":\"https:\/\/vosgesinfo.fr\/app\/uploads\/sites\/5\/2024\/09\/201905p1110708.jpg\",\"datePublished\":\"2019-05-19T07:30:34+00:00\",\"dateModified\":\"2019-05-19T07:30:34+00:00\",\"breadcrumb\":{\"@id\":\"https:\/\/vosgesinfo.fr\/remiremontinfo\/2019\/05\/vecoux-excellente-saison-petit-theatre-de-vecoux\/#breadcrumb\"},\"inLanguage\":\"fr-FR\",\"potentialAction\":[{\"@type\":\"ReadAction\",\"target\":[\"https:\/\/vosgesinfo.fr\/remiremontinfo\/2019\/05\/vecoux-excellente-saison-petit-theatre-de-vecoux\/\"]}]},{\"@type\":\"ImageObject\",\"inLanguage\":\"fr-FR\",\"@id\":\"https:\/\/vosgesinfo.fr\/remiremontinfo\/2019\/05\/vecoux-excellente-saison-petit-theatre-de-vecoux\/#primaryimage\",\"url\":\"https:\/\/vosgesinfo.fr\/app\/uploads\/sites\/5\/2024\/09\/201905p1110708.jpg\",\"contentUrl\":\"https:\/\/vosgesinfo.fr\/app\/uploads\/sites\/5\/2024\/09\/201905p1110708.jpg\",\"width\":2048,\"height\":1536},{\"@type\":\"BreadcrumbList\",\"@id\":\"https:\/\/vosgesinfo.fr\/remiremontinfo\/2019\/05\/vecoux-excellente-saison-petit-theatre-de-vecoux\/#breadcrumb\",\"itemListElement\":[{\"@type\":\"ListItem\",\"position\":1,\"name\":\"Home\",\"item\":\"https:\/\/vosgesinfo.fr\/remiremontinfo\/\"},{\"@type\":\"ListItem\",\"position\":2,\"name\":\"Vecoux : une excellente saison pour le Petit Th\u00e9\u00e2tre de Vecoux !\"}]},{\"@type\":\"WebSite\",\"@id\":\"https:\/\/vosgesinfo.fr\/remiremontinfo\/#website\",\"url\":\"https:\/\/vosgesinfo.fr\/remiremontinfo\/\",\"name\":\"Remiremont Info\",\"description\":\"Toute l&#039;actualit\u00e9 de Remiremont\",\"publisher\":{\"@id\":\"https:\/\/vosgesinfo.fr\/remiremontinfo\/#organization\"},\"alternateName\":\"Toute l'actualit\u00e9 de Remiremont\",\"potentialAction\":[{\"@type\":\"SearchAction\",\"target\":{\"@type\":\"EntryPoint\",\"urlTemplate\":\"https:\/\/vosgesinfo.fr\/remiremontinfo\/?s={search_term_string}\"},\"query-input\":\"required name=search_term_string\"}],\"inLanguage\":\"fr-FR\"},{\"@type\":\"Organization\",\"@id\":\"https:\/\/vosgesinfo.fr\/remiremontinfo\/#organization\",\"name\":\"Remiremont Info\",\"url\":\"https:\/\/vosgesinfo.fr\/remiremontinfo\/\",\"logo\":{\"@type\":\"ImageObject\",\"inLanguage\":\"fr-FR\",\"@id\":\"https:\/\/vosgesinfo.fr\/remiremontinfo\/#\/schema\/logo\/image\/\",\"url\":\"https:\/\/vosgesinfo.fr\/app\/uploads\/sites\/5\/2023\/08\/favicon-remiremontinfo.png\",\"contentUrl\":\"https:\/\/vosgesinfo.fr\/app\/uploads\/sites\/5\/2023\/08\/favicon-remiremontinfo.png\",\"width\":512,\"height\":512,\"caption\":\"Remiremont Info\"},\"image\":{\"@id\":\"https:\/\/vosgesinfo.fr\/remiremontinfo\/#\/schema\/logo\/image\/\"},\"sameAs\":[\"https:\/\/www.facebook.com\/remiremontinfo\",\"https:\/\/x.com\/VosgesInfo88\",\"https:\/\/www.youtube.com\/@vosgesinfo\"]},{\"@type\":\"Person\",\"@id\":\"https:\/\/vosgesinfo.fr\/remiremontinfo\/#\/schema\/person\/3bfd164d5218a185b1db68655a265316\",\"name\":\"C D\",\"image\":{\"@type\":\"ImageObject\",\"inLanguage\":\"fr-FR\",\"@id\":\"https:\/\/vosgesinfo.fr\/remiremontinfo\/#\/schema\/person\/image\/\",\"url\":\"https:\/\/secure.gravatar.com\/avatar\/1f9a70007336511a47468b8f1c66f922b8b7cf617b02a31149ada43893a5d48f?s=96&d=mm&r=g\",\"contentUrl\":\"https:\/\/secure.gravatar.com\/avatar\/1f9a70007336511a47468b8f1c66f922b8b7cf617b02a31149ada43893a5d48f?s=96&d=mm&r=g\",\"caption\":\"C D\"},\"url\":\"https:\/\/vosgesinfo.fr\/remiremontinfo\/author\/cedric-drevet\/\"}]}<\/script>\n<!-- \/ Yoast SEO plugin. -->","yoast_head_json":{"title":"Vecoux : une excellente saison pour le Petit Th\u00e9\u00e2tre de Vecoux ! - Remiremont Info","robots":{"index":"index","follow":"follow","max-snippet":"max-snippet:-1","max-image-preview":"max-image-preview:large","max-video-preview":"max-video-preview:-1"},"canonical":"https:\/\/vosgesinfo.fr\/remiremontinfo\/2019\/05\/vecoux-excellente-saison-petit-theatre-de-vecoux\/","twitter_card":"summary_large_image","twitter_title":"Vecoux : une excellente saison pour le Petit Th\u00e9\u00e2tre de Vecoux ! - Remiremont Info","twitter_description":"Les acteurs et les membres de l\u2019association du Petit Th\u00e9\u00e2tre se sont r\u00e9unis ce samedi soir \u00e0 Vecoux pour leur [&hellip;]","twitter_image":"https:\/\/vosgesinfo.fr\/app\/uploads\/sites\/5\/2024\/09\/201905p1110708.jpg","twitter_creator":"@VosgesInfo88","twitter_site":"@VosgesInfo88","twitter_misc":{"\u00c9crit par":"C D","Dur\u00e9e de lecture estim\u00e9e":"2 minutes"},"schema":{"@context":"https:\/\/schema.org","@graph":[{"@type":"Article","@id":"https:\/\/vosgesinfo.fr\/remiremontinfo\/2019\/05\/vecoux-excellente-saison-petit-theatre-de-vecoux\/#article","isPartOf":{"@id":"https:\/\/vosgesinfo.fr\/remiremontinfo\/2019\/05\/vecoux-excellente-saison-petit-theatre-de-vecoux\/"},"author":{"name":"C D","@id":"https:\/\/vosgesinfo.fr\/remiremontinfo\/#\/schema\/person\/3bfd164d5218a185b1db68655a265316"},"headline":"Vecoux : une excellente saison pour le Petit Th\u00e9\u00e2tre de Vecoux !","datePublished":"2019-05-19T07:30:34+00:00","dateModified":"2019-05-19T07:30:34+00:00","mainEntityOfPage":{"@id":"https:\/\/vosgesinfo.fr\/remiremontinfo\/2019\/05\/vecoux-excellente-saison-petit-theatre-de-vecoux\/"},"wordCount":492,"commentCount":0,"publisher":{"@id":"https:\/\/vosgesinfo.fr\/remiremontinfo\/#organization"},"image":{"@id":"https:\/\/vosgesinfo.fr\/remiremontinfo\/2019\/05\/vecoux-excellente-saison-petit-theatre-de-vecoux\/#primaryimage"},"thumbnailUrl":"https:\/\/vosgesinfo.fr\/app\/uploads\/sites\/5\/2024\/09\/201905p1110708.jpg","articleSection":["A la Une","Culture","Loisirs"],"inLanguage":"fr-FR","potentialAction":[{"@type":"CommentAction","name":"Comment","target":["https:\/\/vosgesinfo.fr\/remiremontinfo\/2019\/05\/vecoux-excellente-saison-petit-theatre-de-vecoux\/#respond"]}]},{"@type":"WebPage","@id":"https:\/\/vosgesinfo.fr\/remiremontinfo\/2019\/05\/vecoux-excellente-saison-petit-theatre-de-vecoux\/","url":"https:\/\/vosgesinfo.fr\/remiremontinfo\/2019\/05\/vecoux-excellente-saison-petit-theatre-de-vecoux\/","name":"Vecoux : une excellente saison pour le Petit Th\u00e9\u00e2tre de Vecoux ! - Remiremont Info","isPartOf":{"@id":"https:\/\/vosgesinfo.fr\/remiremontinfo\/#website"},"primaryImageOfPage":{"@id":"https:\/\/vosgesinfo.fr\/remiremontinfo\/2019\/05\/vecoux-excellente-saison-petit-theatre-de-vecoux\/#primaryimage"},"image":{"@id":"https:\/\/vosgesinfo.fr\/remiremontinfo\/2019\/05\/vecoux-excellente-saison-petit-theatre-de-vecoux\/#primaryimage"},"thumbnailUrl":"https:\/\/vosgesinfo.fr\/app\/uploads\/sites\/5\/2024\/09\/201905p1110708.jpg","datePublished":"2019-05-19T07:30:34+00:00","dateModified":"2019-05-19T07:30:34+00:00","breadcrumb":{"@id":"https:\/\/vosgesinfo.fr\/remiremontinfo\/2019\/05\/vecoux-excellente-saison-petit-theatre-de-vecoux\/#breadcrumb"},"inLanguage":"fr-FR","potentialAction":[{"@type":"ReadAction","target":["https:\/\/vosgesinfo.fr\/remiremontinfo\/2019\/05\/vecoux-excellente-saison-petit-theatre-de-vecoux\/"]}]},{"@type":"ImageObject","inLanguage":"fr-FR","@id":"https:\/\/vosgesinfo.fr\/remiremontinfo\/2019\/05\/vecoux-excellente-saison-petit-theatre-de-vecoux\/#primaryimage","url":"https:\/\/vosgesinfo.fr\/app\/uploads\/sites\/5\/2024\/09\/201905p1110708.jpg","contentUrl":"https:\/\/vosgesinfo.fr\/app\/uploads\/sites\/5\/2024\/09\/201905p1110708.jpg","width":2048,"height":1536},{"@type":"BreadcrumbList","@id":"https:\/\/vosgesinfo.fr\/remiremontinfo\/2019\/05\/vecoux-excellente-saison-petit-theatre-de-vecoux\/#breadcrumb","itemListElement":[{"@type":"ListItem","position":1,"name":"Home","item":"https:\/\/vosgesinfo.fr\/remiremontinfo\/"},{"@type":"ListItem","position":2,"name":"Vecoux : une excellente saison pour le Petit Th\u00e9\u00e2tre de Vecoux !"}]},{"@type":"WebSite","@id":"https:\/\/vosgesinfo.fr\/remiremontinfo\/#website","url":"https:\/\/vosgesinfo.fr\/remiremontinfo\/","name":"Remiremont Info","description":"Toute l&#039;actualit\u00e9 de Remiremont","publisher":{"@id":"https:\/\/vosgesinfo.fr\/remiremontinfo\/#organization"},"alternateName":"Toute l'actualit\u00e9 de Remiremont","potentialAction":[{"@type":"SearchAction","target":{"@type":"EntryPoint","urlTemplate":"https:\/\/vosgesinfo.fr\/remiremontinfo\/?s={search_term_string}"},"query-input":"required name=search_term_string"}],"inLanguage":"fr-FR"},{"@type":"Organization","@id":"https:\/\/vosgesinfo.fr\/remiremontinfo\/#organization","name":"Remiremont Info","url":"https:\/\/vosgesinfo.fr\/remiremontinfo\/","logo":{"@type":"ImageObject","inLanguage":"fr-FR","@id":"https:\/\/vosgesinfo.fr\/remiremontinfo\/#\/schema\/logo\/image\/","url":"https:\/\/vosgesinfo.fr\/app\/uploads\/sites\/5\/2023\/08\/favicon-remiremontinfo.png","contentUrl":"https:\/\/vosgesinfo.fr\/app\/uploads\/sites\/5\/2023\/08\/favicon-remiremontinfo.png","width":512,"height":512,"caption":"Remiremont Info"},"image":{"@id":"https:\/\/vosgesinfo.fr\/remiremontinfo\/#\/schema\/logo\/image\/"},"sameAs":["https:\/\/www.facebook.com\/remiremontinfo","https:\/\/x.com\/VosgesInfo88","https:\/\/www.youtube.com\/@vosgesinfo"]},{"@type":"Person","@id":"https:\/\/vosgesinfo.fr\/remiremontinfo\/#\/schema\/person\/3bfd164d5218a185b1db68655a265316","name":"C D","image":{"@type":"ImageObject","inLanguage":"fr-FR","@id":"https:\/\/vosgesinfo.fr\/remiremontinfo\/#\/schema\/person\/image\/","url":"https:\/\/secure.gravatar.com\/avatar\/1f9a70007336511a47468b8f1c66f922b8b7cf617b02a31149ada43893a5d48f?s=96&d=mm&r=g","contentUrl":"https:\/\/secure.gravatar.com\/avatar\/1f9a70007336511a47468b8f1c66f922b8b7cf617b02a31149ada43893a5d48f?s=96&d=mm&r=g","caption":"C D"},"url":"https:\/\/vosgesinfo.fr\/remiremontinfo\/author\/cedric-drevet\/"}]}},"_links":{"self":[{"href":"https:\/\/vosgesinfo.fr\/remiremontinfo\/wp-json\/wp\/v2\/posts\/14516","targetHints":{"allow":["GET"]}}],"collection":[{"href":"https:\/\/vosgesinfo.fr\/remiremontinfo\/wp-json\/wp\/v2\/posts"}],"about":[{"href":"https:\/\/vosgesinfo.fr\/remiremontinfo\/wp-json\/wp\/v2\/types\/post"}],"author":[{"embeddable":true,"href":"https:\/\/vosgesinfo.fr\/remiremontinfo\/wp-json\/wp\/v2\/users\/407"}],"replies":[{"embeddable":true,"href":"https:\/\/vosgesinfo.fr\/remiremontinfo\/wp-json\/wp\/v2\/comments?post=14516"}],"version-history":[{"count":0,"href":"https:\/\/vosgesinfo.fr\/remiremontinfo\/wp-json\/wp\/v2\/posts\/14516\/revisions"}],"wp:featuredmedia":[{"embeddable":true,"href":"https:\/\/vosgesinfo.fr\/remiremontinfo\/wp-json\/wp\/v2\/media\/14517"}],"wp:attachment":[{"href":"https:\/\/vosgesinfo.fr\/remiremontinfo\/wp-json\/wp\/v2\/media?parent=14516"}],"wp:term":[{"taxonomy":"category","embeddable":true,"href":"https:\/\/vosgesinfo.fr\/remiremontinfo\/wp-json\/wp\/v2\/categories?post=14516"},{"taxonomy":"post_tag","embeddable":true,"href":"https:\/\/vosgesinfo.fr\/remiremontinfo\/wp-json\/wp\/v2\/tags?post=14516"}],"curies":[{"name":"wp","href":"https:\/\/api.w.org\/{rel}","templated":true}]}}