{"id":14537,"date":"2019-05-21T06:55:00","date_gmt":"2019-05-21T04:55:00","guid":{"rendered":"https:\/\/vosgesinfo.fr\/remiremontinfo\/2019\/05\/vagney-programme-cinema-lentractes-22-27-mai\/"},"modified":"2019-05-21T06:55:00","modified_gmt":"2019-05-21T04:55:00","slug":"vagney-programme-cinema-lentractes-22-27-mai","status":"publish","type":"post","link":"https:\/\/vosgesinfo.fr\/remiremontinfo\/2019\/05\/vagney-programme-cinema-lentractes-22-27-mai\/","title":{"rendered":"Vagney : le programme du cin\u00e9ma l\u2019Entr\u2019Actes du 22 au 27 mai"},"content":{"rendered":"<section id=\"header7-ly\" class=\"header7 cid-roX3z9HtvL\">\n<div class=\"container\">\n<div class=\"media-container-row\">\n<div class=\"media-content align-right\">\n<h1 class=\"mbr-section-title mbr-white pb-3 mbr-fonts-style display-2\" style=\"text-align: center;\">Charlie mon heros<\/h1>\n<p><img decoding=\"async\" class=\"aligncenter\" title=\"\" src=\"http:\/\/www.cinema-vagney.fr\/assets\/images\/14563311-412x583.jpg\" alt=\"Mobirise\" width=\"174\" height=\"247\" \/><\/p>\n<div class=\"mbr-section-text mbr-white pb-3\">\n<p class=\"mbr-text mbr-fonts-style display-7\"><span style=\"color: #ff0000;\"><strong>Mercredi 22 \u00e0 17h00<\/strong><\/span><\/p>\n<p class=\"mbr-text mbr-fonts-style display-7\">(1h 24min);\u00a0De Don Bluth, Gary Goldman<br \/>\nAvec Richard Darbois, Jacques Frantz, Alexandra Garijo<br \/>\nGenres Animation, Famille;\u00a0Nationalit\u00e9s Am\u00e9ricain, Britannique, Irlandais<\/p>\n<\/div>\n<\/div>\n<div class=\"mbr-figure\"><span style=\"color: #008080;\"><em><strong>Synopsis<\/strong><\/em><\/span><\/div>\n<\/div>\n<\/div>\n<\/section>\n<section id=\"features11-lz\" class=\"features11 cid-roX3A3wJaj\">\n<div class=\"container\">\n<div class=\"col-md-12\">\n<div class=\"media-container-row\">\n<div class=\" align-left\">\n<div class=\"block-content\">\n<div class=\"card p-3 pr-3\">\n<div class=\"card-box\">\n<p class=\"block-text mbr-fonts-style display-7\"><span style=\"color: #008000;\">A partir de 6 ans<\/span><br \/>\nCharlie, un chien gangster avide de richesse, se fait tuer par Carcasse le bouledogue et son comparse Zigouille. Il se retrouve au Paradis mais parvient \u00e0 revenir sur Terre gr\u00e2ce \u00e0 un tour de passe-passe. Alors qu\u2019il organise sa vengeance avec son ami Gratouille, il rencontre Anne-Marie, petite orpheline de sept ans, qui a le don de parler aux animaux.<\/p>\n<\/div>\n<\/div>\n<\/div>\n<\/div>\n<\/div>\n<\/div>\n<\/div>\n<\/section>\n<section id=\"header7-m2\" class=\"header7 cid-roX4W1d6ED\">\n<div class=\"container\">\n<div class=\"media-container-row\">\n<div class=\"media-content align-right\">\n<h1 class=\"mbr-section-title mbr-white pb-3 mbr-fonts-style display-2\" style=\"text-align: center;\">L&rsquo;adieu \u00e0 la nuit<\/h1>\n<p><img decoding=\"async\" class=\"aligncenter\" title=\"\" src=\"http:\/\/www.cinema-vagney.fr\/assets\/images\/43563151-412x549.jpg\" alt=\"Mobirise\" width=\"161\" height=\"215\" \/><\/p>\n<div class=\"mbr-section-text mbr-white pb-3\">\n<p class=\"mbr-text mbr-fonts-style display-7\"><span style=\"color: #ff0000;\"><strong>Jeudi 23 \u00e0 20h30<\/strong><\/span><\/p>\n<p class=\"mbr-text mbr-fonts-style display-7\">(1h 43min);\u00a0De Andr\u00e9 T\u00e9chin\u00e9<br \/>\nAvec Catherine Deneuve, Kacey Mottet Klein, Oulaya Amamra plus<br \/>\nGenre Drame;\u00a0Nationalit\u00e9s Fran\u00e7ais, Allemand<\/p>\n<\/div>\n<\/div>\n<div class=\"mbr-figure\"><span style=\"color: #008080;\"><em><strong>Synopsis<\/strong><\/em><\/span><\/div>\n<\/div>\n<\/div>\n<\/section>\n<section id=\"features11-m1\" class=\"features11 cid-roX4H5CMNY\">\n<div class=\"container\">\n<div class=\"col-md-12\">\n<div class=\"media-container-row\">\n<div class=\" align-left\">\n<div class=\"block-content\">\n<div class=\"card p-3 pr-3\">\n<div class=\"card-box\">\n<p class=\"block-text mbr-fonts-style display-7\">Muriel est folle de joie de voir Alex, son petit-fils, qui vient passer quelques jours chez elle avant de partir vivre au Canada. Intrigu\u00e9e par son comportement, elle d\u00e9couvre bient\u00f4t qu\u2019il lui a menti. Alex se pr\u00e9pare \u00e0 une autre vie. Muriel, boulevers\u00e9e, doit r\u00e9agir tr\u00e8s vite\u2026<\/p>\n<\/div>\n<\/div>\n<\/div>\n<\/div>\n<\/div>\n<\/div>\n<\/div>\n<\/section>\n<section id=\"header7-m3\" class=\"header7 cid-roX5W7gNaL\">\n<div class=\"container\">\n<div class=\"media-container-row\">\n<div class=\"media-content align-right\">\n<h1 class=\"mbr-section-title mbr-white pb-3 mbr-fonts-style display-2\" style=\"text-align: center;\">Mon inconnue<\/h1>\n<p><img decoding=\"async\" class=\"aligncenter\" title=\"\" src=\"http:\/\/www.cinema-vagney.fr\/assets\/images\/45343791-412x560.jpg\" alt=\"Mobirise\" width=\"153\" height=\"208\" \/><\/p>\n<div class=\"mbr-section-text mbr-white pb-3\">\n<p class=\"mbr-text mbr-fonts-style display-7\"><span style=\"color: #ff0000;\"><strong>Lundi 27 \u00e0 20h30\u00a0<\/strong><\/span><\/p>\n<p class=\"mbr-text mbr-fonts-style display-7\"><strong><br \/>\n<\/strong>(1h 58min);\u00a0De Hugo G\u00e9lin<br \/>\nAvec Fran\u00e7ois Civil, Jos\u00e9phine Japy, Benjamin Lavernhe<br \/>\nGenre Com\u00e9die<\/p>\n<\/div>\n<\/div>\n<div class=\"mbr-figure\"><span style=\"color: #008080;\"><em><strong>Synopsis<\/strong><\/em><\/span><\/div>\n<\/div>\n<\/div>\n<\/section>\n<section id=\"features11-m4\" class=\"features11 cid-roX5Xg2Hjk\">\n<div class=\"container\">\n<div class=\"col-md-12\">\n<div class=\"media-container-row\">\n<div class=\" align-left\">\n<div class=\"block-content\">\n<div class=\"card p-3 pr-3\">\n<div class=\"card-box\">\n<p class=\"block-text mbr-fonts-style display-7\">Du jour au lendemain, Rapha\u00ebl se retrouve plong\u00e9 dans un monde o\u00f9 il n&rsquo;a jamais rencontr\u00e9 Olivia, la femme de sa vie.<br \/>\nComment va-t-il s\u2019y prendre pour reconqu\u00e9rir sa femme, devenue une parfaite inconnue ?<\/p>\n<\/div>\n<section id=\"header7-lw\" class=\"header7 cid-roX22ciVOy\">\n<div class=\"container\">\n<div class=\"media-container-row\">\n<div class=\"media-content align-right\">\n<h1 class=\"mbr-section-title mbr-white pb-3 mbr-fonts-style display-2\" style=\"text-align: center;\">Tanguy, Le retour<\/h1>\n<div class=\"mbr-section-text mbr-white pb-3\">\n<p class=\"mbr-text mbr-fonts-style display-7\"><strong><img decoding=\"async\" class=\"aligncenter\" title=\"\" src=\"http:\/\/www.cinema-vagney.fr\/assets\/images\/43259681-412x561.jpg\" alt=\"Mobirise\" width=\"158\" height=\"216\" \/><br \/>\n<span style=\"color: #ff0000;\">Dimanche 26 \u00e0 20h30<\/span><\/strong><\/p>\n<p class=\"mbr-text mbr-fonts-style display-7\"><strong><br \/>\n<\/strong>(1h 33min);\u00a0De \u00c9tienne Chatiliez<br \/>\nAvec Andr\u00e9 Dussollier, Sabine Az\u00e9ma, Eric Berger<br \/>\nGenre Com\u00e9die;\u00a0Nationalit\u00e9 Fran\u00e7ais<\/p>\n<\/div>\n<\/div>\n<div class=\"mbr-figure\"><span style=\"color: #008080;\"><em><strong>Synopsis<\/strong><\/em><\/span><\/div>\n<\/div>\n<\/div>\n<\/section>\n<section id=\"features11-lx\" class=\"features11 cid-roX23giHBu\">\n<div class=\"container\">\n<div class=\"col-md-12\">\n<div class=\"media-container-row\">\n<div class=\" align-left\">\n<div class=\"block-content\">\n<div class=\"card p-3 pr-3\">\n<div class=\"card-box\">\n<p class=\"block-text mbr-fonts-style display-7\">16 ans plus tard, Tanguy, qui a maintenant 44 ans, revient chez ses parents avec sa fille Zhu sous le bras car Me\u00ef Lin l\u2019a quitt\u00e9. Catastroph\u00e9s de voir leur \u00ab\u00a0tout-petit\u00a0\u00bb dans cet \u00e9tat, Paul et \u00c9dith font tout pour lui redonner go\u00fbt \u00e0 la vie, sans r\u00e9aliser que ce faisant, ils tressent la corde pour se pendre. Car Tanguy recommence \u00e0 se sentir bien chez ses parents\u2026<\/p>\n<p class=\"block-text mbr-fonts-style display-7\" style=\"text-align: center;\">\u2014\u2014\u2014\u2014\u2014\u2014\u2014\u2014\u2014\u2014-<\/p>\n<section id=\"features11-b8\" class=\"features11 cid-qQx9IjEte1\">\n<div class=\"container\">\n<div class=\"col-md-12\">\n<div class=\"media-container-row\">\n<div class=\" align-left\">\n<div class=\"block-content\">\n<div class=\"card p-3 pr-3\">\n<div class=\"card-box\">\n<p class=\"block-text mbr-fonts-style display-7\" style=\"text-align: center;\"><strong>Tarifs Cin\u00e9ma L\u2019Entr\u2019Actes<\/strong> : Normal : <strong>5\u20ac<\/strong> \/ R\u00e9duit, \u2013 de18ans,\u00a0\u00c9tudiant : <strong>4\u20ac<\/strong> \/ S\u00e9ance 3D : \u00a0<strong>+ 1\u00a0\u20ac. \u00a0.<\/strong><\/p>\n<p class=\"block-text mbr-fonts-style display-7\" style=\"text-align: center;\"><strong><img decoding=\"async\" class=\"\" src=\"http:\/\/geo.cine-market.fr\/bundles\/synacomcinemalocator\/images\/logov2_cinecheque.png\" alt=\"\" width=\"144\" height=\"54\" \/><img decoding=\"async\" class=\"\" src=\"https:\/\/www.vosges.fr\/Portals\/1\/xBlog\/uploads\/2018\/4\/24\/7242b8d5-b8ba-408c-b724-cf96cdb9c5b8.jpg\" alt=\"R\u00e9sultat de recherche d'images pour &quot;carte zap 2018&quot;\" width=\"67\" height=\"67\" \/><img decoding=\"async\" class=\"irc_mi\" src=\"https:\/\/www.cezam-auvergne.fr\/modules\/kameleon\/upload\/carte_cezam_2017_(1).jpg\" alt=\"R\u00e9sultat de recherche d'images pour &quot;logo carte cezam&quot;\" width=\"103\" height=\"65\" \/><\/strong><\/p>\n<p class=\"block-text mbr-fonts-style display-7\" style=\"text-align: center;\"><img decoding=\"async\" class=\"\" src=\"https:\/\/vosgesinfo.fr\/app\/uploads\/sites\/5\/2016\/12\/gie-carte-bancaire.jpeg\" alt=\"R\u00e9sultat de recherche d'images pour &quot;carte bancaire&quot;\" width=\"101\" height=\"109\" \/><\/p>\n<p class=\"block-text mbr-fonts-style display-7\" style=\"text-align: center;\">\u2014\u2014\u2014\u2014\u2014\u2014\u2014\u2014\u2014\u2014-<\/p>\n<p class=\"block-text mbr-fonts-style display-7\"><span style=\"color: #ff0000;\"><strong>Retrouvez le programme complet du mois\u00a0de mai\u00a0en format Image Jpeg :<\/strong><\/span><\/p>\n<p class=\"block-text mbr-fonts-style display-7\"><a href=\"\/2019\/04\/mai-2019.jpg\"><img decoding=\"async\" class=\"size-medium wp-image-258070 aligncenter\" src=\"\/2019\/04\/mai-2019-174x255.jpg\" alt=\"mai 2019\" width=\"174\" height=\"255\" \/><\/a><\/p>\n<p><strong><span style=\"color: #ff0000;\">CARTE D\u2019ABONNEMENT<\/span> (renseignement en caisse)<\/strong><\/p>\n<p><strong><a href=\"\/2018\/06\/fly-carte-abonnement.jpg\"><img decoding=\"async\" class=\"size-medium wp-image-233878 aligncenter\" src=\"\/2018\/06\/fly-carte-abonnement-359x255.jpg\" alt=\"fly carte abonnement\" width=\"359\" height=\"255\" \/><\/a><\/strong><\/p>\n<div class=\"card p-3 pr-3\">\n<p class=\"block-text mbr-fonts-style display-7\"><span style=\"color: #ff0000;\">Site internet:<\/span>\u00a0<a href=\"http:\/\/www.cinema-vagney.fr\/\">http:\/\/www.cinema-vagney.fr\/<\/a><\/p>\n<p class=\"block-text mbr-fonts-style display-7\"><span style=\"color: #ff0000;\">Facebook:<\/span>\u00a0<a href=\"https:\/\/fr-fr.facebook.com\/Cin%C3%A9ma-Lentractes-de-VAGNEY-186434849771\/\">https:\/\/fr-fr.facebook.com\/Cin%C3%A9ma-Lentractes-de-VAGNEY-186434849771\/<\/a><\/p>\n<p class=\"block-text mbr-fonts-style display-7\"><span style=\"color: #ff0000;\">Twitter:<\/span>\u00a0<a href=\"https:\/\/twitter.com\/cinemaVagney\">https:\/\/twitter.com\/cinemaVagney<\/a><\/p>\n<p class=\"block-text mbr-fonts-style display-7\"><span style=\"color: #ff0000;\">SnapChat :<\/span> cinemavagney\u00a0<a href=\"\/2018\/02\/20180103_0044581.jpg\"><img decoding=\"async\" class=\"alignnone wp-image-220378\" src=\"\/2018\/02\/20180103_0044581-214x255.jpg\" alt=\"20180103_004458\" width=\"86\" height=\"102\" \/><\/a><\/p>\n<p class=\"block-text mbr-fonts-style display-7\">\n<\/div>\n<p class=\"block-text mbr-fonts-style display-7\"><strong><em>-Yann.C-<\/em><\/strong><\/p>\n<\/div>\n<\/div>\n<\/div>\n<\/div>\n<\/div>\n<\/div>\n<\/div>\n<\/section>\n<\/div>\n<\/div>\n<\/div>\n<\/div>\n<\/div>\n<\/div>\n<\/div>\n<\/section>\n<\/div>\n<\/div>\n<\/div>\n<\/div>\n<\/div>\n<\/div>\n<\/section>\n","protected":false},"excerpt":{"rendered":"<p>Charlie mon heros Mercredi 22 \u00e0 17h00 (1h 24min);\u00a0De Don Bluth, Gary Goldman Avec Richard Darbois, Jacques Frantz, Alexandra Garijo [&hellip;]<\/p>\n","protected":false},"author":272,"featured_media":14538,"comment_status":"open","ping_status":"open","sticky":false,"template":"","format":"standard","meta":{"footnotes":""},"categories":[4,25,36],"tags":[],"class_list":["post-14537","post","type-post","status-publish","format-standard","has-post-thumbnail","hentry","category-culture","category-la-bresse-son-canton","category-vagney"],"acf":[],"yoast_head":"<!-- This site is optimized with the Yoast SEO plugin v22.5 - https:\/\/yoast.com\/wordpress\/plugins\/seo\/ -->\n<title>Vagney : le programme du cin\u00e9ma l\u2019Entr\u2019Actes du 22 au 27 mai - Remiremont Info<\/title>\n<meta name=\"robots\" content=\"index, follow, max-snippet:-1, max-image-preview:large, max-video-preview:-1\" \/>\n<link rel=\"canonical\" href=\"https:\/\/vosgesinfo.fr\/remiremontinfo\/2019\/05\/vagney-programme-cinema-lentractes-22-27-mai\/\" \/>\n<meta name=\"twitter:card\" content=\"summary_large_image\" \/>\n<meta name=\"twitter:title\" content=\"Vagney : le programme du cin\u00e9ma l\u2019Entr\u2019Actes du 22 au 27 mai - Remiremont Info\" \/>\n<meta name=\"twitter:description\" content=\"Charlie mon heros Mercredi 22 \u00e0 17h00 (1h 24min);\u00a0De Don Bluth, Gary Goldman Avec Richard Darbois, Jacques Frantz, Alexandra Garijo [&hellip;]\" \/>\n<meta name=\"twitter:image\" content=\"https:\/\/vosgesinfo.fr\/app\/uploads\/sites\/5\/2024\/09\/201803cinema2-15.jpg\" \/>\n<meta name=\"twitter:creator\" content=\"@VosgesInfo88\" \/>\n<meta name=\"twitter:site\" content=\"@VosgesInfo88\" \/>\n<meta name=\"twitter:label1\" content=\"\u00c9crit par\" \/>\n\t<meta name=\"twitter:data1\" content=\"cinemavagney\" \/>\n\t<meta name=\"twitter:label2\" content=\"Dur\u00e9e de lecture estim\u00e9e\" \/>\n\t<meta name=\"twitter:data2\" content=\"2 minutes\" \/>\n<script type=\"application\/ld+json\" class=\"yoast-schema-graph\">{\"@context\":\"https:\/\/schema.org\",\"@graph\":[{\"@type\":\"Article\",\"@id\":\"https:\/\/vosgesinfo.fr\/remiremontinfo\/2019\/05\/vagney-programme-cinema-lentractes-22-27-mai\/#article\",\"isPartOf\":{\"@id\":\"https:\/\/vosgesinfo.fr\/remiremontinfo\/2019\/05\/vagney-programme-cinema-lentractes-22-27-mai\/\"},\"author\":{\"name\":\"cinemavagney\",\"@id\":\"https:\/\/vosgesinfo.fr\/remiremontinfo\/#\/schema\/person\/865f8c711468b81237613764bdab66e7\"},\"headline\":\"Vagney : le programme du cin\u00e9ma l\u2019Entr\u2019Actes du 22 au 27 mai\",\"datePublished\":\"2019-05-21T04:55:00+00:00\",\"dateModified\":\"2019-05-21T04:55:00+00:00\",\"mainEntityOfPage\":{\"@id\":\"https:\/\/vosgesinfo.fr\/remiremontinfo\/2019\/05\/vagney-programme-cinema-lentractes-22-27-mai\/\"},\"wordCount\":401,\"commentCount\":0,\"publisher\":{\"@id\":\"https:\/\/vosgesinfo.fr\/remiremontinfo\/#organization\"},\"image\":{\"@id\":\"https:\/\/vosgesinfo.fr\/remiremontinfo\/2019\/05\/vagney-programme-cinema-lentractes-22-27-mai\/#primaryimage\"},\"thumbnailUrl\":\"https:\/\/vosgesinfo.fr\/app\/uploads\/sites\/5\/2024\/09\/201803cinema2-15.jpg\",\"articleSection\":[\"Culture\",\"La Bresse &amp; son canton\",\"Vagney\"],\"inLanguage\":\"fr-FR\",\"potentialAction\":[{\"@type\":\"CommentAction\",\"name\":\"Comment\",\"target\":[\"https:\/\/vosgesinfo.fr\/remiremontinfo\/2019\/05\/vagney-programme-cinema-lentractes-22-27-mai\/#respond\"]}]},{\"@type\":\"WebPage\",\"@id\":\"https:\/\/vosgesinfo.fr\/remiremontinfo\/2019\/05\/vagney-programme-cinema-lentractes-22-27-mai\/\",\"url\":\"https:\/\/vosgesinfo.fr\/remiremontinfo\/2019\/05\/vagney-programme-cinema-lentractes-22-27-mai\/\",\"name\":\"Vagney : le programme du cin\u00e9ma l\u2019Entr\u2019Actes du 22 au 27 mai - Remiremont Info\",\"isPartOf\":{\"@id\":\"https:\/\/vosgesinfo.fr\/remiremontinfo\/#website\"},\"primaryImageOfPage\":{\"@id\":\"https:\/\/vosgesinfo.fr\/remiremontinfo\/2019\/05\/vagney-programme-cinema-lentractes-22-27-mai\/#primaryimage\"},\"image\":{\"@id\":\"https:\/\/vosgesinfo.fr\/remiremontinfo\/2019\/05\/vagney-programme-cinema-lentractes-22-27-mai\/#primaryimage\"},\"thumbnailUrl\":\"https:\/\/vosgesinfo.fr\/app\/uploads\/sites\/5\/2024\/09\/201803cinema2-15.jpg\",\"datePublished\":\"2019-05-21T04:55:00+00:00\",\"dateModified\":\"2019-05-21T04:55:00+00:00\",\"breadcrumb\":{\"@id\":\"https:\/\/vosgesinfo.fr\/remiremontinfo\/2019\/05\/vagney-programme-cinema-lentractes-22-27-mai\/#breadcrumb\"},\"inLanguage\":\"fr-FR\",\"potentialAction\":[{\"@type\":\"ReadAction\",\"target\":[\"https:\/\/vosgesinfo.fr\/remiremontinfo\/2019\/05\/vagney-programme-cinema-lentractes-22-27-mai\/\"]}]},{\"@type\":\"ImageObject\",\"inLanguage\":\"fr-FR\",\"@id\":\"https:\/\/vosgesinfo.fr\/remiremontinfo\/2019\/05\/vagney-programme-cinema-lentractes-22-27-mai\/#primaryimage\",\"url\":\"https:\/\/vosgesinfo.fr\/app\/uploads\/sites\/5\/2024\/09\/201803cinema2-15.jpg\",\"contentUrl\":\"https:\/\/vosgesinfo.fr\/app\/uploads\/sites\/5\/2024\/09\/201803cinema2-15.jpg\",\"width\":1656,\"height\":1117},{\"@type\":\"BreadcrumbList\",\"@id\":\"https:\/\/vosgesinfo.fr\/remiremontinfo\/2019\/05\/vagney-programme-cinema-lentractes-22-27-mai\/#breadcrumb\",\"itemListElement\":[{\"@type\":\"ListItem\",\"position\":1,\"name\":\"Home\",\"item\":\"https:\/\/vosgesinfo.fr\/remiremontinfo\/\"},{\"@type\":\"ListItem\",\"position\":2,\"name\":\"Vagney : le programme du cin\u00e9ma l\u2019Entr\u2019Actes du 22 au 27 mai\"}]},{\"@type\":\"WebSite\",\"@id\":\"https:\/\/vosgesinfo.fr\/remiremontinfo\/#website\",\"url\":\"https:\/\/vosgesinfo.fr\/remiremontinfo\/\",\"name\":\"Remiremont Info\",\"description\":\"Toute l&#039;actualit\u00e9 de Remiremont\",\"publisher\":{\"@id\":\"https:\/\/vosgesinfo.fr\/remiremontinfo\/#organization\"},\"alternateName\":\"Toute l'actualit\u00e9 de Remiremont\",\"potentialAction\":[{\"@type\":\"SearchAction\",\"target\":{\"@type\":\"EntryPoint\",\"urlTemplate\":\"https:\/\/vosgesinfo.fr\/remiremontinfo\/?s={search_term_string}\"},\"query-input\":\"required name=search_term_string\"}],\"inLanguage\":\"fr-FR\"},{\"@type\":\"Organization\",\"@id\":\"https:\/\/vosgesinfo.fr\/remiremontinfo\/#organization\",\"name\":\"Remiremont Info\",\"url\":\"https:\/\/vosgesinfo.fr\/remiremontinfo\/\",\"logo\":{\"@type\":\"ImageObject\",\"inLanguage\":\"fr-FR\",\"@id\":\"https:\/\/vosgesinfo.fr\/remiremontinfo\/#\/schema\/logo\/image\/\",\"url\":\"https:\/\/vosgesinfo.fr\/app\/uploads\/sites\/5\/2023\/08\/favicon-remiremontinfo.png\",\"contentUrl\":\"https:\/\/vosgesinfo.fr\/app\/uploads\/sites\/5\/2023\/08\/favicon-remiremontinfo.png\",\"width\":512,\"height\":512,\"caption\":\"Remiremont Info\"},\"image\":{\"@id\":\"https:\/\/vosgesinfo.fr\/remiremontinfo\/#\/schema\/logo\/image\/\"},\"sameAs\":[\"https:\/\/www.facebook.com\/remiremontinfo\",\"https:\/\/x.com\/VosgesInfo88\",\"https:\/\/www.youtube.com\/@vosgesinfo\"]},{\"@type\":\"Person\",\"@id\":\"https:\/\/vosgesinfo.fr\/remiremontinfo\/#\/schema\/person\/865f8c711468b81237613764bdab66e7\",\"name\":\"cinemavagney\",\"image\":{\"@type\":\"ImageObject\",\"inLanguage\":\"fr-FR\",\"@id\":\"https:\/\/vosgesinfo.fr\/remiremontinfo\/#\/schema\/person\/image\/\",\"url\":\"https:\/\/secure.gravatar.com\/avatar\/af843eff690e434be300227f0bd39478b841e9734f6d4b9d40bb723f10ed2948?s=96&d=mm&r=g\",\"contentUrl\":\"https:\/\/secure.gravatar.com\/avatar\/af843eff690e434be300227f0bd39478b841e9734f6d4b9d40bb723f10ed2948?s=96&d=mm&r=g\",\"caption\":\"cinemavagney\"},\"description\":\"Cin\u00e9ma de Vagney Place de la Lib\u00e9ration 88120 VAGNEY Association Vagney-Loisirs\",\"url\":\"https:\/\/vosgesinfo.fr\/remiremontinfo\/author\/cinemavagney\/\"}]}<\/script>\n<!-- \/ Yoast SEO plugin. -->","yoast_head_json":{"title":"Vagney : le programme du cin\u00e9ma l\u2019Entr\u2019Actes du 22 au 27 mai - Remiremont Info","robots":{"index":"index","follow":"follow","max-snippet":"max-snippet:-1","max-image-preview":"max-image-preview:large","max-video-preview":"max-video-preview:-1"},"canonical":"https:\/\/vosgesinfo.fr\/remiremontinfo\/2019\/05\/vagney-programme-cinema-lentractes-22-27-mai\/","twitter_card":"summary_large_image","twitter_title":"Vagney : le programme du cin\u00e9ma l\u2019Entr\u2019Actes du 22 au 27 mai - Remiremont Info","twitter_description":"Charlie mon heros Mercredi 22 \u00e0 17h00 (1h 24min);\u00a0De Don Bluth, Gary Goldman Avec Richard Darbois, Jacques Frantz, Alexandra Garijo [&hellip;]","twitter_image":"https:\/\/vosgesinfo.fr\/app\/uploads\/sites\/5\/2024\/09\/201803cinema2-15.jpg","twitter_creator":"@VosgesInfo88","twitter_site":"@VosgesInfo88","twitter_misc":{"\u00c9crit par":"cinemavagney","Dur\u00e9e de lecture estim\u00e9e":"2 minutes"},"schema":{"@context":"https:\/\/schema.org","@graph":[{"@type":"Article","@id":"https:\/\/vosgesinfo.fr\/remiremontinfo\/2019\/05\/vagney-programme-cinema-lentractes-22-27-mai\/#article","isPartOf":{"@id":"https:\/\/vosgesinfo.fr\/remiremontinfo\/2019\/05\/vagney-programme-cinema-lentractes-22-27-mai\/"},"author":{"name":"cinemavagney","@id":"https:\/\/vosgesinfo.fr\/remiremontinfo\/#\/schema\/person\/865f8c711468b81237613764bdab66e7"},"headline":"Vagney : le programme du cin\u00e9ma l\u2019Entr\u2019Actes du 22 au 27 mai","datePublished":"2019-05-21T04:55:00+00:00","dateModified":"2019-05-21T04:55:00+00:00","mainEntityOfPage":{"@id":"https:\/\/vosgesinfo.fr\/remiremontinfo\/2019\/05\/vagney-programme-cinema-lentractes-22-27-mai\/"},"wordCount":401,"commentCount":0,"publisher":{"@id":"https:\/\/vosgesinfo.fr\/remiremontinfo\/#organization"},"image":{"@id":"https:\/\/vosgesinfo.fr\/remiremontinfo\/2019\/05\/vagney-programme-cinema-lentractes-22-27-mai\/#primaryimage"},"thumbnailUrl":"https:\/\/vosgesinfo.fr\/app\/uploads\/sites\/5\/2024\/09\/201803cinema2-15.jpg","articleSection":["Culture","La Bresse &amp; son canton","Vagney"],"inLanguage":"fr-FR","potentialAction":[{"@type":"CommentAction","name":"Comment","target":["https:\/\/vosgesinfo.fr\/remiremontinfo\/2019\/05\/vagney-programme-cinema-lentractes-22-27-mai\/#respond"]}]},{"@type":"WebPage","@id":"https:\/\/vosgesinfo.fr\/remiremontinfo\/2019\/05\/vagney-programme-cinema-lentractes-22-27-mai\/","url":"https:\/\/vosgesinfo.fr\/remiremontinfo\/2019\/05\/vagney-programme-cinema-lentractes-22-27-mai\/","name":"Vagney : le programme du cin\u00e9ma l\u2019Entr\u2019Actes du 22 au 27 mai - Remiremont Info","isPartOf":{"@id":"https:\/\/vosgesinfo.fr\/remiremontinfo\/#website"},"primaryImageOfPage":{"@id":"https:\/\/vosgesinfo.fr\/remiremontinfo\/2019\/05\/vagney-programme-cinema-lentractes-22-27-mai\/#primaryimage"},"image":{"@id":"https:\/\/vosgesinfo.fr\/remiremontinfo\/2019\/05\/vagney-programme-cinema-lentractes-22-27-mai\/#primaryimage"},"thumbnailUrl":"https:\/\/vosgesinfo.fr\/app\/uploads\/sites\/5\/2024\/09\/201803cinema2-15.jpg","datePublished":"2019-05-21T04:55:00+00:00","dateModified":"2019-05-21T04:55:00+00:00","breadcrumb":{"@id":"https:\/\/vosgesinfo.fr\/remiremontinfo\/2019\/05\/vagney-programme-cinema-lentractes-22-27-mai\/#breadcrumb"},"inLanguage":"fr-FR","potentialAction":[{"@type":"ReadAction","target":["https:\/\/vosgesinfo.fr\/remiremontinfo\/2019\/05\/vagney-programme-cinema-lentractes-22-27-mai\/"]}]},{"@type":"ImageObject","inLanguage":"fr-FR","@id":"https:\/\/vosgesinfo.fr\/remiremontinfo\/2019\/05\/vagney-programme-cinema-lentractes-22-27-mai\/#primaryimage","url":"https:\/\/vosgesinfo.fr\/app\/uploads\/sites\/5\/2024\/09\/201803cinema2-15.jpg","contentUrl":"https:\/\/vosgesinfo.fr\/app\/uploads\/sites\/5\/2024\/09\/201803cinema2-15.jpg","width":1656,"height":1117},{"@type":"BreadcrumbList","@id":"https:\/\/vosgesinfo.fr\/remiremontinfo\/2019\/05\/vagney-programme-cinema-lentractes-22-27-mai\/#breadcrumb","itemListElement":[{"@type":"ListItem","position":1,"name":"Home","item":"https:\/\/vosgesinfo.fr\/remiremontinfo\/"},{"@type":"ListItem","position":2,"name":"Vagney : le programme du cin\u00e9ma l\u2019Entr\u2019Actes du 22 au 27 mai"}]},{"@type":"WebSite","@id":"https:\/\/vosgesinfo.fr\/remiremontinfo\/#website","url":"https:\/\/vosgesinfo.fr\/remiremontinfo\/","name":"Remiremont Info","description":"Toute l&#039;actualit\u00e9 de Remiremont","publisher":{"@id":"https:\/\/vosgesinfo.fr\/remiremontinfo\/#organization"},"alternateName":"Toute l'actualit\u00e9 de Remiremont","potentialAction":[{"@type":"SearchAction","target":{"@type":"EntryPoint","urlTemplate":"https:\/\/vosgesinfo.fr\/remiremontinfo\/?s={search_term_string}"},"query-input":"required name=search_term_string"}],"inLanguage":"fr-FR"},{"@type":"Organization","@id":"https:\/\/vosgesinfo.fr\/remiremontinfo\/#organization","name":"Remiremont Info","url":"https:\/\/vosgesinfo.fr\/remiremontinfo\/","logo":{"@type":"ImageObject","inLanguage":"fr-FR","@id":"https:\/\/vosgesinfo.fr\/remiremontinfo\/#\/schema\/logo\/image\/","url":"https:\/\/vosgesinfo.fr\/app\/uploads\/sites\/5\/2023\/08\/favicon-remiremontinfo.png","contentUrl":"https:\/\/vosgesinfo.fr\/app\/uploads\/sites\/5\/2023\/08\/favicon-remiremontinfo.png","width":512,"height":512,"caption":"Remiremont Info"},"image":{"@id":"https:\/\/vosgesinfo.fr\/remiremontinfo\/#\/schema\/logo\/image\/"},"sameAs":["https:\/\/www.facebook.com\/remiremontinfo","https:\/\/x.com\/VosgesInfo88","https:\/\/www.youtube.com\/@vosgesinfo"]},{"@type":"Person","@id":"https:\/\/vosgesinfo.fr\/remiremontinfo\/#\/schema\/person\/865f8c711468b81237613764bdab66e7","name":"cinemavagney","image":{"@type":"ImageObject","inLanguage":"fr-FR","@id":"https:\/\/vosgesinfo.fr\/remiremontinfo\/#\/schema\/person\/image\/","url":"https:\/\/secure.gravatar.com\/avatar\/af843eff690e434be300227f0bd39478b841e9734f6d4b9d40bb723f10ed2948?s=96&d=mm&r=g","contentUrl":"https:\/\/secure.gravatar.com\/avatar\/af843eff690e434be300227f0bd39478b841e9734f6d4b9d40bb723f10ed2948?s=96&d=mm&r=g","caption":"cinemavagney"},"description":"Cin\u00e9ma de Vagney Place de la Lib\u00e9ration 88120 VAGNEY Association Vagney-Loisirs","url":"https:\/\/vosgesinfo.fr\/remiremontinfo\/author\/cinemavagney\/"}]}},"_links":{"self":[{"href":"https:\/\/vosgesinfo.fr\/remiremontinfo\/wp-json\/wp\/v2\/posts\/14537","targetHints":{"allow":["GET"]}}],"collection":[{"href":"https:\/\/vosgesinfo.fr\/remiremontinfo\/wp-json\/wp\/v2\/posts"}],"about":[{"href":"https:\/\/vosgesinfo.fr\/remiremontinfo\/wp-json\/wp\/v2\/types\/post"}],"author":[{"embeddable":true,"href":"https:\/\/vosgesinfo.fr\/remiremontinfo\/wp-json\/wp\/v2\/users\/272"}],"replies":[{"embeddable":true,"href":"https:\/\/vosgesinfo.fr\/remiremontinfo\/wp-json\/wp\/v2\/comments?post=14537"}],"version-history":[{"count":0,"href":"https:\/\/vosgesinfo.fr\/remiremontinfo\/wp-json\/wp\/v2\/posts\/14537\/revisions"}],"wp:featuredmedia":[{"embeddable":true,"href":"https:\/\/vosgesinfo.fr\/remiremontinfo\/wp-json\/wp\/v2\/media\/14538"}],"wp:attachment":[{"href":"https:\/\/vosgesinfo.fr\/remiremontinfo\/wp-json\/wp\/v2\/media?parent=14537"}],"wp:term":[{"taxonomy":"category","embeddable":true,"href":"https:\/\/vosgesinfo.fr\/remiremontinfo\/wp-json\/wp\/v2\/categories?post=14537"},{"taxonomy":"post_tag","embeddable":true,"href":"https:\/\/vosgesinfo.fr\/remiremontinfo\/wp-json\/wp\/v2\/tags?post=14537"}],"curies":[{"name":"wp","href":"https:\/\/api.w.org\/{rel}","templated":true}]}}