{"id":14560,"date":"2019-05-20T08:00:50","date_gmt":"2019-05-20T06:00:50","guid":{"rendered":"https:\/\/vosgesinfo.fr\/remiremontinfo\/2019\/05\/eloyes-succes-se-succedent-lautrice-laetitia-reynders\/"},"modified":"2019-05-20T08:00:50","modified_gmt":"2019-05-20T06:00:50","slug":"eloyes-succes-se-succedent-lautrice-laetitia-reynders","status":"publish","type":"post","link":"https:\/\/vosgesinfo.fr\/remiremontinfo\/2019\/05\/eloyes-succes-se-succedent-lautrice-laetitia-reynders\/","title":{"rendered":"Eloyes : les succ\u00e8s se succ\u00e8dent pour l\u2019autrice La\u00ebtitia Reynders"},"content":{"rendered":"<p><a href=\"\/2019\/05\/IMG_3654.jpg\"><img decoding=\"async\" class=\"alignnone size-full wp-image-259493\" src=\"\/2019\/05\/IMG_3654.jpg\" alt=\"IMG_3654\" width=\"1000\" height=\"666\" \/><\/a><\/p>\n<h2><span style=\"font-size: 12pt;\"><strong>Le Forum du livre de Saint-Louis est une institution dans les organisations des \u00e9v\u00e8nements litt\u00e9raires et le moins que l\u2019on puisse dire est que les organisateurs ne se sont pas tromp\u00e9s en invitant, une fois encore, l\u2019\u00e9crivaine loyate La\u00ebtitia Reynders. Durant les trois jours qu\u2019a dur\u00e9 ce Forum l\u2019autrice vosgienne n\u2019a pas eu vraiment le temps de souffler.<\/strong><\/span><u><\/u><u><\/u><\/h2>\n<p>Durant tout le week-end les lecteurs alsaciens et surtout les ludoviciens ont d\u00e9montr\u00e9 leur fid\u00e9lit\u00e9 \u00e0 cette romanci\u00e8re qu\u2019ils ont adopt\u00e9 directement il y a 3 ans.<u><\/u><u><\/u><\/p>\n<p>Le libraire qui l\u2019accueillait sur son stand \u00e9tait ravi\u00a0:<em> \u00ab\u00a0C\u2019est toujours un plaisir d\u2019accueillir La\u00ebtitia. Non seulement, elle fait venir un lectorat conquis et fid\u00e8le mais elle a aussi une relation unique avec le public. Cette ann\u00e9e nous avons \u00e9galement eu la chance de compter sur la pr\u00e9sence de Cassandra Odonnel qui a ce m\u00eame magn\u00e9tisme avec les gens. Nous les avons plac\u00e9es c\u00f4te \u00e0 c\u00f4te sans savoir, vraiment, qu\u2019elles se connaissaient bien et \u00e9taient amies. La potion a pris directement et depuis le d\u00e9but du salon ce coin du stand ne d\u00e9semplit pas\u00a0\u00bb<\/em><u><\/u><u><\/u><\/p>\n<p>D\u00e8s le 23 mai La\u00ebtitia Reynders sera pr\u00e9sente pendant 4 jours aux Imaginales d\u2019Epinal qui, pour elle, ont une saveur toute particuli\u00e8re. <em>\u00ab\u00a0J\u2019ai d\u00e9couvert ce festival il y a 6 ans. C\u2019est gr\u00e2ce \u00e0 lui que j\u2019ai appr\u00e9ci\u00e9 cette r\u00e9gion exceptionnelle dont nous sommes tomb\u00e9s, litt\u00e9ralement, amoureux. J\u2019aime y participer chaque ann\u00e9e parce qu\u2019il est unique dans sa conception, son originalit\u00e9. J\u2019ai h\u00e2te d\u2019y retrouver mes amis du Grand Est et sp\u00e9cialement les spinaliens\u00a0\u00bb<\/em> explique-t-elle<u><\/u><u><\/u><\/p>\n<p>La\u00ebtitia Reynders sera install\u00e9e sur le stand de Gil Editions dans la bulle du livre, chaque jour d\u00e8s l\u2019ouverture jusqu\u2019\u00e0 la fermeture afin de r\u00e9pondre aux sollicitations des lecteurs toujours plus nombreux.. A sers c\u00f4t\u00e9s d\u00e8s jeudi matin se trouvera Ixel, le talentueux dessinateur de \u00ab\u00a0M\u00e9r\u00e9dith\u00a0\u00bb qui d\u00e9dicacera ce magnifique livre illustr\u00e9. Ixel est un illustrateur renomm\u00e9, provenant du Nord et pr\u00e9sent \u00e0 Epinal pour la premi\u00e8re fois. Il posera ses valises pour quelques jours \u00e0 Eloyes le temps du festival des Imaginales.<\/p>\n<p><em>\u00c9ditions Dklogue<\/em><\/p>\n\n","protected":false},"excerpt":{"rendered":"<p>Le Forum du livre de Saint-Louis est une institution dans les organisations des \u00e9v\u00e8nements litt\u00e9raires et le moins que l\u2019on [&hellip;]<\/p>\n","protected":false},"author":407,"featured_media":14561,"comment_status":"open","ping_status":"open","sticky":false,"template":"","format":"standard","meta":{"footnotes":""},"categories":[26,4,318,54,35],"tags":[],"class_list":["post-14560","post","type-post","status-publish","format-standard","has-post-thumbnail","hentry","category-a-la-une","category-culture","category-eloyes","category-loisirs","category-remiremont-son-canton"],"acf":[],"yoast_head":"<!-- This site is optimized with the Yoast SEO plugin v22.5 - https:\/\/yoast.com\/wordpress\/plugins\/seo\/ -->\n<title>Eloyes : les succ\u00e8s se succ\u00e8dent pour l\u2019autrice La\u00ebtitia Reynders - Remiremont Info<\/title>\n<meta name=\"robots\" content=\"index, follow, max-snippet:-1, max-image-preview:large, max-video-preview:-1\" \/>\n<link rel=\"canonical\" href=\"https:\/\/vosgesinfo.fr\/remiremontinfo\/2019\/05\/eloyes-succes-se-succedent-lautrice-laetitia-reynders\/\" \/>\n<meta name=\"twitter:card\" content=\"summary_large_image\" \/>\n<meta name=\"twitter:title\" content=\"Eloyes : les succ\u00e8s se succ\u00e8dent pour l\u2019autrice La\u00ebtitia Reynders - Remiremont Info\" \/>\n<meta name=\"twitter:description\" content=\"Le Forum du livre de Saint-Louis est une institution dans les organisations des \u00e9v\u00e8nements litt\u00e9raires et le moins que l\u2019on [&hellip;]\" \/>\n<meta name=\"twitter:image\" content=\"https:\/\/vosgesinfo.fr\/app\/uploads\/sites\/5\/2024\/09\/201905img-3654.jpg\" \/>\n<meta name=\"twitter:creator\" content=\"@VosgesInfo88\" \/>\n<meta name=\"twitter:site\" content=\"@VosgesInfo88\" \/>\n<meta name=\"twitter:label1\" content=\"\u00c9crit par\" \/>\n\t<meta name=\"twitter:data1\" content=\"C D\" \/>\n\t<meta name=\"twitter:label2\" content=\"Dur\u00e9e de lecture estim\u00e9e\" \/>\n\t<meta name=\"twitter:data2\" content=\"2 minutes\" \/>\n<script type=\"application\/ld+json\" class=\"yoast-schema-graph\">{\"@context\":\"https:\/\/schema.org\",\"@graph\":[{\"@type\":\"Article\",\"@id\":\"https:\/\/vosgesinfo.fr\/remiremontinfo\/2019\/05\/eloyes-succes-se-succedent-lautrice-laetitia-reynders\/#article\",\"isPartOf\":{\"@id\":\"https:\/\/vosgesinfo.fr\/remiremontinfo\/2019\/05\/eloyes-succes-se-succedent-lautrice-laetitia-reynders\/\"},\"author\":{\"name\":\"C D\",\"@id\":\"https:\/\/vosgesinfo.fr\/remiremontinfo\/#\/schema\/person\/3bfd164d5218a185b1db68655a265316\"},\"headline\":\"Eloyes : les succ\u00e8s se succ\u00e8dent pour l\u2019autrice La\u00ebtitia Reynders\",\"datePublished\":\"2019-05-20T06:00:50+00:00\",\"dateModified\":\"2019-05-20T06:00:50+00:00\",\"mainEntityOfPage\":{\"@id\":\"https:\/\/vosgesinfo.fr\/remiremontinfo\/2019\/05\/eloyes-succes-se-succedent-lautrice-laetitia-reynders\/\"},\"wordCount\":413,\"commentCount\":0,\"publisher\":{\"@id\":\"https:\/\/vosgesinfo.fr\/remiremontinfo\/#organization\"},\"image\":{\"@id\":\"https:\/\/vosgesinfo.fr\/remiremontinfo\/2019\/05\/eloyes-succes-se-succedent-lautrice-laetitia-reynders\/#primaryimage\"},\"thumbnailUrl\":\"https:\/\/vosgesinfo.fr\/app\/uploads\/sites\/5\/2024\/09\/201905img-3654.jpg\",\"articleSection\":[\"A la Une\",\"Culture\",\"Eloyes\",\"Loisirs\",\"Remiremont &amp; son canton\"],\"inLanguage\":\"fr-FR\",\"potentialAction\":[{\"@type\":\"CommentAction\",\"name\":\"Comment\",\"target\":[\"https:\/\/vosgesinfo.fr\/remiremontinfo\/2019\/05\/eloyes-succes-se-succedent-lautrice-laetitia-reynders\/#respond\"]}]},{\"@type\":\"WebPage\",\"@id\":\"https:\/\/vosgesinfo.fr\/remiremontinfo\/2019\/05\/eloyes-succes-se-succedent-lautrice-laetitia-reynders\/\",\"url\":\"https:\/\/vosgesinfo.fr\/remiremontinfo\/2019\/05\/eloyes-succes-se-succedent-lautrice-laetitia-reynders\/\",\"name\":\"Eloyes : les succ\u00e8s se succ\u00e8dent pour l\u2019autrice La\u00ebtitia Reynders - Remiremont Info\",\"isPartOf\":{\"@id\":\"https:\/\/vosgesinfo.fr\/remiremontinfo\/#website\"},\"primaryImageOfPage\":{\"@id\":\"https:\/\/vosgesinfo.fr\/remiremontinfo\/2019\/05\/eloyes-succes-se-succedent-lautrice-laetitia-reynders\/#primaryimage\"},\"image\":{\"@id\":\"https:\/\/vosgesinfo.fr\/remiremontinfo\/2019\/05\/eloyes-succes-se-succedent-lautrice-laetitia-reynders\/#primaryimage\"},\"thumbnailUrl\":\"https:\/\/vosgesinfo.fr\/app\/uploads\/sites\/5\/2024\/09\/201905img-3654.jpg\",\"datePublished\":\"2019-05-20T06:00:50+00:00\",\"dateModified\":\"2019-05-20T06:00:50+00:00\",\"breadcrumb\":{\"@id\":\"https:\/\/vosgesinfo.fr\/remiremontinfo\/2019\/05\/eloyes-succes-se-succedent-lautrice-laetitia-reynders\/#breadcrumb\"},\"inLanguage\":\"fr-FR\",\"potentialAction\":[{\"@type\":\"ReadAction\",\"target\":[\"https:\/\/vosgesinfo.fr\/remiremontinfo\/2019\/05\/eloyes-succes-se-succedent-lautrice-laetitia-reynders\/\"]}]},{\"@type\":\"ImageObject\",\"inLanguage\":\"fr-FR\",\"@id\":\"https:\/\/vosgesinfo.fr\/remiremontinfo\/2019\/05\/eloyes-succes-se-succedent-lautrice-laetitia-reynders\/#primaryimage\",\"url\":\"https:\/\/vosgesinfo.fr\/app\/uploads\/sites\/5\/2024\/09\/201905img-3654.jpg\",\"contentUrl\":\"https:\/\/vosgesinfo.fr\/app\/uploads\/sites\/5\/2024\/09\/201905img-3654.jpg\",\"width\":1000,\"height\":666},{\"@type\":\"BreadcrumbList\",\"@id\":\"https:\/\/vosgesinfo.fr\/remiremontinfo\/2019\/05\/eloyes-succes-se-succedent-lautrice-laetitia-reynders\/#breadcrumb\",\"itemListElement\":[{\"@type\":\"ListItem\",\"position\":1,\"name\":\"Home\",\"item\":\"https:\/\/vosgesinfo.fr\/remiremontinfo\/\"},{\"@type\":\"ListItem\",\"position\":2,\"name\":\"Eloyes : les succ\u00e8s se succ\u00e8dent pour l\u2019autrice La\u00ebtitia Reynders\"}]},{\"@type\":\"WebSite\",\"@id\":\"https:\/\/vosgesinfo.fr\/remiremontinfo\/#website\",\"url\":\"https:\/\/vosgesinfo.fr\/remiremontinfo\/\",\"name\":\"Remiremont Info\",\"description\":\"Toute l&#039;actualit\u00e9 de Remiremont\",\"publisher\":{\"@id\":\"https:\/\/vosgesinfo.fr\/remiremontinfo\/#organization\"},\"alternateName\":\"Toute l'actualit\u00e9 de Remiremont\",\"potentialAction\":[{\"@type\":\"SearchAction\",\"target\":{\"@type\":\"EntryPoint\",\"urlTemplate\":\"https:\/\/vosgesinfo.fr\/remiremontinfo\/?s={search_term_string}\"},\"query-input\":\"required name=search_term_string\"}],\"inLanguage\":\"fr-FR\"},{\"@type\":\"Organization\",\"@id\":\"https:\/\/vosgesinfo.fr\/remiremontinfo\/#organization\",\"name\":\"Remiremont Info\",\"url\":\"https:\/\/vosgesinfo.fr\/remiremontinfo\/\",\"logo\":{\"@type\":\"ImageObject\",\"inLanguage\":\"fr-FR\",\"@id\":\"https:\/\/vosgesinfo.fr\/remiremontinfo\/#\/schema\/logo\/image\/\",\"url\":\"https:\/\/vosgesinfo.fr\/app\/uploads\/sites\/5\/2023\/08\/favicon-remiremontinfo.png\",\"contentUrl\":\"https:\/\/vosgesinfo.fr\/app\/uploads\/sites\/5\/2023\/08\/favicon-remiremontinfo.png\",\"width\":512,\"height\":512,\"caption\":\"Remiremont Info\"},\"image\":{\"@id\":\"https:\/\/vosgesinfo.fr\/remiremontinfo\/#\/schema\/logo\/image\/\"},\"sameAs\":[\"https:\/\/www.facebook.com\/remiremontinfo\",\"https:\/\/x.com\/VosgesInfo88\",\"https:\/\/www.youtube.com\/@vosgesinfo\"]},{\"@type\":\"Person\",\"@id\":\"https:\/\/vosgesinfo.fr\/remiremontinfo\/#\/schema\/person\/3bfd164d5218a185b1db68655a265316\",\"name\":\"C D\",\"image\":{\"@type\":\"ImageObject\",\"inLanguage\":\"fr-FR\",\"@id\":\"https:\/\/vosgesinfo.fr\/remiremontinfo\/#\/schema\/person\/image\/\",\"url\":\"https:\/\/secure.gravatar.com\/avatar\/1f9a70007336511a47468b8f1c66f922b8b7cf617b02a31149ada43893a5d48f?s=96&d=mm&r=g\",\"contentUrl\":\"https:\/\/secure.gravatar.com\/avatar\/1f9a70007336511a47468b8f1c66f922b8b7cf617b02a31149ada43893a5d48f?s=96&d=mm&r=g\",\"caption\":\"C D\"},\"url\":\"https:\/\/vosgesinfo.fr\/remiremontinfo\/author\/cedric-drevet\/\"}]}<\/script>\n<!-- \/ Yoast SEO plugin. -->","yoast_head_json":{"title":"Eloyes : les succ\u00e8s se succ\u00e8dent pour l\u2019autrice La\u00ebtitia Reynders - Remiremont Info","robots":{"index":"index","follow":"follow","max-snippet":"max-snippet:-1","max-image-preview":"max-image-preview:large","max-video-preview":"max-video-preview:-1"},"canonical":"https:\/\/vosgesinfo.fr\/remiremontinfo\/2019\/05\/eloyes-succes-se-succedent-lautrice-laetitia-reynders\/","twitter_card":"summary_large_image","twitter_title":"Eloyes : les succ\u00e8s se succ\u00e8dent pour l\u2019autrice La\u00ebtitia Reynders - Remiremont Info","twitter_description":"Le Forum du livre de Saint-Louis est une institution dans les organisations des \u00e9v\u00e8nements litt\u00e9raires et le moins que l\u2019on [&hellip;]","twitter_image":"https:\/\/vosgesinfo.fr\/app\/uploads\/sites\/5\/2024\/09\/201905img-3654.jpg","twitter_creator":"@VosgesInfo88","twitter_site":"@VosgesInfo88","twitter_misc":{"\u00c9crit par":"C D","Dur\u00e9e de lecture estim\u00e9e":"2 minutes"},"schema":{"@context":"https:\/\/schema.org","@graph":[{"@type":"Article","@id":"https:\/\/vosgesinfo.fr\/remiremontinfo\/2019\/05\/eloyes-succes-se-succedent-lautrice-laetitia-reynders\/#article","isPartOf":{"@id":"https:\/\/vosgesinfo.fr\/remiremontinfo\/2019\/05\/eloyes-succes-se-succedent-lautrice-laetitia-reynders\/"},"author":{"name":"C D","@id":"https:\/\/vosgesinfo.fr\/remiremontinfo\/#\/schema\/person\/3bfd164d5218a185b1db68655a265316"},"headline":"Eloyes : les succ\u00e8s se succ\u00e8dent pour l\u2019autrice La\u00ebtitia Reynders","datePublished":"2019-05-20T06:00:50+00:00","dateModified":"2019-05-20T06:00:50+00:00","mainEntityOfPage":{"@id":"https:\/\/vosgesinfo.fr\/remiremontinfo\/2019\/05\/eloyes-succes-se-succedent-lautrice-laetitia-reynders\/"},"wordCount":413,"commentCount":0,"publisher":{"@id":"https:\/\/vosgesinfo.fr\/remiremontinfo\/#organization"},"image":{"@id":"https:\/\/vosgesinfo.fr\/remiremontinfo\/2019\/05\/eloyes-succes-se-succedent-lautrice-laetitia-reynders\/#primaryimage"},"thumbnailUrl":"https:\/\/vosgesinfo.fr\/app\/uploads\/sites\/5\/2024\/09\/201905img-3654.jpg","articleSection":["A la Une","Culture","Eloyes","Loisirs","Remiremont &amp; son canton"],"inLanguage":"fr-FR","potentialAction":[{"@type":"CommentAction","name":"Comment","target":["https:\/\/vosgesinfo.fr\/remiremontinfo\/2019\/05\/eloyes-succes-se-succedent-lautrice-laetitia-reynders\/#respond"]}]},{"@type":"WebPage","@id":"https:\/\/vosgesinfo.fr\/remiremontinfo\/2019\/05\/eloyes-succes-se-succedent-lautrice-laetitia-reynders\/","url":"https:\/\/vosgesinfo.fr\/remiremontinfo\/2019\/05\/eloyes-succes-se-succedent-lautrice-laetitia-reynders\/","name":"Eloyes : les succ\u00e8s se succ\u00e8dent pour l\u2019autrice La\u00ebtitia Reynders - Remiremont Info","isPartOf":{"@id":"https:\/\/vosgesinfo.fr\/remiremontinfo\/#website"},"primaryImageOfPage":{"@id":"https:\/\/vosgesinfo.fr\/remiremontinfo\/2019\/05\/eloyes-succes-se-succedent-lautrice-laetitia-reynders\/#primaryimage"},"image":{"@id":"https:\/\/vosgesinfo.fr\/remiremontinfo\/2019\/05\/eloyes-succes-se-succedent-lautrice-laetitia-reynders\/#primaryimage"},"thumbnailUrl":"https:\/\/vosgesinfo.fr\/app\/uploads\/sites\/5\/2024\/09\/201905img-3654.jpg","datePublished":"2019-05-20T06:00:50+00:00","dateModified":"2019-05-20T06:00:50+00:00","breadcrumb":{"@id":"https:\/\/vosgesinfo.fr\/remiremontinfo\/2019\/05\/eloyes-succes-se-succedent-lautrice-laetitia-reynders\/#breadcrumb"},"inLanguage":"fr-FR","potentialAction":[{"@type":"ReadAction","target":["https:\/\/vosgesinfo.fr\/remiremontinfo\/2019\/05\/eloyes-succes-se-succedent-lautrice-laetitia-reynders\/"]}]},{"@type":"ImageObject","inLanguage":"fr-FR","@id":"https:\/\/vosgesinfo.fr\/remiremontinfo\/2019\/05\/eloyes-succes-se-succedent-lautrice-laetitia-reynders\/#primaryimage","url":"https:\/\/vosgesinfo.fr\/app\/uploads\/sites\/5\/2024\/09\/201905img-3654.jpg","contentUrl":"https:\/\/vosgesinfo.fr\/app\/uploads\/sites\/5\/2024\/09\/201905img-3654.jpg","width":1000,"height":666},{"@type":"BreadcrumbList","@id":"https:\/\/vosgesinfo.fr\/remiremontinfo\/2019\/05\/eloyes-succes-se-succedent-lautrice-laetitia-reynders\/#breadcrumb","itemListElement":[{"@type":"ListItem","position":1,"name":"Home","item":"https:\/\/vosgesinfo.fr\/remiremontinfo\/"},{"@type":"ListItem","position":2,"name":"Eloyes : les succ\u00e8s se succ\u00e8dent pour l\u2019autrice La\u00ebtitia Reynders"}]},{"@type":"WebSite","@id":"https:\/\/vosgesinfo.fr\/remiremontinfo\/#website","url":"https:\/\/vosgesinfo.fr\/remiremontinfo\/","name":"Remiremont Info","description":"Toute l&#039;actualit\u00e9 de Remiremont","publisher":{"@id":"https:\/\/vosgesinfo.fr\/remiremontinfo\/#organization"},"alternateName":"Toute l'actualit\u00e9 de Remiremont","potentialAction":[{"@type":"SearchAction","target":{"@type":"EntryPoint","urlTemplate":"https:\/\/vosgesinfo.fr\/remiremontinfo\/?s={search_term_string}"},"query-input":"required name=search_term_string"}],"inLanguage":"fr-FR"},{"@type":"Organization","@id":"https:\/\/vosgesinfo.fr\/remiremontinfo\/#organization","name":"Remiremont Info","url":"https:\/\/vosgesinfo.fr\/remiremontinfo\/","logo":{"@type":"ImageObject","inLanguage":"fr-FR","@id":"https:\/\/vosgesinfo.fr\/remiremontinfo\/#\/schema\/logo\/image\/","url":"https:\/\/vosgesinfo.fr\/app\/uploads\/sites\/5\/2023\/08\/favicon-remiremontinfo.png","contentUrl":"https:\/\/vosgesinfo.fr\/app\/uploads\/sites\/5\/2023\/08\/favicon-remiremontinfo.png","width":512,"height":512,"caption":"Remiremont Info"},"image":{"@id":"https:\/\/vosgesinfo.fr\/remiremontinfo\/#\/schema\/logo\/image\/"},"sameAs":["https:\/\/www.facebook.com\/remiremontinfo","https:\/\/x.com\/VosgesInfo88","https:\/\/www.youtube.com\/@vosgesinfo"]},{"@type":"Person","@id":"https:\/\/vosgesinfo.fr\/remiremontinfo\/#\/schema\/person\/3bfd164d5218a185b1db68655a265316","name":"C D","image":{"@type":"ImageObject","inLanguage":"fr-FR","@id":"https:\/\/vosgesinfo.fr\/remiremontinfo\/#\/schema\/person\/image\/","url":"https:\/\/secure.gravatar.com\/avatar\/1f9a70007336511a47468b8f1c66f922b8b7cf617b02a31149ada43893a5d48f?s=96&d=mm&r=g","contentUrl":"https:\/\/secure.gravatar.com\/avatar\/1f9a70007336511a47468b8f1c66f922b8b7cf617b02a31149ada43893a5d48f?s=96&d=mm&r=g","caption":"C D"},"url":"https:\/\/vosgesinfo.fr\/remiremontinfo\/author\/cedric-drevet\/"}]}},"_links":{"self":[{"href":"https:\/\/vosgesinfo.fr\/remiremontinfo\/wp-json\/wp\/v2\/posts\/14560","targetHints":{"allow":["GET"]}}],"collection":[{"href":"https:\/\/vosgesinfo.fr\/remiremontinfo\/wp-json\/wp\/v2\/posts"}],"about":[{"href":"https:\/\/vosgesinfo.fr\/remiremontinfo\/wp-json\/wp\/v2\/types\/post"}],"author":[{"embeddable":true,"href":"https:\/\/vosgesinfo.fr\/remiremontinfo\/wp-json\/wp\/v2\/users\/407"}],"replies":[{"embeddable":true,"href":"https:\/\/vosgesinfo.fr\/remiremontinfo\/wp-json\/wp\/v2\/comments?post=14560"}],"version-history":[{"count":0,"href":"https:\/\/vosgesinfo.fr\/remiremontinfo\/wp-json\/wp\/v2\/posts\/14560\/revisions"}],"wp:featuredmedia":[{"embeddable":true,"href":"https:\/\/vosgesinfo.fr\/remiremontinfo\/wp-json\/wp\/v2\/media\/14561"}],"wp:attachment":[{"href":"https:\/\/vosgesinfo.fr\/remiremontinfo\/wp-json\/wp\/v2\/media?parent=14560"}],"wp:term":[{"taxonomy":"category","embeddable":true,"href":"https:\/\/vosgesinfo.fr\/remiremontinfo\/wp-json\/wp\/v2\/categories?post=14560"},{"taxonomy":"post_tag","embeddable":true,"href":"https:\/\/vosgesinfo.fr\/remiremontinfo\/wp-json\/wp\/v2\/tags?post=14560"}],"curies":[{"name":"wp","href":"https:\/\/api.w.org\/{rel}","templated":true}]}}