{"id":14566,"date":"2019-05-20T16:07:07","date_gmt":"2019-05-20T14:07:07","guid":{"rendered":"https:\/\/vosgesinfo.fr\/remiremontinfo\/2019\/05\/lecole-cuisine-mode-demplois-de-thierry-marx-sinstalle-a-bresse\/"},"modified":"2019-05-20T16:07:07","modified_gmt":"2019-05-20T14:07:07","slug":"lecole-cuisine-mode-demplois-de-thierry-marx-sinstalle-a-bresse","status":"publish","type":"post","link":"https:\/\/vosgesinfo.fr\/remiremontinfo\/2019\/05\/lecole-cuisine-mode-demplois-de-thierry-marx-sinstalle-a-bresse\/","title":{"rendered":"L&rsquo;\u00e9cole \u00ab\u00a0Cuisine Mode d&rsquo;Emploi(s) \u00bb de Thierry Marx s&rsquo;installe \u00e0 La Bresse !"},"content":{"rendered":"<h2><a href=\"\/2019\/05\/restaurant-1284351_1280.jpg\"><img decoding=\"async\" class=\"alignnone size-large wp-image-259508\" src=\"\/2019\/05\/restaurant-1284351_1280-1024x682.jpg\" alt=\"restaurant-1284351_1280\" width=\"960\" height=\"639\" \/><\/a><\/h2>\n<h2><span style=\"font-size: 12pt;\"><strong>Du 16 septembre au 29 novembre 2019, Cuisine Mode d\u2019Emploi(s) s\u2019installera \u00e0 La Bresse pour une session de formation \u00ab CQP commis de cuisine \u00bb.<\/strong><\/span><\/h2>\n<p>L\u2019\u00e9cole Cuisine Mode d\u2019Emploi(s) fond\u00e9e en 2012 par le chef Thierry Marx s\u2019installera pour une unique session de formation du 16 septembre au 29 novembre prochain \u00e0 la Maison de la Montagne du Massif des Vosges.\u00a0 La venue de Cuisine Mode Emploi(s) r\u00e9pond \u00e0 la fois aux attentes des professionnels du territoire mais aussi de demandeurs d\u2019emploi en recherche de solution pour leur avenir professionnel.<\/p>\n<p>A La Bresse, Cuisine Mode d\u2019Emploi(s) proposera une formation aux m\u00e9tiers de la restauration qui permettra \u00e0 10 stagiaires en 11 semaines &#8211; 8 semaines en centre et 3 semaines en stage en entreprise &#8211; d\u2019acqu\u00e9rir des comp\u00e9tences dans les domaines de la cuisine. A l\u2019issue de la formation, un dipl\u00f4me, le certificat de qualification professionnel (C.Q.P) \u2013 reconnu par l\u2019Etat et la branche professionnelle &#8211; est d\u00e9livr\u00e9, permettant aux stagiaires de trouver facilement un emploi.<\/p>\n<p>Ce dispositif est destin\u00e9 aux publics \u00e9loign\u00e9s de l\u2019emploi et en situation de pr\u00e9carit\u00e9 \u00e9conomique et sociale :<br \/>\n\u2022 demandeurs d\u2019emploi de longue dur\u00e9e,<br \/>\n\u2022 b\u00e9n\u00e9ficiaires du RSA,<br \/>\n\u2022 jeunes demandeurs d\u2019emploi sans qualification,<br \/>\n\u2022 personnes plac\u00e9es sous main de justice&#8230;<\/p>\n<p>Le parcours de chaque stagiaire est pris en charge int\u00e9gralement gr\u00e2ce au co-financement des partenaires publics dans le cadre du Plan Investissement dans les Comp\u00e9tences (PIC) et partenaires priv\u00e9s. Chaque stagiaire est dot\u00e9 pour la dur\u00e9e de la formation de v\u00eatements professionnels et d\u2019une mallette d\u2019ustensiles.<\/p>\n<p>A l\u2019heure o\u00f9 le secteur de la restauration connait des difficult\u00e9s de recrutement, les formations Cuisine Mode d\u2019Emploi(s) forment de nouveaux talents et offrent ainsi une seconde chance \u00e0 ceux qui ont la vocation et la motivation. Cuisine Mode d\u2019Emploi(s) une formation de qualit\u00e9, v\u00e9ritable s\u00e9same vers l\u2019emploi.<\/p>\n<p>Pour postuler, rendez-vous avant le 8 juillet 2019 sur le site internet www.cuisinemodemplois.com, onglet d\u00e9poser ma candidature. Les candidats devront obligatoirement y renseigner leur num\u00e9ro de demandeur d\u2019emploi et t\u00e9l\u00e9charger CV et lettre de motivation.<\/p>\n<p>La r\u00e9union d\u2019information collective et les entretiens de s\u00e9lection avec le jury auront lieu le mardi 9 juillet 2019 de 9h \u00e0 10h30 (entretiens de s\u00e9lection \u00e0 partir de 11h) \u00e0 la Maison de la Montagne du Massif des Vosges, rue des Boudi\u00e8res \u00e0 La Bresse.<\/p>\n<p><em>Pour plus d\u2019information sur Cuisine Mode d\u2019Emploi(s) : www.cuisinemodemplois.com<\/em><\/p>\n","protected":false},"excerpt":{"rendered":"<p>Du 16 septembre au 29 novembre 2019, Cuisine Mode d\u2019Emploi(s) s\u2019installera \u00e0 La Bresse pour une session de formation \u00ab [&hellip;]<\/p>\n","protected":false},"author":407,"featured_media":14567,"comment_status":"open","ping_status":"open","sticky":false,"template":"","format":"standard","meta":{"footnotes":""},"categories":[26,4,104,25,54],"tags":[],"class_list":["post-14566","post","type-post","status-publish","format-standard","has-post-thumbnail","hentry","category-a-la-une","category-culture","category-la-bresse-la-bresse-son-canton","category-la-bresse-son-canton","category-loisirs"],"acf":[],"yoast_head":"<!-- This site is optimized with the Yoast SEO plugin v22.5 - https:\/\/yoast.com\/wordpress\/plugins\/seo\/ -->\n<title>L&#039;\u00e9cole \u00ab\u00a0Cuisine Mode d&#039;Emploi(s) \u00bb de Thierry Marx s&#039;installe \u00e0 La Bresse ! - Remiremont Info<\/title>\n<meta name=\"robots\" content=\"index, follow, max-snippet:-1, max-image-preview:large, max-video-preview:-1\" \/>\n<link rel=\"canonical\" href=\"https:\/\/vosgesinfo.fr\/remiremontinfo\/2019\/05\/lecole-cuisine-mode-demplois-de-thierry-marx-sinstalle-a-bresse\/\" \/>\n<meta name=\"twitter:card\" content=\"summary_large_image\" \/>\n<meta name=\"twitter:title\" content=\"L&#039;\u00e9cole \u00ab\u00a0Cuisine Mode d&#039;Emploi(s) \u00bb de Thierry Marx s&#039;installe \u00e0 La Bresse ! - Remiremont Info\" \/>\n<meta name=\"twitter:description\" content=\"Du 16 septembre au 29 novembre 2019, Cuisine Mode d\u2019Emploi(s) s\u2019installera \u00e0 La Bresse pour une session de formation \u00ab [&hellip;]\" \/>\n<meta name=\"twitter:image\" content=\"https:\/\/vosgesinfo.fr\/app\/uploads\/sites\/5\/2024\/09\/201905restaurant-1284351-1280.jpg\" \/>\n<meta name=\"twitter:creator\" content=\"@VosgesInfo88\" \/>\n<meta name=\"twitter:site\" content=\"@VosgesInfo88\" \/>\n<meta name=\"twitter:label1\" content=\"\u00c9crit par\" \/>\n\t<meta name=\"twitter:data1\" content=\"C D\" \/>\n\t<meta name=\"twitter:label2\" content=\"Dur\u00e9e de lecture estim\u00e9e\" \/>\n\t<meta name=\"twitter:data2\" content=\"2 minutes\" \/>\n<script type=\"application\/ld+json\" class=\"yoast-schema-graph\">{\"@context\":\"https:\/\/schema.org\",\"@graph\":[{\"@type\":\"Article\",\"@id\":\"https:\/\/vosgesinfo.fr\/remiremontinfo\/2019\/05\/lecole-cuisine-mode-demplois-de-thierry-marx-sinstalle-a-bresse\/#article\",\"isPartOf\":{\"@id\":\"https:\/\/vosgesinfo.fr\/remiremontinfo\/2019\/05\/lecole-cuisine-mode-demplois-de-thierry-marx-sinstalle-a-bresse\/\"},\"author\":{\"name\":\"C D\",\"@id\":\"https:\/\/vosgesinfo.fr\/remiremontinfo\/#\/schema\/person\/3bfd164d5218a185b1db68655a265316\"},\"headline\":\"L&rsquo;\u00e9cole \u00ab\u00a0Cuisine Mode d&rsquo;Emploi(s) \u00bb de Thierry Marx s&rsquo;installe \u00e0 La Bresse !\",\"datePublished\":\"2019-05-20T14:07:07+00:00\",\"dateModified\":\"2019-05-20T14:07:07+00:00\",\"mainEntityOfPage\":{\"@id\":\"https:\/\/vosgesinfo.fr\/remiremontinfo\/2019\/05\/lecole-cuisine-mode-demplois-de-thierry-marx-sinstalle-a-bresse\/\"},\"wordCount\":439,\"commentCount\":0,\"publisher\":{\"@id\":\"https:\/\/vosgesinfo.fr\/remiremontinfo\/#organization\"},\"image\":{\"@id\":\"https:\/\/vosgesinfo.fr\/remiremontinfo\/2019\/05\/lecole-cuisine-mode-demplois-de-thierry-marx-sinstalle-a-bresse\/#primaryimage\"},\"thumbnailUrl\":\"https:\/\/vosgesinfo.fr\/app\/uploads\/sites\/5\/2024\/09\/201905restaurant-1284351-1280.jpg\",\"articleSection\":[\"A la Une\",\"Culture\",\"La Bresse\",\"La Bresse &amp; son canton\",\"Loisirs\"],\"inLanguage\":\"fr-FR\",\"potentialAction\":[{\"@type\":\"CommentAction\",\"name\":\"Comment\",\"target\":[\"https:\/\/vosgesinfo.fr\/remiremontinfo\/2019\/05\/lecole-cuisine-mode-demplois-de-thierry-marx-sinstalle-a-bresse\/#respond\"]}]},{\"@type\":\"WebPage\",\"@id\":\"https:\/\/vosgesinfo.fr\/remiremontinfo\/2019\/05\/lecole-cuisine-mode-demplois-de-thierry-marx-sinstalle-a-bresse\/\",\"url\":\"https:\/\/vosgesinfo.fr\/remiremontinfo\/2019\/05\/lecole-cuisine-mode-demplois-de-thierry-marx-sinstalle-a-bresse\/\",\"name\":\"L'\u00e9cole \u00ab\u00a0Cuisine Mode d'Emploi(s) \u00bb de Thierry Marx s'installe \u00e0 La Bresse ! - Remiremont Info\",\"isPartOf\":{\"@id\":\"https:\/\/vosgesinfo.fr\/remiremontinfo\/#website\"},\"primaryImageOfPage\":{\"@id\":\"https:\/\/vosgesinfo.fr\/remiremontinfo\/2019\/05\/lecole-cuisine-mode-demplois-de-thierry-marx-sinstalle-a-bresse\/#primaryimage\"},\"image\":{\"@id\":\"https:\/\/vosgesinfo.fr\/remiremontinfo\/2019\/05\/lecole-cuisine-mode-demplois-de-thierry-marx-sinstalle-a-bresse\/#primaryimage\"},\"thumbnailUrl\":\"https:\/\/vosgesinfo.fr\/app\/uploads\/sites\/5\/2024\/09\/201905restaurant-1284351-1280.jpg\",\"datePublished\":\"2019-05-20T14:07:07+00:00\",\"dateModified\":\"2019-05-20T14:07:07+00:00\",\"breadcrumb\":{\"@id\":\"https:\/\/vosgesinfo.fr\/remiremontinfo\/2019\/05\/lecole-cuisine-mode-demplois-de-thierry-marx-sinstalle-a-bresse\/#breadcrumb\"},\"inLanguage\":\"fr-FR\",\"potentialAction\":[{\"@type\":\"ReadAction\",\"target\":[\"https:\/\/vosgesinfo.fr\/remiremontinfo\/2019\/05\/lecole-cuisine-mode-demplois-de-thierry-marx-sinstalle-a-bresse\/\"]}]},{\"@type\":\"ImageObject\",\"inLanguage\":\"fr-FR\",\"@id\":\"https:\/\/vosgesinfo.fr\/remiremontinfo\/2019\/05\/lecole-cuisine-mode-demplois-de-thierry-marx-sinstalle-a-bresse\/#primaryimage\",\"url\":\"https:\/\/vosgesinfo.fr\/app\/uploads\/sites\/5\/2024\/09\/201905restaurant-1284351-1280.jpg\",\"contentUrl\":\"https:\/\/vosgesinfo.fr\/app\/uploads\/sites\/5\/2024\/09\/201905restaurant-1284351-1280.jpg\",\"width\":1280,\"height\":853},{\"@type\":\"BreadcrumbList\",\"@id\":\"https:\/\/vosgesinfo.fr\/remiremontinfo\/2019\/05\/lecole-cuisine-mode-demplois-de-thierry-marx-sinstalle-a-bresse\/#breadcrumb\",\"itemListElement\":[{\"@type\":\"ListItem\",\"position\":1,\"name\":\"Home\",\"item\":\"https:\/\/vosgesinfo.fr\/remiremontinfo\/\"},{\"@type\":\"ListItem\",\"position\":2,\"name\":\"L&rsquo;\u00e9cole \u00ab\u00a0Cuisine Mode d&rsquo;Emploi(s) \u00bb de Thierry Marx s&rsquo;installe \u00e0 La Bresse !\"}]},{\"@type\":\"WebSite\",\"@id\":\"https:\/\/vosgesinfo.fr\/remiremontinfo\/#website\",\"url\":\"https:\/\/vosgesinfo.fr\/remiremontinfo\/\",\"name\":\"Remiremont Info\",\"description\":\"Toute l&#039;actualit\u00e9 de Remiremont\",\"publisher\":{\"@id\":\"https:\/\/vosgesinfo.fr\/remiremontinfo\/#organization\"},\"alternateName\":\"Toute l'actualit\u00e9 de Remiremont\",\"potentialAction\":[{\"@type\":\"SearchAction\",\"target\":{\"@type\":\"EntryPoint\",\"urlTemplate\":\"https:\/\/vosgesinfo.fr\/remiremontinfo\/?s={search_term_string}\"},\"query-input\":\"required name=search_term_string\"}],\"inLanguage\":\"fr-FR\"},{\"@type\":\"Organization\",\"@id\":\"https:\/\/vosgesinfo.fr\/remiremontinfo\/#organization\",\"name\":\"Remiremont Info\",\"url\":\"https:\/\/vosgesinfo.fr\/remiremontinfo\/\",\"logo\":{\"@type\":\"ImageObject\",\"inLanguage\":\"fr-FR\",\"@id\":\"https:\/\/vosgesinfo.fr\/remiremontinfo\/#\/schema\/logo\/image\/\",\"url\":\"https:\/\/vosgesinfo.fr\/app\/uploads\/sites\/5\/2023\/08\/favicon-remiremontinfo.png\",\"contentUrl\":\"https:\/\/vosgesinfo.fr\/app\/uploads\/sites\/5\/2023\/08\/favicon-remiremontinfo.png\",\"width\":512,\"height\":512,\"caption\":\"Remiremont Info\"},\"image\":{\"@id\":\"https:\/\/vosgesinfo.fr\/remiremontinfo\/#\/schema\/logo\/image\/\"},\"sameAs\":[\"https:\/\/www.facebook.com\/remiremontinfo\",\"https:\/\/x.com\/VosgesInfo88\",\"https:\/\/www.youtube.com\/@vosgesinfo\"]},{\"@type\":\"Person\",\"@id\":\"https:\/\/vosgesinfo.fr\/remiremontinfo\/#\/schema\/person\/3bfd164d5218a185b1db68655a265316\",\"name\":\"C D\",\"image\":{\"@type\":\"ImageObject\",\"inLanguage\":\"fr-FR\",\"@id\":\"https:\/\/vosgesinfo.fr\/remiremontinfo\/#\/schema\/person\/image\/\",\"url\":\"https:\/\/secure.gravatar.com\/avatar\/1f9a70007336511a47468b8f1c66f922b8b7cf617b02a31149ada43893a5d48f?s=96&d=mm&r=g\",\"contentUrl\":\"https:\/\/secure.gravatar.com\/avatar\/1f9a70007336511a47468b8f1c66f922b8b7cf617b02a31149ada43893a5d48f?s=96&d=mm&r=g\",\"caption\":\"C D\"},\"url\":\"https:\/\/vosgesinfo.fr\/remiremontinfo\/author\/cedric-drevet\/\"}]}<\/script>\n<!-- \/ Yoast SEO plugin. -->","yoast_head_json":{"title":"L'\u00e9cole \u00ab\u00a0Cuisine Mode d'Emploi(s) \u00bb de Thierry Marx s'installe \u00e0 La Bresse ! - Remiremont Info","robots":{"index":"index","follow":"follow","max-snippet":"max-snippet:-1","max-image-preview":"max-image-preview:large","max-video-preview":"max-video-preview:-1"},"canonical":"https:\/\/vosgesinfo.fr\/remiremontinfo\/2019\/05\/lecole-cuisine-mode-demplois-de-thierry-marx-sinstalle-a-bresse\/","twitter_card":"summary_large_image","twitter_title":"L'\u00e9cole \u00ab\u00a0Cuisine Mode d'Emploi(s) \u00bb de Thierry Marx s'installe \u00e0 La Bresse ! - Remiremont Info","twitter_description":"Du 16 septembre au 29 novembre 2019, Cuisine Mode d\u2019Emploi(s) s\u2019installera \u00e0 La Bresse pour une session de formation \u00ab [&hellip;]","twitter_image":"https:\/\/vosgesinfo.fr\/app\/uploads\/sites\/5\/2024\/09\/201905restaurant-1284351-1280.jpg","twitter_creator":"@VosgesInfo88","twitter_site":"@VosgesInfo88","twitter_misc":{"\u00c9crit par":"C D","Dur\u00e9e de lecture estim\u00e9e":"2 minutes"},"schema":{"@context":"https:\/\/schema.org","@graph":[{"@type":"Article","@id":"https:\/\/vosgesinfo.fr\/remiremontinfo\/2019\/05\/lecole-cuisine-mode-demplois-de-thierry-marx-sinstalle-a-bresse\/#article","isPartOf":{"@id":"https:\/\/vosgesinfo.fr\/remiremontinfo\/2019\/05\/lecole-cuisine-mode-demplois-de-thierry-marx-sinstalle-a-bresse\/"},"author":{"name":"C D","@id":"https:\/\/vosgesinfo.fr\/remiremontinfo\/#\/schema\/person\/3bfd164d5218a185b1db68655a265316"},"headline":"L&rsquo;\u00e9cole \u00ab\u00a0Cuisine Mode d&rsquo;Emploi(s) \u00bb de Thierry Marx s&rsquo;installe \u00e0 La Bresse !","datePublished":"2019-05-20T14:07:07+00:00","dateModified":"2019-05-20T14:07:07+00:00","mainEntityOfPage":{"@id":"https:\/\/vosgesinfo.fr\/remiremontinfo\/2019\/05\/lecole-cuisine-mode-demplois-de-thierry-marx-sinstalle-a-bresse\/"},"wordCount":439,"commentCount":0,"publisher":{"@id":"https:\/\/vosgesinfo.fr\/remiremontinfo\/#organization"},"image":{"@id":"https:\/\/vosgesinfo.fr\/remiremontinfo\/2019\/05\/lecole-cuisine-mode-demplois-de-thierry-marx-sinstalle-a-bresse\/#primaryimage"},"thumbnailUrl":"https:\/\/vosgesinfo.fr\/app\/uploads\/sites\/5\/2024\/09\/201905restaurant-1284351-1280.jpg","articleSection":["A la Une","Culture","La Bresse","La Bresse &amp; son canton","Loisirs"],"inLanguage":"fr-FR","potentialAction":[{"@type":"CommentAction","name":"Comment","target":["https:\/\/vosgesinfo.fr\/remiremontinfo\/2019\/05\/lecole-cuisine-mode-demplois-de-thierry-marx-sinstalle-a-bresse\/#respond"]}]},{"@type":"WebPage","@id":"https:\/\/vosgesinfo.fr\/remiremontinfo\/2019\/05\/lecole-cuisine-mode-demplois-de-thierry-marx-sinstalle-a-bresse\/","url":"https:\/\/vosgesinfo.fr\/remiremontinfo\/2019\/05\/lecole-cuisine-mode-demplois-de-thierry-marx-sinstalle-a-bresse\/","name":"L'\u00e9cole \u00ab\u00a0Cuisine Mode d'Emploi(s) \u00bb de Thierry Marx s'installe \u00e0 La Bresse ! - Remiremont Info","isPartOf":{"@id":"https:\/\/vosgesinfo.fr\/remiremontinfo\/#website"},"primaryImageOfPage":{"@id":"https:\/\/vosgesinfo.fr\/remiremontinfo\/2019\/05\/lecole-cuisine-mode-demplois-de-thierry-marx-sinstalle-a-bresse\/#primaryimage"},"image":{"@id":"https:\/\/vosgesinfo.fr\/remiremontinfo\/2019\/05\/lecole-cuisine-mode-demplois-de-thierry-marx-sinstalle-a-bresse\/#primaryimage"},"thumbnailUrl":"https:\/\/vosgesinfo.fr\/app\/uploads\/sites\/5\/2024\/09\/201905restaurant-1284351-1280.jpg","datePublished":"2019-05-20T14:07:07+00:00","dateModified":"2019-05-20T14:07:07+00:00","breadcrumb":{"@id":"https:\/\/vosgesinfo.fr\/remiremontinfo\/2019\/05\/lecole-cuisine-mode-demplois-de-thierry-marx-sinstalle-a-bresse\/#breadcrumb"},"inLanguage":"fr-FR","potentialAction":[{"@type":"ReadAction","target":["https:\/\/vosgesinfo.fr\/remiremontinfo\/2019\/05\/lecole-cuisine-mode-demplois-de-thierry-marx-sinstalle-a-bresse\/"]}]},{"@type":"ImageObject","inLanguage":"fr-FR","@id":"https:\/\/vosgesinfo.fr\/remiremontinfo\/2019\/05\/lecole-cuisine-mode-demplois-de-thierry-marx-sinstalle-a-bresse\/#primaryimage","url":"https:\/\/vosgesinfo.fr\/app\/uploads\/sites\/5\/2024\/09\/201905restaurant-1284351-1280.jpg","contentUrl":"https:\/\/vosgesinfo.fr\/app\/uploads\/sites\/5\/2024\/09\/201905restaurant-1284351-1280.jpg","width":1280,"height":853},{"@type":"BreadcrumbList","@id":"https:\/\/vosgesinfo.fr\/remiremontinfo\/2019\/05\/lecole-cuisine-mode-demplois-de-thierry-marx-sinstalle-a-bresse\/#breadcrumb","itemListElement":[{"@type":"ListItem","position":1,"name":"Home","item":"https:\/\/vosgesinfo.fr\/remiremontinfo\/"},{"@type":"ListItem","position":2,"name":"L&rsquo;\u00e9cole \u00ab\u00a0Cuisine Mode d&rsquo;Emploi(s) \u00bb de Thierry Marx s&rsquo;installe \u00e0 La Bresse !"}]},{"@type":"WebSite","@id":"https:\/\/vosgesinfo.fr\/remiremontinfo\/#website","url":"https:\/\/vosgesinfo.fr\/remiremontinfo\/","name":"Remiremont Info","description":"Toute l&#039;actualit\u00e9 de Remiremont","publisher":{"@id":"https:\/\/vosgesinfo.fr\/remiremontinfo\/#organization"},"alternateName":"Toute l'actualit\u00e9 de Remiremont","potentialAction":[{"@type":"SearchAction","target":{"@type":"EntryPoint","urlTemplate":"https:\/\/vosgesinfo.fr\/remiremontinfo\/?s={search_term_string}"},"query-input":"required name=search_term_string"}],"inLanguage":"fr-FR"},{"@type":"Organization","@id":"https:\/\/vosgesinfo.fr\/remiremontinfo\/#organization","name":"Remiremont Info","url":"https:\/\/vosgesinfo.fr\/remiremontinfo\/","logo":{"@type":"ImageObject","inLanguage":"fr-FR","@id":"https:\/\/vosgesinfo.fr\/remiremontinfo\/#\/schema\/logo\/image\/","url":"https:\/\/vosgesinfo.fr\/app\/uploads\/sites\/5\/2023\/08\/favicon-remiremontinfo.png","contentUrl":"https:\/\/vosgesinfo.fr\/app\/uploads\/sites\/5\/2023\/08\/favicon-remiremontinfo.png","width":512,"height":512,"caption":"Remiremont Info"},"image":{"@id":"https:\/\/vosgesinfo.fr\/remiremontinfo\/#\/schema\/logo\/image\/"},"sameAs":["https:\/\/www.facebook.com\/remiremontinfo","https:\/\/x.com\/VosgesInfo88","https:\/\/www.youtube.com\/@vosgesinfo"]},{"@type":"Person","@id":"https:\/\/vosgesinfo.fr\/remiremontinfo\/#\/schema\/person\/3bfd164d5218a185b1db68655a265316","name":"C D","image":{"@type":"ImageObject","inLanguage":"fr-FR","@id":"https:\/\/vosgesinfo.fr\/remiremontinfo\/#\/schema\/person\/image\/","url":"https:\/\/secure.gravatar.com\/avatar\/1f9a70007336511a47468b8f1c66f922b8b7cf617b02a31149ada43893a5d48f?s=96&d=mm&r=g","contentUrl":"https:\/\/secure.gravatar.com\/avatar\/1f9a70007336511a47468b8f1c66f922b8b7cf617b02a31149ada43893a5d48f?s=96&d=mm&r=g","caption":"C D"},"url":"https:\/\/vosgesinfo.fr\/remiremontinfo\/author\/cedric-drevet\/"}]}},"_links":{"self":[{"href":"https:\/\/vosgesinfo.fr\/remiremontinfo\/wp-json\/wp\/v2\/posts\/14566","targetHints":{"allow":["GET"]}}],"collection":[{"href":"https:\/\/vosgesinfo.fr\/remiremontinfo\/wp-json\/wp\/v2\/posts"}],"about":[{"href":"https:\/\/vosgesinfo.fr\/remiremontinfo\/wp-json\/wp\/v2\/types\/post"}],"author":[{"embeddable":true,"href":"https:\/\/vosgesinfo.fr\/remiremontinfo\/wp-json\/wp\/v2\/users\/407"}],"replies":[{"embeddable":true,"href":"https:\/\/vosgesinfo.fr\/remiremontinfo\/wp-json\/wp\/v2\/comments?post=14566"}],"version-history":[{"count":0,"href":"https:\/\/vosgesinfo.fr\/remiremontinfo\/wp-json\/wp\/v2\/posts\/14566\/revisions"}],"wp:featuredmedia":[{"embeddable":true,"href":"https:\/\/vosgesinfo.fr\/remiremontinfo\/wp-json\/wp\/v2\/media\/14567"}],"wp:attachment":[{"href":"https:\/\/vosgesinfo.fr\/remiremontinfo\/wp-json\/wp\/v2\/media?parent=14566"}],"wp:term":[{"taxonomy":"category","embeddable":true,"href":"https:\/\/vosgesinfo.fr\/remiremontinfo\/wp-json\/wp\/v2\/categories?post=14566"},{"taxonomy":"post_tag","embeddable":true,"href":"https:\/\/vosgesinfo.fr\/remiremontinfo\/wp-json\/wp\/v2\/tags?post=14566"}],"curies":[{"name":"wp","href":"https:\/\/api.w.org\/{rel}","templated":true}]}}