{"id":14576,"date":"2019-05-21T06:56:48","date_gmt":"2019-05-21T04:56:48","guid":{"rendered":"https:\/\/vosgesinfo.fr\/remiremontinfo\/2019\/05\/syndicat-lassociation-de-parents-deleves-organise-marche-de-lecole\/"},"modified":"2019-05-21T06:56:48","modified_gmt":"2019-05-21T04:56:48","slug":"syndicat-lassociation-de-parents-deleves-organise-marche-de-lecole","status":"publish","type":"post","link":"https:\/\/vosgesinfo.fr\/remiremontinfo\/2019\/05\/syndicat-lassociation-de-parents-deleves-organise-marche-de-lecole\/","title":{"rendered":"Le Syndicat : l&rsquo;association de parents d&rsquo;\u00e9l\u00e8ves organise la marche de l&rsquo;\u00e9cole"},"content":{"rendered":"<h2><a href=\"\/2019\/05\/backpack-1836594_1280.jpg\"><img decoding=\"async\" class=\"alignnone size-large wp-image-259553\" src=\"\/2019\/05\/backpack-1836594_1280-1024x682.jpg\" alt=\"backpack-1836594_1280\" width=\"960\" height=\"639\" \/><\/a><\/h2>\n<h2><span style=\"font-size: 12pt;\"><strong>Avenir \u00c9cole, l&rsquo;association de parents d&rsquo;\u00e9l\u00e8ves de l&rsquo;\u00e9cole de Le Syndicat, organise la marche de l&rsquo;\u00e9cole le samedi 8 juin 2019 dans l&rsquo;apr\u00e8s-midi, suivie d&rsquo;un d\u00eener (Kir, Crudit\u00e9s, Grillades\/Frites, Dessert, Caf\u00e9) au tarif de 9\u20ac\/adulte et 6\u20ac\/enfant.<\/strong><\/span><\/h2>\n<p>D\u00e9part de la marche : Ancienne \u00c9cole de Peccavillers.<br \/>\n2 Parcours : 6 kms \/ 13 kms<\/p>\n<p>R\u00e9servation du repas au 06 23 40 72 16 avant le 1er juin.<\/p>\n<p>Pour rappel, les b\u00e9n\u00e9fices de cette manifestation sont d\u00e9di\u00e9s au financement des activit\u00e9s et sorties scolaires des enfants de l&rsquo;\u00e9cole Xavier Thiriat.<\/p>\n<p><em>Prochaine manifestation : Vide-Grenier le dimanche 23 juin 2019.<\/em><\/p>\n","protected":false},"excerpt":{"rendered":"<p>Avenir \u00c9cole, l&rsquo;association de parents d&rsquo;\u00e9l\u00e8ves de l&rsquo;\u00e9cole de Le Syndicat, organise la marche de l&rsquo;\u00e9cole le samedi 8 juin [&hellip;]<\/p>\n","protected":false},"author":407,"featured_media":14577,"comment_status":"open","ping_status":"open","sticky":false,"template":"","format":"standard","meta":{"footnotes":""},"categories":[25,1579,54],"tags":[],"class_list":["post-14576","post","type-post","status-publish","format-standard","has-post-thumbnail","hentry","category-la-bresse-son-canton","category-le-syndicat-la-bresse-son-canton","category-loisirs"],"acf":[],"yoast_head":"<!-- This site is optimized with the Yoast SEO plugin v22.5 - https:\/\/yoast.com\/wordpress\/plugins\/seo\/ -->\n<title>Le Syndicat : l&#039;association de parents d&#039;\u00e9l\u00e8ves organise la marche de l&#039;\u00e9cole - Remiremont Info<\/title>\n<meta name=\"robots\" content=\"index, follow, max-snippet:-1, max-image-preview:large, max-video-preview:-1\" \/>\n<link rel=\"canonical\" href=\"https:\/\/vosgesinfo.fr\/remiremontinfo\/2019\/05\/syndicat-lassociation-de-parents-deleves-organise-marche-de-lecole\/\" \/>\n<meta name=\"twitter:card\" content=\"summary_large_image\" \/>\n<meta name=\"twitter:title\" content=\"Le Syndicat : l&#039;association de parents d&#039;\u00e9l\u00e8ves organise la marche de l&#039;\u00e9cole - Remiremont Info\" \/>\n<meta name=\"twitter:description\" content=\"Avenir \u00c9cole, l&rsquo;association de parents d&rsquo;\u00e9l\u00e8ves de l&rsquo;\u00e9cole de Le Syndicat, organise la marche de l&rsquo;\u00e9cole le samedi 8 juin [&hellip;]\" \/>\n<meta name=\"twitter:image\" content=\"https:\/\/vosgesinfo.fr\/app\/uploads\/sites\/5\/2024\/09\/201905backpack-1836594-1280.jpg\" \/>\n<meta name=\"twitter:creator\" content=\"@VosgesInfo88\" \/>\n<meta name=\"twitter:site\" content=\"@VosgesInfo88\" \/>\n<meta name=\"twitter:label1\" content=\"\u00c9crit par\" \/>\n\t<meta name=\"twitter:data1\" content=\"C D\" \/>\n<script type=\"application\/ld+json\" class=\"yoast-schema-graph\">{\"@context\":\"https:\/\/schema.org\",\"@graph\":[{\"@type\":\"Article\",\"@id\":\"https:\/\/vosgesinfo.fr\/remiremontinfo\/2019\/05\/syndicat-lassociation-de-parents-deleves-organise-marche-de-lecole\/#article\",\"isPartOf\":{\"@id\":\"https:\/\/vosgesinfo.fr\/remiremontinfo\/2019\/05\/syndicat-lassociation-de-parents-deleves-organise-marche-de-lecole\/\"},\"author\":{\"name\":\"C D\",\"@id\":\"https:\/\/vosgesinfo.fr\/remiremontinfo\/#\/schema\/person\/3bfd164d5218a185b1db68655a265316\"},\"headline\":\"Le Syndicat : l&rsquo;association de parents d&rsquo;\u00e9l\u00e8ves organise la marche de l&rsquo;\u00e9cole\",\"datePublished\":\"2019-05-21T04:56:48+00:00\",\"dateModified\":\"2019-05-21T04:56:48+00:00\",\"mainEntityOfPage\":{\"@id\":\"https:\/\/vosgesinfo.fr\/remiremontinfo\/2019\/05\/syndicat-lassociation-de-parents-deleves-organise-marche-de-lecole\/\"},\"wordCount\":116,\"commentCount\":0,\"publisher\":{\"@id\":\"https:\/\/vosgesinfo.fr\/remiremontinfo\/#organization\"},\"image\":{\"@id\":\"https:\/\/vosgesinfo.fr\/remiremontinfo\/2019\/05\/syndicat-lassociation-de-parents-deleves-organise-marche-de-lecole\/#primaryimage\"},\"thumbnailUrl\":\"https:\/\/vosgesinfo.fr\/app\/uploads\/sites\/5\/2024\/09\/201905backpack-1836594-1280.jpg\",\"articleSection\":[\"La Bresse &amp; son canton\",\"Le Syndicat\",\"Loisirs\"],\"inLanguage\":\"fr-FR\",\"potentialAction\":[{\"@type\":\"CommentAction\",\"name\":\"Comment\",\"target\":[\"https:\/\/vosgesinfo.fr\/remiremontinfo\/2019\/05\/syndicat-lassociation-de-parents-deleves-organise-marche-de-lecole\/#respond\"]}]},{\"@type\":\"WebPage\",\"@id\":\"https:\/\/vosgesinfo.fr\/remiremontinfo\/2019\/05\/syndicat-lassociation-de-parents-deleves-organise-marche-de-lecole\/\",\"url\":\"https:\/\/vosgesinfo.fr\/remiremontinfo\/2019\/05\/syndicat-lassociation-de-parents-deleves-organise-marche-de-lecole\/\",\"name\":\"Le Syndicat : l'association de parents d'\u00e9l\u00e8ves organise la marche de l'\u00e9cole - Remiremont Info\",\"isPartOf\":{\"@id\":\"https:\/\/vosgesinfo.fr\/remiremontinfo\/#website\"},\"primaryImageOfPage\":{\"@id\":\"https:\/\/vosgesinfo.fr\/remiremontinfo\/2019\/05\/syndicat-lassociation-de-parents-deleves-organise-marche-de-lecole\/#primaryimage\"},\"image\":{\"@id\":\"https:\/\/vosgesinfo.fr\/remiremontinfo\/2019\/05\/syndicat-lassociation-de-parents-deleves-organise-marche-de-lecole\/#primaryimage\"},\"thumbnailUrl\":\"https:\/\/vosgesinfo.fr\/app\/uploads\/sites\/5\/2024\/09\/201905backpack-1836594-1280.jpg\",\"datePublished\":\"2019-05-21T04:56:48+00:00\",\"dateModified\":\"2019-05-21T04:56:48+00:00\",\"breadcrumb\":{\"@id\":\"https:\/\/vosgesinfo.fr\/remiremontinfo\/2019\/05\/syndicat-lassociation-de-parents-deleves-organise-marche-de-lecole\/#breadcrumb\"},\"inLanguage\":\"fr-FR\",\"potentialAction\":[{\"@type\":\"ReadAction\",\"target\":[\"https:\/\/vosgesinfo.fr\/remiremontinfo\/2019\/05\/syndicat-lassociation-de-parents-deleves-organise-marche-de-lecole\/\"]}]},{\"@type\":\"ImageObject\",\"inLanguage\":\"fr-FR\",\"@id\":\"https:\/\/vosgesinfo.fr\/remiremontinfo\/2019\/05\/syndicat-lassociation-de-parents-deleves-organise-marche-de-lecole\/#primaryimage\",\"url\":\"https:\/\/vosgesinfo.fr\/app\/uploads\/sites\/5\/2024\/09\/201905backpack-1836594-1280.jpg\",\"contentUrl\":\"https:\/\/vosgesinfo.fr\/app\/uploads\/sites\/5\/2024\/09\/201905backpack-1836594-1280.jpg\",\"width\":1280,\"height\":853},{\"@type\":\"BreadcrumbList\",\"@id\":\"https:\/\/vosgesinfo.fr\/remiremontinfo\/2019\/05\/syndicat-lassociation-de-parents-deleves-organise-marche-de-lecole\/#breadcrumb\",\"itemListElement\":[{\"@type\":\"ListItem\",\"position\":1,\"name\":\"Home\",\"item\":\"https:\/\/vosgesinfo.fr\/remiremontinfo\/\"},{\"@type\":\"ListItem\",\"position\":2,\"name\":\"Le Syndicat : l&rsquo;association de parents d&rsquo;\u00e9l\u00e8ves organise la marche de l&rsquo;\u00e9cole\"}]},{\"@type\":\"WebSite\",\"@id\":\"https:\/\/vosgesinfo.fr\/remiremontinfo\/#website\",\"url\":\"https:\/\/vosgesinfo.fr\/remiremontinfo\/\",\"name\":\"Remiremont Info\",\"description\":\"Toute l&#039;actualit\u00e9 de Remiremont\",\"publisher\":{\"@id\":\"https:\/\/vosgesinfo.fr\/remiremontinfo\/#organization\"},\"alternateName\":\"Toute l'actualit\u00e9 de Remiremont\",\"potentialAction\":[{\"@type\":\"SearchAction\",\"target\":{\"@type\":\"EntryPoint\",\"urlTemplate\":\"https:\/\/vosgesinfo.fr\/remiremontinfo\/?s={search_term_string}\"},\"query-input\":\"required name=search_term_string\"}],\"inLanguage\":\"fr-FR\"},{\"@type\":\"Organization\",\"@id\":\"https:\/\/vosgesinfo.fr\/remiremontinfo\/#organization\",\"name\":\"Remiremont Info\",\"url\":\"https:\/\/vosgesinfo.fr\/remiremontinfo\/\",\"logo\":{\"@type\":\"ImageObject\",\"inLanguage\":\"fr-FR\",\"@id\":\"https:\/\/vosgesinfo.fr\/remiremontinfo\/#\/schema\/logo\/image\/\",\"url\":\"https:\/\/vosgesinfo.fr\/app\/uploads\/sites\/5\/2023\/08\/favicon-remiremontinfo.png\",\"contentUrl\":\"https:\/\/vosgesinfo.fr\/app\/uploads\/sites\/5\/2023\/08\/favicon-remiremontinfo.png\",\"width\":512,\"height\":512,\"caption\":\"Remiremont Info\"},\"image\":{\"@id\":\"https:\/\/vosgesinfo.fr\/remiremontinfo\/#\/schema\/logo\/image\/\"},\"sameAs\":[\"https:\/\/www.facebook.com\/remiremontinfo\",\"https:\/\/x.com\/VosgesInfo88\",\"https:\/\/www.youtube.com\/@vosgesinfo\"]},{\"@type\":\"Person\",\"@id\":\"https:\/\/vosgesinfo.fr\/remiremontinfo\/#\/schema\/person\/3bfd164d5218a185b1db68655a265316\",\"name\":\"C D\",\"image\":{\"@type\":\"ImageObject\",\"inLanguage\":\"fr-FR\",\"@id\":\"https:\/\/vosgesinfo.fr\/remiremontinfo\/#\/schema\/person\/image\/\",\"url\":\"https:\/\/secure.gravatar.com\/avatar\/1f9a70007336511a47468b8f1c66f922b8b7cf617b02a31149ada43893a5d48f?s=96&d=mm&r=g\",\"contentUrl\":\"https:\/\/secure.gravatar.com\/avatar\/1f9a70007336511a47468b8f1c66f922b8b7cf617b02a31149ada43893a5d48f?s=96&d=mm&r=g\",\"caption\":\"C D\"},\"url\":\"https:\/\/vosgesinfo.fr\/remiremontinfo\/author\/cedric-drevet\/\"}]}<\/script>\n<!-- \/ Yoast SEO plugin. -->","yoast_head_json":{"title":"Le Syndicat : l'association de parents d'\u00e9l\u00e8ves organise la marche de l'\u00e9cole - Remiremont Info","robots":{"index":"index","follow":"follow","max-snippet":"max-snippet:-1","max-image-preview":"max-image-preview:large","max-video-preview":"max-video-preview:-1"},"canonical":"https:\/\/vosgesinfo.fr\/remiremontinfo\/2019\/05\/syndicat-lassociation-de-parents-deleves-organise-marche-de-lecole\/","twitter_card":"summary_large_image","twitter_title":"Le Syndicat : l'association de parents d'\u00e9l\u00e8ves organise la marche de l'\u00e9cole - Remiremont Info","twitter_description":"Avenir \u00c9cole, l&rsquo;association de parents d&rsquo;\u00e9l\u00e8ves de l&rsquo;\u00e9cole de Le Syndicat, organise la marche de l&rsquo;\u00e9cole le samedi 8 juin [&hellip;]","twitter_image":"https:\/\/vosgesinfo.fr\/app\/uploads\/sites\/5\/2024\/09\/201905backpack-1836594-1280.jpg","twitter_creator":"@VosgesInfo88","twitter_site":"@VosgesInfo88","twitter_misc":{"\u00c9crit par":"C D"},"schema":{"@context":"https:\/\/schema.org","@graph":[{"@type":"Article","@id":"https:\/\/vosgesinfo.fr\/remiremontinfo\/2019\/05\/syndicat-lassociation-de-parents-deleves-organise-marche-de-lecole\/#article","isPartOf":{"@id":"https:\/\/vosgesinfo.fr\/remiremontinfo\/2019\/05\/syndicat-lassociation-de-parents-deleves-organise-marche-de-lecole\/"},"author":{"name":"C D","@id":"https:\/\/vosgesinfo.fr\/remiremontinfo\/#\/schema\/person\/3bfd164d5218a185b1db68655a265316"},"headline":"Le Syndicat : l&rsquo;association de parents d&rsquo;\u00e9l\u00e8ves organise la marche de l&rsquo;\u00e9cole","datePublished":"2019-05-21T04:56:48+00:00","dateModified":"2019-05-21T04:56:48+00:00","mainEntityOfPage":{"@id":"https:\/\/vosgesinfo.fr\/remiremontinfo\/2019\/05\/syndicat-lassociation-de-parents-deleves-organise-marche-de-lecole\/"},"wordCount":116,"commentCount":0,"publisher":{"@id":"https:\/\/vosgesinfo.fr\/remiremontinfo\/#organization"},"image":{"@id":"https:\/\/vosgesinfo.fr\/remiremontinfo\/2019\/05\/syndicat-lassociation-de-parents-deleves-organise-marche-de-lecole\/#primaryimage"},"thumbnailUrl":"https:\/\/vosgesinfo.fr\/app\/uploads\/sites\/5\/2024\/09\/201905backpack-1836594-1280.jpg","articleSection":["La Bresse &amp; son canton","Le Syndicat","Loisirs"],"inLanguage":"fr-FR","potentialAction":[{"@type":"CommentAction","name":"Comment","target":["https:\/\/vosgesinfo.fr\/remiremontinfo\/2019\/05\/syndicat-lassociation-de-parents-deleves-organise-marche-de-lecole\/#respond"]}]},{"@type":"WebPage","@id":"https:\/\/vosgesinfo.fr\/remiremontinfo\/2019\/05\/syndicat-lassociation-de-parents-deleves-organise-marche-de-lecole\/","url":"https:\/\/vosgesinfo.fr\/remiremontinfo\/2019\/05\/syndicat-lassociation-de-parents-deleves-organise-marche-de-lecole\/","name":"Le Syndicat : l'association de parents d'\u00e9l\u00e8ves organise la marche de l'\u00e9cole - Remiremont Info","isPartOf":{"@id":"https:\/\/vosgesinfo.fr\/remiremontinfo\/#website"},"primaryImageOfPage":{"@id":"https:\/\/vosgesinfo.fr\/remiremontinfo\/2019\/05\/syndicat-lassociation-de-parents-deleves-organise-marche-de-lecole\/#primaryimage"},"image":{"@id":"https:\/\/vosgesinfo.fr\/remiremontinfo\/2019\/05\/syndicat-lassociation-de-parents-deleves-organise-marche-de-lecole\/#primaryimage"},"thumbnailUrl":"https:\/\/vosgesinfo.fr\/app\/uploads\/sites\/5\/2024\/09\/201905backpack-1836594-1280.jpg","datePublished":"2019-05-21T04:56:48+00:00","dateModified":"2019-05-21T04:56:48+00:00","breadcrumb":{"@id":"https:\/\/vosgesinfo.fr\/remiremontinfo\/2019\/05\/syndicat-lassociation-de-parents-deleves-organise-marche-de-lecole\/#breadcrumb"},"inLanguage":"fr-FR","potentialAction":[{"@type":"ReadAction","target":["https:\/\/vosgesinfo.fr\/remiremontinfo\/2019\/05\/syndicat-lassociation-de-parents-deleves-organise-marche-de-lecole\/"]}]},{"@type":"ImageObject","inLanguage":"fr-FR","@id":"https:\/\/vosgesinfo.fr\/remiremontinfo\/2019\/05\/syndicat-lassociation-de-parents-deleves-organise-marche-de-lecole\/#primaryimage","url":"https:\/\/vosgesinfo.fr\/app\/uploads\/sites\/5\/2024\/09\/201905backpack-1836594-1280.jpg","contentUrl":"https:\/\/vosgesinfo.fr\/app\/uploads\/sites\/5\/2024\/09\/201905backpack-1836594-1280.jpg","width":1280,"height":853},{"@type":"BreadcrumbList","@id":"https:\/\/vosgesinfo.fr\/remiremontinfo\/2019\/05\/syndicat-lassociation-de-parents-deleves-organise-marche-de-lecole\/#breadcrumb","itemListElement":[{"@type":"ListItem","position":1,"name":"Home","item":"https:\/\/vosgesinfo.fr\/remiremontinfo\/"},{"@type":"ListItem","position":2,"name":"Le Syndicat : l&rsquo;association de parents d&rsquo;\u00e9l\u00e8ves organise la marche de l&rsquo;\u00e9cole"}]},{"@type":"WebSite","@id":"https:\/\/vosgesinfo.fr\/remiremontinfo\/#website","url":"https:\/\/vosgesinfo.fr\/remiremontinfo\/","name":"Remiremont Info","description":"Toute l&#039;actualit\u00e9 de Remiremont","publisher":{"@id":"https:\/\/vosgesinfo.fr\/remiremontinfo\/#organization"},"alternateName":"Toute l'actualit\u00e9 de Remiremont","potentialAction":[{"@type":"SearchAction","target":{"@type":"EntryPoint","urlTemplate":"https:\/\/vosgesinfo.fr\/remiremontinfo\/?s={search_term_string}"},"query-input":"required name=search_term_string"}],"inLanguage":"fr-FR"},{"@type":"Organization","@id":"https:\/\/vosgesinfo.fr\/remiremontinfo\/#organization","name":"Remiremont Info","url":"https:\/\/vosgesinfo.fr\/remiremontinfo\/","logo":{"@type":"ImageObject","inLanguage":"fr-FR","@id":"https:\/\/vosgesinfo.fr\/remiremontinfo\/#\/schema\/logo\/image\/","url":"https:\/\/vosgesinfo.fr\/app\/uploads\/sites\/5\/2023\/08\/favicon-remiremontinfo.png","contentUrl":"https:\/\/vosgesinfo.fr\/app\/uploads\/sites\/5\/2023\/08\/favicon-remiremontinfo.png","width":512,"height":512,"caption":"Remiremont Info"},"image":{"@id":"https:\/\/vosgesinfo.fr\/remiremontinfo\/#\/schema\/logo\/image\/"},"sameAs":["https:\/\/www.facebook.com\/remiremontinfo","https:\/\/x.com\/VosgesInfo88","https:\/\/www.youtube.com\/@vosgesinfo"]},{"@type":"Person","@id":"https:\/\/vosgesinfo.fr\/remiremontinfo\/#\/schema\/person\/3bfd164d5218a185b1db68655a265316","name":"C D","image":{"@type":"ImageObject","inLanguage":"fr-FR","@id":"https:\/\/vosgesinfo.fr\/remiremontinfo\/#\/schema\/person\/image\/","url":"https:\/\/secure.gravatar.com\/avatar\/1f9a70007336511a47468b8f1c66f922b8b7cf617b02a31149ada43893a5d48f?s=96&d=mm&r=g","contentUrl":"https:\/\/secure.gravatar.com\/avatar\/1f9a70007336511a47468b8f1c66f922b8b7cf617b02a31149ada43893a5d48f?s=96&d=mm&r=g","caption":"C D"},"url":"https:\/\/vosgesinfo.fr\/remiremontinfo\/author\/cedric-drevet\/"}]}},"_links":{"self":[{"href":"https:\/\/vosgesinfo.fr\/remiremontinfo\/wp-json\/wp\/v2\/posts\/14576","targetHints":{"allow":["GET"]}}],"collection":[{"href":"https:\/\/vosgesinfo.fr\/remiremontinfo\/wp-json\/wp\/v2\/posts"}],"about":[{"href":"https:\/\/vosgesinfo.fr\/remiremontinfo\/wp-json\/wp\/v2\/types\/post"}],"author":[{"embeddable":true,"href":"https:\/\/vosgesinfo.fr\/remiremontinfo\/wp-json\/wp\/v2\/users\/407"}],"replies":[{"embeddable":true,"href":"https:\/\/vosgesinfo.fr\/remiremontinfo\/wp-json\/wp\/v2\/comments?post=14576"}],"version-history":[{"count":0,"href":"https:\/\/vosgesinfo.fr\/remiremontinfo\/wp-json\/wp\/v2\/posts\/14576\/revisions"}],"wp:featuredmedia":[{"embeddable":true,"href":"https:\/\/vosgesinfo.fr\/remiremontinfo\/wp-json\/wp\/v2\/media\/14577"}],"wp:attachment":[{"href":"https:\/\/vosgesinfo.fr\/remiremontinfo\/wp-json\/wp\/v2\/media?parent=14576"}],"wp:term":[{"taxonomy":"category","embeddable":true,"href":"https:\/\/vosgesinfo.fr\/remiremontinfo\/wp-json\/wp\/v2\/categories?post=14576"},{"taxonomy":"post_tag","embeddable":true,"href":"https:\/\/vosgesinfo.fr\/remiremontinfo\/wp-json\/wp\/v2\/tags?post=14576"}],"curies":[{"name":"wp","href":"https:\/\/api.w.org\/{rel}","templated":true}]}}