{"id":14611,"date":"2019-05-22T06:58:08","date_gmt":"2019-05-22T04:58:08","guid":{"rendered":"https:\/\/vosgesinfo.fr\/remiremontinfo\/2019\/05\/vagney-football-lequipe-a-se-qualifie-de-justesse\/"},"modified":"2019-05-22T06:58:08","modified_gmt":"2019-05-22T04:58:08","slug":"vagney-football-lequipe-a-se-qualifie-de-justesse","status":"publish","type":"post","link":"https:\/\/vosgesinfo.fr\/remiremontinfo\/2019\/05\/vagney-football-lequipe-a-se-qualifie-de-justesse\/","title":{"rendered":"Vagney : Football, l\u2019\u00e9quipe A se qualifie de justesse !"},"content":{"rendered":"<h2><a href=\"\/2019\/05\/plateau-debutants-18-mai.jpg\"><img decoding=\"async\" class=\"alignnone wp-image-259620 size-large\" src=\"\/2019\/05\/plateau-debutants-18-mai-1024x507.jpg\" alt=\"plateau debutants 18 mai\" width=\"960\" height=\"475\" \/><\/a><span style=\"font-size: 12pt;\"><strong>C\u2019est par un tout petit trou de souris, que les partenaires de Johan Toussaint se sont impos\u00e9s face aux visiteurs du jour ST-Di\u00e9 Kellermann. En effet, qu\u2019elle fut laborieuse cette qualification pour les1\/4 de finale de la coupe des Vosges\u2026.\u00a0! <\/strong><\/span><\/h2>\n<p>Il aura fallu revenir deux fois au score, tout d\u2019abord par Guillaume Cadet en premi\u00e8re mi-temps, puis au bout du bout du temps additionnel de la deuxi\u00e8me mi-temps gr\u00e2ce \u00e0 un coup de t\u00eate rageur de Kevin Alexandre pour que les Voinrauds \u00e9galisent 2-2 et se qualifient en se montrant plus adroits que leurs adversaires du jour au cours d\u2019une s\u00e9ance de tirs au but gagn\u00e9 5-3. Mais que ce fut dur \u2026.. et maintenant place au championnat, en esp\u00e9rant que cette victoire redonne de la confiance pour le d\u00e9nouement de cette saison que l\u2019on esp\u00e8re tous, heureux , pour les hommes de Franck Gigant.<\/p>\n<p><strong>Equipe B\u00a0:<\/strong> Pas dans un grand jour et quelque peu diminu\u00e9s, les r\u00e9servistes locaux se sont faits \u00e9limin\u00e9s chez les voisins de Remiremont ST-Etienne(2) qui leurs rendaient 2 divisions d\u2019\u00e9cart sur le score 3-3, mais battus dans l\u2019\u00e9preuve des tirs au but. Inefficaces et sans r\u00e9ussite ou plut\u00f4t avec une certaine maladresse, les attaquants auraient d\u00fb emmener leurs camarades vers la victoire, mais il n\u2019en fut rien et cette \u00e9limination est somme toute logique au vu de la prestation des hommes de Laurent Claudel .Les buteurs du jour sont Corentin Lazzarini, Paul Boulas et Maxime Cajelot.<\/p>\n<p><em><strong>Equipes de jeunes\u00a0:<\/strong><\/em><\/p>\n<p><strong>U18\u00a0:<\/strong> Encore une s\u00e9rieuse d\u00e9convenue pour les camarades de Thomas Jost battus s\u00e8chement 7-1 \u00e0 Arches. Ils n\u2019ont une nouvelle fois pas pu rivaliser avec leurs adversaires du jour beaucoup plus athl\u00e9tiques.<\/p>\n<p><strong>U15\u00a0:<\/strong> Encore tr\u00e8s incomplets, les copains de Joseph Pierrat se sont tout de m\u00eame impos\u00e9s 5-2 contre Remiremont (2). Dans un match sans grande saveur, L\u00e9o Claudel, Romain Holveck, venus en\u00a0 \u00ab\u00a0renfort\u00a0\u00bb des U13, ont r\u00e9alis\u00e9 chacun un beau doubl\u00e9 tandis que Antoine Leroy compl\u00e9tait le tableau des buteurs du jour.<\/p>\n<p><strong>U11\u00a0:<\/strong> A ST-Etienne face \u00e0 leurs h\u00f4tes du jour,les poulains de Jonathan C\u00f4me se sont impos\u00e9s 4-0 .No\u00e9 Arnould , auteur d\u2019un doubl\u00e9 ,Th\u00e9o Cameira et Andy Alberti sont les \u00ab\u00a0gol\u00e9adors\u00a0\u00bb du jour.<\/p>\n<p>D\u00e9butants\u00a0: Grosse effervescence sur la magnifique pelouse du stade des Viaux envahie par quelques 156 petits footballeurs pour le dernier plateau de la saison r\u00e9unissant les d\u00e9butants du secteur des Hautes Vosges. Sous la conduite de Georges, et dans ambiance chaleureuse, les futures stars du ballon rond ont enchain\u00e9 les matches sous le regard toujours attentif des nombreux parents venus les soutenir.<\/p>\n<p><em>G.COME<\/em><\/p>\n\n","protected":false},"excerpt":{"rendered":"<p>C\u2019est par un tout petit trou de souris, que les partenaires de Johan Toussaint se sont impos\u00e9s face aux visiteurs [&hellip;]<\/p>\n","protected":false},"author":407,"featured_media":14612,"comment_status":"open","ping_status":"open","sticky":false,"template":"","format":"standard","meta":{"footnotes":""},"categories":[26,25,14,36],"tags":[],"class_list":["post-14611","post","type-post","status-publish","format-standard","has-post-thumbnail","hentry","category-a-la-une","category-la-bresse-son-canton","category-sport","category-vagney"],"acf":[],"yoast_head":"<!-- This site is optimized with the Yoast SEO plugin v22.5 - https:\/\/yoast.com\/wordpress\/plugins\/seo\/ -->\n<title>Vagney : Football, l\u2019\u00e9quipe A se qualifie de justesse ! - Remiremont Info<\/title>\n<meta name=\"robots\" content=\"index, follow, max-snippet:-1, max-image-preview:large, max-video-preview:-1\" \/>\n<link rel=\"canonical\" href=\"https:\/\/vosgesinfo.fr\/remiremontinfo\/2019\/05\/vagney-football-lequipe-a-se-qualifie-de-justesse\/\" \/>\n<meta name=\"twitter:card\" content=\"summary_large_image\" \/>\n<meta name=\"twitter:title\" content=\"Vagney : Football, l\u2019\u00e9quipe A se qualifie de justesse ! - Remiremont Info\" \/>\n<meta name=\"twitter:description\" content=\"C\u2019est par un tout petit trou de souris, que les partenaires de Johan Toussaint se sont impos\u00e9s face aux visiteurs [&hellip;]\" \/>\n<meta name=\"twitter:image\" content=\"https:\/\/vosgesinfo.fr\/app\/uploads\/sites\/5\/2024\/09\/201905les-debutants-scaled.jpg\" \/>\n<meta name=\"twitter:creator\" content=\"@VosgesInfo88\" \/>\n<meta name=\"twitter:site\" content=\"@VosgesInfo88\" \/>\n<meta name=\"twitter:label1\" content=\"\u00c9crit par\" \/>\n\t<meta name=\"twitter:data1\" content=\"C D\" \/>\n\t<meta name=\"twitter:label2\" content=\"Dur\u00e9e de lecture estim\u00e9e\" \/>\n\t<meta name=\"twitter:data2\" content=\"2 minutes\" \/>\n<script type=\"application\/ld+json\" class=\"yoast-schema-graph\">{\"@context\":\"https:\/\/schema.org\",\"@graph\":[{\"@type\":\"Article\",\"@id\":\"https:\/\/vosgesinfo.fr\/remiremontinfo\/2019\/05\/vagney-football-lequipe-a-se-qualifie-de-justesse\/#article\",\"isPartOf\":{\"@id\":\"https:\/\/vosgesinfo.fr\/remiremontinfo\/2019\/05\/vagney-football-lequipe-a-se-qualifie-de-justesse\/\"},\"author\":{\"name\":\"C D\",\"@id\":\"https:\/\/vosgesinfo.fr\/remiremontinfo\/#\/schema\/person\/3bfd164d5218a185b1db68655a265316\"},\"headline\":\"Vagney : Football, l\u2019\u00e9quipe A se qualifie de justesse !\",\"datePublished\":\"2019-05-22T04:58:08+00:00\",\"dateModified\":\"2019-05-22T04:58:08+00:00\",\"mainEntityOfPage\":{\"@id\":\"https:\/\/vosgesinfo.fr\/remiremontinfo\/2019\/05\/vagney-football-lequipe-a-se-qualifie-de-justesse\/\"},\"wordCount\":475,\"commentCount\":0,\"publisher\":{\"@id\":\"https:\/\/vosgesinfo.fr\/remiremontinfo\/#organization\"},\"image\":{\"@id\":\"https:\/\/vosgesinfo.fr\/remiremontinfo\/2019\/05\/vagney-football-lequipe-a-se-qualifie-de-justesse\/#primaryimage\"},\"thumbnailUrl\":\"https:\/\/vosgesinfo.fr\/app\/uploads\/sites\/5\/2024\/09\/201905les-debutants-scaled.jpg\",\"articleSection\":[\"A la Une\",\"La Bresse &amp; son canton\",\"Sport\",\"Vagney\"],\"inLanguage\":\"fr-FR\",\"potentialAction\":[{\"@type\":\"CommentAction\",\"name\":\"Comment\",\"target\":[\"https:\/\/vosgesinfo.fr\/remiremontinfo\/2019\/05\/vagney-football-lequipe-a-se-qualifie-de-justesse\/#respond\"]}]},{\"@type\":\"WebPage\",\"@id\":\"https:\/\/vosgesinfo.fr\/remiremontinfo\/2019\/05\/vagney-football-lequipe-a-se-qualifie-de-justesse\/\",\"url\":\"https:\/\/vosgesinfo.fr\/remiremontinfo\/2019\/05\/vagney-football-lequipe-a-se-qualifie-de-justesse\/\",\"name\":\"Vagney : Football, l\u2019\u00e9quipe A se qualifie de justesse ! - Remiremont Info\",\"isPartOf\":{\"@id\":\"https:\/\/vosgesinfo.fr\/remiremontinfo\/#website\"},\"primaryImageOfPage\":{\"@id\":\"https:\/\/vosgesinfo.fr\/remiremontinfo\/2019\/05\/vagney-football-lequipe-a-se-qualifie-de-justesse\/#primaryimage\"},\"image\":{\"@id\":\"https:\/\/vosgesinfo.fr\/remiremontinfo\/2019\/05\/vagney-football-lequipe-a-se-qualifie-de-justesse\/#primaryimage\"},\"thumbnailUrl\":\"https:\/\/vosgesinfo.fr\/app\/uploads\/sites\/5\/2024\/09\/201905les-debutants-scaled.jpg\",\"datePublished\":\"2019-05-22T04:58:08+00:00\",\"dateModified\":\"2019-05-22T04:58:08+00:00\",\"breadcrumb\":{\"@id\":\"https:\/\/vosgesinfo.fr\/remiremontinfo\/2019\/05\/vagney-football-lequipe-a-se-qualifie-de-justesse\/#breadcrumb\"},\"inLanguage\":\"fr-FR\",\"potentialAction\":[{\"@type\":\"ReadAction\",\"target\":[\"https:\/\/vosgesinfo.fr\/remiremontinfo\/2019\/05\/vagney-football-lequipe-a-se-qualifie-de-justesse\/\"]}]},{\"@type\":\"ImageObject\",\"inLanguage\":\"fr-FR\",\"@id\":\"https:\/\/vosgesinfo.fr\/remiremontinfo\/2019\/05\/vagney-football-lequipe-a-se-qualifie-de-justesse\/#primaryimage\",\"url\":\"https:\/\/vosgesinfo.fr\/app\/uploads\/sites\/5\/2024\/09\/201905les-debutants-scaled.jpg\",\"contentUrl\":\"https:\/\/vosgesinfo.fr\/app\/uploads\/sites\/5\/2024\/09\/201905les-debutants-scaled.jpg\",\"width\":2560,\"height\":1936},{\"@type\":\"BreadcrumbList\",\"@id\":\"https:\/\/vosgesinfo.fr\/remiremontinfo\/2019\/05\/vagney-football-lequipe-a-se-qualifie-de-justesse\/#breadcrumb\",\"itemListElement\":[{\"@type\":\"ListItem\",\"position\":1,\"name\":\"Home\",\"item\":\"https:\/\/vosgesinfo.fr\/remiremontinfo\/\"},{\"@type\":\"ListItem\",\"position\":2,\"name\":\"Vagney : Football, l\u2019\u00e9quipe A se qualifie de justesse !\"}]},{\"@type\":\"WebSite\",\"@id\":\"https:\/\/vosgesinfo.fr\/remiremontinfo\/#website\",\"url\":\"https:\/\/vosgesinfo.fr\/remiremontinfo\/\",\"name\":\"Remiremont Info\",\"description\":\"Toute l&#039;actualit\u00e9 de Remiremont\",\"publisher\":{\"@id\":\"https:\/\/vosgesinfo.fr\/remiremontinfo\/#organization\"},\"alternateName\":\"Toute l'actualit\u00e9 de Remiremont\",\"potentialAction\":[{\"@type\":\"SearchAction\",\"target\":{\"@type\":\"EntryPoint\",\"urlTemplate\":\"https:\/\/vosgesinfo.fr\/remiremontinfo\/?s={search_term_string}\"},\"query-input\":\"required name=search_term_string\"}],\"inLanguage\":\"fr-FR\"},{\"@type\":\"Organization\",\"@id\":\"https:\/\/vosgesinfo.fr\/remiremontinfo\/#organization\",\"name\":\"Remiremont Info\",\"url\":\"https:\/\/vosgesinfo.fr\/remiremontinfo\/\",\"logo\":{\"@type\":\"ImageObject\",\"inLanguage\":\"fr-FR\",\"@id\":\"https:\/\/vosgesinfo.fr\/remiremontinfo\/#\/schema\/logo\/image\/\",\"url\":\"https:\/\/vosgesinfo.fr\/app\/uploads\/sites\/5\/2023\/08\/favicon-remiremontinfo.png\",\"contentUrl\":\"https:\/\/vosgesinfo.fr\/app\/uploads\/sites\/5\/2023\/08\/favicon-remiremontinfo.png\",\"width\":512,\"height\":512,\"caption\":\"Remiremont Info\"},\"image\":{\"@id\":\"https:\/\/vosgesinfo.fr\/remiremontinfo\/#\/schema\/logo\/image\/\"},\"sameAs\":[\"https:\/\/www.facebook.com\/remiremontinfo\",\"https:\/\/x.com\/VosgesInfo88\",\"https:\/\/www.youtube.com\/@vosgesinfo\"]},{\"@type\":\"Person\",\"@id\":\"https:\/\/vosgesinfo.fr\/remiremontinfo\/#\/schema\/person\/3bfd164d5218a185b1db68655a265316\",\"name\":\"C D\",\"image\":{\"@type\":\"ImageObject\",\"inLanguage\":\"fr-FR\",\"@id\":\"https:\/\/vosgesinfo.fr\/remiremontinfo\/#\/schema\/person\/image\/\",\"url\":\"https:\/\/secure.gravatar.com\/avatar\/1f9a70007336511a47468b8f1c66f922b8b7cf617b02a31149ada43893a5d48f?s=96&d=mm&r=g\",\"contentUrl\":\"https:\/\/secure.gravatar.com\/avatar\/1f9a70007336511a47468b8f1c66f922b8b7cf617b02a31149ada43893a5d48f?s=96&d=mm&r=g\",\"caption\":\"C D\"},\"url\":\"https:\/\/vosgesinfo.fr\/remiremontinfo\/author\/cedric-drevet\/\"}]}<\/script>\n<!-- \/ Yoast SEO plugin. -->","yoast_head_json":{"title":"Vagney : Football, l\u2019\u00e9quipe A se qualifie de justesse ! - Remiremont Info","robots":{"index":"index","follow":"follow","max-snippet":"max-snippet:-1","max-image-preview":"max-image-preview:large","max-video-preview":"max-video-preview:-1"},"canonical":"https:\/\/vosgesinfo.fr\/remiremontinfo\/2019\/05\/vagney-football-lequipe-a-se-qualifie-de-justesse\/","twitter_card":"summary_large_image","twitter_title":"Vagney : Football, l\u2019\u00e9quipe A se qualifie de justesse ! - Remiremont Info","twitter_description":"C\u2019est par un tout petit trou de souris, que les partenaires de Johan Toussaint se sont impos\u00e9s face aux visiteurs [&hellip;]","twitter_image":"https:\/\/vosgesinfo.fr\/app\/uploads\/sites\/5\/2024\/09\/201905les-debutants-scaled.jpg","twitter_creator":"@VosgesInfo88","twitter_site":"@VosgesInfo88","twitter_misc":{"\u00c9crit par":"C D","Dur\u00e9e de lecture estim\u00e9e":"2 minutes"},"schema":{"@context":"https:\/\/schema.org","@graph":[{"@type":"Article","@id":"https:\/\/vosgesinfo.fr\/remiremontinfo\/2019\/05\/vagney-football-lequipe-a-se-qualifie-de-justesse\/#article","isPartOf":{"@id":"https:\/\/vosgesinfo.fr\/remiremontinfo\/2019\/05\/vagney-football-lequipe-a-se-qualifie-de-justesse\/"},"author":{"name":"C D","@id":"https:\/\/vosgesinfo.fr\/remiremontinfo\/#\/schema\/person\/3bfd164d5218a185b1db68655a265316"},"headline":"Vagney : Football, l\u2019\u00e9quipe A se qualifie de justesse !","datePublished":"2019-05-22T04:58:08+00:00","dateModified":"2019-05-22T04:58:08+00:00","mainEntityOfPage":{"@id":"https:\/\/vosgesinfo.fr\/remiremontinfo\/2019\/05\/vagney-football-lequipe-a-se-qualifie-de-justesse\/"},"wordCount":475,"commentCount":0,"publisher":{"@id":"https:\/\/vosgesinfo.fr\/remiremontinfo\/#organization"},"image":{"@id":"https:\/\/vosgesinfo.fr\/remiremontinfo\/2019\/05\/vagney-football-lequipe-a-se-qualifie-de-justesse\/#primaryimage"},"thumbnailUrl":"https:\/\/vosgesinfo.fr\/app\/uploads\/sites\/5\/2024\/09\/201905les-debutants-scaled.jpg","articleSection":["A la Une","La Bresse &amp; son canton","Sport","Vagney"],"inLanguage":"fr-FR","potentialAction":[{"@type":"CommentAction","name":"Comment","target":["https:\/\/vosgesinfo.fr\/remiremontinfo\/2019\/05\/vagney-football-lequipe-a-se-qualifie-de-justesse\/#respond"]}]},{"@type":"WebPage","@id":"https:\/\/vosgesinfo.fr\/remiremontinfo\/2019\/05\/vagney-football-lequipe-a-se-qualifie-de-justesse\/","url":"https:\/\/vosgesinfo.fr\/remiremontinfo\/2019\/05\/vagney-football-lequipe-a-se-qualifie-de-justesse\/","name":"Vagney : Football, l\u2019\u00e9quipe A se qualifie de justesse ! - Remiremont Info","isPartOf":{"@id":"https:\/\/vosgesinfo.fr\/remiremontinfo\/#website"},"primaryImageOfPage":{"@id":"https:\/\/vosgesinfo.fr\/remiremontinfo\/2019\/05\/vagney-football-lequipe-a-se-qualifie-de-justesse\/#primaryimage"},"image":{"@id":"https:\/\/vosgesinfo.fr\/remiremontinfo\/2019\/05\/vagney-football-lequipe-a-se-qualifie-de-justesse\/#primaryimage"},"thumbnailUrl":"https:\/\/vosgesinfo.fr\/app\/uploads\/sites\/5\/2024\/09\/201905les-debutants-scaled.jpg","datePublished":"2019-05-22T04:58:08+00:00","dateModified":"2019-05-22T04:58:08+00:00","breadcrumb":{"@id":"https:\/\/vosgesinfo.fr\/remiremontinfo\/2019\/05\/vagney-football-lequipe-a-se-qualifie-de-justesse\/#breadcrumb"},"inLanguage":"fr-FR","potentialAction":[{"@type":"ReadAction","target":["https:\/\/vosgesinfo.fr\/remiremontinfo\/2019\/05\/vagney-football-lequipe-a-se-qualifie-de-justesse\/"]}]},{"@type":"ImageObject","inLanguage":"fr-FR","@id":"https:\/\/vosgesinfo.fr\/remiremontinfo\/2019\/05\/vagney-football-lequipe-a-se-qualifie-de-justesse\/#primaryimage","url":"https:\/\/vosgesinfo.fr\/app\/uploads\/sites\/5\/2024\/09\/201905les-debutants-scaled.jpg","contentUrl":"https:\/\/vosgesinfo.fr\/app\/uploads\/sites\/5\/2024\/09\/201905les-debutants-scaled.jpg","width":2560,"height":1936},{"@type":"BreadcrumbList","@id":"https:\/\/vosgesinfo.fr\/remiremontinfo\/2019\/05\/vagney-football-lequipe-a-se-qualifie-de-justesse\/#breadcrumb","itemListElement":[{"@type":"ListItem","position":1,"name":"Home","item":"https:\/\/vosgesinfo.fr\/remiremontinfo\/"},{"@type":"ListItem","position":2,"name":"Vagney : Football, l\u2019\u00e9quipe A se qualifie de justesse !"}]},{"@type":"WebSite","@id":"https:\/\/vosgesinfo.fr\/remiremontinfo\/#website","url":"https:\/\/vosgesinfo.fr\/remiremontinfo\/","name":"Remiremont Info","description":"Toute l&#039;actualit\u00e9 de Remiremont","publisher":{"@id":"https:\/\/vosgesinfo.fr\/remiremontinfo\/#organization"},"alternateName":"Toute l'actualit\u00e9 de Remiremont","potentialAction":[{"@type":"SearchAction","target":{"@type":"EntryPoint","urlTemplate":"https:\/\/vosgesinfo.fr\/remiremontinfo\/?s={search_term_string}"},"query-input":"required name=search_term_string"}],"inLanguage":"fr-FR"},{"@type":"Organization","@id":"https:\/\/vosgesinfo.fr\/remiremontinfo\/#organization","name":"Remiremont Info","url":"https:\/\/vosgesinfo.fr\/remiremontinfo\/","logo":{"@type":"ImageObject","inLanguage":"fr-FR","@id":"https:\/\/vosgesinfo.fr\/remiremontinfo\/#\/schema\/logo\/image\/","url":"https:\/\/vosgesinfo.fr\/app\/uploads\/sites\/5\/2023\/08\/favicon-remiremontinfo.png","contentUrl":"https:\/\/vosgesinfo.fr\/app\/uploads\/sites\/5\/2023\/08\/favicon-remiremontinfo.png","width":512,"height":512,"caption":"Remiremont Info"},"image":{"@id":"https:\/\/vosgesinfo.fr\/remiremontinfo\/#\/schema\/logo\/image\/"},"sameAs":["https:\/\/www.facebook.com\/remiremontinfo","https:\/\/x.com\/VosgesInfo88","https:\/\/www.youtube.com\/@vosgesinfo"]},{"@type":"Person","@id":"https:\/\/vosgesinfo.fr\/remiremontinfo\/#\/schema\/person\/3bfd164d5218a185b1db68655a265316","name":"C D","image":{"@type":"ImageObject","inLanguage":"fr-FR","@id":"https:\/\/vosgesinfo.fr\/remiremontinfo\/#\/schema\/person\/image\/","url":"https:\/\/secure.gravatar.com\/avatar\/1f9a70007336511a47468b8f1c66f922b8b7cf617b02a31149ada43893a5d48f?s=96&d=mm&r=g","contentUrl":"https:\/\/secure.gravatar.com\/avatar\/1f9a70007336511a47468b8f1c66f922b8b7cf617b02a31149ada43893a5d48f?s=96&d=mm&r=g","caption":"C D"},"url":"https:\/\/vosgesinfo.fr\/remiremontinfo\/author\/cedric-drevet\/"}]}},"_links":{"self":[{"href":"https:\/\/vosgesinfo.fr\/remiremontinfo\/wp-json\/wp\/v2\/posts\/14611","targetHints":{"allow":["GET"]}}],"collection":[{"href":"https:\/\/vosgesinfo.fr\/remiremontinfo\/wp-json\/wp\/v2\/posts"}],"about":[{"href":"https:\/\/vosgesinfo.fr\/remiremontinfo\/wp-json\/wp\/v2\/types\/post"}],"author":[{"embeddable":true,"href":"https:\/\/vosgesinfo.fr\/remiremontinfo\/wp-json\/wp\/v2\/users\/407"}],"replies":[{"embeddable":true,"href":"https:\/\/vosgesinfo.fr\/remiremontinfo\/wp-json\/wp\/v2\/comments?post=14611"}],"version-history":[{"count":0,"href":"https:\/\/vosgesinfo.fr\/remiremontinfo\/wp-json\/wp\/v2\/posts\/14611\/revisions"}],"wp:featuredmedia":[{"embeddable":true,"href":"https:\/\/vosgesinfo.fr\/remiremontinfo\/wp-json\/wp\/v2\/media\/14612"}],"wp:attachment":[{"href":"https:\/\/vosgesinfo.fr\/remiremontinfo\/wp-json\/wp\/v2\/media?parent=14611"}],"wp:term":[{"taxonomy":"category","embeddable":true,"href":"https:\/\/vosgesinfo.fr\/remiremontinfo\/wp-json\/wp\/v2\/categories?post=14611"},{"taxonomy":"post_tag","embeddable":true,"href":"https:\/\/vosgesinfo.fr\/remiremontinfo\/wp-json\/wp\/v2\/tags?post=14611"}],"curies":[{"name":"wp","href":"https:\/\/api.w.org\/{rel}","templated":true}]}}