{"id":1465,"date":"2023-09-26T11:25:23","date_gmt":"2023-09-26T09:25:23","guid":{"rendered":"https:\/\/vosgesinfo.fr\/remiremontinfo\/2023\/09\/saint-ame-emaform-a-repris-ses-cours\/"},"modified":"2023-09-26T11:25:23","modified_gmt":"2023-09-26T09:25:23","slug":"saint-ame-emaform-a-repris-ses-cours","status":"publish","type":"post","link":"https:\/\/vosgesinfo.fr\/remiremontinfo\/2023\/09\/saint-ame-emaform-a-repris-ses-cours\/","title":{"rendered":"Saint-Am\u00e9 : Em&rsquo;Aform a repris ses cours"},"content":{"rendered":"<p>&nbsp;<\/p>\n<p>Garder la forme avec Em\u2019Aform.<\/p>\n<p>L\u2019association Em\u2019Aform a repris ses cours \u00e0 Saint Am\u00e9 depuis deux semaines. Avec au programme trois cours collectifs r\u00e9partis sur trois jours les adh\u00e9rents ont de quoi<a href=\"https:\/\/remiremontinfo.fr\/wp-content\/uploads\/2023\/09\/20230922_175808.jpg\"><img decoding=\"async\" class=\"alignright size-medium wp-image-377090\" src=\"https:\/\/vosgesinfo.fr\/app\/uploads\/sites\/5\/2023\/09\/20230922-175808.jpg\" alt=\"20230922_175808\" width=\"115\" height=\"255\" \/><\/a> maintenir, ou retrouver, leur forme. Les cours sont d\u00e9contract\u00e9s, sympas et bien cibl\u00e9s, ils se pratiquent sous les conseils avis\u00e9s d\u2019Aur\u00e9lie, au son de musiques entrainantes. Pour une adh\u00e9sion annuelle de 175\u20ac (nouvelles adh\u00e9rentes) 150\u20ac (anciennes adh\u00e9rentes) ou un Pass de 10 entr\u00e9es (40\u20ac) chacune (un) a libre acc\u00e8s aux diff\u00e9rents cours, \u00e0 savoir\u00a0: Le mercredi, salle paroissiale, Circuit training de 18 \u00e0 19h \u2013 Piloxing de 19 \u00e0 20h \u2013 pil\u00e2tes de 20 \u00e0 21h. Le jeudi, salle polyvalente, Pil\u00e2tes de 10 \u00e0 10h \u2013 renforcement musculaire de 11 \u00e0 12h. Le vendredi, salle des Kyriol\u00e9s, Zumba de 17h45 \u00e0 18h45 \u2013 Strong Nation de 18h45 \u00e0 19h45.<\/p>\n<p>Le mercredi, salle paroissiale de 15h30 \u00e0 17h30 Zumba Kids (t\u00e9l\u00e9phoner pour les renseignements enfants).<\/p>\n<p>N\u2019h\u00e9sitez pas \u00e0 t\u00e9l\u00e9phoner pour tout renseignement suppl\u00e9mentaire concernant les cours ou l\u2019adh\u00e9sion\u00a0 : Elodie 06 82 01 21 22 ou Coralie 06 87 66 16 88 \u2013 infos contact\u00a0: emaforme88@outlook.fr<\/p>\n<p>les adh\u00e9rents ont de quoi maintenir ou retrouver, leur forme. Les cours sont d\u00e9contract\u00e9s, sympas et bien cibl\u00e9s, ils se pratiquent sous les conseils avis\u00e9s d\u2019Aur\u00e9lie, au son de musiques entrainantes. Pour une adh\u00e9sion annuelle de 175\u20ac (nouvelles adh\u00e9rentes) 150\u20ac (anciennes adh\u00e9rentes) ou un Pass de 10 entr\u00e9es (40\u20ac) chacune (un) a libre acc\u00e8s aux diff\u00e9rents cours, \u00e0 savoir\u00a0: Le mercredi, salle paroissiale, Circuit training de 18 \u00e0 19h \u2013 Piloxing de 19 \u00e0 20h \u2013 pil\u00e2tes de 20 \u00e0 21h. Le jeudi, salle polyvalente, Pil\u00e2tes de 10 \u00e0 10h renforcement musculaire de 11 \u00e0 12h. Le vendredi, salle des Kyriol\u00e9s, Zumba de 17h45 \u00e0 18h45 \u2013 Strong Nation de 18h45 \u00e0 19h45.<\/p>\n<p>Le mercredi, salle paroissiale de 15h30 \u00e0 17h30 Zumba Kids (t\u00e9l\u00e9phoner pour les renseignements enfants).<\/p>\n<p>Pour tout renseignement suppl\u00e9mentaire concernant les cours ou l\u2019adh\u00e9sion Elodie 06 82 01 21 22 ou Coralie 06 87 66 16 88 \u2013 infos contact\u00a0: emaforme88@outlook.fr<\/p>\n","protected":false},"excerpt":{"rendered":"<p>&nbsp; Garder la forme avec Em\u2019Aform. L\u2019association Em\u2019Aform a repris ses cours \u00e0 Saint Am\u00e9 depuis deux semaines. Avec au [&hellip;]<\/p>\n","protected":false},"author":412,"featured_media":1466,"comment_status":"open","ping_status":"open","sticky":false,"template":"","format":"standard","meta":{"footnotes":""},"categories":[26,35,223,18],"tags":[225,61,32],"class_list":["post-1465","post","type-post","status-publish","format-standard","has-post-thumbnail","hentry","category-a-la-une","category-remiremont-son-canton","category-saint-ame","category-vosges","tag-saint-ame","tag-sport","tag-vosges"],"acf":[],"yoast_head":"<!-- This site is optimized with the Yoast SEO plugin v22.5 - https:\/\/yoast.com\/wordpress\/plugins\/seo\/ -->\n<title>Saint-Am\u00e9 : Em&#039;Aform a repris ses cours - Remiremont Info<\/title>\n<meta name=\"robots\" content=\"index, follow, max-snippet:-1, max-image-preview:large, max-video-preview:-1\" \/>\n<link rel=\"canonical\" href=\"https:\/\/vosgesinfo.fr\/remiremontinfo\/2023\/09\/saint-ame-emaform-a-repris-ses-cours\/\" \/>\n<meta name=\"twitter:card\" content=\"summary_large_image\" \/>\n<meta name=\"twitter:title\" content=\"Saint-Am\u00e9 : Em&#039;Aform a repris ses cours - Remiremont Info\" \/>\n<meta name=\"twitter:description\" content=\"&nbsp; Garder la forme avec Em\u2019Aform. L\u2019association Em\u2019Aform a repris ses cours \u00e0 Saint Am\u00e9 depuis deux semaines. Avec au [&hellip;]\" \/>\n<meta name=\"twitter:image\" content=\"https:\/\/vosgesinfo.fr\/app\/uploads\/sites\/5\/2023\/09\/20230922-175757.jpg\" \/>\n<meta name=\"twitter:creator\" content=\"@VosgesInfo88\" \/>\n<meta name=\"twitter:site\" content=\"@VosgesInfo88\" \/>\n<meta name=\"twitter:label1\" content=\"\u00c9crit par\" \/>\n\t<meta name=\"twitter:data1\" content=\"Stany Maurice\" \/>\n\t<meta name=\"twitter:label2\" content=\"Dur\u00e9e de lecture estim\u00e9e\" \/>\n\t<meta name=\"twitter:data2\" content=\"2 minutes\" \/>\n<script type=\"application\/ld+json\" class=\"yoast-schema-graph\">{\"@context\":\"https:\/\/schema.org\",\"@graph\":[{\"@type\":\"Article\",\"@id\":\"https:\/\/vosgesinfo.fr\/remiremontinfo\/2023\/09\/saint-ame-emaform-a-repris-ses-cours\/#article\",\"isPartOf\":{\"@id\":\"https:\/\/vosgesinfo.fr\/remiremontinfo\/2023\/09\/saint-ame-emaform-a-repris-ses-cours\/\"},\"author\":{\"name\":\"Stany Maurice\",\"@id\":\"https:\/\/vosgesinfo.fr\/remiremontinfo\/#\/schema\/person\/bec388675ce53b5a637aec04392f977e\"},\"headline\":\"Saint-Am\u00e9 : Em&rsquo;Aform a repris ses cours\",\"datePublished\":\"2023-09-26T09:25:23+00:00\",\"dateModified\":\"2023-09-26T09:25:23+00:00\",\"mainEntityOfPage\":{\"@id\":\"https:\/\/vosgesinfo.fr\/remiremontinfo\/2023\/09\/saint-ame-emaform-a-repris-ses-cours\/\"},\"wordCount\":335,\"commentCount\":0,\"publisher\":{\"@id\":\"https:\/\/vosgesinfo.fr\/remiremontinfo\/#organization\"},\"image\":{\"@id\":\"https:\/\/vosgesinfo.fr\/remiremontinfo\/2023\/09\/saint-ame-emaform-a-repris-ses-cours\/#primaryimage\"},\"thumbnailUrl\":\"https:\/\/vosgesinfo.fr\/app\/uploads\/sites\/5\/2023\/09\/20230922-175757.jpg\",\"keywords\":[\"saint-am\u00e9\",\"sport\",\"Vosges\"],\"articleSection\":[\"A la Une\",\"Remiremont &amp; son canton\",\"Saint-Am\u00e9\",\"Vosges\"],\"inLanguage\":\"fr-FR\",\"potentialAction\":[{\"@type\":\"CommentAction\",\"name\":\"Comment\",\"target\":[\"https:\/\/vosgesinfo.fr\/remiremontinfo\/2023\/09\/saint-ame-emaform-a-repris-ses-cours\/#respond\"]}]},{\"@type\":\"WebPage\",\"@id\":\"https:\/\/vosgesinfo.fr\/remiremontinfo\/2023\/09\/saint-ame-emaform-a-repris-ses-cours\/\",\"url\":\"https:\/\/vosgesinfo.fr\/remiremontinfo\/2023\/09\/saint-ame-emaform-a-repris-ses-cours\/\",\"name\":\"Saint-Am\u00e9 : Em'Aform a repris ses cours - Remiremont Info\",\"isPartOf\":{\"@id\":\"https:\/\/vosgesinfo.fr\/remiremontinfo\/#website\"},\"primaryImageOfPage\":{\"@id\":\"https:\/\/vosgesinfo.fr\/remiremontinfo\/2023\/09\/saint-ame-emaform-a-repris-ses-cours\/#primaryimage\"},\"image\":{\"@id\":\"https:\/\/vosgesinfo.fr\/remiremontinfo\/2023\/09\/saint-ame-emaform-a-repris-ses-cours\/#primaryimage\"},\"thumbnailUrl\":\"https:\/\/vosgesinfo.fr\/app\/uploads\/sites\/5\/2023\/09\/20230922-175757.jpg\",\"datePublished\":\"2023-09-26T09:25:23+00:00\",\"dateModified\":\"2023-09-26T09:25:23+00:00\",\"breadcrumb\":{\"@id\":\"https:\/\/vosgesinfo.fr\/remiremontinfo\/2023\/09\/saint-ame-emaform-a-repris-ses-cours\/#breadcrumb\"},\"inLanguage\":\"fr-FR\",\"potentialAction\":[{\"@type\":\"ReadAction\",\"target\":[\"https:\/\/vosgesinfo.fr\/remiremontinfo\/2023\/09\/saint-ame-emaform-a-repris-ses-cours\/\"]}]},{\"@type\":\"ImageObject\",\"inLanguage\":\"fr-FR\",\"@id\":\"https:\/\/vosgesinfo.fr\/remiremontinfo\/2023\/09\/saint-ame-emaform-a-repris-ses-cours\/#primaryimage\",\"url\":\"https:\/\/vosgesinfo.fr\/app\/uploads\/sites\/5\/2023\/09\/20230922-175757.jpg\",\"contentUrl\":\"https:\/\/vosgesinfo.fr\/app\/uploads\/sites\/5\/2023\/09\/20230922-175757.jpg\",\"width\":1600,\"height\":720},{\"@type\":\"BreadcrumbList\",\"@id\":\"https:\/\/vosgesinfo.fr\/remiremontinfo\/2023\/09\/saint-ame-emaform-a-repris-ses-cours\/#breadcrumb\",\"itemListElement\":[{\"@type\":\"ListItem\",\"position\":1,\"name\":\"Home\",\"item\":\"https:\/\/vosgesinfo.fr\/remiremontinfo\/\"},{\"@type\":\"ListItem\",\"position\":2,\"name\":\"Saint-Am\u00e9 : Em&rsquo;Aform a repris ses cours\"}]},{\"@type\":\"WebSite\",\"@id\":\"https:\/\/vosgesinfo.fr\/remiremontinfo\/#website\",\"url\":\"https:\/\/vosgesinfo.fr\/remiremontinfo\/\",\"name\":\"Remiremont Info\",\"description\":\"Toute l&#039;actualit\u00e9 de Remiremont\",\"publisher\":{\"@id\":\"https:\/\/vosgesinfo.fr\/remiremontinfo\/#organization\"},\"alternateName\":\"Toute l'actualit\u00e9 de Remiremont\",\"potentialAction\":[{\"@type\":\"SearchAction\",\"target\":{\"@type\":\"EntryPoint\",\"urlTemplate\":\"https:\/\/vosgesinfo.fr\/remiremontinfo\/?s={search_term_string}\"},\"query-input\":\"required name=search_term_string\"}],\"inLanguage\":\"fr-FR\"},{\"@type\":\"Organization\",\"@id\":\"https:\/\/vosgesinfo.fr\/remiremontinfo\/#organization\",\"name\":\"Remiremont Info\",\"url\":\"https:\/\/vosgesinfo.fr\/remiremontinfo\/\",\"logo\":{\"@type\":\"ImageObject\",\"inLanguage\":\"fr-FR\",\"@id\":\"https:\/\/vosgesinfo.fr\/remiremontinfo\/#\/schema\/logo\/image\/\",\"url\":\"https:\/\/vosgesinfo.fr\/app\/uploads\/sites\/5\/2023\/08\/favicon-remiremontinfo.png\",\"contentUrl\":\"https:\/\/vosgesinfo.fr\/app\/uploads\/sites\/5\/2023\/08\/favicon-remiremontinfo.png\",\"width\":512,\"height\":512,\"caption\":\"Remiremont Info\"},\"image\":{\"@id\":\"https:\/\/vosgesinfo.fr\/remiremontinfo\/#\/schema\/logo\/image\/\"},\"sameAs\":[\"https:\/\/www.facebook.com\/remiremontinfo\",\"https:\/\/x.com\/VosgesInfo88\",\"https:\/\/www.youtube.com\/@vosgesinfo\"]},{\"@type\":\"Person\",\"@id\":\"https:\/\/vosgesinfo.fr\/remiremontinfo\/#\/schema\/person\/bec388675ce53b5a637aec04392f977e\",\"name\":\"Stany Maurice\",\"image\":{\"@type\":\"ImageObject\",\"inLanguage\":\"fr-FR\",\"@id\":\"https:\/\/vosgesinfo.fr\/remiremontinfo\/#\/schema\/person\/image\/\",\"url\":\"https:\/\/secure.gravatar.com\/avatar\/68520b0c74251371bd10958bd19c3ce39a212093b8fff0dc3edbfcfddd089807?s=96&d=mm&r=g\",\"contentUrl\":\"https:\/\/secure.gravatar.com\/avatar\/68520b0c74251371bd10958bd19c3ce39a212093b8fff0dc3edbfcfddd089807?s=96&d=mm&r=g\",\"caption\":\"Stany Maurice\"},\"url\":\"https:\/\/vosgesinfo.fr\/remiremontinfo\/author\/s-maurice\/\"}]}<\/script>\n<!-- \/ Yoast SEO plugin. -->","yoast_head_json":{"title":"Saint-Am\u00e9 : Em'Aform a repris ses cours - Remiremont Info","robots":{"index":"index","follow":"follow","max-snippet":"max-snippet:-1","max-image-preview":"max-image-preview:large","max-video-preview":"max-video-preview:-1"},"canonical":"https:\/\/vosgesinfo.fr\/remiremontinfo\/2023\/09\/saint-ame-emaform-a-repris-ses-cours\/","twitter_card":"summary_large_image","twitter_title":"Saint-Am\u00e9 : Em'Aform a repris ses cours - Remiremont Info","twitter_description":"&nbsp; Garder la forme avec Em\u2019Aform. L\u2019association Em\u2019Aform a repris ses cours \u00e0 Saint Am\u00e9 depuis deux semaines. Avec au [&hellip;]","twitter_image":"https:\/\/vosgesinfo.fr\/app\/uploads\/sites\/5\/2023\/09\/20230922-175757.jpg","twitter_creator":"@VosgesInfo88","twitter_site":"@VosgesInfo88","twitter_misc":{"\u00c9crit par":"Stany Maurice","Dur\u00e9e de lecture estim\u00e9e":"2 minutes"},"schema":{"@context":"https:\/\/schema.org","@graph":[{"@type":"Article","@id":"https:\/\/vosgesinfo.fr\/remiremontinfo\/2023\/09\/saint-ame-emaform-a-repris-ses-cours\/#article","isPartOf":{"@id":"https:\/\/vosgesinfo.fr\/remiremontinfo\/2023\/09\/saint-ame-emaform-a-repris-ses-cours\/"},"author":{"name":"Stany Maurice","@id":"https:\/\/vosgesinfo.fr\/remiremontinfo\/#\/schema\/person\/bec388675ce53b5a637aec04392f977e"},"headline":"Saint-Am\u00e9 : Em&rsquo;Aform a repris ses cours","datePublished":"2023-09-26T09:25:23+00:00","dateModified":"2023-09-26T09:25:23+00:00","mainEntityOfPage":{"@id":"https:\/\/vosgesinfo.fr\/remiremontinfo\/2023\/09\/saint-ame-emaform-a-repris-ses-cours\/"},"wordCount":335,"commentCount":0,"publisher":{"@id":"https:\/\/vosgesinfo.fr\/remiremontinfo\/#organization"},"image":{"@id":"https:\/\/vosgesinfo.fr\/remiremontinfo\/2023\/09\/saint-ame-emaform-a-repris-ses-cours\/#primaryimage"},"thumbnailUrl":"https:\/\/vosgesinfo.fr\/app\/uploads\/sites\/5\/2023\/09\/20230922-175757.jpg","keywords":["saint-am\u00e9","sport","Vosges"],"articleSection":["A la Une","Remiremont &amp; son canton","Saint-Am\u00e9","Vosges"],"inLanguage":"fr-FR","potentialAction":[{"@type":"CommentAction","name":"Comment","target":["https:\/\/vosgesinfo.fr\/remiremontinfo\/2023\/09\/saint-ame-emaform-a-repris-ses-cours\/#respond"]}]},{"@type":"WebPage","@id":"https:\/\/vosgesinfo.fr\/remiremontinfo\/2023\/09\/saint-ame-emaform-a-repris-ses-cours\/","url":"https:\/\/vosgesinfo.fr\/remiremontinfo\/2023\/09\/saint-ame-emaform-a-repris-ses-cours\/","name":"Saint-Am\u00e9 : Em'Aform a repris ses cours - Remiremont Info","isPartOf":{"@id":"https:\/\/vosgesinfo.fr\/remiremontinfo\/#website"},"primaryImageOfPage":{"@id":"https:\/\/vosgesinfo.fr\/remiremontinfo\/2023\/09\/saint-ame-emaform-a-repris-ses-cours\/#primaryimage"},"image":{"@id":"https:\/\/vosgesinfo.fr\/remiremontinfo\/2023\/09\/saint-ame-emaform-a-repris-ses-cours\/#primaryimage"},"thumbnailUrl":"https:\/\/vosgesinfo.fr\/app\/uploads\/sites\/5\/2023\/09\/20230922-175757.jpg","datePublished":"2023-09-26T09:25:23+00:00","dateModified":"2023-09-26T09:25:23+00:00","breadcrumb":{"@id":"https:\/\/vosgesinfo.fr\/remiremontinfo\/2023\/09\/saint-ame-emaform-a-repris-ses-cours\/#breadcrumb"},"inLanguage":"fr-FR","potentialAction":[{"@type":"ReadAction","target":["https:\/\/vosgesinfo.fr\/remiremontinfo\/2023\/09\/saint-ame-emaform-a-repris-ses-cours\/"]}]},{"@type":"ImageObject","inLanguage":"fr-FR","@id":"https:\/\/vosgesinfo.fr\/remiremontinfo\/2023\/09\/saint-ame-emaform-a-repris-ses-cours\/#primaryimage","url":"https:\/\/vosgesinfo.fr\/app\/uploads\/sites\/5\/2023\/09\/20230922-175757.jpg","contentUrl":"https:\/\/vosgesinfo.fr\/app\/uploads\/sites\/5\/2023\/09\/20230922-175757.jpg","width":1600,"height":720},{"@type":"BreadcrumbList","@id":"https:\/\/vosgesinfo.fr\/remiremontinfo\/2023\/09\/saint-ame-emaform-a-repris-ses-cours\/#breadcrumb","itemListElement":[{"@type":"ListItem","position":1,"name":"Home","item":"https:\/\/vosgesinfo.fr\/remiremontinfo\/"},{"@type":"ListItem","position":2,"name":"Saint-Am\u00e9 : Em&rsquo;Aform a repris ses cours"}]},{"@type":"WebSite","@id":"https:\/\/vosgesinfo.fr\/remiremontinfo\/#website","url":"https:\/\/vosgesinfo.fr\/remiremontinfo\/","name":"Remiremont Info","description":"Toute l&#039;actualit\u00e9 de Remiremont","publisher":{"@id":"https:\/\/vosgesinfo.fr\/remiremontinfo\/#organization"},"alternateName":"Toute l'actualit\u00e9 de Remiremont","potentialAction":[{"@type":"SearchAction","target":{"@type":"EntryPoint","urlTemplate":"https:\/\/vosgesinfo.fr\/remiremontinfo\/?s={search_term_string}"},"query-input":"required name=search_term_string"}],"inLanguage":"fr-FR"},{"@type":"Organization","@id":"https:\/\/vosgesinfo.fr\/remiremontinfo\/#organization","name":"Remiremont Info","url":"https:\/\/vosgesinfo.fr\/remiremontinfo\/","logo":{"@type":"ImageObject","inLanguage":"fr-FR","@id":"https:\/\/vosgesinfo.fr\/remiremontinfo\/#\/schema\/logo\/image\/","url":"https:\/\/vosgesinfo.fr\/app\/uploads\/sites\/5\/2023\/08\/favicon-remiremontinfo.png","contentUrl":"https:\/\/vosgesinfo.fr\/app\/uploads\/sites\/5\/2023\/08\/favicon-remiremontinfo.png","width":512,"height":512,"caption":"Remiremont Info"},"image":{"@id":"https:\/\/vosgesinfo.fr\/remiremontinfo\/#\/schema\/logo\/image\/"},"sameAs":["https:\/\/www.facebook.com\/remiremontinfo","https:\/\/x.com\/VosgesInfo88","https:\/\/www.youtube.com\/@vosgesinfo"]},{"@type":"Person","@id":"https:\/\/vosgesinfo.fr\/remiremontinfo\/#\/schema\/person\/bec388675ce53b5a637aec04392f977e","name":"Stany Maurice","image":{"@type":"ImageObject","inLanguage":"fr-FR","@id":"https:\/\/vosgesinfo.fr\/remiremontinfo\/#\/schema\/person\/image\/","url":"https:\/\/secure.gravatar.com\/avatar\/68520b0c74251371bd10958bd19c3ce39a212093b8fff0dc3edbfcfddd089807?s=96&d=mm&r=g","contentUrl":"https:\/\/secure.gravatar.com\/avatar\/68520b0c74251371bd10958bd19c3ce39a212093b8fff0dc3edbfcfddd089807?s=96&d=mm&r=g","caption":"Stany Maurice"},"url":"https:\/\/vosgesinfo.fr\/remiremontinfo\/author\/s-maurice\/"}]}},"_links":{"self":[{"href":"https:\/\/vosgesinfo.fr\/remiremontinfo\/wp-json\/wp\/v2\/posts\/1465","targetHints":{"allow":["GET"]}}],"collection":[{"href":"https:\/\/vosgesinfo.fr\/remiremontinfo\/wp-json\/wp\/v2\/posts"}],"about":[{"href":"https:\/\/vosgesinfo.fr\/remiremontinfo\/wp-json\/wp\/v2\/types\/post"}],"author":[{"embeddable":true,"href":"https:\/\/vosgesinfo.fr\/remiremontinfo\/wp-json\/wp\/v2\/users\/412"}],"replies":[{"embeddable":true,"href":"https:\/\/vosgesinfo.fr\/remiremontinfo\/wp-json\/wp\/v2\/comments?post=1465"}],"version-history":[{"count":0,"href":"https:\/\/vosgesinfo.fr\/remiremontinfo\/wp-json\/wp\/v2\/posts\/1465\/revisions"}],"wp:featuredmedia":[{"embeddable":true,"href":"https:\/\/vosgesinfo.fr\/remiremontinfo\/wp-json\/wp\/v2\/media\/1466"}],"wp:attachment":[{"href":"https:\/\/vosgesinfo.fr\/remiremontinfo\/wp-json\/wp\/v2\/media?parent=1465"}],"wp:term":[{"taxonomy":"category","embeddable":true,"href":"https:\/\/vosgesinfo.fr\/remiremontinfo\/wp-json\/wp\/v2\/categories?post=1465"},{"taxonomy":"post_tag","embeddable":true,"href":"https:\/\/vosgesinfo.fr\/remiremontinfo\/wp-json\/wp\/v2\/tags?post=1465"}],"curies":[{"name":"wp","href":"https:\/\/api.w.org\/{rel}","templated":true}]}}