{"id":14775,"date":"2019-05-25T07:38:25","date_gmt":"2019-05-25T05:38:25","guid":{"rendered":"https:\/\/vosgesinfo.fr\/remiremontinfo\/2019\/05\/syndicat-sapeurs-pompiers-volontaires-se-preparent-aux-feux-de-foret\/"},"modified":"2019-05-25T07:38:25","modified_gmt":"2019-05-25T05:38:25","slug":"syndicat-sapeurs-pompiers-volontaires-se-preparent-aux-feux-de-foret","status":"publish","type":"post","link":"https:\/\/vosgesinfo.fr\/remiremontinfo\/2019\/05\/syndicat-sapeurs-pompiers-volontaires-se-preparent-aux-feux-de-foret\/","title":{"rendered":"Le Syndicat : les Sapeurs-Pompiers volontaires se pr\u00e9parent aux feux de for\u00eat"},"content":{"rendered":"<p class=\"p2\"><a href=\"\/2019\/05\/P1120607.jpg\"><img decoding=\"async\" class=\"alignnone wp-image-259889 size-large\" src=\"\/2019\/05\/P1120607-1024x768.jpg\" alt=\"P1120607\" width=\"960\" height=\"720\" \/><\/a><\/p>\n<h2 class=\"p2\"><span style=\"font-size: 12pt;\"><strong><span class=\"s1\">Les sapeurs pompiers volontaires du Syndicat se sont rassembl\u00e9s ce matin en face de la caserne, pour une journ\u00e9e d\u2019exercice de pr\u00e9paration \u00e0 la lutte contre le feu en milieu forestier. Deux groupes vont se succ\u00e9der pour cette manoeuvre locale : un groupe ce matin, l\u2019autre cet apr\u00e8s midi.<\/span><\/strong><\/span><\/h2>\n<p class=\"p2\"><span class=\"s1\">L\u2019enjeu est tr\u00e8s important dans le d\u00e9partement.<em> \u00ab\u00a060% du massif vosgien est compos\u00e9 de for\u00eat\u00a0\u00bb<\/em>, rappelle le commandant Fr\u00e9d\u00e9ric Thioli\u00e8re <em>\u00ab\u00a0On a des risques li\u00e9s au d\u00e9ficit hydrique. Une d\u00e9g\u00e9n\u00e9rescence de certaines esp\u00e8ces d\u2019arbre, beaucoup de bois mort. La moindre imprudence peut d\u00e9boucher sur un feu de for\u00eat. Et on a un risque qui s\u2019accentue\u00a0\u00bb<\/em>.<\/span><\/p>\n<p class=\"p2\"><span class=\"s1\">L\u2019objectif, c\u2019est de continuer \u00e0 entretenir les bons r\u00e9flexes et se pr\u00e9parer aux probl\u00e8mes sp\u00e9cifiques pos\u00e9s par les feux de for\u00eat. Tout d\u2019abord la difficult\u00e9s d\u2019acc\u00e8s<em> \u00ab\u00a0Il faut connaitre la topographie\u00a0\u00bb,<\/em> explique Fr\u00e9d\u00e9ric Thioli\u00e8re. D\u2019autant que c\u2019est un feu tr\u00e8s mobile. <em>\u00ab\u00a0Et l\u2019on ne trouve pas d\u2019eau partout. Il faut mettre en place un circuit par alimenter en eau\u00a0\u00bb<\/em>. Et aussi savoir utiliser les points d\u2019eau naturels : ruisseaux, rivi\u00e8res, etc. <em>\u00ab\u00a0Chaque pompier a une part d\u2019\u00e9cologiste en lui : prot\u00e9ger notre environnement, notre patrimoine forestier\u00a0\u00bb.<\/em><\/span><\/p>\n\n","protected":false},"excerpt":{"rendered":"<p>Les sapeurs pompiers volontaires du Syndicat se sont rassembl\u00e9s ce matin en face de la caserne, pour une journ\u00e9e d\u2019exercice [&hellip;]<\/p>\n","protected":false},"author":407,"featured_media":14776,"comment_status":"open","ping_status":"open","sticky":false,"template":"","format":"standard","meta":{"footnotes":""},"categories":[26,7,25,1579,95],"tags":[],"class_list":["post-14775","post","type-post","status-publish","format-standard","has-post-thumbnail","hentry","category-a-la-une","category-environnement","category-la-bresse-son-canton","category-le-syndicat-la-bresse-son-canton","category-securite"],"acf":[],"yoast_head":"<!-- This site is optimized with the Yoast SEO plugin v22.5 - https:\/\/yoast.com\/wordpress\/plugins\/seo\/ -->\n<title>Le Syndicat : les Sapeurs-Pompiers volontaires se pr\u00e9parent aux feux de for\u00eat - Remiremont Info<\/title>\n<meta name=\"robots\" content=\"index, follow, max-snippet:-1, max-image-preview:large, max-video-preview:-1\" \/>\n<link rel=\"canonical\" href=\"https:\/\/vosgesinfo.fr\/remiremontinfo\/2019\/05\/syndicat-sapeurs-pompiers-volontaires-se-preparent-aux-feux-de-foret\/\" \/>\n<meta name=\"twitter:card\" content=\"summary_large_image\" \/>\n<meta name=\"twitter:title\" content=\"Le Syndicat : les Sapeurs-Pompiers volontaires se pr\u00e9parent aux feux de for\u00eat - Remiremont Info\" \/>\n<meta name=\"twitter:description\" content=\"Les sapeurs pompiers volontaires du Syndicat se sont rassembl\u00e9s ce matin en face de la caserne, pour une journ\u00e9e d\u2019exercice [&hellip;]\" \/>\n<meta name=\"twitter:image\" content=\"https:\/\/vosgesinfo.fr\/app\/uploads\/sites\/5\/2024\/09\/201905p1120624.jpg\" \/>\n<meta name=\"twitter:creator\" content=\"@VosgesInfo88\" \/>\n<meta name=\"twitter:site\" content=\"@VosgesInfo88\" \/>\n<meta name=\"twitter:label1\" content=\"\u00c9crit par\" \/>\n\t<meta name=\"twitter:data1\" content=\"C D\" \/>\n\t<meta name=\"twitter:label2\" content=\"Dur\u00e9e de lecture estim\u00e9e\" \/>\n\t<meta name=\"twitter:data2\" content=\"1 minute\" \/>\n<script type=\"application\/ld+json\" class=\"yoast-schema-graph\">{\"@context\":\"https:\/\/schema.org\",\"@graph\":[{\"@type\":\"Article\",\"@id\":\"https:\/\/vosgesinfo.fr\/remiremontinfo\/2019\/05\/syndicat-sapeurs-pompiers-volontaires-se-preparent-aux-feux-de-foret\/#article\",\"isPartOf\":{\"@id\":\"https:\/\/vosgesinfo.fr\/remiremontinfo\/2019\/05\/syndicat-sapeurs-pompiers-volontaires-se-preparent-aux-feux-de-foret\/\"},\"author\":{\"name\":\"C D\",\"@id\":\"https:\/\/vosgesinfo.fr\/remiremontinfo\/#\/schema\/person\/3bfd164d5218a185b1db68655a265316\"},\"headline\":\"Le Syndicat : les Sapeurs-Pompiers volontaires se pr\u00e9parent aux feux de for\u00eat\",\"datePublished\":\"2019-05-25T05:38:25+00:00\",\"dateModified\":\"2019-05-25T05:38:25+00:00\",\"mainEntityOfPage\":{\"@id\":\"https:\/\/vosgesinfo.fr\/remiremontinfo\/2019\/05\/syndicat-sapeurs-pompiers-volontaires-se-preparent-aux-feux-de-foret\/\"},\"wordCount\":253,\"commentCount\":0,\"publisher\":{\"@id\":\"https:\/\/vosgesinfo.fr\/remiremontinfo\/#organization\"},\"image\":{\"@id\":\"https:\/\/vosgesinfo.fr\/remiremontinfo\/2019\/05\/syndicat-sapeurs-pompiers-volontaires-se-preparent-aux-feux-de-foret\/#primaryimage\"},\"thumbnailUrl\":\"https:\/\/vosgesinfo.fr\/app\/uploads\/sites\/5\/2024\/09\/201905p1120624.jpg\",\"articleSection\":[\"A la Une\",\"Environnement\",\"La Bresse &amp; son canton\",\"Le Syndicat\",\"S\u00e9curit\u00e9\"],\"inLanguage\":\"fr-FR\",\"potentialAction\":[{\"@type\":\"CommentAction\",\"name\":\"Comment\",\"target\":[\"https:\/\/vosgesinfo.fr\/remiremontinfo\/2019\/05\/syndicat-sapeurs-pompiers-volontaires-se-preparent-aux-feux-de-foret\/#respond\"]}]},{\"@type\":\"WebPage\",\"@id\":\"https:\/\/vosgesinfo.fr\/remiremontinfo\/2019\/05\/syndicat-sapeurs-pompiers-volontaires-se-preparent-aux-feux-de-foret\/\",\"url\":\"https:\/\/vosgesinfo.fr\/remiremontinfo\/2019\/05\/syndicat-sapeurs-pompiers-volontaires-se-preparent-aux-feux-de-foret\/\",\"name\":\"Le Syndicat : les Sapeurs-Pompiers volontaires se pr\u00e9parent aux feux de for\u00eat - Remiremont Info\",\"isPartOf\":{\"@id\":\"https:\/\/vosgesinfo.fr\/remiremontinfo\/#website\"},\"primaryImageOfPage\":{\"@id\":\"https:\/\/vosgesinfo.fr\/remiremontinfo\/2019\/05\/syndicat-sapeurs-pompiers-volontaires-se-preparent-aux-feux-de-foret\/#primaryimage\"},\"image\":{\"@id\":\"https:\/\/vosgesinfo.fr\/remiremontinfo\/2019\/05\/syndicat-sapeurs-pompiers-volontaires-se-preparent-aux-feux-de-foret\/#primaryimage\"},\"thumbnailUrl\":\"https:\/\/vosgesinfo.fr\/app\/uploads\/sites\/5\/2024\/09\/201905p1120624.jpg\",\"datePublished\":\"2019-05-25T05:38:25+00:00\",\"dateModified\":\"2019-05-25T05:38:25+00:00\",\"breadcrumb\":{\"@id\":\"https:\/\/vosgesinfo.fr\/remiremontinfo\/2019\/05\/syndicat-sapeurs-pompiers-volontaires-se-preparent-aux-feux-de-foret\/#breadcrumb\"},\"inLanguage\":\"fr-FR\",\"potentialAction\":[{\"@type\":\"ReadAction\",\"target\":[\"https:\/\/vosgesinfo.fr\/remiremontinfo\/2019\/05\/syndicat-sapeurs-pompiers-volontaires-se-preparent-aux-feux-de-foret\/\"]}]},{\"@type\":\"ImageObject\",\"inLanguage\":\"fr-FR\",\"@id\":\"https:\/\/vosgesinfo.fr\/remiremontinfo\/2019\/05\/syndicat-sapeurs-pompiers-volontaires-se-preparent-aux-feux-de-foret\/#primaryimage\",\"url\":\"https:\/\/vosgesinfo.fr\/app\/uploads\/sites\/5\/2024\/09\/201905p1120624.jpg\",\"contentUrl\":\"https:\/\/vosgesinfo.fr\/app\/uploads\/sites\/5\/2024\/09\/201905p1120624.jpg\",\"width\":2048,\"height\":1536},{\"@type\":\"BreadcrumbList\",\"@id\":\"https:\/\/vosgesinfo.fr\/remiremontinfo\/2019\/05\/syndicat-sapeurs-pompiers-volontaires-se-preparent-aux-feux-de-foret\/#breadcrumb\",\"itemListElement\":[{\"@type\":\"ListItem\",\"position\":1,\"name\":\"Home\",\"item\":\"https:\/\/vosgesinfo.fr\/remiremontinfo\/\"},{\"@type\":\"ListItem\",\"position\":2,\"name\":\"Le Syndicat : les Sapeurs-Pompiers volontaires se pr\u00e9parent aux feux de for\u00eat\"}]},{\"@type\":\"WebSite\",\"@id\":\"https:\/\/vosgesinfo.fr\/remiremontinfo\/#website\",\"url\":\"https:\/\/vosgesinfo.fr\/remiremontinfo\/\",\"name\":\"Remiremont Info\",\"description\":\"Toute l&#039;actualit\u00e9 de Remiremont\",\"publisher\":{\"@id\":\"https:\/\/vosgesinfo.fr\/remiremontinfo\/#organization\"},\"alternateName\":\"Toute l'actualit\u00e9 de Remiremont\",\"potentialAction\":[{\"@type\":\"SearchAction\",\"target\":{\"@type\":\"EntryPoint\",\"urlTemplate\":\"https:\/\/vosgesinfo.fr\/remiremontinfo\/?s={search_term_string}\"},\"query-input\":\"required name=search_term_string\"}],\"inLanguage\":\"fr-FR\"},{\"@type\":\"Organization\",\"@id\":\"https:\/\/vosgesinfo.fr\/remiremontinfo\/#organization\",\"name\":\"Remiremont Info\",\"url\":\"https:\/\/vosgesinfo.fr\/remiremontinfo\/\",\"logo\":{\"@type\":\"ImageObject\",\"inLanguage\":\"fr-FR\",\"@id\":\"https:\/\/vosgesinfo.fr\/remiremontinfo\/#\/schema\/logo\/image\/\",\"url\":\"https:\/\/vosgesinfo.fr\/app\/uploads\/sites\/5\/2023\/08\/favicon-remiremontinfo.png\",\"contentUrl\":\"https:\/\/vosgesinfo.fr\/app\/uploads\/sites\/5\/2023\/08\/favicon-remiremontinfo.png\",\"width\":512,\"height\":512,\"caption\":\"Remiremont Info\"},\"image\":{\"@id\":\"https:\/\/vosgesinfo.fr\/remiremontinfo\/#\/schema\/logo\/image\/\"},\"sameAs\":[\"https:\/\/www.facebook.com\/remiremontinfo\",\"https:\/\/x.com\/VosgesInfo88\",\"https:\/\/www.youtube.com\/@vosgesinfo\"]},{\"@type\":\"Person\",\"@id\":\"https:\/\/vosgesinfo.fr\/remiremontinfo\/#\/schema\/person\/3bfd164d5218a185b1db68655a265316\",\"name\":\"C D\",\"image\":{\"@type\":\"ImageObject\",\"inLanguage\":\"fr-FR\",\"@id\":\"https:\/\/vosgesinfo.fr\/remiremontinfo\/#\/schema\/person\/image\/\",\"url\":\"https:\/\/secure.gravatar.com\/avatar\/1f9a70007336511a47468b8f1c66f922b8b7cf617b02a31149ada43893a5d48f?s=96&d=mm&r=g\",\"contentUrl\":\"https:\/\/secure.gravatar.com\/avatar\/1f9a70007336511a47468b8f1c66f922b8b7cf617b02a31149ada43893a5d48f?s=96&d=mm&r=g\",\"caption\":\"C D\"},\"url\":\"https:\/\/vosgesinfo.fr\/remiremontinfo\/author\/cedric-drevet\/\"}]}<\/script>\n<!-- \/ Yoast SEO plugin. -->","yoast_head_json":{"title":"Le Syndicat : les Sapeurs-Pompiers volontaires se pr\u00e9parent aux feux de for\u00eat - Remiremont Info","robots":{"index":"index","follow":"follow","max-snippet":"max-snippet:-1","max-image-preview":"max-image-preview:large","max-video-preview":"max-video-preview:-1"},"canonical":"https:\/\/vosgesinfo.fr\/remiremontinfo\/2019\/05\/syndicat-sapeurs-pompiers-volontaires-se-preparent-aux-feux-de-foret\/","twitter_card":"summary_large_image","twitter_title":"Le Syndicat : les Sapeurs-Pompiers volontaires se pr\u00e9parent aux feux de for\u00eat - Remiremont Info","twitter_description":"Les sapeurs pompiers volontaires du Syndicat se sont rassembl\u00e9s ce matin en face de la caserne, pour une journ\u00e9e d\u2019exercice [&hellip;]","twitter_image":"https:\/\/vosgesinfo.fr\/app\/uploads\/sites\/5\/2024\/09\/201905p1120624.jpg","twitter_creator":"@VosgesInfo88","twitter_site":"@VosgesInfo88","twitter_misc":{"\u00c9crit par":"C D","Dur\u00e9e de lecture estim\u00e9e":"1 minute"},"schema":{"@context":"https:\/\/schema.org","@graph":[{"@type":"Article","@id":"https:\/\/vosgesinfo.fr\/remiremontinfo\/2019\/05\/syndicat-sapeurs-pompiers-volontaires-se-preparent-aux-feux-de-foret\/#article","isPartOf":{"@id":"https:\/\/vosgesinfo.fr\/remiremontinfo\/2019\/05\/syndicat-sapeurs-pompiers-volontaires-se-preparent-aux-feux-de-foret\/"},"author":{"name":"C D","@id":"https:\/\/vosgesinfo.fr\/remiremontinfo\/#\/schema\/person\/3bfd164d5218a185b1db68655a265316"},"headline":"Le Syndicat : les Sapeurs-Pompiers volontaires se pr\u00e9parent aux feux de for\u00eat","datePublished":"2019-05-25T05:38:25+00:00","dateModified":"2019-05-25T05:38:25+00:00","mainEntityOfPage":{"@id":"https:\/\/vosgesinfo.fr\/remiremontinfo\/2019\/05\/syndicat-sapeurs-pompiers-volontaires-se-preparent-aux-feux-de-foret\/"},"wordCount":253,"commentCount":0,"publisher":{"@id":"https:\/\/vosgesinfo.fr\/remiremontinfo\/#organization"},"image":{"@id":"https:\/\/vosgesinfo.fr\/remiremontinfo\/2019\/05\/syndicat-sapeurs-pompiers-volontaires-se-preparent-aux-feux-de-foret\/#primaryimage"},"thumbnailUrl":"https:\/\/vosgesinfo.fr\/app\/uploads\/sites\/5\/2024\/09\/201905p1120624.jpg","articleSection":["A la Une","Environnement","La Bresse &amp; son canton","Le Syndicat","S\u00e9curit\u00e9"],"inLanguage":"fr-FR","potentialAction":[{"@type":"CommentAction","name":"Comment","target":["https:\/\/vosgesinfo.fr\/remiremontinfo\/2019\/05\/syndicat-sapeurs-pompiers-volontaires-se-preparent-aux-feux-de-foret\/#respond"]}]},{"@type":"WebPage","@id":"https:\/\/vosgesinfo.fr\/remiremontinfo\/2019\/05\/syndicat-sapeurs-pompiers-volontaires-se-preparent-aux-feux-de-foret\/","url":"https:\/\/vosgesinfo.fr\/remiremontinfo\/2019\/05\/syndicat-sapeurs-pompiers-volontaires-se-preparent-aux-feux-de-foret\/","name":"Le Syndicat : les Sapeurs-Pompiers volontaires se pr\u00e9parent aux feux de for\u00eat - Remiremont Info","isPartOf":{"@id":"https:\/\/vosgesinfo.fr\/remiremontinfo\/#website"},"primaryImageOfPage":{"@id":"https:\/\/vosgesinfo.fr\/remiremontinfo\/2019\/05\/syndicat-sapeurs-pompiers-volontaires-se-preparent-aux-feux-de-foret\/#primaryimage"},"image":{"@id":"https:\/\/vosgesinfo.fr\/remiremontinfo\/2019\/05\/syndicat-sapeurs-pompiers-volontaires-se-preparent-aux-feux-de-foret\/#primaryimage"},"thumbnailUrl":"https:\/\/vosgesinfo.fr\/app\/uploads\/sites\/5\/2024\/09\/201905p1120624.jpg","datePublished":"2019-05-25T05:38:25+00:00","dateModified":"2019-05-25T05:38:25+00:00","breadcrumb":{"@id":"https:\/\/vosgesinfo.fr\/remiremontinfo\/2019\/05\/syndicat-sapeurs-pompiers-volontaires-se-preparent-aux-feux-de-foret\/#breadcrumb"},"inLanguage":"fr-FR","potentialAction":[{"@type":"ReadAction","target":["https:\/\/vosgesinfo.fr\/remiremontinfo\/2019\/05\/syndicat-sapeurs-pompiers-volontaires-se-preparent-aux-feux-de-foret\/"]}]},{"@type":"ImageObject","inLanguage":"fr-FR","@id":"https:\/\/vosgesinfo.fr\/remiremontinfo\/2019\/05\/syndicat-sapeurs-pompiers-volontaires-se-preparent-aux-feux-de-foret\/#primaryimage","url":"https:\/\/vosgesinfo.fr\/app\/uploads\/sites\/5\/2024\/09\/201905p1120624.jpg","contentUrl":"https:\/\/vosgesinfo.fr\/app\/uploads\/sites\/5\/2024\/09\/201905p1120624.jpg","width":2048,"height":1536},{"@type":"BreadcrumbList","@id":"https:\/\/vosgesinfo.fr\/remiremontinfo\/2019\/05\/syndicat-sapeurs-pompiers-volontaires-se-preparent-aux-feux-de-foret\/#breadcrumb","itemListElement":[{"@type":"ListItem","position":1,"name":"Home","item":"https:\/\/vosgesinfo.fr\/remiremontinfo\/"},{"@type":"ListItem","position":2,"name":"Le Syndicat : les Sapeurs-Pompiers volontaires se pr\u00e9parent aux feux de for\u00eat"}]},{"@type":"WebSite","@id":"https:\/\/vosgesinfo.fr\/remiremontinfo\/#website","url":"https:\/\/vosgesinfo.fr\/remiremontinfo\/","name":"Remiremont Info","description":"Toute l&#039;actualit\u00e9 de Remiremont","publisher":{"@id":"https:\/\/vosgesinfo.fr\/remiremontinfo\/#organization"},"alternateName":"Toute l'actualit\u00e9 de Remiremont","potentialAction":[{"@type":"SearchAction","target":{"@type":"EntryPoint","urlTemplate":"https:\/\/vosgesinfo.fr\/remiremontinfo\/?s={search_term_string}"},"query-input":"required name=search_term_string"}],"inLanguage":"fr-FR"},{"@type":"Organization","@id":"https:\/\/vosgesinfo.fr\/remiremontinfo\/#organization","name":"Remiremont Info","url":"https:\/\/vosgesinfo.fr\/remiremontinfo\/","logo":{"@type":"ImageObject","inLanguage":"fr-FR","@id":"https:\/\/vosgesinfo.fr\/remiremontinfo\/#\/schema\/logo\/image\/","url":"https:\/\/vosgesinfo.fr\/app\/uploads\/sites\/5\/2023\/08\/favicon-remiremontinfo.png","contentUrl":"https:\/\/vosgesinfo.fr\/app\/uploads\/sites\/5\/2023\/08\/favicon-remiremontinfo.png","width":512,"height":512,"caption":"Remiremont Info"},"image":{"@id":"https:\/\/vosgesinfo.fr\/remiremontinfo\/#\/schema\/logo\/image\/"},"sameAs":["https:\/\/www.facebook.com\/remiremontinfo","https:\/\/x.com\/VosgesInfo88","https:\/\/www.youtube.com\/@vosgesinfo"]},{"@type":"Person","@id":"https:\/\/vosgesinfo.fr\/remiremontinfo\/#\/schema\/person\/3bfd164d5218a185b1db68655a265316","name":"C D","image":{"@type":"ImageObject","inLanguage":"fr-FR","@id":"https:\/\/vosgesinfo.fr\/remiremontinfo\/#\/schema\/person\/image\/","url":"https:\/\/secure.gravatar.com\/avatar\/1f9a70007336511a47468b8f1c66f922b8b7cf617b02a31149ada43893a5d48f?s=96&d=mm&r=g","contentUrl":"https:\/\/secure.gravatar.com\/avatar\/1f9a70007336511a47468b8f1c66f922b8b7cf617b02a31149ada43893a5d48f?s=96&d=mm&r=g","caption":"C D"},"url":"https:\/\/vosgesinfo.fr\/remiremontinfo\/author\/cedric-drevet\/"}]}},"_links":{"self":[{"href":"https:\/\/vosgesinfo.fr\/remiremontinfo\/wp-json\/wp\/v2\/posts\/14775","targetHints":{"allow":["GET"]}}],"collection":[{"href":"https:\/\/vosgesinfo.fr\/remiremontinfo\/wp-json\/wp\/v2\/posts"}],"about":[{"href":"https:\/\/vosgesinfo.fr\/remiremontinfo\/wp-json\/wp\/v2\/types\/post"}],"author":[{"embeddable":true,"href":"https:\/\/vosgesinfo.fr\/remiremontinfo\/wp-json\/wp\/v2\/users\/407"}],"replies":[{"embeddable":true,"href":"https:\/\/vosgesinfo.fr\/remiremontinfo\/wp-json\/wp\/v2\/comments?post=14775"}],"version-history":[{"count":0,"href":"https:\/\/vosgesinfo.fr\/remiremontinfo\/wp-json\/wp\/v2\/posts\/14775\/revisions"}],"wp:featuredmedia":[{"embeddable":true,"href":"https:\/\/vosgesinfo.fr\/remiremontinfo\/wp-json\/wp\/v2\/media\/14776"}],"wp:attachment":[{"href":"https:\/\/vosgesinfo.fr\/remiremontinfo\/wp-json\/wp\/v2\/media?parent=14775"}],"wp:term":[{"taxonomy":"category","embeddable":true,"href":"https:\/\/vosgesinfo.fr\/remiremontinfo\/wp-json\/wp\/v2\/categories?post=14775"},{"taxonomy":"post_tag","embeddable":true,"href":"https:\/\/vosgesinfo.fr\/remiremontinfo\/wp-json\/wp\/v2\/tags?post=14775"}],"curies":[{"name":"wp","href":"https:\/\/api.w.org\/{rel}","templated":true}]}}