{"id":1478,"date":"2023-09-26T19:33:00","date_gmt":"2023-09-26T17:33:00","guid":{"rendered":"https:\/\/vosgesinfo.fr\/remiremontinfo\/2023\/09\/remiremont-etat-civil-du-20-au-26-septembre\/"},"modified":"2023-09-26T19:33:00","modified_gmt":"2023-09-26T17:33:00","slug":"remiremont-etat-civil-du-20-au-26-septembre","status":"publish","type":"post","link":"https:\/\/vosgesinfo.fr\/remiremontinfo\/2023\/09\/remiremont-etat-civil-du-20-au-26-septembre\/","title":{"rendered":"Remiremont : \u00c9tat civil du 20 au 26 septembre"},"content":{"rendered":"<p>Naissances :<\/p>\n<p>Eden, Fils de ROULLIN Anthony \u00e9lectricien\u00a0 et WISSLE Elisa m\u00e8re au foyer , demeurant, 16 chemin de la Forge Neuve 88240 Le Clerjus.<\/p>\n<p>Elvyn, Fils de AMBERT Patrice programmeur\u00a0 et DUBOIS Maud agent d&rsquo;accueil, demeurant\u00a0 22 Les Breuleux 70200 Vy-l\u00e8s-Lure . Parents mari\u00e9s.<\/p>\n<p>Jouliana, Fille de\u00a0 LALEVEE Luna sans profession 67 Faymont 88340 Le Val-d&rsquo;Ajol.<\/p>\n<p>Ma\u00ebl, Fils de AMATO Adrien agent des services hospitaliers et de LAMBERT Manon agent des services hospitaliers, demeurant\u00a0 8 rue des Meix 88160 Le Thillot.<\/p>\n<p>No\u00e9, Fils de DARCHOURAK Rachid commer\u00e7ant\u00a0 et de GUICHARD Manon m\u00e8re au foyer, demeurant\u00a0 10 impasse des Drailles 88200 Remiremont .<\/p>\n<p>Rayan Fil de ABED Aymen plaquiste et de MAURICE Oph\u00e9lie sans profession, demeurant 18 rue du Bois des Petits 88200 Saint-Etienne-L\u00e8s-Remiremont.<\/p>\n<p>R\u00e9my, Fils de THOMAS G\u00e9rald employ\u00e9 libre service\u00a0 et de PELTIER Sylvie m\u00e8re au foyer, demeurant\u00a0 2 bis Grande Rue 88120 Rochesson Parents mari\u00e9s.<\/p>\n<p>D\u00e9c\u00e8s :<\/p>\n<p>GALMICHE Ren\u00e9 , en retraite 84 ans, demeurant \u00e0 Remiremont 88200,\u00a0 33 Faubourg de la Croisette.<\/p>\n","protected":false},"excerpt":{"rendered":"<p>Naissances : Eden, Fils de ROULLIN Anthony \u00e9lectricien\u00a0 et WISSLE Elisa m\u00e8re au foyer , demeurant, 16 chemin de la [&hellip;]<\/p>\n","protected":false},"author":412,"featured_media":1266,"comment_status":"open","ping_status":"open","sticky":false,"template":"","format":"standard","meta":{"footnotes":""},"categories":[26,67,43,35,18],"tags":[182,44,32],"class_list":["post-1478","post","type-post","status-publish","format-standard","has-post-thumbnail","hentry","category-a-la-une","category-etat-civil","category-remiremont-remiremont-son-canton","category-remiremont-son-canton","category-vosges","tag-etat-civil","tag-remiremont","tag-vosges"],"acf":[],"yoast_head":"<!-- This site is optimized with the Yoast SEO plugin v22.5 - https:\/\/yoast.com\/wordpress\/plugins\/seo\/ -->\n<title>Remiremont : \u00c9tat civil du 20 au 26 septembre - Remiremont Info<\/title>\n<meta name=\"robots\" content=\"index, follow, max-snippet:-1, max-image-preview:large, max-video-preview:-1\" \/>\n<link rel=\"canonical\" href=\"https:\/\/vosgesinfo.fr\/remiremontinfo\/2023\/09\/remiremont-etat-civil-du-20-au-26-septembre\/\" \/>\n<meta name=\"twitter:card\" content=\"summary_large_image\" \/>\n<meta name=\"twitter:title\" content=\"Remiremont : \u00c9tat civil du 20 au 26 septembre - Remiremont Info\" \/>\n<meta name=\"twitter:description\" content=\"Naissances : Eden, Fils de ROULLIN Anthony \u00e9lectricien\u00a0 et WISSLE Elisa m\u00e8re au foyer , demeurant, 16 chemin de la [&hellip;]\" \/>\n<meta name=\"twitter:image\" content=\"https:\/\/vosgesinfo.fr\/app\/uploads\/sites\/5\/2016\/01\/rtemagicc-etat-civil-01-jpg112111121624112112112111.jpg\" \/>\n<meta name=\"twitter:creator\" content=\"@VosgesInfo88\" \/>\n<meta name=\"twitter:site\" content=\"@VosgesInfo88\" \/>\n<meta name=\"twitter:label1\" content=\"\u00c9crit par\" \/>\n\t<meta name=\"twitter:data1\" content=\"Stany Maurice\" \/>\n\t<meta name=\"twitter:label2\" content=\"Dur\u00e9e de lecture estim\u00e9e\" \/>\n\t<meta name=\"twitter:data2\" content=\"1 minute\" \/>\n<script type=\"application\/ld+json\" class=\"yoast-schema-graph\">{\"@context\":\"https:\/\/schema.org\",\"@graph\":[{\"@type\":\"Article\",\"@id\":\"https:\/\/vosgesinfo.fr\/remiremontinfo\/2023\/09\/remiremont-etat-civil-du-20-au-26-septembre\/#article\",\"isPartOf\":{\"@id\":\"https:\/\/vosgesinfo.fr\/remiremontinfo\/2023\/09\/remiremont-etat-civil-du-20-au-26-septembre\/\"},\"author\":{\"name\":\"Stany Maurice\",\"@id\":\"https:\/\/vosgesinfo.fr\/remiremontinfo\/#\/schema\/person\/bec388675ce53b5a637aec04392f977e\"},\"headline\":\"Remiremont : \u00c9tat civil du 20 au 26 septembre\",\"datePublished\":\"2023-09-26T17:33:00+00:00\",\"dateModified\":\"2023-09-26T17:33:00+00:00\",\"mainEntityOfPage\":{\"@id\":\"https:\/\/vosgesinfo.fr\/remiremontinfo\/2023\/09\/remiremont-etat-civil-du-20-au-26-septembre\/\"},\"wordCount\":164,\"commentCount\":0,\"publisher\":{\"@id\":\"https:\/\/vosgesinfo.fr\/remiremontinfo\/#organization\"},\"image\":{\"@id\":\"https:\/\/vosgesinfo.fr\/remiremontinfo\/2023\/09\/remiremont-etat-civil-du-20-au-26-septembre\/#primaryimage\"},\"thumbnailUrl\":\"https:\/\/vosgesinfo.fr\/app\/uploads\/sites\/5\/2016\/01\/rtemagicc-etat-civil-01-jpg112111121624112112112111.jpg\",\"keywords\":[\"\u00e9tat civil\",\"remiremont\",\"Vosges\"],\"articleSection\":[\"A la Une\",\"Etat civil\",\"Remiremont\",\"Remiremont &amp; son canton\",\"Vosges\"],\"inLanguage\":\"fr-FR\",\"potentialAction\":[{\"@type\":\"CommentAction\",\"name\":\"Comment\",\"target\":[\"https:\/\/vosgesinfo.fr\/remiremontinfo\/2023\/09\/remiremont-etat-civil-du-20-au-26-septembre\/#respond\"]}]},{\"@type\":\"WebPage\",\"@id\":\"https:\/\/vosgesinfo.fr\/remiremontinfo\/2023\/09\/remiremont-etat-civil-du-20-au-26-septembre\/\",\"url\":\"https:\/\/vosgesinfo.fr\/remiremontinfo\/2023\/09\/remiremont-etat-civil-du-20-au-26-septembre\/\",\"name\":\"Remiremont : \u00c9tat civil du 20 au 26 septembre - Remiremont Info\",\"isPartOf\":{\"@id\":\"https:\/\/vosgesinfo.fr\/remiremontinfo\/#website\"},\"primaryImageOfPage\":{\"@id\":\"https:\/\/vosgesinfo.fr\/remiremontinfo\/2023\/09\/remiremont-etat-civil-du-20-au-26-septembre\/#primaryimage\"},\"image\":{\"@id\":\"https:\/\/vosgesinfo.fr\/remiremontinfo\/2023\/09\/remiremont-etat-civil-du-20-au-26-septembre\/#primaryimage\"},\"thumbnailUrl\":\"https:\/\/vosgesinfo.fr\/app\/uploads\/sites\/5\/2016\/01\/rtemagicc-etat-civil-01-jpg112111121624112112112111.jpg\",\"datePublished\":\"2023-09-26T17:33:00+00:00\",\"dateModified\":\"2023-09-26T17:33:00+00:00\",\"breadcrumb\":{\"@id\":\"https:\/\/vosgesinfo.fr\/remiremontinfo\/2023\/09\/remiremont-etat-civil-du-20-au-26-septembre\/#breadcrumb\"},\"inLanguage\":\"fr-FR\",\"potentialAction\":[{\"@type\":\"ReadAction\",\"target\":[\"https:\/\/vosgesinfo.fr\/remiremontinfo\/2023\/09\/remiremont-etat-civil-du-20-au-26-septembre\/\"]}]},{\"@type\":\"ImageObject\",\"inLanguage\":\"fr-FR\",\"@id\":\"https:\/\/vosgesinfo.fr\/remiremontinfo\/2023\/09\/remiremont-etat-civil-du-20-au-26-septembre\/#primaryimage\",\"url\":\"https:\/\/vosgesinfo.fr\/app\/uploads\/sites\/5\/2016\/01\/rtemagicc-etat-civil-01-jpg112111121624112112112111.jpg\",\"contentUrl\":\"https:\/\/vosgesinfo.fr\/app\/uploads\/sites\/5\/2016\/01\/rtemagicc-etat-civil-01-jpg112111121624112112112111.jpg\",\"width\":142,\"height\":142},{\"@type\":\"BreadcrumbList\",\"@id\":\"https:\/\/vosgesinfo.fr\/remiremontinfo\/2023\/09\/remiremont-etat-civil-du-20-au-26-septembre\/#breadcrumb\",\"itemListElement\":[{\"@type\":\"ListItem\",\"position\":1,\"name\":\"Home\",\"item\":\"https:\/\/vosgesinfo.fr\/remiremontinfo\/\"},{\"@type\":\"ListItem\",\"position\":2,\"name\":\"Remiremont : \u00c9tat civil du 20 au 26 septembre\"}]},{\"@type\":\"WebSite\",\"@id\":\"https:\/\/vosgesinfo.fr\/remiremontinfo\/#website\",\"url\":\"https:\/\/vosgesinfo.fr\/remiremontinfo\/\",\"name\":\"Remiremont Info\",\"description\":\"Toute l&#039;actualit\u00e9 de Remiremont\",\"publisher\":{\"@id\":\"https:\/\/vosgesinfo.fr\/remiremontinfo\/#organization\"},\"alternateName\":\"Toute l'actualit\u00e9 de Remiremont\",\"potentialAction\":[{\"@type\":\"SearchAction\",\"target\":{\"@type\":\"EntryPoint\",\"urlTemplate\":\"https:\/\/vosgesinfo.fr\/remiremontinfo\/?s={search_term_string}\"},\"query-input\":\"required name=search_term_string\"}],\"inLanguage\":\"fr-FR\"},{\"@type\":\"Organization\",\"@id\":\"https:\/\/vosgesinfo.fr\/remiremontinfo\/#organization\",\"name\":\"Remiremont Info\",\"url\":\"https:\/\/vosgesinfo.fr\/remiremontinfo\/\",\"logo\":{\"@type\":\"ImageObject\",\"inLanguage\":\"fr-FR\",\"@id\":\"https:\/\/vosgesinfo.fr\/remiremontinfo\/#\/schema\/logo\/image\/\",\"url\":\"https:\/\/vosgesinfo.fr\/app\/uploads\/sites\/5\/2023\/08\/favicon-remiremontinfo.png\",\"contentUrl\":\"https:\/\/vosgesinfo.fr\/app\/uploads\/sites\/5\/2023\/08\/favicon-remiremontinfo.png\",\"width\":512,\"height\":512,\"caption\":\"Remiremont Info\"},\"image\":{\"@id\":\"https:\/\/vosgesinfo.fr\/remiremontinfo\/#\/schema\/logo\/image\/\"},\"sameAs\":[\"https:\/\/www.facebook.com\/remiremontinfo\",\"https:\/\/x.com\/VosgesInfo88\",\"https:\/\/www.youtube.com\/@vosgesinfo\"]},{\"@type\":\"Person\",\"@id\":\"https:\/\/vosgesinfo.fr\/remiremontinfo\/#\/schema\/person\/bec388675ce53b5a637aec04392f977e\",\"name\":\"Stany Maurice\",\"image\":{\"@type\":\"ImageObject\",\"inLanguage\":\"fr-FR\",\"@id\":\"https:\/\/vosgesinfo.fr\/remiremontinfo\/#\/schema\/person\/image\/\",\"url\":\"https:\/\/secure.gravatar.com\/avatar\/68520b0c74251371bd10958bd19c3ce39a212093b8fff0dc3edbfcfddd089807?s=96&d=mm&r=g\",\"contentUrl\":\"https:\/\/secure.gravatar.com\/avatar\/68520b0c74251371bd10958bd19c3ce39a212093b8fff0dc3edbfcfddd089807?s=96&d=mm&r=g\",\"caption\":\"Stany Maurice\"},\"url\":\"https:\/\/vosgesinfo.fr\/remiremontinfo\/author\/s-maurice\/\"}]}<\/script>\n<!-- \/ Yoast SEO plugin. -->","yoast_head_json":{"title":"Remiremont : \u00c9tat civil du 20 au 26 septembre - Remiremont Info","robots":{"index":"index","follow":"follow","max-snippet":"max-snippet:-1","max-image-preview":"max-image-preview:large","max-video-preview":"max-video-preview:-1"},"canonical":"https:\/\/vosgesinfo.fr\/remiremontinfo\/2023\/09\/remiremont-etat-civil-du-20-au-26-septembre\/","twitter_card":"summary_large_image","twitter_title":"Remiremont : \u00c9tat civil du 20 au 26 septembre - Remiremont Info","twitter_description":"Naissances : Eden, Fils de ROULLIN Anthony \u00e9lectricien\u00a0 et WISSLE Elisa m\u00e8re au foyer , demeurant, 16 chemin de la [&hellip;]","twitter_image":"https:\/\/vosgesinfo.fr\/app\/uploads\/sites\/5\/2016\/01\/rtemagicc-etat-civil-01-jpg112111121624112112112111.jpg","twitter_creator":"@VosgesInfo88","twitter_site":"@VosgesInfo88","twitter_misc":{"\u00c9crit par":"Stany Maurice","Dur\u00e9e de lecture estim\u00e9e":"1 minute"},"schema":{"@context":"https:\/\/schema.org","@graph":[{"@type":"Article","@id":"https:\/\/vosgesinfo.fr\/remiremontinfo\/2023\/09\/remiremont-etat-civil-du-20-au-26-septembre\/#article","isPartOf":{"@id":"https:\/\/vosgesinfo.fr\/remiremontinfo\/2023\/09\/remiremont-etat-civil-du-20-au-26-septembre\/"},"author":{"name":"Stany Maurice","@id":"https:\/\/vosgesinfo.fr\/remiremontinfo\/#\/schema\/person\/bec388675ce53b5a637aec04392f977e"},"headline":"Remiremont : \u00c9tat civil du 20 au 26 septembre","datePublished":"2023-09-26T17:33:00+00:00","dateModified":"2023-09-26T17:33:00+00:00","mainEntityOfPage":{"@id":"https:\/\/vosgesinfo.fr\/remiremontinfo\/2023\/09\/remiremont-etat-civil-du-20-au-26-septembre\/"},"wordCount":164,"commentCount":0,"publisher":{"@id":"https:\/\/vosgesinfo.fr\/remiremontinfo\/#organization"},"image":{"@id":"https:\/\/vosgesinfo.fr\/remiremontinfo\/2023\/09\/remiremont-etat-civil-du-20-au-26-septembre\/#primaryimage"},"thumbnailUrl":"https:\/\/vosgesinfo.fr\/app\/uploads\/sites\/5\/2016\/01\/rtemagicc-etat-civil-01-jpg112111121624112112112111.jpg","keywords":["\u00e9tat civil","remiremont","Vosges"],"articleSection":["A la Une","Etat civil","Remiremont","Remiremont &amp; son canton","Vosges"],"inLanguage":"fr-FR","potentialAction":[{"@type":"CommentAction","name":"Comment","target":["https:\/\/vosgesinfo.fr\/remiremontinfo\/2023\/09\/remiremont-etat-civil-du-20-au-26-septembre\/#respond"]}]},{"@type":"WebPage","@id":"https:\/\/vosgesinfo.fr\/remiremontinfo\/2023\/09\/remiremont-etat-civil-du-20-au-26-septembre\/","url":"https:\/\/vosgesinfo.fr\/remiremontinfo\/2023\/09\/remiremont-etat-civil-du-20-au-26-septembre\/","name":"Remiremont : \u00c9tat civil du 20 au 26 septembre - Remiremont Info","isPartOf":{"@id":"https:\/\/vosgesinfo.fr\/remiremontinfo\/#website"},"primaryImageOfPage":{"@id":"https:\/\/vosgesinfo.fr\/remiremontinfo\/2023\/09\/remiremont-etat-civil-du-20-au-26-septembre\/#primaryimage"},"image":{"@id":"https:\/\/vosgesinfo.fr\/remiremontinfo\/2023\/09\/remiremont-etat-civil-du-20-au-26-septembre\/#primaryimage"},"thumbnailUrl":"https:\/\/vosgesinfo.fr\/app\/uploads\/sites\/5\/2016\/01\/rtemagicc-etat-civil-01-jpg112111121624112112112111.jpg","datePublished":"2023-09-26T17:33:00+00:00","dateModified":"2023-09-26T17:33:00+00:00","breadcrumb":{"@id":"https:\/\/vosgesinfo.fr\/remiremontinfo\/2023\/09\/remiremont-etat-civil-du-20-au-26-septembre\/#breadcrumb"},"inLanguage":"fr-FR","potentialAction":[{"@type":"ReadAction","target":["https:\/\/vosgesinfo.fr\/remiremontinfo\/2023\/09\/remiremont-etat-civil-du-20-au-26-septembre\/"]}]},{"@type":"ImageObject","inLanguage":"fr-FR","@id":"https:\/\/vosgesinfo.fr\/remiremontinfo\/2023\/09\/remiremont-etat-civil-du-20-au-26-septembre\/#primaryimage","url":"https:\/\/vosgesinfo.fr\/app\/uploads\/sites\/5\/2016\/01\/rtemagicc-etat-civil-01-jpg112111121624112112112111.jpg","contentUrl":"https:\/\/vosgesinfo.fr\/app\/uploads\/sites\/5\/2016\/01\/rtemagicc-etat-civil-01-jpg112111121624112112112111.jpg","width":142,"height":142},{"@type":"BreadcrumbList","@id":"https:\/\/vosgesinfo.fr\/remiremontinfo\/2023\/09\/remiremont-etat-civil-du-20-au-26-septembre\/#breadcrumb","itemListElement":[{"@type":"ListItem","position":1,"name":"Home","item":"https:\/\/vosgesinfo.fr\/remiremontinfo\/"},{"@type":"ListItem","position":2,"name":"Remiremont : \u00c9tat civil du 20 au 26 septembre"}]},{"@type":"WebSite","@id":"https:\/\/vosgesinfo.fr\/remiremontinfo\/#website","url":"https:\/\/vosgesinfo.fr\/remiremontinfo\/","name":"Remiremont Info","description":"Toute l&#039;actualit\u00e9 de Remiremont","publisher":{"@id":"https:\/\/vosgesinfo.fr\/remiremontinfo\/#organization"},"alternateName":"Toute l'actualit\u00e9 de Remiremont","potentialAction":[{"@type":"SearchAction","target":{"@type":"EntryPoint","urlTemplate":"https:\/\/vosgesinfo.fr\/remiremontinfo\/?s={search_term_string}"},"query-input":"required name=search_term_string"}],"inLanguage":"fr-FR"},{"@type":"Organization","@id":"https:\/\/vosgesinfo.fr\/remiremontinfo\/#organization","name":"Remiremont Info","url":"https:\/\/vosgesinfo.fr\/remiremontinfo\/","logo":{"@type":"ImageObject","inLanguage":"fr-FR","@id":"https:\/\/vosgesinfo.fr\/remiremontinfo\/#\/schema\/logo\/image\/","url":"https:\/\/vosgesinfo.fr\/app\/uploads\/sites\/5\/2023\/08\/favicon-remiremontinfo.png","contentUrl":"https:\/\/vosgesinfo.fr\/app\/uploads\/sites\/5\/2023\/08\/favicon-remiremontinfo.png","width":512,"height":512,"caption":"Remiremont Info"},"image":{"@id":"https:\/\/vosgesinfo.fr\/remiremontinfo\/#\/schema\/logo\/image\/"},"sameAs":["https:\/\/www.facebook.com\/remiremontinfo","https:\/\/x.com\/VosgesInfo88","https:\/\/www.youtube.com\/@vosgesinfo"]},{"@type":"Person","@id":"https:\/\/vosgesinfo.fr\/remiremontinfo\/#\/schema\/person\/bec388675ce53b5a637aec04392f977e","name":"Stany Maurice","image":{"@type":"ImageObject","inLanguage":"fr-FR","@id":"https:\/\/vosgesinfo.fr\/remiremontinfo\/#\/schema\/person\/image\/","url":"https:\/\/secure.gravatar.com\/avatar\/68520b0c74251371bd10958bd19c3ce39a212093b8fff0dc3edbfcfddd089807?s=96&d=mm&r=g","contentUrl":"https:\/\/secure.gravatar.com\/avatar\/68520b0c74251371bd10958bd19c3ce39a212093b8fff0dc3edbfcfddd089807?s=96&d=mm&r=g","caption":"Stany Maurice"},"url":"https:\/\/vosgesinfo.fr\/remiremontinfo\/author\/s-maurice\/"}]}},"_links":{"self":[{"href":"https:\/\/vosgesinfo.fr\/remiremontinfo\/wp-json\/wp\/v2\/posts\/1478","targetHints":{"allow":["GET"]}}],"collection":[{"href":"https:\/\/vosgesinfo.fr\/remiremontinfo\/wp-json\/wp\/v2\/posts"}],"about":[{"href":"https:\/\/vosgesinfo.fr\/remiremontinfo\/wp-json\/wp\/v2\/types\/post"}],"author":[{"embeddable":true,"href":"https:\/\/vosgesinfo.fr\/remiremontinfo\/wp-json\/wp\/v2\/users\/412"}],"replies":[{"embeddable":true,"href":"https:\/\/vosgesinfo.fr\/remiremontinfo\/wp-json\/wp\/v2\/comments?post=1478"}],"version-history":[{"count":0,"href":"https:\/\/vosgesinfo.fr\/remiremontinfo\/wp-json\/wp\/v2\/posts\/1478\/revisions"}],"wp:featuredmedia":[{"embeddable":true,"href":"https:\/\/vosgesinfo.fr\/remiremontinfo\/wp-json\/wp\/v2\/media\/1266"}],"wp:attachment":[{"href":"https:\/\/vosgesinfo.fr\/remiremontinfo\/wp-json\/wp\/v2\/media?parent=1478"}],"wp:term":[{"taxonomy":"category","embeddable":true,"href":"https:\/\/vosgesinfo.fr\/remiremontinfo\/wp-json\/wp\/v2\/categories?post=1478"},{"taxonomy":"post_tag","embeddable":true,"href":"https:\/\/vosgesinfo.fr\/remiremontinfo\/wp-json\/wp\/v2\/tags?post=1478"}],"curies":[{"name":"wp","href":"https:\/\/api.w.org\/{rel}","templated":true}]}}