{"id":1479,"date":"2023-09-26T20:07:02","date_gmt":"2023-09-26T18:07:02","guid":{"rendered":"https:\/\/vosgesinfo.fr\/remiremontinfo\/2023\/09\/ftv-une-des-plus-anciennes-usines-textile-des-vosges-en-liquidation\/"},"modified":"2023-09-26T20:07:02","modified_gmt":"2023-09-26T18:07:02","slug":"ftv-une-des-plus-anciennes-usines-textile-des-vosges-en-liquidation","status":"publish","type":"post","link":"https:\/\/vosgesinfo.fr\/remiremontinfo\/2023\/09\/ftv-une-des-plus-anciennes-usines-textile-des-vosges-en-liquidation\/","title":{"rendered":"FTV : Une des plus anciennes usines textile des Vosges en liquidation"},"content":{"rendered":"<p class=\"article__intro\">Ce mardi 26 septembre, le tribunal de commerce d\u2019Epinal pronon\u00e7ait la liquidation judiciaire des filatures et tissages des Vosges implant\u00e9es \u00e0 Saulxures-sur-Moselotte. Cette filature \u00e9tait l&rsquo;une des plus anciennes usines textile des Vosges, fonctionnant sans interruption depuis 1825. Socialement, c&rsquo;est une cinquantaine de personnels qui se retrouve sans emploi.<\/p>\n<p>La soci\u00e9t\u00e9 \u00e9tait en redressement judiciaire depuis le 5 septembre 2023 apr\u00e8s \u00eatre pass\u00e9e sous le contr\u00f4le de TGV, Valrupt Industrie. Fond\u00e9e en 1825, le site\u00a0a employ\u00e9 jusqu&rsquo;\u00e0 plus de 800 personnes. Depuis quelques ann\u00e9es, les dirigeants s&rsquo;\u00e9taient orient\u00e9s vers\u00a0la production de tissus techniques destin\u00e9s \u00e0 l\u2019industrie automobile puis vers la production de protections de literie, et \u00e9tait\u00a0lab\u00e9lis\u00e9e Vosges terre textile, label qui garantit le \u00ab\u00a0made in Vosges\u00a0\u00bb.<\/p>\n<p>Cr\u00e9dit photo : Terres Textiles<\/p>\n<p>&nbsp;<\/p>\n","protected":false},"excerpt":{"rendered":"<p>Ce mardi 26 septembre, le tribunal de commerce d\u2019Epinal pronon\u00e7ait la liquidation judiciaire des filatures et tissages des Vosges implant\u00e9es [&hellip;]<\/p>\n","protected":false},"author":412,"featured_media":1480,"comment_status":"open","ping_status":"open","sticky":false,"template":"","format":"standard","meta":{"footnotes":""},"categories":[226,3,5,25,68,18],"tags":[228,161,32],"class_list":["post-1479","post","type-post","status-publish","format-standard","has-post-thumbnail","hentry","category-annonce-legale","category-breves","category-economie","category-la-bresse-son-canton","category-saulxures-sur-moselotte","category-vosges","tag-liquidation-judiciaire","tag-saulxures","tag-vosges"],"acf":[],"yoast_head":"<!-- This site is optimized with the Yoast SEO plugin v22.5 - https:\/\/yoast.com\/wordpress\/plugins\/seo\/ -->\n<title>FTV : Une des plus anciennes usines textile des Vosges en liquidation - Remiremont Info<\/title>\n<meta name=\"robots\" content=\"index, follow, max-snippet:-1, max-image-preview:large, max-video-preview:-1\" \/>\n<link rel=\"canonical\" href=\"https:\/\/vosgesinfo.fr\/remiremontinfo\/2023\/09\/ftv-une-des-plus-anciennes-usines-textile-des-vosges-en-liquidation\/\" \/>\n<meta name=\"twitter:card\" content=\"summary_large_image\" \/>\n<meta name=\"twitter:title\" content=\"FTV : Une des plus anciennes usines textile des Vosges en liquidation - Remiremont Info\" \/>\n<meta name=\"twitter:description\" content=\"Ce mardi 26 septembre, le tribunal de commerce d\u2019Epinal pronon\u00e7ait la liquidation judiciaire des filatures et tissages des Vosges implant\u00e9es [&hellip;]\" \/>\n<meta name=\"twitter:image\" content=\"https:\/\/vosgesinfo.fr\/app\/uploads\/sites\/5\/2023\/09\/filature-et-tissage-de-saulxures-changent-de-mains.jpg\" \/>\n<meta name=\"twitter:creator\" content=\"@VosgesInfo88\" \/>\n<meta name=\"twitter:site\" content=\"@VosgesInfo88\" \/>\n<meta name=\"twitter:label1\" content=\"\u00c9crit par\" \/>\n\t<meta name=\"twitter:data1\" content=\"Stany Maurice\" \/>\n\t<meta name=\"twitter:label2\" content=\"Dur\u00e9e de lecture estim\u00e9e\" \/>\n\t<meta name=\"twitter:data2\" content=\"1 minute\" \/>\n<script type=\"application\/ld+json\" class=\"yoast-schema-graph\">{\"@context\":\"https:\/\/schema.org\",\"@graph\":[{\"@type\":\"Article\",\"@id\":\"https:\/\/vosgesinfo.fr\/remiremontinfo\/2023\/09\/ftv-une-des-plus-anciennes-usines-textile-des-vosges-en-liquidation\/#article\",\"isPartOf\":{\"@id\":\"https:\/\/vosgesinfo.fr\/remiremontinfo\/2023\/09\/ftv-une-des-plus-anciennes-usines-textile-des-vosges-en-liquidation\/\"},\"author\":{\"name\":\"Stany Maurice\",\"@id\":\"https:\/\/vosgesinfo.fr\/remiremontinfo\/#\/schema\/person\/bec388675ce53b5a637aec04392f977e\"},\"headline\":\"FTV : Une des plus anciennes usines textile des Vosges en liquidation\",\"datePublished\":\"2023-09-26T18:07:02+00:00\",\"dateModified\":\"2023-09-26T18:07:02+00:00\",\"mainEntityOfPage\":{\"@id\":\"https:\/\/vosgesinfo.fr\/remiremontinfo\/2023\/09\/ftv-une-des-plus-anciennes-usines-textile-des-vosges-en-liquidation\/\"},\"wordCount\":146,\"commentCount\":0,\"publisher\":{\"@id\":\"https:\/\/vosgesinfo.fr\/remiremontinfo\/#organization\"},\"image\":{\"@id\":\"https:\/\/vosgesinfo.fr\/remiremontinfo\/2023\/09\/ftv-une-des-plus-anciennes-usines-textile-des-vosges-en-liquidation\/#primaryimage\"},\"thumbnailUrl\":\"https:\/\/vosgesinfo.fr\/app\/uploads\/sites\/5\/2023\/09\/filature-et-tissage-de-saulxures-changent-de-mains.jpg\",\"keywords\":[\"Liquidation judiciaire\",\"Saulxures\",\"Vosges\"],\"articleSection\":[\"Annonce l\u00e9gale\",\"Br\u00e8ves\",\"\u00c9conomie\",\"La Bresse &amp; son canton\",\"Saulxures-Sur-Moselotte\",\"Vosges\"],\"inLanguage\":\"fr-FR\",\"potentialAction\":[{\"@type\":\"CommentAction\",\"name\":\"Comment\",\"target\":[\"https:\/\/vosgesinfo.fr\/remiremontinfo\/2023\/09\/ftv-une-des-plus-anciennes-usines-textile-des-vosges-en-liquidation\/#respond\"]}]},{\"@type\":\"WebPage\",\"@id\":\"https:\/\/vosgesinfo.fr\/remiremontinfo\/2023\/09\/ftv-une-des-plus-anciennes-usines-textile-des-vosges-en-liquidation\/\",\"url\":\"https:\/\/vosgesinfo.fr\/remiremontinfo\/2023\/09\/ftv-une-des-plus-anciennes-usines-textile-des-vosges-en-liquidation\/\",\"name\":\"FTV : Une des plus anciennes usines textile des Vosges en liquidation - Remiremont Info\",\"isPartOf\":{\"@id\":\"https:\/\/vosgesinfo.fr\/remiremontinfo\/#website\"},\"primaryImageOfPage\":{\"@id\":\"https:\/\/vosgesinfo.fr\/remiremontinfo\/2023\/09\/ftv-une-des-plus-anciennes-usines-textile-des-vosges-en-liquidation\/#primaryimage\"},\"image\":{\"@id\":\"https:\/\/vosgesinfo.fr\/remiremontinfo\/2023\/09\/ftv-une-des-plus-anciennes-usines-textile-des-vosges-en-liquidation\/#primaryimage\"},\"thumbnailUrl\":\"https:\/\/vosgesinfo.fr\/app\/uploads\/sites\/5\/2023\/09\/filature-et-tissage-de-saulxures-changent-de-mains.jpg\",\"datePublished\":\"2023-09-26T18:07:02+00:00\",\"dateModified\":\"2023-09-26T18:07:02+00:00\",\"breadcrumb\":{\"@id\":\"https:\/\/vosgesinfo.fr\/remiremontinfo\/2023\/09\/ftv-une-des-plus-anciennes-usines-textile-des-vosges-en-liquidation\/#breadcrumb\"},\"inLanguage\":\"fr-FR\",\"potentialAction\":[{\"@type\":\"ReadAction\",\"target\":[\"https:\/\/vosgesinfo.fr\/remiremontinfo\/2023\/09\/ftv-une-des-plus-anciennes-usines-textile-des-vosges-en-liquidation\/\"]}]},{\"@type\":\"ImageObject\",\"inLanguage\":\"fr-FR\",\"@id\":\"https:\/\/vosgesinfo.fr\/remiremontinfo\/2023\/09\/ftv-une-des-plus-anciennes-usines-textile-des-vosges-en-liquidation\/#primaryimage\",\"url\":\"https:\/\/vosgesinfo.fr\/app\/uploads\/sites\/5\/2023\/09\/filature-et-tissage-de-saulxures-changent-de-mains.jpg\",\"contentUrl\":\"https:\/\/vosgesinfo.fr\/app\/uploads\/sites\/5\/2023\/09\/filature-et-tissage-de-saulxures-changent-de-mains.jpg\",\"width\":550,\"height\":420},{\"@type\":\"BreadcrumbList\",\"@id\":\"https:\/\/vosgesinfo.fr\/remiremontinfo\/2023\/09\/ftv-une-des-plus-anciennes-usines-textile-des-vosges-en-liquidation\/#breadcrumb\",\"itemListElement\":[{\"@type\":\"ListItem\",\"position\":1,\"name\":\"Home\",\"item\":\"https:\/\/vosgesinfo.fr\/remiremontinfo\/\"},{\"@type\":\"ListItem\",\"position\":2,\"name\":\"FTV : Une des plus anciennes usines textile des Vosges en liquidation\"}]},{\"@type\":\"WebSite\",\"@id\":\"https:\/\/vosgesinfo.fr\/remiremontinfo\/#website\",\"url\":\"https:\/\/vosgesinfo.fr\/remiremontinfo\/\",\"name\":\"Remiremont Info\",\"description\":\"Toute l&#039;actualit\u00e9 de Remiremont\",\"publisher\":{\"@id\":\"https:\/\/vosgesinfo.fr\/remiremontinfo\/#organization\"},\"alternateName\":\"Toute l'actualit\u00e9 de Remiremont\",\"potentialAction\":[{\"@type\":\"SearchAction\",\"target\":{\"@type\":\"EntryPoint\",\"urlTemplate\":\"https:\/\/vosgesinfo.fr\/remiremontinfo\/?s={search_term_string}\"},\"query-input\":\"required name=search_term_string\"}],\"inLanguage\":\"fr-FR\"},{\"@type\":\"Organization\",\"@id\":\"https:\/\/vosgesinfo.fr\/remiremontinfo\/#organization\",\"name\":\"Remiremont Info\",\"url\":\"https:\/\/vosgesinfo.fr\/remiremontinfo\/\",\"logo\":{\"@type\":\"ImageObject\",\"inLanguage\":\"fr-FR\",\"@id\":\"https:\/\/vosgesinfo.fr\/remiremontinfo\/#\/schema\/logo\/image\/\",\"url\":\"https:\/\/vosgesinfo.fr\/app\/uploads\/sites\/5\/2023\/08\/favicon-remiremontinfo.png\",\"contentUrl\":\"https:\/\/vosgesinfo.fr\/app\/uploads\/sites\/5\/2023\/08\/favicon-remiremontinfo.png\",\"width\":512,\"height\":512,\"caption\":\"Remiremont Info\"},\"image\":{\"@id\":\"https:\/\/vosgesinfo.fr\/remiremontinfo\/#\/schema\/logo\/image\/\"},\"sameAs\":[\"https:\/\/www.facebook.com\/remiremontinfo\",\"https:\/\/x.com\/VosgesInfo88\",\"https:\/\/www.youtube.com\/@vosgesinfo\"]},{\"@type\":\"Person\",\"@id\":\"https:\/\/vosgesinfo.fr\/remiremontinfo\/#\/schema\/person\/bec388675ce53b5a637aec04392f977e\",\"name\":\"Stany Maurice\",\"image\":{\"@type\":\"ImageObject\",\"inLanguage\":\"fr-FR\",\"@id\":\"https:\/\/vosgesinfo.fr\/remiremontinfo\/#\/schema\/person\/image\/\",\"url\":\"https:\/\/secure.gravatar.com\/avatar\/68520b0c74251371bd10958bd19c3ce39a212093b8fff0dc3edbfcfddd089807?s=96&d=mm&r=g\",\"contentUrl\":\"https:\/\/secure.gravatar.com\/avatar\/68520b0c74251371bd10958bd19c3ce39a212093b8fff0dc3edbfcfddd089807?s=96&d=mm&r=g\",\"caption\":\"Stany Maurice\"},\"url\":\"https:\/\/vosgesinfo.fr\/remiremontinfo\/author\/s-maurice\/\"}]}<\/script>\n<!-- \/ Yoast SEO plugin. -->","yoast_head_json":{"title":"FTV : Une des plus anciennes usines textile des Vosges en liquidation - Remiremont Info","robots":{"index":"index","follow":"follow","max-snippet":"max-snippet:-1","max-image-preview":"max-image-preview:large","max-video-preview":"max-video-preview:-1"},"canonical":"https:\/\/vosgesinfo.fr\/remiremontinfo\/2023\/09\/ftv-une-des-plus-anciennes-usines-textile-des-vosges-en-liquidation\/","twitter_card":"summary_large_image","twitter_title":"FTV : Une des plus anciennes usines textile des Vosges en liquidation - Remiremont Info","twitter_description":"Ce mardi 26 septembre, le tribunal de commerce d\u2019Epinal pronon\u00e7ait la liquidation judiciaire des filatures et tissages des Vosges implant\u00e9es [&hellip;]","twitter_image":"https:\/\/vosgesinfo.fr\/app\/uploads\/sites\/5\/2023\/09\/filature-et-tissage-de-saulxures-changent-de-mains.jpg","twitter_creator":"@VosgesInfo88","twitter_site":"@VosgesInfo88","twitter_misc":{"\u00c9crit par":"Stany Maurice","Dur\u00e9e de lecture estim\u00e9e":"1 minute"},"schema":{"@context":"https:\/\/schema.org","@graph":[{"@type":"Article","@id":"https:\/\/vosgesinfo.fr\/remiremontinfo\/2023\/09\/ftv-une-des-plus-anciennes-usines-textile-des-vosges-en-liquidation\/#article","isPartOf":{"@id":"https:\/\/vosgesinfo.fr\/remiremontinfo\/2023\/09\/ftv-une-des-plus-anciennes-usines-textile-des-vosges-en-liquidation\/"},"author":{"name":"Stany Maurice","@id":"https:\/\/vosgesinfo.fr\/remiremontinfo\/#\/schema\/person\/bec388675ce53b5a637aec04392f977e"},"headline":"FTV : Une des plus anciennes usines textile des Vosges en liquidation","datePublished":"2023-09-26T18:07:02+00:00","dateModified":"2023-09-26T18:07:02+00:00","mainEntityOfPage":{"@id":"https:\/\/vosgesinfo.fr\/remiremontinfo\/2023\/09\/ftv-une-des-plus-anciennes-usines-textile-des-vosges-en-liquidation\/"},"wordCount":146,"commentCount":0,"publisher":{"@id":"https:\/\/vosgesinfo.fr\/remiremontinfo\/#organization"},"image":{"@id":"https:\/\/vosgesinfo.fr\/remiremontinfo\/2023\/09\/ftv-une-des-plus-anciennes-usines-textile-des-vosges-en-liquidation\/#primaryimage"},"thumbnailUrl":"https:\/\/vosgesinfo.fr\/app\/uploads\/sites\/5\/2023\/09\/filature-et-tissage-de-saulxures-changent-de-mains.jpg","keywords":["Liquidation judiciaire","Saulxures","Vosges"],"articleSection":["Annonce l\u00e9gale","Br\u00e8ves","\u00c9conomie","La Bresse &amp; son canton","Saulxures-Sur-Moselotte","Vosges"],"inLanguage":"fr-FR","potentialAction":[{"@type":"CommentAction","name":"Comment","target":["https:\/\/vosgesinfo.fr\/remiremontinfo\/2023\/09\/ftv-une-des-plus-anciennes-usines-textile-des-vosges-en-liquidation\/#respond"]}]},{"@type":"WebPage","@id":"https:\/\/vosgesinfo.fr\/remiremontinfo\/2023\/09\/ftv-une-des-plus-anciennes-usines-textile-des-vosges-en-liquidation\/","url":"https:\/\/vosgesinfo.fr\/remiremontinfo\/2023\/09\/ftv-une-des-plus-anciennes-usines-textile-des-vosges-en-liquidation\/","name":"FTV : Une des plus anciennes usines textile des Vosges en liquidation - Remiremont Info","isPartOf":{"@id":"https:\/\/vosgesinfo.fr\/remiremontinfo\/#website"},"primaryImageOfPage":{"@id":"https:\/\/vosgesinfo.fr\/remiremontinfo\/2023\/09\/ftv-une-des-plus-anciennes-usines-textile-des-vosges-en-liquidation\/#primaryimage"},"image":{"@id":"https:\/\/vosgesinfo.fr\/remiremontinfo\/2023\/09\/ftv-une-des-plus-anciennes-usines-textile-des-vosges-en-liquidation\/#primaryimage"},"thumbnailUrl":"https:\/\/vosgesinfo.fr\/app\/uploads\/sites\/5\/2023\/09\/filature-et-tissage-de-saulxures-changent-de-mains.jpg","datePublished":"2023-09-26T18:07:02+00:00","dateModified":"2023-09-26T18:07:02+00:00","breadcrumb":{"@id":"https:\/\/vosgesinfo.fr\/remiremontinfo\/2023\/09\/ftv-une-des-plus-anciennes-usines-textile-des-vosges-en-liquidation\/#breadcrumb"},"inLanguage":"fr-FR","potentialAction":[{"@type":"ReadAction","target":["https:\/\/vosgesinfo.fr\/remiremontinfo\/2023\/09\/ftv-une-des-plus-anciennes-usines-textile-des-vosges-en-liquidation\/"]}]},{"@type":"ImageObject","inLanguage":"fr-FR","@id":"https:\/\/vosgesinfo.fr\/remiremontinfo\/2023\/09\/ftv-une-des-plus-anciennes-usines-textile-des-vosges-en-liquidation\/#primaryimage","url":"https:\/\/vosgesinfo.fr\/app\/uploads\/sites\/5\/2023\/09\/filature-et-tissage-de-saulxures-changent-de-mains.jpg","contentUrl":"https:\/\/vosgesinfo.fr\/app\/uploads\/sites\/5\/2023\/09\/filature-et-tissage-de-saulxures-changent-de-mains.jpg","width":550,"height":420},{"@type":"BreadcrumbList","@id":"https:\/\/vosgesinfo.fr\/remiremontinfo\/2023\/09\/ftv-une-des-plus-anciennes-usines-textile-des-vosges-en-liquidation\/#breadcrumb","itemListElement":[{"@type":"ListItem","position":1,"name":"Home","item":"https:\/\/vosgesinfo.fr\/remiremontinfo\/"},{"@type":"ListItem","position":2,"name":"FTV : Une des plus anciennes usines textile des Vosges en liquidation"}]},{"@type":"WebSite","@id":"https:\/\/vosgesinfo.fr\/remiremontinfo\/#website","url":"https:\/\/vosgesinfo.fr\/remiremontinfo\/","name":"Remiremont Info","description":"Toute l&#039;actualit\u00e9 de Remiremont","publisher":{"@id":"https:\/\/vosgesinfo.fr\/remiremontinfo\/#organization"},"alternateName":"Toute l'actualit\u00e9 de Remiremont","potentialAction":[{"@type":"SearchAction","target":{"@type":"EntryPoint","urlTemplate":"https:\/\/vosgesinfo.fr\/remiremontinfo\/?s={search_term_string}"},"query-input":"required name=search_term_string"}],"inLanguage":"fr-FR"},{"@type":"Organization","@id":"https:\/\/vosgesinfo.fr\/remiremontinfo\/#organization","name":"Remiremont Info","url":"https:\/\/vosgesinfo.fr\/remiremontinfo\/","logo":{"@type":"ImageObject","inLanguage":"fr-FR","@id":"https:\/\/vosgesinfo.fr\/remiremontinfo\/#\/schema\/logo\/image\/","url":"https:\/\/vosgesinfo.fr\/app\/uploads\/sites\/5\/2023\/08\/favicon-remiremontinfo.png","contentUrl":"https:\/\/vosgesinfo.fr\/app\/uploads\/sites\/5\/2023\/08\/favicon-remiremontinfo.png","width":512,"height":512,"caption":"Remiremont Info"},"image":{"@id":"https:\/\/vosgesinfo.fr\/remiremontinfo\/#\/schema\/logo\/image\/"},"sameAs":["https:\/\/www.facebook.com\/remiremontinfo","https:\/\/x.com\/VosgesInfo88","https:\/\/www.youtube.com\/@vosgesinfo"]},{"@type":"Person","@id":"https:\/\/vosgesinfo.fr\/remiremontinfo\/#\/schema\/person\/bec388675ce53b5a637aec04392f977e","name":"Stany Maurice","image":{"@type":"ImageObject","inLanguage":"fr-FR","@id":"https:\/\/vosgesinfo.fr\/remiremontinfo\/#\/schema\/person\/image\/","url":"https:\/\/secure.gravatar.com\/avatar\/68520b0c74251371bd10958bd19c3ce39a212093b8fff0dc3edbfcfddd089807?s=96&d=mm&r=g","contentUrl":"https:\/\/secure.gravatar.com\/avatar\/68520b0c74251371bd10958bd19c3ce39a212093b8fff0dc3edbfcfddd089807?s=96&d=mm&r=g","caption":"Stany Maurice"},"url":"https:\/\/vosgesinfo.fr\/remiremontinfo\/author\/s-maurice\/"}]}},"_links":{"self":[{"href":"https:\/\/vosgesinfo.fr\/remiremontinfo\/wp-json\/wp\/v2\/posts\/1479","targetHints":{"allow":["GET"]}}],"collection":[{"href":"https:\/\/vosgesinfo.fr\/remiremontinfo\/wp-json\/wp\/v2\/posts"}],"about":[{"href":"https:\/\/vosgesinfo.fr\/remiremontinfo\/wp-json\/wp\/v2\/types\/post"}],"author":[{"embeddable":true,"href":"https:\/\/vosgesinfo.fr\/remiremontinfo\/wp-json\/wp\/v2\/users\/412"}],"replies":[{"embeddable":true,"href":"https:\/\/vosgesinfo.fr\/remiremontinfo\/wp-json\/wp\/v2\/comments?post=1479"}],"version-history":[{"count":0,"href":"https:\/\/vosgesinfo.fr\/remiremontinfo\/wp-json\/wp\/v2\/posts\/1479\/revisions"}],"wp:featuredmedia":[{"embeddable":true,"href":"https:\/\/vosgesinfo.fr\/remiremontinfo\/wp-json\/wp\/v2\/media\/1480"}],"wp:attachment":[{"href":"https:\/\/vosgesinfo.fr\/remiremontinfo\/wp-json\/wp\/v2\/media?parent=1479"}],"wp:term":[{"taxonomy":"category","embeddable":true,"href":"https:\/\/vosgesinfo.fr\/remiremontinfo\/wp-json\/wp\/v2\/categories?post=1479"},{"taxonomy":"post_tag","embeddable":true,"href":"https:\/\/vosgesinfo.fr\/remiremontinfo\/wp-json\/wp\/v2\/tags?post=1479"}],"curies":[{"name":"wp","href":"https:\/\/api.w.org\/{rel}","templated":true}]}}