{"id":1482,"date":"2023-09-26T21:01:11","date_gmt":"2023-09-26T19:01:11","guid":{"rendered":"https:\/\/vosgesinfo.fr\/remiremontinfo\/2023\/09\/le-tour-des-vosges-solidaire-arrivait-a-remiremont\/"},"modified":"2023-09-26T21:01:11","modified_gmt":"2023-09-26T19:01:11","slug":"le-tour-des-vosges-solidaire-arrivait-a-remiremont","status":"publish","type":"post","link":"https:\/\/vosgesinfo.fr\/remiremontinfo\/2023\/09\/le-tour-des-vosges-solidaire-arrivait-a-remiremont\/","title":{"rendered":"Le tour des Vosges Solidaire arrivait \u00e0 Remiremont"},"content":{"rendered":"<p>C&rsquo;est pour la bonne cause que les deux coureurs, Benjamin MANGEOL et Francis GORNET, ont relev\u00e9 le d\u00e9fit de ce Tour des Vosges solidaire organis\u00e9 pour la 3\u00e8me ann\u00e9e<a href=\"https:\/\/remiremontinfo.fr\/wp-content\/uploads\/2023\/09\/Tour-2.jpg\"><img decoding=\"async\" class=\"alignright size-medium wp-image-377134\" src=\"https:\/\/vosgesinfo.fr\/app\/uploads\/sites\/5\/2023\/09\/tour-2.jpg\" alt=\"Tour 2\" width=\"255\" height=\"255\" \/><\/a> cons\u00e9cutive par Jacky PETITGENET. Les deux amis partaient dimanche matin pour un p\u00e9riple de quelques 700 kilom\u00e8tres sur les routes Vosgiennes, pour r\u00e9colter des dons, suivi par un camping-car pour la logistique.<\/p>\n<p>L&rsquo;\u00e9tape de ce mardi faisait \u00e9tape sur la place Christian PONCELET, devant l&rsquo;h\u00f4tel de ville \u00e0 16 heures, en pr\u00e9sence du Maire Jean-Beno\u00eet TISSERAND,\u00a0 et de quelques membres du conseil municipal. Les \u00e9l\u00e8ves d&rsquo;une classe de terminale STDS avaient fait le d\u00e9placement depuis le Lyc\u00e9e Jeanne-d &lsquo;Arc en soutien aux deux sportifs.<\/p>\n<p>C&rsquo;\u00e9tait en substance les termes de l&rsquo;intervention du Maire recevant les deux cyclistes, rappelant l&rsquo;importance du soutien \u00e0 la Ligue par des dons personnels, en groupe ou par des industriels. Celui-ci rappelait que le don de soi et les actions personnelles \u00e9taient aussi importantes que l&rsquo;aspect financier. Jean-Beno\u00eet TISSERAND concluait en remerciant vivement l&rsquo;implication de Jacky PETIGENET pour la 3\u00e8me ann\u00e9e, en remerciant les coureurs d&rsquo;avoir r\u00e9pondu pr\u00e9sent \u00e0 l&rsquo;organisateur, emp\u00each\u00e9 physiquement de faire ce tour lui-m\u00eame comme les ann\u00e9es pr\u00e9c\u00e9dentes. Le verre de l&rsquo;amiti\u00e9 cl\u00f4turait cette c\u00e9r\u00e9monie conviviale, avant le d\u00e9part des deux sportifs vers Le-Val-D&rsquo;ajol, arriv\u00e9e du jour.<\/p>\n","protected":false},"excerpt":{"rendered":"<p>C&rsquo;est pour la bonne cause que les deux coureurs, Benjamin MANGEOL et Francis GORNET, ont relev\u00e9 le d\u00e9fit de ce [&hellip;]<\/p>\n","protected":false},"author":412,"featured_media":1483,"comment_status":"open","ping_status":"open","sticky":false,"template":"","format":"standard","meta":{"footnotes":""},"categories":[26,43,35,60,18],"tags":[44,158,32],"class_list":["post-1482","post","type-post","status-publish","format-standard","has-post-thumbnail","hentry","category-a-la-une","category-remiremont-remiremont-son-canton","category-remiremont-son-canton","category-solidarite","category-vosges","tag-remiremont","tag-solidarite","tag-vosges"],"acf":[],"yoast_head":"<!-- This site is optimized with the Yoast SEO plugin v22.5 - https:\/\/yoast.com\/wordpress\/plugins\/seo\/ -->\n<title>Le tour des Vosges Solidaire arrivait \u00e0 Remiremont - Remiremont Info<\/title>\n<meta name=\"robots\" content=\"index, follow, max-snippet:-1, max-image-preview:large, max-video-preview:-1\" \/>\n<link rel=\"canonical\" href=\"https:\/\/vosgesinfo.fr\/remiremontinfo\/2023\/09\/le-tour-des-vosges-solidaire-arrivait-a-remiremont\/\" \/>\n<meta name=\"twitter:card\" content=\"summary_large_image\" \/>\n<meta name=\"twitter:title\" content=\"Le tour des Vosges Solidaire arrivait \u00e0 Remiremont - Remiremont Info\" \/>\n<meta name=\"twitter:description\" content=\"C&rsquo;est pour la bonne cause que les deux coureurs, Benjamin MANGEOL et Francis GORNET, ont relev\u00e9 le d\u00e9fit de ce [&hellip;]\" \/>\n<meta name=\"twitter:image\" content=\"https:\/\/vosgesinfo.fr\/app\/uploads\/sites\/5\/2023\/09\/tour-1.jpg\" \/>\n<meta name=\"twitter:creator\" content=\"@VosgesInfo88\" \/>\n<meta name=\"twitter:site\" content=\"@VosgesInfo88\" \/>\n<meta name=\"twitter:label1\" content=\"\u00c9crit par\" \/>\n\t<meta name=\"twitter:data1\" content=\"Stany Maurice\" \/>\n\t<meta name=\"twitter:label2\" content=\"Dur\u00e9e de lecture estim\u00e9e\" \/>\n\t<meta name=\"twitter:data2\" content=\"1 minute\" \/>\n<script type=\"application\/ld+json\" class=\"yoast-schema-graph\">{\"@context\":\"https:\/\/schema.org\",\"@graph\":[{\"@type\":\"Article\",\"@id\":\"https:\/\/vosgesinfo.fr\/remiremontinfo\/2023\/09\/le-tour-des-vosges-solidaire-arrivait-a-remiremont\/#article\",\"isPartOf\":{\"@id\":\"https:\/\/vosgesinfo.fr\/remiremontinfo\/2023\/09\/le-tour-des-vosges-solidaire-arrivait-a-remiremont\/\"},\"author\":{\"name\":\"Stany Maurice\",\"@id\":\"https:\/\/vosgesinfo.fr\/remiremontinfo\/#\/schema\/person\/bec388675ce53b5a637aec04392f977e\"},\"headline\":\"Le tour des Vosges Solidaire arrivait \u00e0 Remiremont\",\"datePublished\":\"2023-09-26T19:01:11+00:00\",\"dateModified\":\"2023-09-26T19:01:11+00:00\",\"mainEntityOfPage\":{\"@id\":\"https:\/\/vosgesinfo.fr\/remiremontinfo\/2023\/09\/le-tour-des-vosges-solidaire-arrivait-a-remiremont\/\"},\"wordCount\":254,\"commentCount\":0,\"publisher\":{\"@id\":\"https:\/\/vosgesinfo.fr\/remiremontinfo\/#organization\"},\"image\":{\"@id\":\"https:\/\/vosgesinfo.fr\/remiremontinfo\/2023\/09\/le-tour-des-vosges-solidaire-arrivait-a-remiremont\/#primaryimage\"},\"thumbnailUrl\":\"https:\/\/vosgesinfo.fr\/app\/uploads\/sites\/5\/2023\/09\/tour-1.jpg\",\"keywords\":[\"remiremont\",\"solidarit\u00e9\",\"Vosges\"],\"articleSection\":[\"A la Une\",\"Remiremont\",\"Remiremont &amp; son canton\",\"Solidarit\u00e9\",\"Vosges\"],\"inLanguage\":\"fr-FR\",\"potentialAction\":[{\"@type\":\"CommentAction\",\"name\":\"Comment\",\"target\":[\"https:\/\/vosgesinfo.fr\/remiremontinfo\/2023\/09\/le-tour-des-vosges-solidaire-arrivait-a-remiremont\/#respond\"]}]},{\"@type\":\"WebPage\",\"@id\":\"https:\/\/vosgesinfo.fr\/remiremontinfo\/2023\/09\/le-tour-des-vosges-solidaire-arrivait-a-remiremont\/\",\"url\":\"https:\/\/vosgesinfo.fr\/remiremontinfo\/2023\/09\/le-tour-des-vosges-solidaire-arrivait-a-remiremont\/\",\"name\":\"Le tour des Vosges Solidaire arrivait \u00e0 Remiremont - Remiremont Info\",\"isPartOf\":{\"@id\":\"https:\/\/vosgesinfo.fr\/remiremontinfo\/#website\"},\"primaryImageOfPage\":{\"@id\":\"https:\/\/vosgesinfo.fr\/remiremontinfo\/2023\/09\/le-tour-des-vosges-solidaire-arrivait-a-remiremont\/#primaryimage\"},\"image\":{\"@id\":\"https:\/\/vosgesinfo.fr\/remiremontinfo\/2023\/09\/le-tour-des-vosges-solidaire-arrivait-a-remiremont\/#primaryimage\"},\"thumbnailUrl\":\"https:\/\/vosgesinfo.fr\/app\/uploads\/sites\/5\/2023\/09\/tour-1.jpg\",\"datePublished\":\"2023-09-26T19:01:11+00:00\",\"dateModified\":\"2023-09-26T19:01:11+00:00\",\"breadcrumb\":{\"@id\":\"https:\/\/vosgesinfo.fr\/remiremontinfo\/2023\/09\/le-tour-des-vosges-solidaire-arrivait-a-remiremont\/#breadcrumb\"},\"inLanguage\":\"fr-FR\",\"potentialAction\":[{\"@type\":\"ReadAction\",\"target\":[\"https:\/\/vosgesinfo.fr\/remiremontinfo\/2023\/09\/le-tour-des-vosges-solidaire-arrivait-a-remiremont\/\"]}]},{\"@type\":\"ImageObject\",\"inLanguage\":\"fr-FR\",\"@id\":\"https:\/\/vosgesinfo.fr\/remiremontinfo\/2023\/09\/le-tour-des-vosges-solidaire-arrivait-a-remiremont\/#primaryimage\",\"url\":\"https:\/\/vosgesinfo.fr\/app\/uploads\/sites\/5\/2023\/09\/tour-1.jpg\",\"contentUrl\":\"https:\/\/vosgesinfo.fr\/app\/uploads\/sites\/5\/2023\/09\/tour-1.jpg\",\"width\":1080,\"height\":1080},{\"@type\":\"BreadcrumbList\",\"@id\":\"https:\/\/vosgesinfo.fr\/remiremontinfo\/2023\/09\/le-tour-des-vosges-solidaire-arrivait-a-remiremont\/#breadcrumb\",\"itemListElement\":[{\"@type\":\"ListItem\",\"position\":1,\"name\":\"Home\",\"item\":\"https:\/\/vosgesinfo.fr\/remiremontinfo\/\"},{\"@type\":\"ListItem\",\"position\":2,\"name\":\"Le tour des Vosges Solidaire arrivait \u00e0 Remiremont\"}]},{\"@type\":\"WebSite\",\"@id\":\"https:\/\/vosgesinfo.fr\/remiremontinfo\/#website\",\"url\":\"https:\/\/vosgesinfo.fr\/remiremontinfo\/\",\"name\":\"Remiremont Info\",\"description\":\"Toute l&#039;actualit\u00e9 de Remiremont\",\"publisher\":{\"@id\":\"https:\/\/vosgesinfo.fr\/remiremontinfo\/#organization\"},\"alternateName\":\"Toute l'actualit\u00e9 de Remiremont\",\"potentialAction\":[{\"@type\":\"SearchAction\",\"target\":{\"@type\":\"EntryPoint\",\"urlTemplate\":\"https:\/\/vosgesinfo.fr\/remiremontinfo\/?s={search_term_string}\"},\"query-input\":\"required name=search_term_string\"}],\"inLanguage\":\"fr-FR\"},{\"@type\":\"Organization\",\"@id\":\"https:\/\/vosgesinfo.fr\/remiremontinfo\/#organization\",\"name\":\"Remiremont Info\",\"url\":\"https:\/\/vosgesinfo.fr\/remiremontinfo\/\",\"logo\":{\"@type\":\"ImageObject\",\"inLanguage\":\"fr-FR\",\"@id\":\"https:\/\/vosgesinfo.fr\/remiremontinfo\/#\/schema\/logo\/image\/\",\"url\":\"https:\/\/vosgesinfo.fr\/app\/uploads\/sites\/5\/2023\/08\/favicon-remiremontinfo.png\",\"contentUrl\":\"https:\/\/vosgesinfo.fr\/app\/uploads\/sites\/5\/2023\/08\/favicon-remiremontinfo.png\",\"width\":512,\"height\":512,\"caption\":\"Remiremont Info\"},\"image\":{\"@id\":\"https:\/\/vosgesinfo.fr\/remiremontinfo\/#\/schema\/logo\/image\/\"},\"sameAs\":[\"https:\/\/www.facebook.com\/remiremontinfo\",\"https:\/\/x.com\/VosgesInfo88\",\"https:\/\/www.youtube.com\/@vosgesinfo\"]},{\"@type\":\"Person\",\"@id\":\"https:\/\/vosgesinfo.fr\/remiremontinfo\/#\/schema\/person\/bec388675ce53b5a637aec04392f977e\",\"name\":\"Stany Maurice\",\"image\":{\"@type\":\"ImageObject\",\"inLanguage\":\"fr-FR\",\"@id\":\"https:\/\/vosgesinfo.fr\/remiremontinfo\/#\/schema\/person\/image\/\",\"url\":\"https:\/\/secure.gravatar.com\/avatar\/68520b0c74251371bd10958bd19c3ce39a212093b8fff0dc3edbfcfddd089807?s=96&d=mm&r=g\",\"contentUrl\":\"https:\/\/secure.gravatar.com\/avatar\/68520b0c74251371bd10958bd19c3ce39a212093b8fff0dc3edbfcfddd089807?s=96&d=mm&r=g\",\"caption\":\"Stany Maurice\"},\"url\":\"https:\/\/vosgesinfo.fr\/remiremontinfo\/author\/s-maurice\/\"}]}<\/script>\n<!-- \/ Yoast SEO plugin. -->","yoast_head_json":{"title":"Le tour des Vosges Solidaire arrivait \u00e0 Remiremont - Remiremont Info","robots":{"index":"index","follow":"follow","max-snippet":"max-snippet:-1","max-image-preview":"max-image-preview:large","max-video-preview":"max-video-preview:-1"},"canonical":"https:\/\/vosgesinfo.fr\/remiremontinfo\/2023\/09\/le-tour-des-vosges-solidaire-arrivait-a-remiremont\/","twitter_card":"summary_large_image","twitter_title":"Le tour des Vosges Solidaire arrivait \u00e0 Remiremont - Remiremont Info","twitter_description":"C&rsquo;est pour la bonne cause que les deux coureurs, Benjamin MANGEOL et Francis GORNET, ont relev\u00e9 le d\u00e9fit de ce [&hellip;]","twitter_image":"https:\/\/vosgesinfo.fr\/app\/uploads\/sites\/5\/2023\/09\/tour-1.jpg","twitter_creator":"@VosgesInfo88","twitter_site":"@VosgesInfo88","twitter_misc":{"\u00c9crit par":"Stany Maurice","Dur\u00e9e de lecture estim\u00e9e":"1 minute"},"schema":{"@context":"https:\/\/schema.org","@graph":[{"@type":"Article","@id":"https:\/\/vosgesinfo.fr\/remiremontinfo\/2023\/09\/le-tour-des-vosges-solidaire-arrivait-a-remiremont\/#article","isPartOf":{"@id":"https:\/\/vosgesinfo.fr\/remiremontinfo\/2023\/09\/le-tour-des-vosges-solidaire-arrivait-a-remiremont\/"},"author":{"name":"Stany Maurice","@id":"https:\/\/vosgesinfo.fr\/remiremontinfo\/#\/schema\/person\/bec388675ce53b5a637aec04392f977e"},"headline":"Le tour des Vosges Solidaire arrivait \u00e0 Remiremont","datePublished":"2023-09-26T19:01:11+00:00","dateModified":"2023-09-26T19:01:11+00:00","mainEntityOfPage":{"@id":"https:\/\/vosgesinfo.fr\/remiremontinfo\/2023\/09\/le-tour-des-vosges-solidaire-arrivait-a-remiremont\/"},"wordCount":254,"commentCount":0,"publisher":{"@id":"https:\/\/vosgesinfo.fr\/remiremontinfo\/#organization"},"image":{"@id":"https:\/\/vosgesinfo.fr\/remiremontinfo\/2023\/09\/le-tour-des-vosges-solidaire-arrivait-a-remiremont\/#primaryimage"},"thumbnailUrl":"https:\/\/vosgesinfo.fr\/app\/uploads\/sites\/5\/2023\/09\/tour-1.jpg","keywords":["remiremont","solidarit\u00e9","Vosges"],"articleSection":["A la Une","Remiremont","Remiremont &amp; son canton","Solidarit\u00e9","Vosges"],"inLanguage":"fr-FR","potentialAction":[{"@type":"CommentAction","name":"Comment","target":["https:\/\/vosgesinfo.fr\/remiremontinfo\/2023\/09\/le-tour-des-vosges-solidaire-arrivait-a-remiremont\/#respond"]}]},{"@type":"WebPage","@id":"https:\/\/vosgesinfo.fr\/remiremontinfo\/2023\/09\/le-tour-des-vosges-solidaire-arrivait-a-remiremont\/","url":"https:\/\/vosgesinfo.fr\/remiremontinfo\/2023\/09\/le-tour-des-vosges-solidaire-arrivait-a-remiremont\/","name":"Le tour des Vosges Solidaire arrivait \u00e0 Remiremont - Remiremont Info","isPartOf":{"@id":"https:\/\/vosgesinfo.fr\/remiremontinfo\/#website"},"primaryImageOfPage":{"@id":"https:\/\/vosgesinfo.fr\/remiremontinfo\/2023\/09\/le-tour-des-vosges-solidaire-arrivait-a-remiremont\/#primaryimage"},"image":{"@id":"https:\/\/vosgesinfo.fr\/remiremontinfo\/2023\/09\/le-tour-des-vosges-solidaire-arrivait-a-remiremont\/#primaryimage"},"thumbnailUrl":"https:\/\/vosgesinfo.fr\/app\/uploads\/sites\/5\/2023\/09\/tour-1.jpg","datePublished":"2023-09-26T19:01:11+00:00","dateModified":"2023-09-26T19:01:11+00:00","breadcrumb":{"@id":"https:\/\/vosgesinfo.fr\/remiremontinfo\/2023\/09\/le-tour-des-vosges-solidaire-arrivait-a-remiremont\/#breadcrumb"},"inLanguage":"fr-FR","potentialAction":[{"@type":"ReadAction","target":["https:\/\/vosgesinfo.fr\/remiremontinfo\/2023\/09\/le-tour-des-vosges-solidaire-arrivait-a-remiremont\/"]}]},{"@type":"ImageObject","inLanguage":"fr-FR","@id":"https:\/\/vosgesinfo.fr\/remiremontinfo\/2023\/09\/le-tour-des-vosges-solidaire-arrivait-a-remiremont\/#primaryimage","url":"https:\/\/vosgesinfo.fr\/app\/uploads\/sites\/5\/2023\/09\/tour-1.jpg","contentUrl":"https:\/\/vosgesinfo.fr\/app\/uploads\/sites\/5\/2023\/09\/tour-1.jpg","width":1080,"height":1080},{"@type":"BreadcrumbList","@id":"https:\/\/vosgesinfo.fr\/remiremontinfo\/2023\/09\/le-tour-des-vosges-solidaire-arrivait-a-remiremont\/#breadcrumb","itemListElement":[{"@type":"ListItem","position":1,"name":"Home","item":"https:\/\/vosgesinfo.fr\/remiremontinfo\/"},{"@type":"ListItem","position":2,"name":"Le tour des Vosges Solidaire arrivait \u00e0 Remiremont"}]},{"@type":"WebSite","@id":"https:\/\/vosgesinfo.fr\/remiremontinfo\/#website","url":"https:\/\/vosgesinfo.fr\/remiremontinfo\/","name":"Remiremont Info","description":"Toute l&#039;actualit\u00e9 de Remiremont","publisher":{"@id":"https:\/\/vosgesinfo.fr\/remiremontinfo\/#organization"},"alternateName":"Toute l'actualit\u00e9 de Remiremont","potentialAction":[{"@type":"SearchAction","target":{"@type":"EntryPoint","urlTemplate":"https:\/\/vosgesinfo.fr\/remiremontinfo\/?s={search_term_string}"},"query-input":"required name=search_term_string"}],"inLanguage":"fr-FR"},{"@type":"Organization","@id":"https:\/\/vosgesinfo.fr\/remiremontinfo\/#organization","name":"Remiremont Info","url":"https:\/\/vosgesinfo.fr\/remiremontinfo\/","logo":{"@type":"ImageObject","inLanguage":"fr-FR","@id":"https:\/\/vosgesinfo.fr\/remiremontinfo\/#\/schema\/logo\/image\/","url":"https:\/\/vosgesinfo.fr\/app\/uploads\/sites\/5\/2023\/08\/favicon-remiremontinfo.png","contentUrl":"https:\/\/vosgesinfo.fr\/app\/uploads\/sites\/5\/2023\/08\/favicon-remiremontinfo.png","width":512,"height":512,"caption":"Remiremont Info"},"image":{"@id":"https:\/\/vosgesinfo.fr\/remiremontinfo\/#\/schema\/logo\/image\/"},"sameAs":["https:\/\/www.facebook.com\/remiremontinfo","https:\/\/x.com\/VosgesInfo88","https:\/\/www.youtube.com\/@vosgesinfo"]},{"@type":"Person","@id":"https:\/\/vosgesinfo.fr\/remiremontinfo\/#\/schema\/person\/bec388675ce53b5a637aec04392f977e","name":"Stany Maurice","image":{"@type":"ImageObject","inLanguage":"fr-FR","@id":"https:\/\/vosgesinfo.fr\/remiremontinfo\/#\/schema\/person\/image\/","url":"https:\/\/secure.gravatar.com\/avatar\/68520b0c74251371bd10958bd19c3ce39a212093b8fff0dc3edbfcfddd089807?s=96&d=mm&r=g","contentUrl":"https:\/\/secure.gravatar.com\/avatar\/68520b0c74251371bd10958bd19c3ce39a212093b8fff0dc3edbfcfddd089807?s=96&d=mm&r=g","caption":"Stany Maurice"},"url":"https:\/\/vosgesinfo.fr\/remiremontinfo\/author\/s-maurice\/"}]}},"_links":{"self":[{"href":"https:\/\/vosgesinfo.fr\/remiremontinfo\/wp-json\/wp\/v2\/posts\/1482","targetHints":{"allow":["GET"]}}],"collection":[{"href":"https:\/\/vosgesinfo.fr\/remiremontinfo\/wp-json\/wp\/v2\/posts"}],"about":[{"href":"https:\/\/vosgesinfo.fr\/remiremontinfo\/wp-json\/wp\/v2\/types\/post"}],"author":[{"embeddable":true,"href":"https:\/\/vosgesinfo.fr\/remiremontinfo\/wp-json\/wp\/v2\/users\/412"}],"replies":[{"embeddable":true,"href":"https:\/\/vosgesinfo.fr\/remiremontinfo\/wp-json\/wp\/v2\/comments?post=1482"}],"version-history":[{"count":0,"href":"https:\/\/vosgesinfo.fr\/remiremontinfo\/wp-json\/wp\/v2\/posts\/1482\/revisions"}],"wp:featuredmedia":[{"embeddable":true,"href":"https:\/\/vosgesinfo.fr\/remiremontinfo\/wp-json\/wp\/v2\/media\/1483"}],"wp:attachment":[{"href":"https:\/\/vosgesinfo.fr\/remiremontinfo\/wp-json\/wp\/v2\/media?parent=1482"}],"wp:term":[{"taxonomy":"category","embeddable":true,"href":"https:\/\/vosgesinfo.fr\/remiremontinfo\/wp-json\/wp\/v2\/categories?post=1482"},{"taxonomy":"post_tag","embeddable":true,"href":"https:\/\/vosgesinfo.fr\/remiremontinfo\/wp-json\/wp\/v2\/tags?post=1482"}],"curies":[{"name":"wp","href":"https:\/\/api.w.org\/{rel}","templated":true}]}}