{"id":15107,"date":"2019-05-29T05:04:30","date_gmt":"2019-05-29T03:04:30","guid":{"rendered":"https:\/\/vosgesinfo.fr\/remiremontinfo\/2019\/05\/val-dajol-concert-annuel-de-mediatheque-groupe-edgar\/"},"modified":"2019-05-29T05:04:30","modified_gmt":"2019-05-29T03:04:30","slug":"val-dajol-concert-annuel-de-mediatheque-groupe-edgar","status":"publish","type":"post","link":"https:\/\/vosgesinfo.fr\/remiremontinfo\/2019\/05\/val-dajol-concert-annuel-de-mediatheque-groupe-edgar\/","title":{"rendered":"Le Val-d&rsquo;Ajol : concert annuel de la M\u00e9diath\u00e8que avec le groupe Edgar"},"content":{"rendered":"<h2 style=\"text-align: center;\"><a href=\"\/2019\/05\/affiche.jpg\"><img decoding=\"async\" class=\"alignnone size-large wp-image-260337\" src=\"\/2019\/05\/affiche-724x1024.jpg\" alt=\"affiche\" width=\"724\" height=\"1024\" \/><\/a><\/h2>\n<h2><span style=\"font-size: 12pt;\"><strong>Pour la premi\u00e8re fois, c\u2019est au Val d\u2019Ajol que se d\u00e9roulera le concert annuel organis\u00e9 par la M\u00e9diath\u00e8que intercommunale de la Porte des Vosges M\u00e9ridionales, en lien avec la f\u00eate de la musique.<\/strong><\/span><\/h2>\n<p>Pour cette \u00e9dition, c\u2019est le jazz qui sera mis \u00e0 l\u2019honneur, avec le groupe Edgar. Quintette 100 % vosgien, Edgar vous proposera un tour d\u2019horizon de leurs tubes pr\u00e9f\u00e9r\u00e9s, pass\u00e9s dans la moulinette du jazz et de l\u2019improvisation\u00a0: Nina Simone, Serge Gainsbourg, Andr\u00e9 Minvielle,\u00a0 Antonio Carlos Jobim, Louis Armstrong feront, entre autres, partie du voyage.<\/p>\n<p>Rendez-vous\u00a0d\u00e8s 17h00, le Samedi 22 juin 2019 \u00e0 la Salle des f\u00eates du Val d\u2019Ajol.<br \/>\n<em>Entr\u00e9e libre et gratuite.<\/em><\/p>\n","protected":false},"excerpt":{"rendered":"<p>Pour la premi\u00e8re fois, c\u2019est au Val d\u2019Ajol que se d\u00e9roulera le concert annuel organis\u00e9 par la M\u00e9diath\u00e8que intercommunale de [&hellip;]<\/p>\n","protected":false},"author":407,"featured_media":15108,"comment_status":"open","ping_status":"open","sticky":false,"template":"","format":"standard","meta":{"footnotes":""},"categories":[26,4,121,82,54],"tags":[],"class_list":["post-15107","post","type-post","status-publish","format-standard","has-post-thumbnail","hentry","category-a-la-une","category-culture","category-le-val-dajol-le-val-dajol-son-canton","category-le-val-dajol-son-canton","category-loisirs"],"acf":[],"yoast_head":"<!-- This site is optimized with the Yoast SEO plugin v22.5 - https:\/\/yoast.com\/wordpress\/plugins\/seo\/ -->\n<title>Le Val-d&#039;Ajol : concert annuel de la M\u00e9diath\u00e8que avec le groupe Edgar - Remiremont Info<\/title>\n<meta name=\"robots\" content=\"index, follow, max-snippet:-1, max-image-preview:large, max-video-preview:-1\" \/>\n<link rel=\"canonical\" href=\"https:\/\/vosgesinfo.fr\/remiremontinfo\/2019\/05\/val-dajol-concert-annuel-de-mediatheque-groupe-edgar\/\" \/>\n<meta name=\"twitter:card\" content=\"summary_large_image\" \/>\n<meta name=\"twitter:title\" content=\"Le Val-d&#039;Ajol : concert annuel de la M\u00e9diath\u00e8que avec le groupe Edgar - Remiremont Info\" \/>\n<meta name=\"twitter:description\" content=\"Pour la premi\u00e8re fois, c\u2019est au Val d\u2019Ajol que se d\u00e9roulera le concert annuel organis\u00e9 par la M\u00e9diath\u00e8que intercommunale de [&hellip;]\" \/>\n<meta name=\"twitter:image\" content=\"https:\/\/vosgesinfo.fr\/app\/uploads\/sites\/5\/2024\/09\/201905capture-decran-2019-05-29-a-11.19.25.png\" \/>\n<meta name=\"twitter:creator\" content=\"@VosgesInfo88\" \/>\n<meta name=\"twitter:site\" content=\"@VosgesInfo88\" \/>\n<meta name=\"twitter:label1\" content=\"\u00c9crit par\" \/>\n\t<meta name=\"twitter:data1\" content=\"C D\" \/>\n\t<meta name=\"twitter:label2\" content=\"Dur\u00e9e de lecture estim\u00e9e\" \/>\n\t<meta name=\"twitter:data2\" content=\"1 minute\" \/>\n<script type=\"application\/ld+json\" class=\"yoast-schema-graph\">{\"@context\":\"https:\/\/schema.org\",\"@graph\":[{\"@type\":\"Article\",\"@id\":\"https:\/\/vosgesinfo.fr\/remiremontinfo\/2019\/05\/val-dajol-concert-annuel-de-mediatheque-groupe-edgar\/#article\",\"isPartOf\":{\"@id\":\"https:\/\/vosgesinfo.fr\/remiremontinfo\/2019\/05\/val-dajol-concert-annuel-de-mediatheque-groupe-edgar\/\"},\"author\":{\"name\":\"C D\",\"@id\":\"https:\/\/vosgesinfo.fr\/remiremontinfo\/#\/schema\/person\/3bfd164d5218a185b1db68655a265316\"},\"headline\":\"Le Val-d&rsquo;Ajol : concert annuel de la M\u00e9diath\u00e8que avec le groupe Edgar\",\"datePublished\":\"2019-05-29T03:04:30+00:00\",\"dateModified\":\"2019-05-29T03:04:30+00:00\",\"mainEntityOfPage\":{\"@id\":\"https:\/\/vosgesinfo.fr\/remiremontinfo\/2019\/05\/val-dajol-concert-annuel-de-mediatheque-groupe-edgar\/\"},\"wordCount\":136,\"commentCount\":0,\"publisher\":{\"@id\":\"https:\/\/vosgesinfo.fr\/remiremontinfo\/#organization\"},\"image\":{\"@id\":\"https:\/\/vosgesinfo.fr\/remiremontinfo\/2019\/05\/val-dajol-concert-annuel-de-mediatheque-groupe-edgar\/#primaryimage\"},\"thumbnailUrl\":\"https:\/\/vosgesinfo.fr\/app\/uploads\/sites\/5\/2024\/09\/201905capture-decran-2019-05-29-a-11.19.25.png\",\"articleSection\":[\"A la Une\",\"Culture\",\"Le Val d'Ajol\",\"Le Val-d'Ajol &amp; son canton\",\"Loisirs\"],\"inLanguage\":\"fr-FR\",\"potentialAction\":[{\"@type\":\"CommentAction\",\"name\":\"Comment\",\"target\":[\"https:\/\/vosgesinfo.fr\/remiremontinfo\/2019\/05\/val-dajol-concert-annuel-de-mediatheque-groupe-edgar\/#respond\"]}]},{\"@type\":\"WebPage\",\"@id\":\"https:\/\/vosgesinfo.fr\/remiremontinfo\/2019\/05\/val-dajol-concert-annuel-de-mediatheque-groupe-edgar\/\",\"url\":\"https:\/\/vosgesinfo.fr\/remiremontinfo\/2019\/05\/val-dajol-concert-annuel-de-mediatheque-groupe-edgar\/\",\"name\":\"Le Val-d'Ajol : concert annuel de la M\u00e9diath\u00e8que avec le groupe Edgar - Remiremont Info\",\"isPartOf\":{\"@id\":\"https:\/\/vosgesinfo.fr\/remiremontinfo\/#website\"},\"primaryImageOfPage\":{\"@id\":\"https:\/\/vosgesinfo.fr\/remiremontinfo\/2019\/05\/val-dajol-concert-annuel-de-mediatheque-groupe-edgar\/#primaryimage\"},\"image\":{\"@id\":\"https:\/\/vosgesinfo.fr\/remiremontinfo\/2019\/05\/val-dajol-concert-annuel-de-mediatheque-groupe-edgar\/#primaryimage\"},\"thumbnailUrl\":\"https:\/\/vosgesinfo.fr\/app\/uploads\/sites\/5\/2024\/09\/201905capture-decran-2019-05-29-a-11.19.25.png\",\"datePublished\":\"2019-05-29T03:04:30+00:00\",\"dateModified\":\"2019-05-29T03:04:30+00:00\",\"breadcrumb\":{\"@id\":\"https:\/\/vosgesinfo.fr\/remiremontinfo\/2019\/05\/val-dajol-concert-annuel-de-mediatheque-groupe-edgar\/#breadcrumb\"},\"inLanguage\":\"fr-FR\",\"potentialAction\":[{\"@type\":\"ReadAction\",\"target\":[\"https:\/\/vosgesinfo.fr\/remiremontinfo\/2019\/05\/val-dajol-concert-annuel-de-mediatheque-groupe-edgar\/\"]}]},{\"@type\":\"ImageObject\",\"inLanguage\":\"fr-FR\",\"@id\":\"https:\/\/vosgesinfo.fr\/remiremontinfo\/2019\/05\/val-dajol-concert-annuel-de-mediatheque-groupe-edgar\/#primaryimage\",\"url\":\"https:\/\/vosgesinfo.fr\/app\/uploads\/sites\/5\/2024\/09\/201905capture-decran-2019-05-29-a-11.19.25.png\",\"contentUrl\":\"https:\/\/vosgesinfo.fr\/app\/uploads\/sites\/5\/2024\/09\/201905capture-decran-2019-05-29-a-11.19.25.png\",\"width\":1140,\"height\":796},{\"@type\":\"BreadcrumbList\",\"@id\":\"https:\/\/vosgesinfo.fr\/remiremontinfo\/2019\/05\/val-dajol-concert-annuel-de-mediatheque-groupe-edgar\/#breadcrumb\",\"itemListElement\":[{\"@type\":\"ListItem\",\"position\":1,\"name\":\"Home\",\"item\":\"https:\/\/vosgesinfo.fr\/remiremontinfo\/\"},{\"@type\":\"ListItem\",\"position\":2,\"name\":\"Le Val-d&rsquo;Ajol : concert annuel de la M\u00e9diath\u00e8que avec le groupe Edgar\"}]},{\"@type\":\"WebSite\",\"@id\":\"https:\/\/vosgesinfo.fr\/remiremontinfo\/#website\",\"url\":\"https:\/\/vosgesinfo.fr\/remiremontinfo\/\",\"name\":\"Remiremont Info\",\"description\":\"Toute l&#039;actualit\u00e9 de Remiremont\",\"publisher\":{\"@id\":\"https:\/\/vosgesinfo.fr\/remiremontinfo\/#organization\"},\"alternateName\":\"Toute l'actualit\u00e9 de Remiremont\",\"potentialAction\":[{\"@type\":\"SearchAction\",\"target\":{\"@type\":\"EntryPoint\",\"urlTemplate\":\"https:\/\/vosgesinfo.fr\/remiremontinfo\/?s={search_term_string}\"},\"query-input\":\"required name=search_term_string\"}],\"inLanguage\":\"fr-FR\"},{\"@type\":\"Organization\",\"@id\":\"https:\/\/vosgesinfo.fr\/remiremontinfo\/#organization\",\"name\":\"Remiremont Info\",\"url\":\"https:\/\/vosgesinfo.fr\/remiremontinfo\/\",\"logo\":{\"@type\":\"ImageObject\",\"inLanguage\":\"fr-FR\",\"@id\":\"https:\/\/vosgesinfo.fr\/remiremontinfo\/#\/schema\/logo\/image\/\",\"url\":\"https:\/\/vosgesinfo.fr\/app\/uploads\/sites\/5\/2023\/08\/favicon-remiremontinfo.png\",\"contentUrl\":\"https:\/\/vosgesinfo.fr\/app\/uploads\/sites\/5\/2023\/08\/favicon-remiremontinfo.png\",\"width\":512,\"height\":512,\"caption\":\"Remiremont Info\"},\"image\":{\"@id\":\"https:\/\/vosgesinfo.fr\/remiremontinfo\/#\/schema\/logo\/image\/\"},\"sameAs\":[\"https:\/\/www.facebook.com\/remiremontinfo\",\"https:\/\/x.com\/VosgesInfo88\",\"https:\/\/www.youtube.com\/@vosgesinfo\"]},{\"@type\":\"Person\",\"@id\":\"https:\/\/vosgesinfo.fr\/remiremontinfo\/#\/schema\/person\/3bfd164d5218a185b1db68655a265316\",\"name\":\"C D\",\"image\":{\"@type\":\"ImageObject\",\"inLanguage\":\"fr-FR\",\"@id\":\"https:\/\/vosgesinfo.fr\/remiremontinfo\/#\/schema\/person\/image\/\",\"url\":\"https:\/\/secure.gravatar.com\/avatar\/1f9a70007336511a47468b8f1c66f922b8b7cf617b02a31149ada43893a5d48f?s=96&d=mm&r=g\",\"contentUrl\":\"https:\/\/secure.gravatar.com\/avatar\/1f9a70007336511a47468b8f1c66f922b8b7cf617b02a31149ada43893a5d48f?s=96&d=mm&r=g\",\"caption\":\"C D\"},\"url\":\"https:\/\/vosgesinfo.fr\/remiremontinfo\/author\/cedric-drevet\/\"}]}<\/script>\n<!-- \/ Yoast SEO plugin. -->","yoast_head_json":{"title":"Le Val-d'Ajol : concert annuel de la M\u00e9diath\u00e8que avec le groupe Edgar - Remiremont Info","robots":{"index":"index","follow":"follow","max-snippet":"max-snippet:-1","max-image-preview":"max-image-preview:large","max-video-preview":"max-video-preview:-1"},"canonical":"https:\/\/vosgesinfo.fr\/remiremontinfo\/2019\/05\/val-dajol-concert-annuel-de-mediatheque-groupe-edgar\/","twitter_card":"summary_large_image","twitter_title":"Le Val-d'Ajol : concert annuel de la M\u00e9diath\u00e8que avec le groupe Edgar - Remiremont Info","twitter_description":"Pour la premi\u00e8re fois, c\u2019est au Val d\u2019Ajol que se d\u00e9roulera le concert annuel organis\u00e9 par la M\u00e9diath\u00e8que intercommunale de [&hellip;]","twitter_image":"https:\/\/vosgesinfo.fr\/app\/uploads\/sites\/5\/2024\/09\/201905capture-decran-2019-05-29-a-11.19.25.png","twitter_creator":"@VosgesInfo88","twitter_site":"@VosgesInfo88","twitter_misc":{"\u00c9crit par":"C D","Dur\u00e9e de lecture estim\u00e9e":"1 minute"},"schema":{"@context":"https:\/\/schema.org","@graph":[{"@type":"Article","@id":"https:\/\/vosgesinfo.fr\/remiremontinfo\/2019\/05\/val-dajol-concert-annuel-de-mediatheque-groupe-edgar\/#article","isPartOf":{"@id":"https:\/\/vosgesinfo.fr\/remiremontinfo\/2019\/05\/val-dajol-concert-annuel-de-mediatheque-groupe-edgar\/"},"author":{"name":"C D","@id":"https:\/\/vosgesinfo.fr\/remiremontinfo\/#\/schema\/person\/3bfd164d5218a185b1db68655a265316"},"headline":"Le Val-d&rsquo;Ajol : concert annuel de la M\u00e9diath\u00e8que avec le groupe Edgar","datePublished":"2019-05-29T03:04:30+00:00","dateModified":"2019-05-29T03:04:30+00:00","mainEntityOfPage":{"@id":"https:\/\/vosgesinfo.fr\/remiremontinfo\/2019\/05\/val-dajol-concert-annuel-de-mediatheque-groupe-edgar\/"},"wordCount":136,"commentCount":0,"publisher":{"@id":"https:\/\/vosgesinfo.fr\/remiremontinfo\/#organization"},"image":{"@id":"https:\/\/vosgesinfo.fr\/remiremontinfo\/2019\/05\/val-dajol-concert-annuel-de-mediatheque-groupe-edgar\/#primaryimage"},"thumbnailUrl":"https:\/\/vosgesinfo.fr\/app\/uploads\/sites\/5\/2024\/09\/201905capture-decran-2019-05-29-a-11.19.25.png","articleSection":["A la Une","Culture","Le Val d'Ajol","Le Val-d'Ajol &amp; son canton","Loisirs"],"inLanguage":"fr-FR","potentialAction":[{"@type":"CommentAction","name":"Comment","target":["https:\/\/vosgesinfo.fr\/remiremontinfo\/2019\/05\/val-dajol-concert-annuel-de-mediatheque-groupe-edgar\/#respond"]}]},{"@type":"WebPage","@id":"https:\/\/vosgesinfo.fr\/remiremontinfo\/2019\/05\/val-dajol-concert-annuel-de-mediatheque-groupe-edgar\/","url":"https:\/\/vosgesinfo.fr\/remiremontinfo\/2019\/05\/val-dajol-concert-annuel-de-mediatheque-groupe-edgar\/","name":"Le Val-d'Ajol : concert annuel de la M\u00e9diath\u00e8que avec le groupe Edgar - Remiremont Info","isPartOf":{"@id":"https:\/\/vosgesinfo.fr\/remiremontinfo\/#website"},"primaryImageOfPage":{"@id":"https:\/\/vosgesinfo.fr\/remiremontinfo\/2019\/05\/val-dajol-concert-annuel-de-mediatheque-groupe-edgar\/#primaryimage"},"image":{"@id":"https:\/\/vosgesinfo.fr\/remiremontinfo\/2019\/05\/val-dajol-concert-annuel-de-mediatheque-groupe-edgar\/#primaryimage"},"thumbnailUrl":"https:\/\/vosgesinfo.fr\/app\/uploads\/sites\/5\/2024\/09\/201905capture-decran-2019-05-29-a-11.19.25.png","datePublished":"2019-05-29T03:04:30+00:00","dateModified":"2019-05-29T03:04:30+00:00","breadcrumb":{"@id":"https:\/\/vosgesinfo.fr\/remiremontinfo\/2019\/05\/val-dajol-concert-annuel-de-mediatheque-groupe-edgar\/#breadcrumb"},"inLanguage":"fr-FR","potentialAction":[{"@type":"ReadAction","target":["https:\/\/vosgesinfo.fr\/remiremontinfo\/2019\/05\/val-dajol-concert-annuel-de-mediatheque-groupe-edgar\/"]}]},{"@type":"ImageObject","inLanguage":"fr-FR","@id":"https:\/\/vosgesinfo.fr\/remiremontinfo\/2019\/05\/val-dajol-concert-annuel-de-mediatheque-groupe-edgar\/#primaryimage","url":"https:\/\/vosgesinfo.fr\/app\/uploads\/sites\/5\/2024\/09\/201905capture-decran-2019-05-29-a-11.19.25.png","contentUrl":"https:\/\/vosgesinfo.fr\/app\/uploads\/sites\/5\/2024\/09\/201905capture-decran-2019-05-29-a-11.19.25.png","width":1140,"height":796},{"@type":"BreadcrumbList","@id":"https:\/\/vosgesinfo.fr\/remiremontinfo\/2019\/05\/val-dajol-concert-annuel-de-mediatheque-groupe-edgar\/#breadcrumb","itemListElement":[{"@type":"ListItem","position":1,"name":"Home","item":"https:\/\/vosgesinfo.fr\/remiremontinfo\/"},{"@type":"ListItem","position":2,"name":"Le Val-d&rsquo;Ajol : concert annuel de la M\u00e9diath\u00e8que avec le groupe Edgar"}]},{"@type":"WebSite","@id":"https:\/\/vosgesinfo.fr\/remiremontinfo\/#website","url":"https:\/\/vosgesinfo.fr\/remiremontinfo\/","name":"Remiremont Info","description":"Toute l&#039;actualit\u00e9 de Remiremont","publisher":{"@id":"https:\/\/vosgesinfo.fr\/remiremontinfo\/#organization"},"alternateName":"Toute l'actualit\u00e9 de Remiremont","potentialAction":[{"@type":"SearchAction","target":{"@type":"EntryPoint","urlTemplate":"https:\/\/vosgesinfo.fr\/remiremontinfo\/?s={search_term_string}"},"query-input":"required name=search_term_string"}],"inLanguage":"fr-FR"},{"@type":"Organization","@id":"https:\/\/vosgesinfo.fr\/remiremontinfo\/#organization","name":"Remiremont Info","url":"https:\/\/vosgesinfo.fr\/remiremontinfo\/","logo":{"@type":"ImageObject","inLanguage":"fr-FR","@id":"https:\/\/vosgesinfo.fr\/remiremontinfo\/#\/schema\/logo\/image\/","url":"https:\/\/vosgesinfo.fr\/app\/uploads\/sites\/5\/2023\/08\/favicon-remiremontinfo.png","contentUrl":"https:\/\/vosgesinfo.fr\/app\/uploads\/sites\/5\/2023\/08\/favicon-remiremontinfo.png","width":512,"height":512,"caption":"Remiremont Info"},"image":{"@id":"https:\/\/vosgesinfo.fr\/remiremontinfo\/#\/schema\/logo\/image\/"},"sameAs":["https:\/\/www.facebook.com\/remiremontinfo","https:\/\/x.com\/VosgesInfo88","https:\/\/www.youtube.com\/@vosgesinfo"]},{"@type":"Person","@id":"https:\/\/vosgesinfo.fr\/remiremontinfo\/#\/schema\/person\/3bfd164d5218a185b1db68655a265316","name":"C D","image":{"@type":"ImageObject","inLanguage":"fr-FR","@id":"https:\/\/vosgesinfo.fr\/remiremontinfo\/#\/schema\/person\/image\/","url":"https:\/\/secure.gravatar.com\/avatar\/1f9a70007336511a47468b8f1c66f922b8b7cf617b02a31149ada43893a5d48f?s=96&d=mm&r=g","contentUrl":"https:\/\/secure.gravatar.com\/avatar\/1f9a70007336511a47468b8f1c66f922b8b7cf617b02a31149ada43893a5d48f?s=96&d=mm&r=g","caption":"C D"},"url":"https:\/\/vosgesinfo.fr\/remiremontinfo\/author\/cedric-drevet\/"}]}},"_links":{"self":[{"href":"https:\/\/vosgesinfo.fr\/remiremontinfo\/wp-json\/wp\/v2\/posts\/15107","targetHints":{"allow":["GET"]}}],"collection":[{"href":"https:\/\/vosgesinfo.fr\/remiremontinfo\/wp-json\/wp\/v2\/posts"}],"about":[{"href":"https:\/\/vosgesinfo.fr\/remiremontinfo\/wp-json\/wp\/v2\/types\/post"}],"author":[{"embeddable":true,"href":"https:\/\/vosgesinfo.fr\/remiremontinfo\/wp-json\/wp\/v2\/users\/407"}],"replies":[{"embeddable":true,"href":"https:\/\/vosgesinfo.fr\/remiremontinfo\/wp-json\/wp\/v2\/comments?post=15107"}],"version-history":[{"count":0,"href":"https:\/\/vosgesinfo.fr\/remiremontinfo\/wp-json\/wp\/v2\/posts\/15107\/revisions"}],"wp:featuredmedia":[{"embeddable":true,"href":"https:\/\/vosgesinfo.fr\/remiremontinfo\/wp-json\/wp\/v2\/media\/15108"}],"wp:attachment":[{"href":"https:\/\/vosgesinfo.fr\/remiremontinfo\/wp-json\/wp\/v2\/media?parent=15107"}],"wp:term":[{"taxonomy":"category","embeddable":true,"href":"https:\/\/vosgesinfo.fr\/remiremontinfo\/wp-json\/wp\/v2\/categories?post=15107"},{"taxonomy":"post_tag","embeddable":true,"href":"https:\/\/vosgesinfo.fr\/remiremontinfo\/wp-json\/wp\/v2\/tags?post=15107"}],"curies":[{"name":"wp","href":"https:\/\/api.w.org\/{rel}","templated":true}]}}