{"id":15263,"date":"2019-06-01T07:15:08","date_gmt":"2019-06-01T05:15:08","guid":{"rendered":"https:\/\/vosgesinfo.fr\/remiremontinfo\/2019\/06\/succes-30-ans-de-ferme-equestre-de-franould\/"},"modified":"2019-06-01T07:15:08","modified_gmt":"2019-06-01T05:15:08","slug":"succes-30-ans-de-ferme-equestre-de-franould","status":"publish","type":"post","link":"https:\/\/vosgesinfo.fr\/remiremontinfo\/2019\/06\/succes-30-ans-de-ferme-equestre-de-franould\/","title":{"rendered":"Succ\u00e8s pour les 30 ans de la Ferme Equestre de Franould !"},"content":{"rendered":"<h2><span style=\"font-size: 12pt;\"><strong><a href=\"https:\/\/remiremontinfo.fr\/2019\/06\/succes-30-ans-de-ferme-equestre-de-franould\/58842273_2201396846837321_308950891820482560_n\/\" rel=\"attachment wp-att-260581\"><img decoding=\"async\" class=\"aligncenter size-full wp-image-260581\" src=\"\/2019\/06\/58842273_2201396846837321_308950891820482560_n.jpg\" alt=\"58842273_2201396846837321_308950891820482560_n\" width=\"960\" height=\"640\" \/><\/a>Les 4 et 11 mai dernier, la Ferme Equestre les Granges de Franould \u00e0 Dommartin les Remiremont a f\u00eat\u00e9 ses 30 ans en spectacle et en chansons, malgr\u00e9 les conditions climatiques difficiles en ce d\u00e9but mai.<\/strong><\/span><\/h2>\n<p>Tout d&rsquo;abord, le public \u00e9tait accueilli par une verre de cidre fait maison. Ir\u00e8ne Kaag, propri\u00e9taire des lieux et cr\u00e9atrice du centre \u00e9questre a retrac\u00e9 l&rsquo;histoire de cet \u00e9tablissement, avec ses hauts et ses bas durant ces trente derni\u00e8res ann\u00e9es.<\/p>\n<p>Puis, les 300 spectateurs r\u00e9partis sur les 2 weeks ends ont \u00e9t\u00e9 invit\u00e9s \u00e0 partager le temps d&rsquo;un spectacle th\u00e9\u00e2trale la vie compliqu\u00e9e des Tronchenbi\u00e9. Spectacle humoristique m\u00ealant compte, th\u00e9\u00e2tre, voltige et autres disciplines qui a ravi toute les g\u00e9n\u00e9rations pr\u00e9sentes.<\/p>\n<p>La fin en chanson sp\u00e9cialement r\u00e9\u00e9crite pour la ferme amenaient les spectateurs vers la pause repas o\u00f9 \u00e9taient propos\u00e9 cr\u00eapes sal\u00e9es et cr\u00eapes sucr\u00e9es, le tout pr\u00e9par\u00e9 par les b\u00e9n\u00e9voles de l&rsquo;association Les Crins de Franould, avec des produits tr\u00e8s locaux et issus de l&rsquo;agriculture biologique.<\/p>\n<p>S&rsquo;en est suivi un spectacle son et lumi\u00e8re, sur le th\u00e8me Qui Suis-je, retra\u00e7ant la vie d&rsquo;un Petit Bonhomme traversant les diff\u00e9rentes \u00e9tapes de la vie. Spectacle nocturne po\u00e9tique tr\u00e8s appr\u00e9ci\u00e9 de tous les spectateurs.<\/p>\n<p>Enfin, un concert \u00e9tait propos\u00e9 pour clore la soir\u00e9e.<\/p>\n<p>Les retours \u00e9tant tr\u00e8s positifs, et n&rsquo;ayant pas pu accueillir tout le monde, rendez-vous en septembre pour f\u00eater \u00e0 nouveau les 30 ans de la ferme Equestre les Granges de Franould !<\/p>\n","protected":false},"excerpt":{"rendered":"<p>Les 4 et 11 mai dernier, la Ferme Equestre les Granges de Franould \u00e0 Dommartin les Remiremont a f\u00eat\u00e9 ses [&hellip;]<\/p>\n","protected":false},"author":405,"featured_media":15264,"comment_status":"open","ping_status":"open","sticky":false,"template":"","format":"standard","meta":{"footnotes":""},"categories":[37,54,35],"tags":[],"class_list":["post-15263","post","type-post","status-publish","format-standard","has-post-thumbnail","hentry","category-le-thillot-son-canton","category-loisirs","category-remiremont-son-canton"],"acf":[],"yoast_head":"<!-- This site is optimized with the Yoast SEO plugin v22.5 - https:\/\/yoast.com\/wordpress\/plugins\/seo\/ -->\n<title>Succ\u00e8s pour les 30 ans de la Ferme Equestre de Franould ! - Remiremont Info<\/title>\n<meta name=\"robots\" content=\"index, follow, max-snippet:-1, max-image-preview:large, max-video-preview:-1\" \/>\n<link rel=\"canonical\" href=\"https:\/\/vosgesinfo.fr\/remiremontinfo\/2019\/06\/succes-30-ans-de-ferme-equestre-de-franould\/\" \/>\n<meta name=\"twitter:card\" content=\"summary_large_image\" \/>\n<meta name=\"twitter:title\" content=\"Succ\u00e8s pour les 30 ans de la Ferme Equestre de Franould ! - Remiremont Info\" \/>\n<meta name=\"twitter:description\" content=\"Les 4 et 11 mai dernier, la Ferme Equestre les Granges de Franould \u00e0 Dommartin les Remiremont a f\u00eat\u00e9 ses [&hellip;]\" \/>\n<meta name=\"twitter:image\" content=\"https:\/\/vosgesinfo.fr\/app\/uploads\/sites\/5\/2024\/09\/20190658842273-2201396846837321-308950891820482560-n.jpg\" \/>\n<meta name=\"twitter:creator\" content=\"@VosgesInfo88\" \/>\n<meta name=\"twitter:site\" content=\"@VosgesInfo88\" \/>\n<meta name=\"twitter:label1\" content=\"\u00c9crit par\" \/>\n\t<meta name=\"twitter:data1\" content=\"crins-franould\" \/>\n\t<meta name=\"twitter:label2\" content=\"Dur\u00e9e de lecture estim\u00e9e\" \/>\n\t<meta name=\"twitter:data2\" content=\"1 minute\" \/>\n<script type=\"application\/ld+json\" class=\"yoast-schema-graph\">{\"@context\":\"https:\/\/schema.org\",\"@graph\":[{\"@type\":\"Article\",\"@id\":\"https:\/\/vosgesinfo.fr\/remiremontinfo\/2019\/06\/succes-30-ans-de-ferme-equestre-de-franould\/#article\",\"isPartOf\":{\"@id\":\"https:\/\/vosgesinfo.fr\/remiremontinfo\/2019\/06\/succes-30-ans-de-ferme-equestre-de-franould\/\"},\"author\":{\"name\":\"crins-franould\",\"@id\":\"https:\/\/vosgesinfo.fr\/remiremontinfo\/#\/schema\/person\/c7adbddf082e809e1cb0ebecafa397dc\"},\"headline\":\"Succ\u00e8s pour les 30 ans de la Ferme Equestre de Franould !\",\"datePublished\":\"2019-06-01T05:15:08+00:00\",\"dateModified\":\"2019-06-01T05:15:08+00:00\",\"mainEntityOfPage\":{\"@id\":\"https:\/\/vosgesinfo.fr\/remiremontinfo\/2019\/06\/succes-30-ans-de-ferme-equestre-de-franould\/\"},\"wordCount\":284,\"commentCount\":0,\"publisher\":{\"@id\":\"https:\/\/vosgesinfo.fr\/remiremontinfo\/#organization\"},\"image\":{\"@id\":\"https:\/\/vosgesinfo.fr\/remiremontinfo\/2019\/06\/succes-30-ans-de-ferme-equestre-de-franould\/#primaryimage\"},\"thumbnailUrl\":\"https:\/\/vosgesinfo.fr\/app\/uploads\/sites\/5\/2024\/09\/20190658842273-2201396846837321-308950891820482560-n.jpg\",\"articleSection\":[\"Le Thillot &amp; son canton\",\"Loisirs\",\"Remiremont &amp; son canton\"],\"inLanguage\":\"fr-FR\",\"potentialAction\":[{\"@type\":\"CommentAction\",\"name\":\"Comment\",\"target\":[\"https:\/\/vosgesinfo.fr\/remiremontinfo\/2019\/06\/succes-30-ans-de-ferme-equestre-de-franould\/#respond\"]}]},{\"@type\":\"WebPage\",\"@id\":\"https:\/\/vosgesinfo.fr\/remiremontinfo\/2019\/06\/succes-30-ans-de-ferme-equestre-de-franould\/\",\"url\":\"https:\/\/vosgesinfo.fr\/remiremontinfo\/2019\/06\/succes-30-ans-de-ferme-equestre-de-franould\/\",\"name\":\"Succ\u00e8s pour les 30 ans de la Ferme Equestre de Franould ! - Remiremont Info\",\"isPartOf\":{\"@id\":\"https:\/\/vosgesinfo.fr\/remiremontinfo\/#website\"},\"primaryImageOfPage\":{\"@id\":\"https:\/\/vosgesinfo.fr\/remiremontinfo\/2019\/06\/succes-30-ans-de-ferme-equestre-de-franould\/#primaryimage\"},\"image\":{\"@id\":\"https:\/\/vosgesinfo.fr\/remiremontinfo\/2019\/06\/succes-30-ans-de-ferme-equestre-de-franould\/#primaryimage\"},\"thumbnailUrl\":\"https:\/\/vosgesinfo.fr\/app\/uploads\/sites\/5\/2024\/09\/20190658842273-2201396846837321-308950891820482560-n.jpg\",\"datePublished\":\"2019-06-01T05:15:08+00:00\",\"dateModified\":\"2019-06-01T05:15:08+00:00\",\"breadcrumb\":{\"@id\":\"https:\/\/vosgesinfo.fr\/remiremontinfo\/2019\/06\/succes-30-ans-de-ferme-equestre-de-franould\/#breadcrumb\"},\"inLanguage\":\"fr-FR\",\"potentialAction\":[{\"@type\":\"ReadAction\",\"target\":[\"https:\/\/vosgesinfo.fr\/remiremontinfo\/2019\/06\/succes-30-ans-de-ferme-equestre-de-franould\/\"]}]},{\"@type\":\"ImageObject\",\"inLanguage\":\"fr-FR\",\"@id\":\"https:\/\/vosgesinfo.fr\/remiremontinfo\/2019\/06\/succes-30-ans-de-ferme-equestre-de-franould\/#primaryimage\",\"url\":\"https:\/\/vosgesinfo.fr\/app\/uploads\/sites\/5\/2024\/09\/20190658842273-2201396846837321-308950891820482560-n.jpg\",\"contentUrl\":\"https:\/\/vosgesinfo.fr\/app\/uploads\/sites\/5\/2024\/09\/20190658842273-2201396846837321-308950891820482560-n.jpg\",\"width\":960,\"height\":640},{\"@type\":\"BreadcrumbList\",\"@id\":\"https:\/\/vosgesinfo.fr\/remiremontinfo\/2019\/06\/succes-30-ans-de-ferme-equestre-de-franould\/#breadcrumb\",\"itemListElement\":[{\"@type\":\"ListItem\",\"position\":1,\"name\":\"Home\",\"item\":\"https:\/\/vosgesinfo.fr\/remiremontinfo\/\"},{\"@type\":\"ListItem\",\"position\":2,\"name\":\"Succ\u00e8s pour les 30 ans de la Ferme Equestre de Franould !\"}]},{\"@type\":\"WebSite\",\"@id\":\"https:\/\/vosgesinfo.fr\/remiremontinfo\/#website\",\"url\":\"https:\/\/vosgesinfo.fr\/remiremontinfo\/\",\"name\":\"Remiremont Info\",\"description\":\"Toute l&#039;actualit\u00e9 de Remiremont\",\"publisher\":{\"@id\":\"https:\/\/vosgesinfo.fr\/remiremontinfo\/#organization\"},\"alternateName\":\"Toute l'actualit\u00e9 de Remiremont\",\"potentialAction\":[{\"@type\":\"SearchAction\",\"target\":{\"@type\":\"EntryPoint\",\"urlTemplate\":\"https:\/\/vosgesinfo.fr\/remiremontinfo\/?s={search_term_string}\"},\"query-input\":\"required name=search_term_string\"}],\"inLanguage\":\"fr-FR\"},{\"@type\":\"Organization\",\"@id\":\"https:\/\/vosgesinfo.fr\/remiremontinfo\/#organization\",\"name\":\"Remiremont Info\",\"url\":\"https:\/\/vosgesinfo.fr\/remiremontinfo\/\",\"logo\":{\"@type\":\"ImageObject\",\"inLanguage\":\"fr-FR\",\"@id\":\"https:\/\/vosgesinfo.fr\/remiremontinfo\/#\/schema\/logo\/image\/\",\"url\":\"https:\/\/vosgesinfo.fr\/app\/uploads\/sites\/5\/2023\/08\/favicon-remiremontinfo.png\",\"contentUrl\":\"https:\/\/vosgesinfo.fr\/app\/uploads\/sites\/5\/2023\/08\/favicon-remiremontinfo.png\",\"width\":512,\"height\":512,\"caption\":\"Remiremont Info\"},\"image\":{\"@id\":\"https:\/\/vosgesinfo.fr\/remiremontinfo\/#\/schema\/logo\/image\/\"},\"sameAs\":[\"https:\/\/www.facebook.com\/remiremontinfo\",\"https:\/\/x.com\/VosgesInfo88\",\"https:\/\/www.youtube.com\/@vosgesinfo\"]},{\"@type\":\"Person\",\"@id\":\"https:\/\/vosgesinfo.fr\/remiremontinfo\/#\/schema\/person\/c7adbddf082e809e1cb0ebecafa397dc\",\"name\":\"crins-franould\",\"image\":{\"@type\":\"ImageObject\",\"inLanguage\":\"fr-FR\",\"@id\":\"https:\/\/vosgesinfo.fr\/remiremontinfo\/#\/schema\/person\/image\/\",\"url\":\"https:\/\/secure.gravatar.com\/avatar\/01e9feafbb98dfe5b30fe8e913928e56bf93ee6f664e2ec6d6a878964504ce5a?s=96&d=mm&r=g\",\"contentUrl\":\"https:\/\/secure.gravatar.com\/avatar\/01e9feafbb98dfe5b30fe8e913928e56bf93ee6f664e2ec6d6a878964504ce5a?s=96&d=mm&r=g\",\"caption\":\"crins-franould\"},\"url\":\"https:\/\/vosgesinfo.fr\/remiremontinfo\/author\/crins-franould\/\"}]}<\/script>\n<!-- \/ Yoast SEO plugin. -->","yoast_head_json":{"title":"Succ\u00e8s pour les 30 ans de la Ferme Equestre de Franould ! - Remiremont Info","robots":{"index":"index","follow":"follow","max-snippet":"max-snippet:-1","max-image-preview":"max-image-preview:large","max-video-preview":"max-video-preview:-1"},"canonical":"https:\/\/vosgesinfo.fr\/remiremontinfo\/2019\/06\/succes-30-ans-de-ferme-equestre-de-franould\/","twitter_card":"summary_large_image","twitter_title":"Succ\u00e8s pour les 30 ans de la Ferme Equestre de Franould ! - Remiremont Info","twitter_description":"Les 4 et 11 mai dernier, la Ferme Equestre les Granges de Franould \u00e0 Dommartin les Remiremont a f\u00eat\u00e9 ses [&hellip;]","twitter_image":"https:\/\/vosgesinfo.fr\/app\/uploads\/sites\/5\/2024\/09\/20190658842273-2201396846837321-308950891820482560-n.jpg","twitter_creator":"@VosgesInfo88","twitter_site":"@VosgesInfo88","twitter_misc":{"\u00c9crit par":"crins-franould","Dur\u00e9e de lecture estim\u00e9e":"1 minute"},"schema":{"@context":"https:\/\/schema.org","@graph":[{"@type":"Article","@id":"https:\/\/vosgesinfo.fr\/remiremontinfo\/2019\/06\/succes-30-ans-de-ferme-equestre-de-franould\/#article","isPartOf":{"@id":"https:\/\/vosgesinfo.fr\/remiremontinfo\/2019\/06\/succes-30-ans-de-ferme-equestre-de-franould\/"},"author":{"name":"crins-franould","@id":"https:\/\/vosgesinfo.fr\/remiremontinfo\/#\/schema\/person\/c7adbddf082e809e1cb0ebecafa397dc"},"headline":"Succ\u00e8s pour les 30 ans de la Ferme Equestre de Franould !","datePublished":"2019-06-01T05:15:08+00:00","dateModified":"2019-06-01T05:15:08+00:00","mainEntityOfPage":{"@id":"https:\/\/vosgesinfo.fr\/remiremontinfo\/2019\/06\/succes-30-ans-de-ferme-equestre-de-franould\/"},"wordCount":284,"commentCount":0,"publisher":{"@id":"https:\/\/vosgesinfo.fr\/remiremontinfo\/#organization"},"image":{"@id":"https:\/\/vosgesinfo.fr\/remiremontinfo\/2019\/06\/succes-30-ans-de-ferme-equestre-de-franould\/#primaryimage"},"thumbnailUrl":"https:\/\/vosgesinfo.fr\/app\/uploads\/sites\/5\/2024\/09\/20190658842273-2201396846837321-308950891820482560-n.jpg","articleSection":["Le Thillot &amp; son canton","Loisirs","Remiremont &amp; son canton"],"inLanguage":"fr-FR","potentialAction":[{"@type":"CommentAction","name":"Comment","target":["https:\/\/vosgesinfo.fr\/remiremontinfo\/2019\/06\/succes-30-ans-de-ferme-equestre-de-franould\/#respond"]}]},{"@type":"WebPage","@id":"https:\/\/vosgesinfo.fr\/remiremontinfo\/2019\/06\/succes-30-ans-de-ferme-equestre-de-franould\/","url":"https:\/\/vosgesinfo.fr\/remiremontinfo\/2019\/06\/succes-30-ans-de-ferme-equestre-de-franould\/","name":"Succ\u00e8s pour les 30 ans de la Ferme Equestre de Franould ! - Remiremont Info","isPartOf":{"@id":"https:\/\/vosgesinfo.fr\/remiremontinfo\/#website"},"primaryImageOfPage":{"@id":"https:\/\/vosgesinfo.fr\/remiremontinfo\/2019\/06\/succes-30-ans-de-ferme-equestre-de-franould\/#primaryimage"},"image":{"@id":"https:\/\/vosgesinfo.fr\/remiremontinfo\/2019\/06\/succes-30-ans-de-ferme-equestre-de-franould\/#primaryimage"},"thumbnailUrl":"https:\/\/vosgesinfo.fr\/app\/uploads\/sites\/5\/2024\/09\/20190658842273-2201396846837321-308950891820482560-n.jpg","datePublished":"2019-06-01T05:15:08+00:00","dateModified":"2019-06-01T05:15:08+00:00","breadcrumb":{"@id":"https:\/\/vosgesinfo.fr\/remiremontinfo\/2019\/06\/succes-30-ans-de-ferme-equestre-de-franould\/#breadcrumb"},"inLanguage":"fr-FR","potentialAction":[{"@type":"ReadAction","target":["https:\/\/vosgesinfo.fr\/remiremontinfo\/2019\/06\/succes-30-ans-de-ferme-equestre-de-franould\/"]}]},{"@type":"ImageObject","inLanguage":"fr-FR","@id":"https:\/\/vosgesinfo.fr\/remiremontinfo\/2019\/06\/succes-30-ans-de-ferme-equestre-de-franould\/#primaryimage","url":"https:\/\/vosgesinfo.fr\/app\/uploads\/sites\/5\/2024\/09\/20190658842273-2201396846837321-308950891820482560-n.jpg","contentUrl":"https:\/\/vosgesinfo.fr\/app\/uploads\/sites\/5\/2024\/09\/20190658842273-2201396846837321-308950891820482560-n.jpg","width":960,"height":640},{"@type":"BreadcrumbList","@id":"https:\/\/vosgesinfo.fr\/remiremontinfo\/2019\/06\/succes-30-ans-de-ferme-equestre-de-franould\/#breadcrumb","itemListElement":[{"@type":"ListItem","position":1,"name":"Home","item":"https:\/\/vosgesinfo.fr\/remiremontinfo\/"},{"@type":"ListItem","position":2,"name":"Succ\u00e8s pour les 30 ans de la Ferme Equestre de Franould !"}]},{"@type":"WebSite","@id":"https:\/\/vosgesinfo.fr\/remiremontinfo\/#website","url":"https:\/\/vosgesinfo.fr\/remiremontinfo\/","name":"Remiremont Info","description":"Toute l&#039;actualit\u00e9 de Remiremont","publisher":{"@id":"https:\/\/vosgesinfo.fr\/remiremontinfo\/#organization"},"alternateName":"Toute l'actualit\u00e9 de Remiremont","potentialAction":[{"@type":"SearchAction","target":{"@type":"EntryPoint","urlTemplate":"https:\/\/vosgesinfo.fr\/remiremontinfo\/?s={search_term_string}"},"query-input":"required name=search_term_string"}],"inLanguage":"fr-FR"},{"@type":"Organization","@id":"https:\/\/vosgesinfo.fr\/remiremontinfo\/#organization","name":"Remiremont Info","url":"https:\/\/vosgesinfo.fr\/remiremontinfo\/","logo":{"@type":"ImageObject","inLanguage":"fr-FR","@id":"https:\/\/vosgesinfo.fr\/remiremontinfo\/#\/schema\/logo\/image\/","url":"https:\/\/vosgesinfo.fr\/app\/uploads\/sites\/5\/2023\/08\/favicon-remiremontinfo.png","contentUrl":"https:\/\/vosgesinfo.fr\/app\/uploads\/sites\/5\/2023\/08\/favicon-remiremontinfo.png","width":512,"height":512,"caption":"Remiremont Info"},"image":{"@id":"https:\/\/vosgesinfo.fr\/remiremontinfo\/#\/schema\/logo\/image\/"},"sameAs":["https:\/\/www.facebook.com\/remiremontinfo","https:\/\/x.com\/VosgesInfo88","https:\/\/www.youtube.com\/@vosgesinfo"]},{"@type":"Person","@id":"https:\/\/vosgesinfo.fr\/remiremontinfo\/#\/schema\/person\/c7adbddf082e809e1cb0ebecafa397dc","name":"crins-franould","image":{"@type":"ImageObject","inLanguage":"fr-FR","@id":"https:\/\/vosgesinfo.fr\/remiremontinfo\/#\/schema\/person\/image\/","url":"https:\/\/secure.gravatar.com\/avatar\/01e9feafbb98dfe5b30fe8e913928e56bf93ee6f664e2ec6d6a878964504ce5a?s=96&d=mm&r=g","contentUrl":"https:\/\/secure.gravatar.com\/avatar\/01e9feafbb98dfe5b30fe8e913928e56bf93ee6f664e2ec6d6a878964504ce5a?s=96&d=mm&r=g","caption":"crins-franould"},"url":"https:\/\/vosgesinfo.fr\/remiremontinfo\/author\/crins-franould\/"}]}},"_links":{"self":[{"href":"https:\/\/vosgesinfo.fr\/remiremontinfo\/wp-json\/wp\/v2\/posts\/15263","targetHints":{"allow":["GET"]}}],"collection":[{"href":"https:\/\/vosgesinfo.fr\/remiremontinfo\/wp-json\/wp\/v2\/posts"}],"about":[{"href":"https:\/\/vosgesinfo.fr\/remiremontinfo\/wp-json\/wp\/v2\/types\/post"}],"author":[{"embeddable":true,"href":"https:\/\/vosgesinfo.fr\/remiremontinfo\/wp-json\/wp\/v2\/users\/405"}],"replies":[{"embeddable":true,"href":"https:\/\/vosgesinfo.fr\/remiremontinfo\/wp-json\/wp\/v2\/comments?post=15263"}],"version-history":[{"count":0,"href":"https:\/\/vosgesinfo.fr\/remiremontinfo\/wp-json\/wp\/v2\/posts\/15263\/revisions"}],"wp:featuredmedia":[{"embeddable":true,"href":"https:\/\/vosgesinfo.fr\/remiremontinfo\/wp-json\/wp\/v2\/media\/15264"}],"wp:attachment":[{"href":"https:\/\/vosgesinfo.fr\/remiremontinfo\/wp-json\/wp\/v2\/media?parent=15263"}],"wp:term":[{"taxonomy":"category","embeddable":true,"href":"https:\/\/vosgesinfo.fr\/remiremontinfo\/wp-json\/wp\/v2\/categories?post=15263"},{"taxonomy":"post_tag","embeddable":true,"href":"https:\/\/vosgesinfo.fr\/remiremontinfo\/wp-json\/wp\/v2\/tags?post=15263"}],"curies":[{"name":"wp","href":"https:\/\/api.w.org\/{rel}","templated":true}]}}