{"id":15267,"date":"2019-06-01T14:59:55","date_gmt":"2019-06-01T12:59:55","guid":{"rendered":"https:\/\/vosgesinfo.fr\/remiremontinfo\/2019\/06\/eloyes-deux-jours-de-fete-autour-de-leau-de-riviere\/"},"modified":"2019-06-01T14:59:55","modified_gmt":"2019-06-01T12:59:55","slug":"eloyes-deux-jours-de-fete-autour-de-leau-de-riviere","status":"publish","type":"post","link":"https:\/\/vosgesinfo.fr\/remiremontinfo\/2019\/06\/eloyes-deux-jours-de-fete-autour-de-leau-de-riviere\/","title":{"rendered":"Eloyes : deux jours de f\u00eate autour de l\u2019eau et de la rivi\u00e8re !"},"content":{"rendered":"<h2 class=\"p2\"><a href=\"\/2019\/06\/Capture-d\u2019e\u0301cran-2019-06-01-a\u0300-16.58.01.png\"><img decoding=\"async\" class=\"alignnone size-large wp-image-260614\" src=\"\/2019\/06\/Capture-d\u2019e\u0301cran-2019-06-01-a\u0300-16.58.01-1024x635.png\" alt=\"Capture d\u2019e\u0301cran 2019-06-01 a\u0300 16.58.01\" width=\"960\" height=\"595\" \/><\/a><\/h2>\n<h2 class=\"p2\"><span style=\"font-size: 12pt;\"><strong><span class=\"s1\">Ce week-end, la Communaut\u00e9 de Communes de la Porte des Vosges M\u00e9ridionales organise la 3\u00e8me \u00e9dition de la \u00ab\u00a0F\u00eate de l\u2019eau et de la rivi\u00e8re\u00a0\u00bb. Des activit\u00e9s diverses et vari\u00e9es sont propos\u00e9es, sur le th\u00e8me de l\u2019eau et de ses richesses, et sur l\u2019environnement en g\u00e9n\u00e9ral.<\/span><\/strong><\/span><\/h2>\n<p class=\"p2\"><span class=\"s1\">Plusieurs animations sont propos\u00e9es \u00e0 l\u2019espace culturel d\u2019Eloyes : des ateliers de peinture \u00e0 l\u2019eau, des confections de marionnettes ou de produits du quotidien. Des d\u00e9gustations de miel, tarte, smoothies pour les plus gourmands. Une exposition sur l&rsquo;eau et son usage dans la vie quotidienne.\u00a0Une d\u00e9couverte des petites b\u00eates de l\u2019eau et une initiation \u00e0 la p\u00eache.<\/span><\/p>\n<p class=\"p2\"><span class=\"s1\">Des r\u00e9alisations d\u2019\u00e9coliers sont expos\u00e9es dans le hall : des oeuvres sur le th\u00e8me de l\u2019eau cr\u00e9\u00e9es pendant les mercredi r\u00e9cr\u00e9atifs et les ateliers p\u00e9riscolaires du mardi soir. L\u00a0\u2018association des \u00ab\u00a0Croqueurs de pommes\u00a0\u00bb tient un stand pour pr\u00e9senter ses activit\u00e9s d\u2019arboriculture : plantation, greffe, taille, identification. Une d\u00e9gustation de jus de pomme est propos\u00e9e.<\/span><\/p>\n<p class=\"p2\"><span class=\"s1\">Le Club Cano\u00eb Kayak Golbey Epinal St Nabord propose des initiations au cano\u00eb, au kayak et au paddle (\u00e0 partir de 8 ans). Il organise \u00e9galement des balades depuis Saint-Nabord ou encore au d\u00e9part de la st\u00e8le de Noirgueux.\u00a0\u00a0<\/span><\/p>\n<p class=\"p2\"><span class=\"s1\">L\u2019entr\u00e9e est libre. Les animations sont ouvertes \u00e0 tous et gratuites. Cependant certaines animations sont sur inscription. Rendez-vous ce samedi jusqu\u2019\u00e0 18h et dimanche de 10h00 \u00e0 12h00 et de 14h \u00e0 18h.<\/span><\/p>\n\n","protected":false},"excerpt":{"rendered":"<p>Ce week-end, la Communaut\u00e9 de Communes de la Porte des Vosges M\u00e9ridionales organise la 3\u00e8me \u00e9dition de la \u00ab\u00a0F\u00eate de [&hellip;]<\/p>\n","protected":false},"author":407,"featured_media":15268,"comment_status":"open","ping_status":"open","sticky":false,"template":"","format":"standard","meta":{"footnotes":""},"categories":[26,318,7,124,35],"tags":[],"class_list":["post-15267","post","type-post","status-publish","format-standard","has-post-thumbnail","hentry","category-a-la-une","category-eloyes","category-environnement","category-fetes","category-remiremont-son-canton"],"acf":[],"yoast_head":"<!-- This site is optimized with the Yoast SEO plugin v22.5 - https:\/\/yoast.com\/wordpress\/plugins\/seo\/ -->\n<title>Eloyes : deux jours de f\u00eate autour de l\u2019eau et de la rivi\u00e8re ! - Remiremont Info<\/title>\n<meta name=\"robots\" content=\"index, follow, max-snippet:-1, max-image-preview:large, max-video-preview:-1\" \/>\n<link rel=\"canonical\" href=\"https:\/\/vosgesinfo.fr\/remiremontinfo\/2019\/06\/eloyes-deux-jours-de-fete-autour-de-leau-de-riviere\/\" \/>\n<meta name=\"twitter:card\" content=\"summary_large_image\" \/>\n<meta name=\"twitter:title\" content=\"Eloyes : deux jours de f\u00eate autour de l\u2019eau et de la rivi\u00e8re ! - Remiremont Info\" \/>\n<meta name=\"twitter:description\" content=\"Ce week-end, la Communaut\u00e9 de Communes de la Porte des Vosges M\u00e9ridionales organise la 3\u00e8me \u00e9dition de la \u00ab\u00a0F\u00eate de [&hellip;]\" \/>\n<meta name=\"twitter:image\" content=\"https:\/\/vosgesinfo.fr\/app\/uploads\/sites\/5\/2024\/09\/201906capture-decran-2019-06-01-a-16.58.01.png\" \/>\n<meta name=\"twitter:creator\" content=\"@VosgesInfo88\" \/>\n<meta name=\"twitter:site\" content=\"@VosgesInfo88\" \/>\n<meta name=\"twitter:label1\" content=\"\u00c9crit par\" \/>\n\t<meta name=\"twitter:data1\" content=\"C D\" \/>\n\t<meta name=\"twitter:label2\" content=\"Dur\u00e9e de lecture estim\u00e9e\" \/>\n\t<meta name=\"twitter:data2\" content=\"1 minute\" \/>\n<script type=\"application\/ld+json\" class=\"yoast-schema-graph\">{\"@context\":\"https:\/\/schema.org\",\"@graph\":[{\"@type\":\"Article\",\"@id\":\"https:\/\/vosgesinfo.fr\/remiremontinfo\/2019\/06\/eloyes-deux-jours-de-fete-autour-de-leau-de-riviere\/#article\",\"isPartOf\":{\"@id\":\"https:\/\/vosgesinfo.fr\/remiremontinfo\/2019\/06\/eloyes-deux-jours-de-fete-autour-de-leau-de-riviere\/\"},\"author\":{\"name\":\"C D\",\"@id\":\"https:\/\/vosgesinfo.fr\/remiremontinfo\/#\/schema\/person\/3bfd164d5218a185b1db68655a265316\"},\"headline\":\"Eloyes : deux jours de f\u00eate autour de l\u2019eau et de la rivi\u00e8re !\",\"datePublished\":\"2019-06-01T12:59:55+00:00\",\"dateModified\":\"2019-06-01T12:59:55+00:00\",\"mainEntityOfPage\":{\"@id\":\"https:\/\/vosgesinfo.fr\/remiremontinfo\/2019\/06\/eloyes-deux-jours-de-fete-autour-de-leau-de-riviere\/\"},\"wordCount\":283,\"commentCount\":0,\"publisher\":{\"@id\":\"https:\/\/vosgesinfo.fr\/remiremontinfo\/#organization\"},\"image\":{\"@id\":\"https:\/\/vosgesinfo.fr\/remiremontinfo\/2019\/06\/eloyes-deux-jours-de-fete-autour-de-leau-de-riviere\/#primaryimage\"},\"thumbnailUrl\":\"https:\/\/vosgesinfo.fr\/app\/uploads\/sites\/5\/2024\/09\/201906capture-decran-2019-06-01-a-16.58.01.png\",\"articleSection\":[\"A la Une\",\"Eloyes\",\"Environnement\",\"F\u00eates\",\"Remiremont &amp; son canton\"],\"inLanguage\":\"fr-FR\",\"potentialAction\":[{\"@type\":\"CommentAction\",\"name\":\"Comment\",\"target\":[\"https:\/\/vosgesinfo.fr\/remiremontinfo\/2019\/06\/eloyes-deux-jours-de-fete-autour-de-leau-de-riviere\/#respond\"]}]},{\"@type\":\"WebPage\",\"@id\":\"https:\/\/vosgesinfo.fr\/remiremontinfo\/2019\/06\/eloyes-deux-jours-de-fete-autour-de-leau-de-riviere\/\",\"url\":\"https:\/\/vosgesinfo.fr\/remiremontinfo\/2019\/06\/eloyes-deux-jours-de-fete-autour-de-leau-de-riviere\/\",\"name\":\"Eloyes : deux jours de f\u00eate autour de l\u2019eau et de la rivi\u00e8re ! - Remiremont Info\",\"isPartOf\":{\"@id\":\"https:\/\/vosgesinfo.fr\/remiremontinfo\/#website\"},\"primaryImageOfPage\":{\"@id\":\"https:\/\/vosgesinfo.fr\/remiremontinfo\/2019\/06\/eloyes-deux-jours-de-fete-autour-de-leau-de-riviere\/#primaryimage\"},\"image\":{\"@id\":\"https:\/\/vosgesinfo.fr\/remiremontinfo\/2019\/06\/eloyes-deux-jours-de-fete-autour-de-leau-de-riviere\/#primaryimage\"},\"thumbnailUrl\":\"https:\/\/vosgesinfo.fr\/app\/uploads\/sites\/5\/2024\/09\/201906capture-decran-2019-06-01-a-16.58.01.png\",\"datePublished\":\"2019-06-01T12:59:55+00:00\",\"dateModified\":\"2019-06-01T12:59:55+00:00\",\"breadcrumb\":{\"@id\":\"https:\/\/vosgesinfo.fr\/remiremontinfo\/2019\/06\/eloyes-deux-jours-de-fete-autour-de-leau-de-riviere\/#breadcrumb\"},\"inLanguage\":\"fr-FR\",\"potentialAction\":[{\"@type\":\"ReadAction\",\"target\":[\"https:\/\/vosgesinfo.fr\/remiremontinfo\/2019\/06\/eloyes-deux-jours-de-fete-autour-de-leau-de-riviere\/\"]}]},{\"@type\":\"ImageObject\",\"inLanguage\":\"fr-FR\",\"@id\":\"https:\/\/vosgesinfo.fr\/remiremontinfo\/2019\/06\/eloyes-deux-jours-de-fete-autour-de-leau-de-riviere\/#primaryimage\",\"url\":\"https:\/\/vosgesinfo.fr\/app\/uploads\/sites\/5\/2024\/09\/201906capture-decran-2019-06-01-a-16.58.01.png\",\"contentUrl\":\"https:\/\/vosgesinfo.fr\/app\/uploads\/sites\/5\/2024\/09\/201906capture-decran-2019-06-01-a-16.58.01.png\",\"width\":1728,\"height\":1072},{\"@type\":\"BreadcrumbList\",\"@id\":\"https:\/\/vosgesinfo.fr\/remiremontinfo\/2019\/06\/eloyes-deux-jours-de-fete-autour-de-leau-de-riviere\/#breadcrumb\",\"itemListElement\":[{\"@type\":\"ListItem\",\"position\":1,\"name\":\"Home\",\"item\":\"https:\/\/vosgesinfo.fr\/remiremontinfo\/\"},{\"@type\":\"ListItem\",\"position\":2,\"name\":\"Eloyes : deux jours de f\u00eate autour de l\u2019eau et de la rivi\u00e8re !\"}]},{\"@type\":\"WebSite\",\"@id\":\"https:\/\/vosgesinfo.fr\/remiremontinfo\/#website\",\"url\":\"https:\/\/vosgesinfo.fr\/remiremontinfo\/\",\"name\":\"Remiremont Info\",\"description\":\"Toute l&#039;actualit\u00e9 de Remiremont\",\"publisher\":{\"@id\":\"https:\/\/vosgesinfo.fr\/remiremontinfo\/#organization\"},\"alternateName\":\"Toute l'actualit\u00e9 de Remiremont\",\"potentialAction\":[{\"@type\":\"SearchAction\",\"target\":{\"@type\":\"EntryPoint\",\"urlTemplate\":\"https:\/\/vosgesinfo.fr\/remiremontinfo\/?s={search_term_string}\"},\"query-input\":\"required name=search_term_string\"}],\"inLanguage\":\"fr-FR\"},{\"@type\":\"Organization\",\"@id\":\"https:\/\/vosgesinfo.fr\/remiremontinfo\/#organization\",\"name\":\"Remiremont Info\",\"url\":\"https:\/\/vosgesinfo.fr\/remiremontinfo\/\",\"logo\":{\"@type\":\"ImageObject\",\"inLanguage\":\"fr-FR\",\"@id\":\"https:\/\/vosgesinfo.fr\/remiremontinfo\/#\/schema\/logo\/image\/\",\"url\":\"https:\/\/vosgesinfo.fr\/app\/uploads\/sites\/5\/2023\/08\/favicon-remiremontinfo.png\",\"contentUrl\":\"https:\/\/vosgesinfo.fr\/app\/uploads\/sites\/5\/2023\/08\/favicon-remiremontinfo.png\",\"width\":512,\"height\":512,\"caption\":\"Remiremont Info\"},\"image\":{\"@id\":\"https:\/\/vosgesinfo.fr\/remiremontinfo\/#\/schema\/logo\/image\/\"},\"sameAs\":[\"https:\/\/www.facebook.com\/remiremontinfo\",\"https:\/\/x.com\/VosgesInfo88\",\"https:\/\/www.youtube.com\/@vosgesinfo\"]},{\"@type\":\"Person\",\"@id\":\"https:\/\/vosgesinfo.fr\/remiremontinfo\/#\/schema\/person\/3bfd164d5218a185b1db68655a265316\",\"name\":\"C D\",\"image\":{\"@type\":\"ImageObject\",\"inLanguage\":\"fr-FR\",\"@id\":\"https:\/\/vosgesinfo.fr\/remiremontinfo\/#\/schema\/person\/image\/\",\"url\":\"https:\/\/secure.gravatar.com\/avatar\/1f9a70007336511a47468b8f1c66f922b8b7cf617b02a31149ada43893a5d48f?s=96&d=mm&r=g\",\"contentUrl\":\"https:\/\/secure.gravatar.com\/avatar\/1f9a70007336511a47468b8f1c66f922b8b7cf617b02a31149ada43893a5d48f?s=96&d=mm&r=g\",\"caption\":\"C D\"},\"url\":\"https:\/\/vosgesinfo.fr\/remiremontinfo\/author\/cedric-drevet\/\"}]}<\/script>\n<!-- \/ Yoast SEO plugin. -->","yoast_head_json":{"title":"Eloyes : deux jours de f\u00eate autour de l\u2019eau et de la rivi\u00e8re ! - Remiremont Info","robots":{"index":"index","follow":"follow","max-snippet":"max-snippet:-1","max-image-preview":"max-image-preview:large","max-video-preview":"max-video-preview:-1"},"canonical":"https:\/\/vosgesinfo.fr\/remiremontinfo\/2019\/06\/eloyes-deux-jours-de-fete-autour-de-leau-de-riviere\/","twitter_card":"summary_large_image","twitter_title":"Eloyes : deux jours de f\u00eate autour de l\u2019eau et de la rivi\u00e8re ! - Remiremont Info","twitter_description":"Ce week-end, la Communaut\u00e9 de Communes de la Porte des Vosges M\u00e9ridionales organise la 3\u00e8me \u00e9dition de la \u00ab\u00a0F\u00eate de [&hellip;]","twitter_image":"https:\/\/vosgesinfo.fr\/app\/uploads\/sites\/5\/2024\/09\/201906capture-decran-2019-06-01-a-16.58.01.png","twitter_creator":"@VosgesInfo88","twitter_site":"@VosgesInfo88","twitter_misc":{"\u00c9crit par":"C D","Dur\u00e9e de lecture estim\u00e9e":"1 minute"},"schema":{"@context":"https:\/\/schema.org","@graph":[{"@type":"Article","@id":"https:\/\/vosgesinfo.fr\/remiremontinfo\/2019\/06\/eloyes-deux-jours-de-fete-autour-de-leau-de-riviere\/#article","isPartOf":{"@id":"https:\/\/vosgesinfo.fr\/remiremontinfo\/2019\/06\/eloyes-deux-jours-de-fete-autour-de-leau-de-riviere\/"},"author":{"name":"C D","@id":"https:\/\/vosgesinfo.fr\/remiremontinfo\/#\/schema\/person\/3bfd164d5218a185b1db68655a265316"},"headline":"Eloyes : deux jours de f\u00eate autour de l\u2019eau et de la rivi\u00e8re !","datePublished":"2019-06-01T12:59:55+00:00","dateModified":"2019-06-01T12:59:55+00:00","mainEntityOfPage":{"@id":"https:\/\/vosgesinfo.fr\/remiremontinfo\/2019\/06\/eloyes-deux-jours-de-fete-autour-de-leau-de-riviere\/"},"wordCount":283,"commentCount":0,"publisher":{"@id":"https:\/\/vosgesinfo.fr\/remiremontinfo\/#organization"},"image":{"@id":"https:\/\/vosgesinfo.fr\/remiremontinfo\/2019\/06\/eloyes-deux-jours-de-fete-autour-de-leau-de-riviere\/#primaryimage"},"thumbnailUrl":"https:\/\/vosgesinfo.fr\/app\/uploads\/sites\/5\/2024\/09\/201906capture-decran-2019-06-01-a-16.58.01.png","articleSection":["A la Une","Eloyes","Environnement","F\u00eates","Remiremont &amp; son canton"],"inLanguage":"fr-FR","potentialAction":[{"@type":"CommentAction","name":"Comment","target":["https:\/\/vosgesinfo.fr\/remiremontinfo\/2019\/06\/eloyes-deux-jours-de-fete-autour-de-leau-de-riviere\/#respond"]}]},{"@type":"WebPage","@id":"https:\/\/vosgesinfo.fr\/remiremontinfo\/2019\/06\/eloyes-deux-jours-de-fete-autour-de-leau-de-riviere\/","url":"https:\/\/vosgesinfo.fr\/remiremontinfo\/2019\/06\/eloyes-deux-jours-de-fete-autour-de-leau-de-riviere\/","name":"Eloyes : deux jours de f\u00eate autour de l\u2019eau et de la rivi\u00e8re ! - Remiremont Info","isPartOf":{"@id":"https:\/\/vosgesinfo.fr\/remiremontinfo\/#website"},"primaryImageOfPage":{"@id":"https:\/\/vosgesinfo.fr\/remiremontinfo\/2019\/06\/eloyes-deux-jours-de-fete-autour-de-leau-de-riviere\/#primaryimage"},"image":{"@id":"https:\/\/vosgesinfo.fr\/remiremontinfo\/2019\/06\/eloyes-deux-jours-de-fete-autour-de-leau-de-riviere\/#primaryimage"},"thumbnailUrl":"https:\/\/vosgesinfo.fr\/app\/uploads\/sites\/5\/2024\/09\/201906capture-decran-2019-06-01-a-16.58.01.png","datePublished":"2019-06-01T12:59:55+00:00","dateModified":"2019-06-01T12:59:55+00:00","breadcrumb":{"@id":"https:\/\/vosgesinfo.fr\/remiremontinfo\/2019\/06\/eloyes-deux-jours-de-fete-autour-de-leau-de-riviere\/#breadcrumb"},"inLanguage":"fr-FR","potentialAction":[{"@type":"ReadAction","target":["https:\/\/vosgesinfo.fr\/remiremontinfo\/2019\/06\/eloyes-deux-jours-de-fete-autour-de-leau-de-riviere\/"]}]},{"@type":"ImageObject","inLanguage":"fr-FR","@id":"https:\/\/vosgesinfo.fr\/remiremontinfo\/2019\/06\/eloyes-deux-jours-de-fete-autour-de-leau-de-riviere\/#primaryimage","url":"https:\/\/vosgesinfo.fr\/app\/uploads\/sites\/5\/2024\/09\/201906capture-decran-2019-06-01-a-16.58.01.png","contentUrl":"https:\/\/vosgesinfo.fr\/app\/uploads\/sites\/5\/2024\/09\/201906capture-decran-2019-06-01-a-16.58.01.png","width":1728,"height":1072},{"@type":"BreadcrumbList","@id":"https:\/\/vosgesinfo.fr\/remiremontinfo\/2019\/06\/eloyes-deux-jours-de-fete-autour-de-leau-de-riviere\/#breadcrumb","itemListElement":[{"@type":"ListItem","position":1,"name":"Home","item":"https:\/\/vosgesinfo.fr\/remiremontinfo\/"},{"@type":"ListItem","position":2,"name":"Eloyes : deux jours de f\u00eate autour de l\u2019eau et de la rivi\u00e8re !"}]},{"@type":"WebSite","@id":"https:\/\/vosgesinfo.fr\/remiremontinfo\/#website","url":"https:\/\/vosgesinfo.fr\/remiremontinfo\/","name":"Remiremont Info","description":"Toute l&#039;actualit\u00e9 de Remiremont","publisher":{"@id":"https:\/\/vosgesinfo.fr\/remiremontinfo\/#organization"},"alternateName":"Toute l'actualit\u00e9 de Remiremont","potentialAction":[{"@type":"SearchAction","target":{"@type":"EntryPoint","urlTemplate":"https:\/\/vosgesinfo.fr\/remiremontinfo\/?s={search_term_string}"},"query-input":"required name=search_term_string"}],"inLanguage":"fr-FR"},{"@type":"Organization","@id":"https:\/\/vosgesinfo.fr\/remiremontinfo\/#organization","name":"Remiremont Info","url":"https:\/\/vosgesinfo.fr\/remiremontinfo\/","logo":{"@type":"ImageObject","inLanguage":"fr-FR","@id":"https:\/\/vosgesinfo.fr\/remiremontinfo\/#\/schema\/logo\/image\/","url":"https:\/\/vosgesinfo.fr\/app\/uploads\/sites\/5\/2023\/08\/favicon-remiremontinfo.png","contentUrl":"https:\/\/vosgesinfo.fr\/app\/uploads\/sites\/5\/2023\/08\/favicon-remiremontinfo.png","width":512,"height":512,"caption":"Remiremont Info"},"image":{"@id":"https:\/\/vosgesinfo.fr\/remiremontinfo\/#\/schema\/logo\/image\/"},"sameAs":["https:\/\/www.facebook.com\/remiremontinfo","https:\/\/x.com\/VosgesInfo88","https:\/\/www.youtube.com\/@vosgesinfo"]},{"@type":"Person","@id":"https:\/\/vosgesinfo.fr\/remiremontinfo\/#\/schema\/person\/3bfd164d5218a185b1db68655a265316","name":"C D","image":{"@type":"ImageObject","inLanguage":"fr-FR","@id":"https:\/\/vosgesinfo.fr\/remiremontinfo\/#\/schema\/person\/image\/","url":"https:\/\/secure.gravatar.com\/avatar\/1f9a70007336511a47468b8f1c66f922b8b7cf617b02a31149ada43893a5d48f?s=96&d=mm&r=g","contentUrl":"https:\/\/secure.gravatar.com\/avatar\/1f9a70007336511a47468b8f1c66f922b8b7cf617b02a31149ada43893a5d48f?s=96&d=mm&r=g","caption":"C D"},"url":"https:\/\/vosgesinfo.fr\/remiremontinfo\/author\/cedric-drevet\/"}]}},"_links":{"self":[{"href":"https:\/\/vosgesinfo.fr\/remiremontinfo\/wp-json\/wp\/v2\/posts\/15267","targetHints":{"allow":["GET"]}}],"collection":[{"href":"https:\/\/vosgesinfo.fr\/remiremontinfo\/wp-json\/wp\/v2\/posts"}],"about":[{"href":"https:\/\/vosgesinfo.fr\/remiremontinfo\/wp-json\/wp\/v2\/types\/post"}],"author":[{"embeddable":true,"href":"https:\/\/vosgesinfo.fr\/remiremontinfo\/wp-json\/wp\/v2\/users\/407"}],"replies":[{"embeddable":true,"href":"https:\/\/vosgesinfo.fr\/remiremontinfo\/wp-json\/wp\/v2\/comments?post=15267"}],"version-history":[{"count":0,"href":"https:\/\/vosgesinfo.fr\/remiremontinfo\/wp-json\/wp\/v2\/posts\/15267\/revisions"}],"wp:featuredmedia":[{"embeddable":true,"href":"https:\/\/vosgesinfo.fr\/remiremontinfo\/wp-json\/wp\/v2\/media\/15268"}],"wp:attachment":[{"href":"https:\/\/vosgesinfo.fr\/remiremontinfo\/wp-json\/wp\/v2\/media?parent=15267"}],"wp:term":[{"taxonomy":"category","embeddable":true,"href":"https:\/\/vosgesinfo.fr\/remiremontinfo\/wp-json\/wp\/v2\/categories?post=15267"},{"taxonomy":"post_tag","embeddable":true,"href":"https:\/\/vosgesinfo.fr\/remiremontinfo\/wp-json\/wp\/v2\/tags?post=15267"}],"curies":[{"name":"wp","href":"https:\/\/api.w.org\/{rel}","templated":true}]}}