{"id":1541,"date":"2023-09-29T14:13:04","date_gmt":"2023-09-29T12:13:04","guid":{"rendered":"https:\/\/vosgesinfo.fr\/remiremontinfo\/2023\/09\/assemblee-generale-extraordinaire-du-super-u-de-vagney\/"},"modified":"2023-09-29T14:13:04","modified_gmt":"2023-09-29T12:13:04","slug":"assemblee-generale-extraordinaire-du-super-u-de-vagney","status":"publish","type":"post","link":"https:\/\/vosgesinfo.fr\/remiremontinfo\/2023\/09\/assemblee-generale-extraordinaire-du-super-u-de-vagney\/","title":{"rendered":"Assembl\u00e9e G\u00e9n\u00e9rale extraordinaire du Super U de Vagney"},"content":{"rendered":"<p><a href=\"https:\/\/remiremontinfo.fr\/wp-content\/uploads\/2023\/09\/IMG_7141.jpg\"><img decoding=\"async\" class=\"alignright size-thumbnail wp-image-377243\" src=\"https:\/\/vosgesinfo.fr\/app\/uploads\/sites\/5\/2023\/09\/img-7141.jpg\" alt=\"IMG_7141\" width=\"150\" height=\"150\" \/><\/a><\/p>\n<p>Ce Jeudi soir au Super U de Vagney s\u2019est tenue une Assembl\u00e9e G\u00e9n\u00e9rale Extraordinaire un peu particuli\u00e8re.<\/p>\n<p>En effet, bien que l\u00e9galement non obligatoire, le Conseil d\u2019administration a souhait\u00e9 tout de m\u00eame convoquer une Assembl\u00e9e afin que chacun puisse s\u2019exprimer sur cette op\u00e9ration historique pour laquelle l\u2019AG Ordinaire du 26 mars dernier s\u2019\u00e9tait prononc\u00e9e favorablement\u00a0: la fusion Absorption de la SAS RONAL (SUPER U De Pouxeux) par la SA Coop\u00e9rative l\u2019UTILE.<\/p>\n<p>Le pr\u00e9sident du Conseil d\u2019Administration de la Coop\u00e9rative l\u2019UTILE, propri\u00e9taire du Super U de Vagney, Pascal ZAUG ainsi que Claude ROUSSEL Directeur du magasin sont revenus sur la gen\u00e8se et l\u2019int\u00e9r\u00eat de \u00ab\u00a0cette nouvelle page de l\u2019histoire de la Coop\u00e9rative\u00a0\u00bb.<\/p>\n<p>Le Super U de Pouxeux, d\u00e9sormais filiale du Super U de Vagney, deviendra \u00e0 \u00e9ch\u00e9ance de quelques mois un \u00e9tablissement secondaire de celui de Vagney. De quelques 4774 soci\u00e9taires actuellement, un objectif de 10 000 soci\u00e9taires peut \u00eatre envisag\u00e9. Les clients du Super U de Pouxeux pouvant devenir eux aussi soci\u00e9taires et venir porter \u00e0 leur tour les valeurs vertueuses du syst\u00e8me coop\u00e9ratif.<a href=\"https:\/\/remiremontinfo.fr\/wp-content\/uploads\/2023\/09\/IMG_7144.jpg\"><img decoding=\"async\" class=\"alignright size-thumbnail wp-image-377242\" src=\"https:\/\/vosgesinfo.fr\/app\/uploads\/sites\/5\/2023\/09\/img-7144.jpg\" alt=\"IMG_7144\" width=\"150\" height=\"150\" \/><\/a><\/p>\n<p>Cette op\u00e9ration a aussi un impact positif pour l\u2019emploi \u00e0 Pouxeux notamment o\u00f9 des contrats jusqu\u2019ici en int\u00e9rim se transforment en CDI. De nouveaux services devraient aussi appara\u00eetre \u00e0 Pouxeux dans les temps prochains, comme une offre de restauration ou encore un Drive.<\/p>\n<p>A noter que si seulement un petit nombre de soci\u00e9taires s\u2019\u00e9tait d\u00e9plac\u00e9, plus de 1000 se sont exprim\u00e9s au travers de leur bulletin de vote. Ce petit nombre n\u2019en a pas moins pos\u00e9 un certain nombre de questions auxquelles ont r\u00e9pondu dans le d\u00e9tail, chacun en fonction de ses comp\u00e9tences, tant\u00f4t Pascal ZAUG tant\u00f4t Claude ROUSSEL.<br \/>\n<a href=\"https:\/\/remiremontinfo.fr\/wp-content\/uploads\/2023\/09\/IMG_7143.jpg\"><img decoding=\"async\" class=\"alignright size-medium wp-image-377246\" src=\"https:\/\/vosgesinfo.fr\/app\/uploads\/sites\/5\/2023\/09\/img-7143.jpg\" alt=\"IMG_7143\" width=\"170\" height=\"255\" \/><\/a><a href=\"https:\/\/remiremontinfo.fr\/wp-content\/uploads\/2023\/09\/IMG_7145.jpg\"><img decoding=\"async\" class=\"alignright size-medium wp-image-377247\" src=\"https:\/\/vosgesinfo.fr\/app\/uploads\/sites\/5\/2023\/09\/img-7145.jpg\" alt=\"IMG_7145\" width=\"382\" height=\"255\" \/><\/a><\/p>\n<p>&nbsp;<\/p>\n<p>&nbsp;<\/p>\n<p>&nbsp;<\/p>\n","protected":false},"excerpt":{"rendered":"<p>Ce Jeudi soir au Super U de Vagney s\u2019est tenue une Assembl\u00e9e G\u00e9n\u00e9rale Extraordinaire un peu particuli\u00e8re. En effet, bien [&hellip;]<\/p>\n","protected":false},"author":413,"featured_media":1542,"comment_status":"open","ping_status":"open","sticky":false,"template":"","format":"standard","meta":{"footnotes":""},"categories":[26,120,25,106,35,36],"tags":[232,233],"class_list":["post-1541","post","type-post","status-publish","format-standard","has-post-thumbnail","hentry","category-a-la-une","category-commerce","category-la-bresse-son-canton","category-pouxeux","category-remiremont-son-canton","category-vagney","tag-sa-cooperative-lutile","tag-sas-ronal"],"acf":[],"yoast_head":"<!-- This site is optimized with the Yoast SEO plugin v22.5 - https:\/\/yoast.com\/wordpress\/plugins\/seo\/ -->\n<title>Assembl\u00e9e G\u00e9n\u00e9rale extraordinaire du Super U de Vagney - Remiremont Info<\/title>\n<meta name=\"robots\" content=\"index, follow, max-snippet:-1, max-image-preview:large, max-video-preview:-1\" \/>\n<link rel=\"canonical\" href=\"https:\/\/vosgesinfo.fr\/remiremontinfo\/2023\/09\/assemblee-generale-extraordinaire-du-super-u-de-vagney\/\" \/>\n<meta name=\"twitter:card\" content=\"summary_large_image\" \/>\n<meta name=\"twitter:title\" content=\"Assembl\u00e9e G\u00e9n\u00e9rale extraordinaire du Super U de Vagney - Remiremont Info\" \/>\n<meta name=\"twitter:description\" content=\"Ce Jeudi soir au Super U de Vagney s\u2019est tenue une Assembl\u00e9e G\u00e9n\u00e9rale Extraordinaire un peu particuli\u00e8re. En effet, bien [&hellip;]\" \/>\n<meta name=\"twitter:image\" content=\"https:\/\/vosgesinfo.fr\/app\/uploads\/sites\/5\/2023\/09\/img-7139.jpg\" \/>\n<meta name=\"twitter:creator\" content=\"@VosgesInfo88\" \/>\n<meta name=\"twitter:site\" content=\"@VosgesInfo88\" \/>\n<meta name=\"twitter:label1\" content=\"\u00c9crit par\" \/>\n\t<meta name=\"twitter:data1\" content=\"P.M\" \/>\n\t<meta name=\"twitter:label2\" content=\"Dur\u00e9e de lecture estim\u00e9e\" \/>\n\t<meta name=\"twitter:data2\" content=\"2 minutes\" \/>\n<script type=\"application\/ld+json\" class=\"yoast-schema-graph\">{\"@context\":\"https:\/\/schema.org\",\"@graph\":[{\"@type\":\"Article\",\"@id\":\"https:\/\/vosgesinfo.fr\/remiremontinfo\/2023\/09\/assemblee-generale-extraordinaire-du-super-u-de-vagney\/#article\",\"isPartOf\":{\"@id\":\"https:\/\/vosgesinfo.fr\/remiremontinfo\/2023\/09\/assemblee-generale-extraordinaire-du-super-u-de-vagney\/\"},\"author\":{\"name\":\"P.M\",\"@id\":\"https:\/\/vosgesinfo.fr\/remiremontinfo\/#\/schema\/person\/a6fd2dde36da20be3679f2058b94c5b8\"},\"headline\":\"Assembl\u00e9e G\u00e9n\u00e9rale extraordinaire du Super U de Vagney\",\"datePublished\":\"2023-09-29T12:13:04+00:00\",\"dateModified\":\"2023-09-29T12:13:04+00:00\",\"mainEntityOfPage\":{\"@id\":\"https:\/\/vosgesinfo.fr\/remiremontinfo\/2023\/09\/assemblee-generale-extraordinaire-du-super-u-de-vagney\/\"},\"wordCount\":327,\"commentCount\":0,\"publisher\":{\"@id\":\"https:\/\/vosgesinfo.fr\/remiremontinfo\/#organization\"},\"image\":{\"@id\":\"https:\/\/vosgesinfo.fr\/remiremontinfo\/2023\/09\/assemblee-generale-extraordinaire-du-super-u-de-vagney\/#primaryimage\"},\"thumbnailUrl\":\"https:\/\/vosgesinfo.fr\/app\/uploads\/sites\/5\/2023\/09\/img-7139.jpg\",\"keywords\":[\"SA Coop\u00e9rative l'Utile\",\"SAS Ronal\"],\"articleSection\":[\"A la Une\",\"Commerce\",\"La Bresse &amp; son canton\",\"Pouxeux\",\"Remiremont &amp; son canton\",\"Vagney\"],\"inLanguage\":\"fr-FR\",\"potentialAction\":[{\"@type\":\"CommentAction\",\"name\":\"Comment\",\"target\":[\"https:\/\/vosgesinfo.fr\/remiremontinfo\/2023\/09\/assemblee-generale-extraordinaire-du-super-u-de-vagney\/#respond\"]}]},{\"@type\":\"WebPage\",\"@id\":\"https:\/\/vosgesinfo.fr\/remiremontinfo\/2023\/09\/assemblee-generale-extraordinaire-du-super-u-de-vagney\/\",\"url\":\"https:\/\/vosgesinfo.fr\/remiremontinfo\/2023\/09\/assemblee-generale-extraordinaire-du-super-u-de-vagney\/\",\"name\":\"Assembl\u00e9e G\u00e9n\u00e9rale extraordinaire du Super U de Vagney - Remiremont Info\",\"isPartOf\":{\"@id\":\"https:\/\/vosgesinfo.fr\/remiremontinfo\/#website\"},\"primaryImageOfPage\":{\"@id\":\"https:\/\/vosgesinfo.fr\/remiremontinfo\/2023\/09\/assemblee-generale-extraordinaire-du-super-u-de-vagney\/#primaryimage\"},\"image\":{\"@id\":\"https:\/\/vosgesinfo.fr\/remiremontinfo\/2023\/09\/assemblee-generale-extraordinaire-du-super-u-de-vagney\/#primaryimage\"},\"thumbnailUrl\":\"https:\/\/vosgesinfo.fr\/app\/uploads\/sites\/5\/2023\/09\/img-7139.jpg\",\"datePublished\":\"2023-09-29T12:13:04+00:00\",\"dateModified\":\"2023-09-29T12:13:04+00:00\",\"breadcrumb\":{\"@id\":\"https:\/\/vosgesinfo.fr\/remiremontinfo\/2023\/09\/assemblee-generale-extraordinaire-du-super-u-de-vagney\/#breadcrumb\"},\"inLanguage\":\"fr-FR\",\"potentialAction\":[{\"@type\":\"ReadAction\",\"target\":[\"https:\/\/vosgesinfo.fr\/remiremontinfo\/2023\/09\/assemblee-generale-extraordinaire-du-super-u-de-vagney\/\"]}]},{\"@type\":\"ImageObject\",\"inLanguage\":\"fr-FR\",\"@id\":\"https:\/\/vosgesinfo.fr\/remiremontinfo\/2023\/09\/assemblee-generale-extraordinaire-du-super-u-de-vagney\/#primaryimage\",\"url\":\"https:\/\/vosgesinfo.fr\/app\/uploads\/sites\/5\/2023\/09\/img-7139.jpg\",\"contentUrl\":\"https:\/\/vosgesinfo.fr\/app\/uploads\/sites\/5\/2023\/09\/img-7139.jpg\",\"width\":1600,\"height\":1067},{\"@type\":\"BreadcrumbList\",\"@id\":\"https:\/\/vosgesinfo.fr\/remiremontinfo\/2023\/09\/assemblee-generale-extraordinaire-du-super-u-de-vagney\/#breadcrumb\",\"itemListElement\":[{\"@type\":\"ListItem\",\"position\":1,\"name\":\"Home\",\"item\":\"https:\/\/vosgesinfo.fr\/remiremontinfo\/\"},{\"@type\":\"ListItem\",\"position\":2,\"name\":\"Assembl\u00e9e G\u00e9n\u00e9rale extraordinaire du Super U de Vagney\"}]},{\"@type\":\"WebSite\",\"@id\":\"https:\/\/vosgesinfo.fr\/remiremontinfo\/#website\",\"url\":\"https:\/\/vosgesinfo.fr\/remiremontinfo\/\",\"name\":\"Remiremont Info\",\"description\":\"Toute l&#039;actualit\u00e9 de Remiremont\",\"publisher\":{\"@id\":\"https:\/\/vosgesinfo.fr\/remiremontinfo\/#organization\"},\"alternateName\":\"Toute l'actualit\u00e9 de Remiremont\",\"potentialAction\":[{\"@type\":\"SearchAction\",\"target\":{\"@type\":\"EntryPoint\",\"urlTemplate\":\"https:\/\/vosgesinfo.fr\/remiremontinfo\/?s={search_term_string}\"},\"query-input\":\"required name=search_term_string\"}],\"inLanguage\":\"fr-FR\"},{\"@type\":\"Organization\",\"@id\":\"https:\/\/vosgesinfo.fr\/remiremontinfo\/#organization\",\"name\":\"Remiremont Info\",\"url\":\"https:\/\/vosgesinfo.fr\/remiremontinfo\/\",\"logo\":{\"@type\":\"ImageObject\",\"inLanguage\":\"fr-FR\",\"@id\":\"https:\/\/vosgesinfo.fr\/remiremontinfo\/#\/schema\/logo\/image\/\",\"url\":\"https:\/\/vosgesinfo.fr\/app\/uploads\/sites\/5\/2023\/08\/favicon-remiremontinfo.png\",\"contentUrl\":\"https:\/\/vosgesinfo.fr\/app\/uploads\/sites\/5\/2023\/08\/favicon-remiremontinfo.png\",\"width\":512,\"height\":512,\"caption\":\"Remiremont Info\"},\"image\":{\"@id\":\"https:\/\/vosgesinfo.fr\/remiremontinfo\/#\/schema\/logo\/image\/\"},\"sameAs\":[\"https:\/\/www.facebook.com\/remiremontinfo\",\"https:\/\/x.com\/VosgesInfo88\",\"https:\/\/www.youtube.com\/@vosgesinfo\"]},{\"@type\":\"Person\",\"@id\":\"https:\/\/vosgesinfo.fr\/remiremontinfo\/#\/schema\/person\/a6fd2dde36da20be3679f2058b94c5b8\",\"name\":\"P.M\",\"image\":{\"@type\":\"ImageObject\",\"inLanguage\":\"fr-FR\",\"@id\":\"https:\/\/vosgesinfo.fr\/remiremontinfo\/#\/schema\/person\/image\/\",\"url\":\"https:\/\/secure.gravatar.com\/avatar\/db38f6ef38bb165f6f4d352563f264129673ed4536984fbbcddf700bd12f8a9a?s=96&d=mm&r=g\",\"contentUrl\":\"https:\/\/secure.gravatar.com\/avatar\/db38f6ef38bb165f6f4d352563f264129673ed4536984fbbcddf700bd12f8a9a?s=96&d=mm&r=g\",\"caption\":\"P.M\"},\"url\":\"https:\/\/vosgesinfo.fr\/remiremontinfo\/author\/p-mangel88\/\"}]}<\/script>\n<!-- \/ Yoast SEO plugin. -->","yoast_head_json":{"title":"Assembl\u00e9e G\u00e9n\u00e9rale extraordinaire du Super U de Vagney - Remiremont Info","robots":{"index":"index","follow":"follow","max-snippet":"max-snippet:-1","max-image-preview":"max-image-preview:large","max-video-preview":"max-video-preview:-1"},"canonical":"https:\/\/vosgesinfo.fr\/remiremontinfo\/2023\/09\/assemblee-generale-extraordinaire-du-super-u-de-vagney\/","twitter_card":"summary_large_image","twitter_title":"Assembl\u00e9e G\u00e9n\u00e9rale extraordinaire du Super U de Vagney - Remiremont Info","twitter_description":"Ce Jeudi soir au Super U de Vagney s\u2019est tenue une Assembl\u00e9e G\u00e9n\u00e9rale Extraordinaire un peu particuli\u00e8re. En effet, bien [&hellip;]","twitter_image":"https:\/\/vosgesinfo.fr\/app\/uploads\/sites\/5\/2023\/09\/img-7139.jpg","twitter_creator":"@VosgesInfo88","twitter_site":"@VosgesInfo88","twitter_misc":{"\u00c9crit par":"P.M","Dur\u00e9e de lecture estim\u00e9e":"2 minutes"},"schema":{"@context":"https:\/\/schema.org","@graph":[{"@type":"Article","@id":"https:\/\/vosgesinfo.fr\/remiremontinfo\/2023\/09\/assemblee-generale-extraordinaire-du-super-u-de-vagney\/#article","isPartOf":{"@id":"https:\/\/vosgesinfo.fr\/remiremontinfo\/2023\/09\/assemblee-generale-extraordinaire-du-super-u-de-vagney\/"},"author":{"name":"P.M","@id":"https:\/\/vosgesinfo.fr\/remiremontinfo\/#\/schema\/person\/a6fd2dde36da20be3679f2058b94c5b8"},"headline":"Assembl\u00e9e G\u00e9n\u00e9rale extraordinaire du Super U de Vagney","datePublished":"2023-09-29T12:13:04+00:00","dateModified":"2023-09-29T12:13:04+00:00","mainEntityOfPage":{"@id":"https:\/\/vosgesinfo.fr\/remiremontinfo\/2023\/09\/assemblee-generale-extraordinaire-du-super-u-de-vagney\/"},"wordCount":327,"commentCount":0,"publisher":{"@id":"https:\/\/vosgesinfo.fr\/remiremontinfo\/#organization"},"image":{"@id":"https:\/\/vosgesinfo.fr\/remiremontinfo\/2023\/09\/assemblee-generale-extraordinaire-du-super-u-de-vagney\/#primaryimage"},"thumbnailUrl":"https:\/\/vosgesinfo.fr\/app\/uploads\/sites\/5\/2023\/09\/img-7139.jpg","keywords":["SA Coop\u00e9rative l'Utile","SAS Ronal"],"articleSection":["A la Une","Commerce","La Bresse &amp; son canton","Pouxeux","Remiremont &amp; son canton","Vagney"],"inLanguage":"fr-FR","potentialAction":[{"@type":"CommentAction","name":"Comment","target":["https:\/\/vosgesinfo.fr\/remiremontinfo\/2023\/09\/assemblee-generale-extraordinaire-du-super-u-de-vagney\/#respond"]}]},{"@type":"WebPage","@id":"https:\/\/vosgesinfo.fr\/remiremontinfo\/2023\/09\/assemblee-generale-extraordinaire-du-super-u-de-vagney\/","url":"https:\/\/vosgesinfo.fr\/remiremontinfo\/2023\/09\/assemblee-generale-extraordinaire-du-super-u-de-vagney\/","name":"Assembl\u00e9e G\u00e9n\u00e9rale extraordinaire du Super U de Vagney - Remiremont Info","isPartOf":{"@id":"https:\/\/vosgesinfo.fr\/remiremontinfo\/#website"},"primaryImageOfPage":{"@id":"https:\/\/vosgesinfo.fr\/remiremontinfo\/2023\/09\/assemblee-generale-extraordinaire-du-super-u-de-vagney\/#primaryimage"},"image":{"@id":"https:\/\/vosgesinfo.fr\/remiremontinfo\/2023\/09\/assemblee-generale-extraordinaire-du-super-u-de-vagney\/#primaryimage"},"thumbnailUrl":"https:\/\/vosgesinfo.fr\/app\/uploads\/sites\/5\/2023\/09\/img-7139.jpg","datePublished":"2023-09-29T12:13:04+00:00","dateModified":"2023-09-29T12:13:04+00:00","breadcrumb":{"@id":"https:\/\/vosgesinfo.fr\/remiremontinfo\/2023\/09\/assemblee-generale-extraordinaire-du-super-u-de-vagney\/#breadcrumb"},"inLanguage":"fr-FR","potentialAction":[{"@type":"ReadAction","target":["https:\/\/vosgesinfo.fr\/remiremontinfo\/2023\/09\/assemblee-generale-extraordinaire-du-super-u-de-vagney\/"]}]},{"@type":"ImageObject","inLanguage":"fr-FR","@id":"https:\/\/vosgesinfo.fr\/remiremontinfo\/2023\/09\/assemblee-generale-extraordinaire-du-super-u-de-vagney\/#primaryimage","url":"https:\/\/vosgesinfo.fr\/app\/uploads\/sites\/5\/2023\/09\/img-7139.jpg","contentUrl":"https:\/\/vosgesinfo.fr\/app\/uploads\/sites\/5\/2023\/09\/img-7139.jpg","width":1600,"height":1067},{"@type":"BreadcrumbList","@id":"https:\/\/vosgesinfo.fr\/remiremontinfo\/2023\/09\/assemblee-generale-extraordinaire-du-super-u-de-vagney\/#breadcrumb","itemListElement":[{"@type":"ListItem","position":1,"name":"Home","item":"https:\/\/vosgesinfo.fr\/remiremontinfo\/"},{"@type":"ListItem","position":2,"name":"Assembl\u00e9e G\u00e9n\u00e9rale extraordinaire du Super U de Vagney"}]},{"@type":"WebSite","@id":"https:\/\/vosgesinfo.fr\/remiremontinfo\/#website","url":"https:\/\/vosgesinfo.fr\/remiremontinfo\/","name":"Remiremont Info","description":"Toute l&#039;actualit\u00e9 de Remiremont","publisher":{"@id":"https:\/\/vosgesinfo.fr\/remiremontinfo\/#organization"},"alternateName":"Toute l'actualit\u00e9 de Remiremont","potentialAction":[{"@type":"SearchAction","target":{"@type":"EntryPoint","urlTemplate":"https:\/\/vosgesinfo.fr\/remiremontinfo\/?s={search_term_string}"},"query-input":"required name=search_term_string"}],"inLanguage":"fr-FR"},{"@type":"Organization","@id":"https:\/\/vosgesinfo.fr\/remiremontinfo\/#organization","name":"Remiremont Info","url":"https:\/\/vosgesinfo.fr\/remiremontinfo\/","logo":{"@type":"ImageObject","inLanguage":"fr-FR","@id":"https:\/\/vosgesinfo.fr\/remiremontinfo\/#\/schema\/logo\/image\/","url":"https:\/\/vosgesinfo.fr\/app\/uploads\/sites\/5\/2023\/08\/favicon-remiremontinfo.png","contentUrl":"https:\/\/vosgesinfo.fr\/app\/uploads\/sites\/5\/2023\/08\/favicon-remiremontinfo.png","width":512,"height":512,"caption":"Remiremont Info"},"image":{"@id":"https:\/\/vosgesinfo.fr\/remiremontinfo\/#\/schema\/logo\/image\/"},"sameAs":["https:\/\/www.facebook.com\/remiremontinfo","https:\/\/x.com\/VosgesInfo88","https:\/\/www.youtube.com\/@vosgesinfo"]},{"@type":"Person","@id":"https:\/\/vosgesinfo.fr\/remiremontinfo\/#\/schema\/person\/a6fd2dde36da20be3679f2058b94c5b8","name":"P.M","image":{"@type":"ImageObject","inLanguage":"fr-FR","@id":"https:\/\/vosgesinfo.fr\/remiremontinfo\/#\/schema\/person\/image\/","url":"https:\/\/secure.gravatar.com\/avatar\/db38f6ef38bb165f6f4d352563f264129673ed4536984fbbcddf700bd12f8a9a?s=96&d=mm&r=g","contentUrl":"https:\/\/secure.gravatar.com\/avatar\/db38f6ef38bb165f6f4d352563f264129673ed4536984fbbcddf700bd12f8a9a?s=96&d=mm&r=g","caption":"P.M"},"url":"https:\/\/vosgesinfo.fr\/remiremontinfo\/author\/p-mangel88\/"}]}},"_links":{"self":[{"href":"https:\/\/vosgesinfo.fr\/remiremontinfo\/wp-json\/wp\/v2\/posts\/1541","targetHints":{"allow":["GET"]}}],"collection":[{"href":"https:\/\/vosgesinfo.fr\/remiremontinfo\/wp-json\/wp\/v2\/posts"}],"about":[{"href":"https:\/\/vosgesinfo.fr\/remiremontinfo\/wp-json\/wp\/v2\/types\/post"}],"author":[{"embeddable":true,"href":"https:\/\/vosgesinfo.fr\/remiremontinfo\/wp-json\/wp\/v2\/users\/413"}],"replies":[{"embeddable":true,"href":"https:\/\/vosgesinfo.fr\/remiremontinfo\/wp-json\/wp\/v2\/comments?post=1541"}],"version-history":[{"count":0,"href":"https:\/\/vosgesinfo.fr\/remiremontinfo\/wp-json\/wp\/v2\/posts\/1541\/revisions"}],"wp:featuredmedia":[{"embeddable":true,"href":"https:\/\/vosgesinfo.fr\/remiremontinfo\/wp-json\/wp\/v2\/media\/1542"}],"wp:attachment":[{"href":"https:\/\/vosgesinfo.fr\/remiremontinfo\/wp-json\/wp\/v2\/media?parent=1541"}],"wp:term":[{"taxonomy":"category","embeddable":true,"href":"https:\/\/vosgesinfo.fr\/remiremontinfo\/wp-json\/wp\/v2\/categories?post=1541"},{"taxonomy":"post_tag","embeddable":true,"href":"https:\/\/vosgesinfo.fr\/remiremontinfo\/wp-json\/wp\/v2\/tags?post=1541"}],"curies":[{"name":"wp","href":"https:\/\/api.w.org\/{rel}","templated":true}]}}