{"id":15667,"date":"2019-06-09T08:04:11","date_gmt":"2019-06-09T06:04:11","guid":{"rendered":"https:\/\/vosgesinfo.fr\/remiremontinfo\/2019\/06\/ninon-ohm-schnabel-a-ete-couronnee-miss-vosges-2019\/"},"modified":"2019-06-09T08:04:11","modified_gmt":"2019-06-09T06:04:11","slug":"ninon-ohm-schnabel-a-ete-couronnee-miss-vosges-2019","status":"publish","type":"post","link":"https:\/\/vosgesinfo.fr\/remiremontinfo\/2019\/06\/ninon-ohm-schnabel-a-ete-couronnee-miss-vosges-2019\/","title":{"rendered":"Ninon Ohm-Schnabel a \u00e9t\u00e9 couronn\u00e9e Miss Vosges 2019 !"},"content":{"rendered":"<p>Une \u00e9lection organis\u00e9e par la d\u00e9l\u00e9gation Miss Lorraine, en partenariat local avec la Ville et l\u2019UDAC \u2013 Union D\u00e9odatienne des Artisans et Commer\u00e7ants \u2013 qui s\u2019est d\u00e9roul\u00e9e au sein de l\u2019Espace Fran\u00e7ois-Mitterrand avec en toile de fond un spectacle en 4 parties sur le th\u00e8me des com\u00e9dies musicales. Parmi les 9 candidates en lice, c\u2019est Ninon Ohm-Schnabel qui a \u00e9t\u00e9 couronn\u00e9e Miss Vosges 2019, succ\u00e9dant ainsi \u00e0 Amandine Lan. \u00c2g\u00e9e de seulement 17 ans, l\u2019heureuse laur\u00e9ate est originaire de Charmois l\u2019Orgueilleux. La jeune femme a pour dauphines Oph\u00e9lie Coutret et Aliz\u00e9e Claudel-Teysseire, respectivement premi\u00e8re et seconde dauphine.<\/p>\n","protected":false},"excerpt":{"rendered":"<p>Une \u00e9lection organis\u00e9e par la d\u00e9l\u00e9gation Miss Lorraine, en partenariat local avec la Ville et l\u2019UDAC \u2013 Union D\u00e9odatienne des [&hellip;]<\/p>\n","protected":false},"author":407,"featured_media":15668,"comment_status":"open","ping_status":"open","sticky":false,"template":"","format":"standard","meta":{"footnotes":""},"categories":[26,54,18],"tags":[],"class_list":["post-15667","post","type-post","status-publish","format-standard","has-post-thumbnail","hentry","category-a-la-une","category-loisirs","category-vosges"],"acf":[],"yoast_head":"<!-- This site is optimized with the Yoast SEO plugin v22.5 - https:\/\/yoast.com\/wordpress\/plugins\/seo\/ -->\n<title>Ninon Ohm-Schnabel a \u00e9t\u00e9 couronn\u00e9e Miss Vosges 2019 ! - Remiremont Info<\/title>\n<meta name=\"robots\" content=\"index, follow, max-snippet:-1, max-image-preview:large, max-video-preview:-1\" \/>\n<link rel=\"canonical\" href=\"https:\/\/vosgesinfo.fr\/remiremontinfo\/2019\/06\/ninon-ohm-schnabel-a-ete-couronnee-miss-vosges-2019\/\" \/>\n<meta name=\"twitter:card\" content=\"summary_large_image\" \/>\n<meta name=\"twitter:title\" content=\"Ninon Ohm-Schnabel a \u00e9t\u00e9 couronn\u00e9e Miss Vosges 2019 ! - Remiremont Info\" \/>\n<meta name=\"twitter:description\" content=\"Une \u00e9lection organis\u00e9e par la d\u00e9l\u00e9gation Miss Lorraine, en partenariat local avec la Ville et l\u2019UDAC \u2013 Union D\u00e9odatienne des [&hellip;]\" \/>\n<meta name=\"twitter:image\" content=\"https:\/\/vosgesinfo.fr\/app\/uploads\/sites\/5\/2024\/09\/201906miss-vosges-2019-12-1024x683-1.jpg\" \/>\n<meta name=\"twitter:creator\" content=\"@VosgesInfo88\" \/>\n<meta name=\"twitter:site\" content=\"@VosgesInfo88\" \/>\n<meta name=\"twitter:label1\" content=\"\u00c9crit par\" \/>\n\t<meta name=\"twitter:data1\" content=\"C D\" \/>\n\t<meta name=\"twitter:label2\" content=\"Dur\u00e9e de lecture estim\u00e9e\" \/>\n\t<meta name=\"twitter:data2\" content=\"1 minute\" \/>\n<script type=\"application\/ld+json\" class=\"yoast-schema-graph\">{\"@context\":\"https:\/\/schema.org\",\"@graph\":[{\"@type\":\"Article\",\"@id\":\"https:\/\/vosgesinfo.fr\/remiremontinfo\/2019\/06\/ninon-ohm-schnabel-a-ete-couronnee-miss-vosges-2019\/#article\",\"isPartOf\":{\"@id\":\"https:\/\/vosgesinfo.fr\/remiremontinfo\/2019\/06\/ninon-ohm-schnabel-a-ete-couronnee-miss-vosges-2019\/\"},\"author\":{\"name\":\"C D\",\"@id\":\"https:\/\/vosgesinfo.fr\/remiremontinfo\/#\/schema\/person\/3bfd164d5218a185b1db68655a265316\"},\"headline\":\"Ninon Ohm-Schnabel a \u00e9t\u00e9 couronn\u00e9e Miss Vosges 2019 !\",\"datePublished\":\"2019-06-09T06:04:11+00:00\",\"dateModified\":\"2019-06-09T06:04:11+00:00\",\"mainEntityOfPage\":{\"@id\":\"https:\/\/vosgesinfo.fr\/remiremontinfo\/2019\/06\/ninon-ohm-schnabel-a-ete-couronnee-miss-vosges-2019\/\"},\"wordCount\":121,\"commentCount\":0,\"publisher\":{\"@id\":\"https:\/\/vosgesinfo.fr\/remiremontinfo\/#organization\"},\"image\":{\"@id\":\"https:\/\/vosgesinfo.fr\/remiremontinfo\/2019\/06\/ninon-ohm-schnabel-a-ete-couronnee-miss-vosges-2019\/#primaryimage\"},\"thumbnailUrl\":\"https:\/\/vosgesinfo.fr\/app\/uploads\/sites\/5\/2024\/09\/201906miss-vosges-2019-12-1024x683-1.jpg\",\"articleSection\":[\"A la Une\",\"Loisirs\",\"Vosges\"],\"inLanguage\":\"fr-FR\",\"potentialAction\":[{\"@type\":\"CommentAction\",\"name\":\"Comment\",\"target\":[\"https:\/\/vosgesinfo.fr\/remiremontinfo\/2019\/06\/ninon-ohm-schnabel-a-ete-couronnee-miss-vosges-2019\/#respond\"]}]},{\"@type\":\"WebPage\",\"@id\":\"https:\/\/vosgesinfo.fr\/remiremontinfo\/2019\/06\/ninon-ohm-schnabel-a-ete-couronnee-miss-vosges-2019\/\",\"url\":\"https:\/\/vosgesinfo.fr\/remiremontinfo\/2019\/06\/ninon-ohm-schnabel-a-ete-couronnee-miss-vosges-2019\/\",\"name\":\"Ninon Ohm-Schnabel a \u00e9t\u00e9 couronn\u00e9e Miss Vosges 2019 ! - Remiremont Info\",\"isPartOf\":{\"@id\":\"https:\/\/vosgesinfo.fr\/remiremontinfo\/#website\"},\"primaryImageOfPage\":{\"@id\":\"https:\/\/vosgesinfo.fr\/remiremontinfo\/2019\/06\/ninon-ohm-schnabel-a-ete-couronnee-miss-vosges-2019\/#primaryimage\"},\"image\":{\"@id\":\"https:\/\/vosgesinfo.fr\/remiremontinfo\/2019\/06\/ninon-ohm-schnabel-a-ete-couronnee-miss-vosges-2019\/#primaryimage\"},\"thumbnailUrl\":\"https:\/\/vosgesinfo.fr\/app\/uploads\/sites\/5\/2024\/09\/201906miss-vosges-2019-12-1024x683-1.jpg\",\"datePublished\":\"2019-06-09T06:04:11+00:00\",\"dateModified\":\"2019-06-09T06:04:11+00:00\",\"breadcrumb\":{\"@id\":\"https:\/\/vosgesinfo.fr\/remiremontinfo\/2019\/06\/ninon-ohm-schnabel-a-ete-couronnee-miss-vosges-2019\/#breadcrumb\"},\"inLanguage\":\"fr-FR\",\"potentialAction\":[{\"@type\":\"ReadAction\",\"target\":[\"https:\/\/vosgesinfo.fr\/remiremontinfo\/2019\/06\/ninon-ohm-schnabel-a-ete-couronnee-miss-vosges-2019\/\"]}]},{\"@type\":\"ImageObject\",\"inLanguage\":\"fr-FR\",\"@id\":\"https:\/\/vosgesinfo.fr\/remiremontinfo\/2019\/06\/ninon-ohm-schnabel-a-ete-couronnee-miss-vosges-2019\/#primaryimage\",\"url\":\"https:\/\/vosgesinfo.fr\/app\/uploads\/sites\/5\/2024\/09\/201906miss-vosges-2019-12-1024x683-1.jpg\",\"contentUrl\":\"https:\/\/vosgesinfo.fr\/app\/uploads\/sites\/5\/2024\/09\/201906miss-vosges-2019-12-1024x683-1.jpg\",\"width\":1024,\"height\":683},{\"@type\":\"BreadcrumbList\",\"@id\":\"https:\/\/vosgesinfo.fr\/remiremontinfo\/2019\/06\/ninon-ohm-schnabel-a-ete-couronnee-miss-vosges-2019\/#breadcrumb\",\"itemListElement\":[{\"@type\":\"ListItem\",\"position\":1,\"name\":\"Home\",\"item\":\"https:\/\/vosgesinfo.fr\/remiremontinfo\/\"},{\"@type\":\"ListItem\",\"position\":2,\"name\":\"Ninon Ohm-Schnabel a \u00e9t\u00e9 couronn\u00e9e Miss Vosges 2019 !\"}]},{\"@type\":\"WebSite\",\"@id\":\"https:\/\/vosgesinfo.fr\/remiremontinfo\/#website\",\"url\":\"https:\/\/vosgesinfo.fr\/remiremontinfo\/\",\"name\":\"Remiremont Info\",\"description\":\"Toute l&#039;actualit\u00e9 de Remiremont\",\"publisher\":{\"@id\":\"https:\/\/vosgesinfo.fr\/remiremontinfo\/#organization\"},\"alternateName\":\"Toute l'actualit\u00e9 de Remiremont\",\"potentialAction\":[{\"@type\":\"SearchAction\",\"target\":{\"@type\":\"EntryPoint\",\"urlTemplate\":\"https:\/\/vosgesinfo.fr\/remiremontinfo\/?s={search_term_string}\"},\"query-input\":\"required name=search_term_string\"}],\"inLanguage\":\"fr-FR\"},{\"@type\":\"Organization\",\"@id\":\"https:\/\/vosgesinfo.fr\/remiremontinfo\/#organization\",\"name\":\"Remiremont Info\",\"url\":\"https:\/\/vosgesinfo.fr\/remiremontinfo\/\",\"logo\":{\"@type\":\"ImageObject\",\"inLanguage\":\"fr-FR\",\"@id\":\"https:\/\/vosgesinfo.fr\/remiremontinfo\/#\/schema\/logo\/image\/\",\"url\":\"https:\/\/vosgesinfo.fr\/app\/uploads\/sites\/5\/2023\/08\/favicon-remiremontinfo.png\",\"contentUrl\":\"https:\/\/vosgesinfo.fr\/app\/uploads\/sites\/5\/2023\/08\/favicon-remiremontinfo.png\",\"width\":512,\"height\":512,\"caption\":\"Remiremont Info\"},\"image\":{\"@id\":\"https:\/\/vosgesinfo.fr\/remiremontinfo\/#\/schema\/logo\/image\/\"},\"sameAs\":[\"https:\/\/www.facebook.com\/remiremontinfo\",\"https:\/\/x.com\/VosgesInfo88\",\"https:\/\/www.youtube.com\/@vosgesinfo\"]},{\"@type\":\"Person\",\"@id\":\"https:\/\/vosgesinfo.fr\/remiremontinfo\/#\/schema\/person\/3bfd164d5218a185b1db68655a265316\",\"name\":\"C D\",\"image\":{\"@type\":\"ImageObject\",\"inLanguage\":\"fr-FR\",\"@id\":\"https:\/\/vosgesinfo.fr\/remiremontinfo\/#\/schema\/person\/image\/\",\"url\":\"https:\/\/secure.gravatar.com\/avatar\/1f9a70007336511a47468b8f1c66f922b8b7cf617b02a31149ada43893a5d48f?s=96&d=mm&r=g\",\"contentUrl\":\"https:\/\/secure.gravatar.com\/avatar\/1f9a70007336511a47468b8f1c66f922b8b7cf617b02a31149ada43893a5d48f?s=96&d=mm&r=g\",\"caption\":\"C D\"},\"url\":\"https:\/\/vosgesinfo.fr\/remiremontinfo\/author\/cedric-drevet\/\"}]}<\/script>\n<!-- \/ Yoast SEO plugin. -->","yoast_head_json":{"title":"Ninon Ohm-Schnabel a \u00e9t\u00e9 couronn\u00e9e Miss Vosges 2019 ! - Remiremont Info","robots":{"index":"index","follow":"follow","max-snippet":"max-snippet:-1","max-image-preview":"max-image-preview:large","max-video-preview":"max-video-preview:-1"},"canonical":"https:\/\/vosgesinfo.fr\/remiremontinfo\/2019\/06\/ninon-ohm-schnabel-a-ete-couronnee-miss-vosges-2019\/","twitter_card":"summary_large_image","twitter_title":"Ninon Ohm-Schnabel a \u00e9t\u00e9 couronn\u00e9e Miss Vosges 2019 ! - Remiremont Info","twitter_description":"Une \u00e9lection organis\u00e9e par la d\u00e9l\u00e9gation Miss Lorraine, en partenariat local avec la Ville et l\u2019UDAC \u2013 Union D\u00e9odatienne des [&hellip;]","twitter_image":"https:\/\/vosgesinfo.fr\/app\/uploads\/sites\/5\/2024\/09\/201906miss-vosges-2019-12-1024x683-1.jpg","twitter_creator":"@VosgesInfo88","twitter_site":"@VosgesInfo88","twitter_misc":{"\u00c9crit par":"C D","Dur\u00e9e de lecture estim\u00e9e":"1 minute"},"schema":{"@context":"https:\/\/schema.org","@graph":[{"@type":"Article","@id":"https:\/\/vosgesinfo.fr\/remiremontinfo\/2019\/06\/ninon-ohm-schnabel-a-ete-couronnee-miss-vosges-2019\/#article","isPartOf":{"@id":"https:\/\/vosgesinfo.fr\/remiremontinfo\/2019\/06\/ninon-ohm-schnabel-a-ete-couronnee-miss-vosges-2019\/"},"author":{"name":"C D","@id":"https:\/\/vosgesinfo.fr\/remiremontinfo\/#\/schema\/person\/3bfd164d5218a185b1db68655a265316"},"headline":"Ninon Ohm-Schnabel a \u00e9t\u00e9 couronn\u00e9e Miss Vosges 2019 !","datePublished":"2019-06-09T06:04:11+00:00","dateModified":"2019-06-09T06:04:11+00:00","mainEntityOfPage":{"@id":"https:\/\/vosgesinfo.fr\/remiremontinfo\/2019\/06\/ninon-ohm-schnabel-a-ete-couronnee-miss-vosges-2019\/"},"wordCount":121,"commentCount":0,"publisher":{"@id":"https:\/\/vosgesinfo.fr\/remiremontinfo\/#organization"},"image":{"@id":"https:\/\/vosgesinfo.fr\/remiremontinfo\/2019\/06\/ninon-ohm-schnabel-a-ete-couronnee-miss-vosges-2019\/#primaryimage"},"thumbnailUrl":"https:\/\/vosgesinfo.fr\/app\/uploads\/sites\/5\/2024\/09\/201906miss-vosges-2019-12-1024x683-1.jpg","articleSection":["A la Une","Loisirs","Vosges"],"inLanguage":"fr-FR","potentialAction":[{"@type":"CommentAction","name":"Comment","target":["https:\/\/vosgesinfo.fr\/remiremontinfo\/2019\/06\/ninon-ohm-schnabel-a-ete-couronnee-miss-vosges-2019\/#respond"]}]},{"@type":"WebPage","@id":"https:\/\/vosgesinfo.fr\/remiremontinfo\/2019\/06\/ninon-ohm-schnabel-a-ete-couronnee-miss-vosges-2019\/","url":"https:\/\/vosgesinfo.fr\/remiremontinfo\/2019\/06\/ninon-ohm-schnabel-a-ete-couronnee-miss-vosges-2019\/","name":"Ninon Ohm-Schnabel a \u00e9t\u00e9 couronn\u00e9e Miss Vosges 2019 ! - Remiremont Info","isPartOf":{"@id":"https:\/\/vosgesinfo.fr\/remiremontinfo\/#website"},"primaryImageOfPage":{"@id":"https:\/\/vosgesinfo.fr\/remiremontinfo\/2019\/06\/ninon-ohm-schnabel-a-ete-couronnee-miss-vosges-2019\/#primaryimage"},"image":{"@id":"https:\/\/vosgesinfo.fr\/remiremontinfo\/2019\/06\/ninon-ohm-schnabel-a-ete-couronnee-miss-vosges-2019\/#primaryimage"},"thumbnailUrl":"https:\/\/vosgesinfo.fr\/app\/uploads\/sites\/5\/2024\/09\/201906miss-vosges-2019-12-1024x683-1.jpg","datePublished":"2019-06-09T06:04:11+00:00","dateModified":"2019-06-09T06:04:11+00:00","breadcrumb":{"@id":"https:\/\/vosgesinfo.fr\/remiremontinfo\/2019\/06\/ninon-ohm-schnabel-a-ete-couronnee-miss-vosges-2019\/#breadcrumb"},"inLanguage":"fr-FR","potentialAction":[{"@type":"ReadAction","target":["https:\/\/vosgesinfo.fr\/remiremontinfo\/2019\/06\/ninon-ohm-schnabel-a-ete-couronnee-miss-vosges-2019\/"]}]},{"@type":"ImageObject","inLanguage":"fr-FR","@id":"https:\/\/vosgesinfo.fr\/remiremontinfo\/2019\/06\/ninon-ohm-schnabel-a-ete-couronnee-miss-vosges-2019\/#primaryimage","url":"https:\/\/vosgesinfo.fr\/app\/uploads\/sites\/5\/2024\/09\/201906miss-vosges-2019-12-1024x683-1.jpg","contentUrl":"https:\/\/vosgesinfo.fr\/app\/uploads\/sites\/5\/2024\/09\/201906miss-vosges-2019-12-1024x683-1.jpg","width":1024,"height":683},{"@type":"BreadcrumbList","@id":"https:\/\/vosgesinfo.fr\/remiremontinfo\/2019\/06\/ninon-ohm-schnabel-a-ete-couronnee-miss-vosges-2019\/#breadcrumb","itemListElement":[{"@type":"ListItem","position":1,"name":"Home","item":"https:\/\/vosgesinfo.fr\/remiremontinfo\/"},{"@type":"ListItem","position":2,"name":"Ninon Ohm-Schnabel a \u00e9t\u00e9 couronn\u00e9e Miss Vosges 2019 !"}]},{"@type":"WebSite","@id":"https:\/\/vosgesinfo.fr\/remiremontinfo\/#website","url":"https:\/\/vosgesinfo.fr\/remiremontinfo\/","name":"Remiremont Info","description":"Toute l&#039;actualit\u00e9 de Remiremont","publisher":{"@id":"https:\/\/vosgesinfo.fr\/remiremontinfo\/#organization"},"alternateName":"Toute l'actualit\u00e9 de Remiremont","potentialAction":[{"@type":"SearchAction","target":{"@type":"EntryPoint","urlTemplate":"https:\/\/vosgesinfo.fr\/remiremontinfo\/?s={search_term_string}"},"query-input":"required name=search_term_string"}],"inLanguage":"fr-FR"},{"@type":"Organization","@id":"https:\/\/vosgesinfo.fr\/remiremontinfo\/#organization","name":"Remiremont Info","url":"https:\/\/vosgesinfo.fr\/remiremontinfo\/","logo":{"@type":"ImageObject","inLanguage":"fr-FR","@id":"https:\/\/vosgesinfo.fr\/remiremontinfo\/#\/schema\/logo\/image\/","url":"https:\/\/vosgesinfo.fr\/app\/uploads\/sites\/5\/2023\/08\/favicon-remiremontinfo.png","contentUrl":"https:\/\/vosgesinfo.fr\/app\/uploads\/sites\/5\/2023\/08\/favicon-remiremontinfo.png","width":512,"height":512,"caption":"Remiremont Info"},"image":{"@id":"https:\/\/vosgesinfo.fr\/remiremontinfo\/#\/schema\/logo\/image\/"},"sameAs":["https:\/\/www.facebook.com\/remiremontinfo","https:\/\/x.com\/VosgesInfo88","https:\/\/www.youtube.com\/@vosgesinfo"]},{"@type":"Person","@id":"https:\/\/vosgesinfo.fr\/remiremontinfo\/#\/schema\/person\/3bfd164d5218a185b1db68655a265316","name":"C D","image":{"@type":"ImageObject","inLanguage":"fr-FR","@id":"https:\/\/vosgesinfo.fr\/remiremontinfo\/#\/schema\/person\/image\/","url":"https:\/\/secure.gravatar.com\/avatar\/1f9a70007336511a47468b8f1c66f922b8b7cf617b02a31149ada43893a5d48f?s=96&d=mm&r=g","contentUrl":"https:\/\/secure.gravatar.com\/avatar\/1f9a70007336511a47468b8f1c66f922b8b7cf617b02a31149ada43893a5d48f?s=96&d=mm&r=g","caption":"C D"},"url":"https:\/\/vosgesinfo.fr\/remiremontinfo\/author\/cedric-drevet\/"}]}},"_links":{"self":[{"href":"https:\/\/vosgesinfo.fr\/remiremontinfo\/wp-json\/wp\/v2\/posts\/15667","targetHints":{"allow":["GET"]}}],"collection":[{"href":"https:\/\/vosgesinfo.fr\/remiremontinfo\/wp-json\/wp\/v2\/posts"}],"about":[{"href":"https:\/\/vosgesinfo.fr\/remiremontinfo\/wp-json\/wp\/v2\/types\/post"}],"author":[{"embeddable":true,"href":"https:\/\/vosgesinfo.fr\/remiremontinfo\/wp-json\/wp\/v2\/users\/407"}],"replies":[{"embeddable":true,"href":"https:\/\/vosgesinfo.fr\/remiremontinfo\/wp-json\/wp\/v2\/comments?post=15667"}],"version-history":[{"count":0,"href":"https:\/\/vosgesinfo.fr\/remiremontinfo\/wp-json\/wp\/v2\/posts\/15667\/revisions"}],"wp:featuredmedia":[{"embeddable":true,"href":"https:\/\/vosgesinfo.fr\/remiremontinfo\/wp-json\/wp\/v2\/media\/15668"}],"wp:attachment":[{"href":"https:\/\/vosgesinfo.fr\/remiremontinfo\/wp-json\/wp\/v2\/media?parent=15667"}],"wp:term":[{"taxonomy":"category","embeddable":true,"href":"https:\/\/vosgesinfo.fr\/remiremontinfo\/wp-json\/wp\/v2\/categories?post=15667"},{"taxonomy":"post_tag","embeddable":true,"href":"https:\/\/vosgesinfo.fr\/remiremontinfo\/wp-json\/wp\/v2\/tags?post=15667"}],"curies":[{"name":"wp","href":"https:\/\/api.w.org\/{rel}","templated":true}]}}