{"id":15683,"date":"2019-06-09T06:28:50","date_gmt":"2019-06-09T04:28:50","guid":{"rendered":"https:\/\/vosgesinfo.fr\/remiremontinfo\/2019\/06\/syndicat-130-personnes-reunies-marche-de-lecole\/"},"modified":"2019-06-09T06:28:50","modified_gmt":"2019-06-09T04:28:50","slug":"syndicat-130-personnes-reunies-marche-de-lecole","status":"publish","type":"post","link":"https:\/\/vosgesinfo.fr\/remiremontinfo\/2019\/06\/syndicat-130-personnes-reunies-marche-de-lecole\/","title":{"rendered":"Le Syndicat : 130 personnes r\u00e9unies pour la marche de l&rsquo;\u00e9cole"},"content":{"rendered":"<h2><a href=\"\/2019\/06\/WP_20190608_002.jpg\"><img decoding=\"async\" class=\"alignnone size-large wp-image-261223\" src=\"\/2019\/06\/WP_20190608_002-1024x632.jpg\" alt=\"WP_20190608_002\" width=\"960\" height=\"593\" \/><\/a><span style=\"font-size: 12pt;\"><strong>L&rsquo;association de parents d&rsquo;\u00e9l\u00e8ves de l&rsquo;\u00e9cole de Le Syndicat, organisait ce samedi apr\u00e8s midi la marche de l&rsquo;\u00e9cole. Manifestation r\u00e9ussie pour \u00ab\u00a0Avenir \u00c9cole\u00a0\u00bb : la marche a r\u00e9uni 130 personnes !<\/strong><\/span><\/h2>\n<div>Le temps \u00e9tait id\u00e9al ! Le parcours familial, 6 km, a eu du succ\u00e8s, tandis qu&rsquo;une vingtaine de bons marcheurs a pu profiter de jolis points de vue et parcourir les chemins escarp\u00e9s sur le 12 kms ! Cette belle journ\u00e9e s&rsquo;est termin\u00e9e par un barbecue sur le site de l&rsquo;ancienne \u00e9cole de P\u00e9cavillers, avec une centaine de repas servis ce samedi soir.<\/div>\n<div><\/div>\n<div>La Pr\u00e9sidente de l&rsquo;association de parents d&rsquo;\u00e9l\u00e8ves, Sabrina Regulaire ainsi que l&rsquo;ensemble des membres tiennent \u00e0 remercier particuli\u00e8rement l&rsquo;association Sports et Loisirs pour le pr\u00eat de mat\u00e9riel, mention sp\u00e9ciale pour Raymond ; Monsieur Le Maire Jean-Marie Lambotin et la municipalit\u00e9 pour leur soutien financier, les conjoints des membres de l&rsquo;association qui ont fait preuve de g\u00e9n\u00e9rosit\u00e9 et qui ont pr\u00eat\u00e9 main forte et enfin les parents d&rsquo;\u00e9l\u00e8ves qui ont propos\u00e9 leur aide lors de la soir\u00e9e !<\/div>\n<div><\/div>\n<div><b>Prochain rendez-vous : Le Vide Grenier dimanche 23 juin !<\/b><\/div>\n<div><b>R\u00e9servation au 06 79 49 65 11<\/b><\/div>\n<div><\/div>\n<div>\n\n<\/div>\n","protected":false},"excerpt":{"rendered":"<p>L&rsquo;association de parents d&rsquo;\u00e9l\u00e8ves de l&rsquo;\u00e9cole de Le Syndicat, organisait ce samedi apr\u00e8s midi la marche de l&rsquo;\u00e9cole. Manifestation r\u00e9ussie [&hellip;]<\/p>\n","protected":false},"author":407,"featured_media":15684,"comment_status":"open","ping_status":"open","sticky":false,"template":"","format":"standard","meta":{"footnotes":""},"categories":[26,25,1579,54,14],"tags":[],"class_list":["post-15683","post","type-post","status-publish","format-standard","has-post-thumbnail","hentry","category-a-la-une","category-la-bresse-son-canton","category-le-syndicat-la-bresse-son-canton","category-loisirs","category-sport"],"acf":[],"yoast_head":"<!-- This site is optimized with the Yoast SEO plugin v22.5 - https:\/\/yoast.com\/wordpress\/plugins\/seo\/ -->\n<title>Le Syndicat : 130 personnes r\u00e9unies pour la marche de l&#039;\u00e9cole - Remiremont Info<\/title>\n<meta name=\"robots\" content=\"index, follow, max-snippet:-1, max-image-preview:large, max-video-preview:-1\" \/>\n<link rel=\"canonical\" href=\"https:\/\/vosgesinfo.fr\/remiremontinfo\/2019\/06\/syndicat-130-personnes-reunies-marche-de-lecole\/\" \/>\n<meta name=\"twitter:card\" content=\"summary_large_image\" \/>\n<meta name=\"twitter:title\" content=\"Le Syndicat : 130 personnes r\u00e9unies pour la marche de l&#039;\u00e9cole - Remiremont Info\" \/>\n<meta name=\"twitter:description\" content=\"L&rsquo;association de parents d&rsquo;\u00e9l\u00e8ves de l&rsquo;\u00e9cole de Le Syndicat, organisait ce samedi apr\u00e8s midi la marche de l&rsquo;\u00e9cole. Manifestation r\u00e9ussie [&hellip;]\" \/>\n<meta name=\"twitter:image\" content=\"https:\/\/vosgesinfo.fr\/app\/uploads\/sites\/5\/2024\/09\/201906wp-20190608-002.jpg\" \/>\n<meta name=\"twitter:creator\" content=\"@VosgesInfo88\" \/>\n<meta name=\"twitter:site\" content=\"@VosgesInfo88\" \/>\n<meta name=\"twitter:label1\" content=\"\u00c9crit par\" \/>\n\t<meta name=\"twitter:data1\" content=\"C D\" \/>\n\t<meta name=\"twitter:label2\" content=\"Dur\u00e9e de lecture estim\u00e9e\" \/>\n\t<meta name=\"twitter:data2\" content=\"1 minute\" \/>\n<script type=\"application\/ld+json\" class=\"yoast-schema-graph\">{\"@context\":\"https:\/\/schema.org\",\"@graph\":[{\"@type\":\"Article\",\"@id\":\"https:\/\/vosgesinfo.fr\/remiremontinfo\/2019\/06\/syndicat-130-personnes-reunies-marche-de-lecole\/#article\",\"isPartOf\":{\"@id\":\"https:\/\/vosgesinfo.fr\/remiremontinfo\/2019\/06\/syndicat-130-personnes-reunies-marche-de-lecole\/\"},\"author\":{\"name\":\"C D\",\"@id\":\"https:\/\/vosgesinfo.fr\/remiremontinfo\/#\/schema\/person\/3bfd164d5218a185b1db68655a265316\"},\"headline\":\"Le Syndicat : 130 personnes r\u00e9unies pour la marche de l&rsquo;\u00e9cole\",\"datePublished\":\"2019-06-09T04:28:50+00:00\",\"dateModified\":\"2019-06-09T04:28:50+00:00\",\"mainEntityOfPage\":{\"@id\":\"https:\/\/vosgesinfo.fr\/remiremontinfo\/2019\/06\/syndicat-130-personnes-reunies-marche-de-lecole\/\"},\"wordCount\":224,\"commentCount\":0,\"publisher\":{\"@id\":\"https:\/\/vosgesinfo.fr\/remiremontinfo\/#organization\"},\"image\":{\"@id\":\"https:\/\/vosgesinfo.fr\/remiremontinfo\/2019\/06\/syndicat-130-personnes-reunies-marche-de-lecole\/#primaryimage\"},\"thumbnailUrl\":\"https:\/\/vosgesinfo.fr\/app\/uploads\/sites\/5\/2024\/09\/201906wp-20190608-002.jpg\",\"articleSection\":[\"A la Une\",\"La Bresse &amp; son canton\",\"Le Syndicat\",\"Loisirs\",\"Sport\"],\"inLanguage\":\"fr-FR\",\"potentialAction\":[{\"@type\":\"CommentAction\",\"name\":\"Comment\",\"target\":[\"https:\/\/vosgesinfo.fr\/remiremontinfo\/2019\/06\/syndicat-130-personnes-reunies-marche-de-lecole\/#respond\"]}]},{\"@type\":\"WebPage\",\"@id\":\"https:\/\/vosgesinfo.fr\/remiremontinfo\/2019\/06\/syndicat-130-personnes-reunies-marche-de-lecole\/\",\"url\":\"https:\/\/vosgesinfo.fr\/remiremontinfo\/2019\/06\/syndicat-130-personnes-reunies-marche-de-lecole\/\",\"name\":\"Le Syndicat : 130 personnes r\u00e9unies pour la marche de l'\u00e9cole - Remiremont Info\",\"isPartOf\":{\"@id\":\"https:\/\/vosgesinfo.fr\/remiremontinfo\/#website\"},\"primaryImageOfPage\":{\"@id\":\"https:\/\/vosgesinfo.fr\/remiremontinfo\/2019\/06\/syndicat-130-personnes-reunies-marche-de-lecole\/#primaryimage\"},\"image\":{\"@id\":\"https:\/\/vosgesinfo.fr\/remiremontinfo\/2019\/06\/syndicat-130-personnes-reunies-marche-de-lecole\/#primaryimage\"},\"thumbnailUrl\":\"https:\/\/vosgesinfo.fr\/app\/uploads\/sites\/5\/2024\/09\/201906wp-20190608-002.jpg\",\"datePublished\":\"2019-06-09T04:28:50+00:00\",\"dateModified\":\"2019-06-09T04:28:50+00:00\",\"breadcrumb\":{\"@id\":\"https:\/\/vosgesinfo.fr\/remiremontinfo\/2019\/06\/syndicat-130-personnes-reunies-marche-de-lecole\/#breadcrumb\"},\"inLanguage\":\"fr-FR\",\"potentialAction\":[{\"@type\":\"ReadAction\",\"target\":[\"https:\/\/vosgesinfo.fr\/remiremontinfo\/2019\/06\/syndicat-130-personnes-reunies-marche-de-lecole\/\"]}]},{\"@type\":\"ImageObject\",\"inLanguage\":\"fr-FR\",\"@id\":\"https:\/\/vosgesinfo.fr\/remiremontinfo\/2019\/06\/syndicat-130-personnes-reunies-marche-de-lecole\/#primaryimage\",\"url\":\"https:\/\/vosgesinfo.fr\/app\/uploads\/sites\/5\/2024\/09\/201906wp-20190608-002.jpg\",\"contentUrl\":\"https:\/\/vosgesinfo.fr\/app\/uploads\/sites\/5\/2024\/09\/201906wp-20190608-002.jpg\",\"width\":2327,\"height\":1437},{\"@type\":\"BreadcrumbList\",\"@id\":\"https:\/\/vosgesinfo.fr\/remiremontinfo\/2019\/06\/syndicat-130-personnes-reunies-marche-de-lecole\/#breadcrumb\",\"itemListElement\":[{\"@type\":\"ListItem\",\"position\":1,\"name\":\"Home\",\"item\":\"https:\/\/vosgesinfo.fr\/remiremontinfo\/\"},{\"@type\":\"ListItem\",\"position\":2,\"name\":\"Le Syndicat : 130 personnes r\u00e9unies pour la marche de l&rsquo;\u00e9cole\"}]},{\"@type\":\"WebSite\",\"@id\":\"https:\/\/vosgesinfo.fr\/remiremontinfo\/#website\",\"url\":\"https:\/\/vosgesinfo.fr\/remiremontinfo\/\",\"name\":\"Remiremont Info\",\"description\":\"Toute l&#039;actualit\u00e9 de Remiremont\",\"publisher\":{\"@id\":\"https:\/\/vosgesinfo.fr\/remiremontinfo\/#organization\"},\"alternateName\":\"Toute l'actualit\u00e9 de Remiremont\",\"potentialAction\":[{\"@type\":\"SearchAction\",\"target\":{\"@type\":\"EntryPoint\",\"urlTemplate\":\"https:\/\/vosgesinfo.fr\/remiremontinfo\/?s={search_term_string}\"},\"query-input\":\"required name=search_term_string\"}],\"inLanguage\":\"fr-FR\"},{\"@type\":\"Organization\",\"@id\":\"https:\/\/vosgesinfo.fr\/remiremontinfo\/#organization\",\"name\":\"Remiremont Info\",\"url\":\"https:\/\/vosgesinfo.fr\/remiremontinfo\/\",\"logo\":{\"@type\":\"ImageObject\",\"inLanguage\":\"fr-FR\",\"@id\":\"https:\/\/vosgesinfo.fr\/remiremontinfo\/#\/schema\/logo\/image\/\",\"url\":\"https:\/\/vosgesinfo.fr\/app\/uploads\/sites\/5\/2023\/08\/favicon-remiremontinfo.png\",\"contentUrl\":\"https:\/\/vosgesinfo.fr\/app\/uploads\/sites\/5\/2023\/08\/favicon-remiremontinfo.png\",\"width\":512,\"height\":512,\"caption\":\"Remiremont Info\"},\"image\":{\"@id\":\"https:\/\/vosgesinfo.fr\/remiremontinfo\/#\/schema\/logo\/image\/\"},\"sameAs\":[\"https:\/\/www.facebook.com\/remiremontinfo\",\"https:\/\/x.com\/VosgesInfo88\",\"https:\/\/www.youtube.com\/@vosgesinfo\"]},{\"@type\":\"Person\",\"@id\":\"https:\/\/vosgesinfo.fr\/remiremontinfo\/#\/schema\/person\/3bfd164d5218a185b1db68655a265316\",\"name\":\"C D\",\"image\":{\"@type\":\"ImageObject\",\"inLanguage\":\"fr-FR\",\"@id\":\"https:\/\/vosgesinfo.fr\/remiremontinfo\/#\/schema\/person\/image\/\",\"url\":\"https:\/\/secure.gravatar.com\/avatar\/1f9a70007336511a47468b8f1c66f922b8b7cf617b02a31149ada43893a5d48f?s=96&d=mm&r=g\",\"contentUrl\":\"https:\/\/secure.gravatar.com\/avatar\/1f9a70007336511a47468b8f1c66f922b8b7cf617b02a31149ada43893a5d48f?s=96&d=mm&r=g\",\"caption\":\"C D\"},\"url\":\"https:\/\/vosgesinfo.fr\/remiremontinfo\/author\/cedric-drevet\/\"}]}<\/script>\n<!-- \/ Yoast SEO plugin. -->","yoast_head_json":{"title":"Le Syndicat : 130 personnes r\u00e9unies pour la marche de l'\u00e9cole - Remiremont Info","robots":{"index":"index","follow":"follow","max-snippet":"max-snippet:-1","max-image-preview":"max-image-preview:large","max-video-preview":"max-video-preview:-1"},"canonical":"https:\/\/vosgesinfo.fr\/remiremontinfo\/2019\/06\/syndicat-130-personnes-reunies-marche-de-lecole\/","twitter_card":"summary_large_image","twitter_title":"Le Syndicat : 130 personnes r\u00e9unies pour la marche de l'\u00e9cole - Remiremont Info","twitter_description":"L&rsquo;association de parents d&rsquo;\u00e9l\u00e8ves de l&rsquo;\u00e9cole de Le Syndicat, organisait ce samedi apr\u00e8s midi la marche de l&rsquo;\u00e9cole. Manifestation r\u00e9ussie [&hellip;]","twitter_image":"https:\/\/vosgesinfo.fr\/app\/uploads\/sites\/5\/2024\/09\/201906wp-20190608-002.jpg","twitter_creator":"@VosgesInfo88","twitter_site":"@VosgesInfo88","twitter_misc":{"\u00c9crit par":"C D","Dur\u00e9e de lecture estim\u00e9e":"1 minute"},"schema":{"@context":"https:\/\/schema.org","@graph":[{"@type":"Article","@id":"https:\/\/vosgesinfo.fr\/remiremontinfo\/2019\/06\/syndicat-130-personnes-reunies-marche-de-lecole\/#article","isPartOf":{"@id":"https:\/\/vosgesinfo.fr\/remiremontinfo\/2019\/06\/syndicat-130-personnes-reunies-marche-de-lecole\/"},"author":{"name":"C D","@id":"https:\/\/vosgesinfo.fr\/remiremontinfo\/#\/schema\/person\/3bfd164d5218a185b1db68655a265316"},"headline":"Le Syndicat : 130 personnes r\u00e9unies pour la marche de l&rsquo;\u00e9cole","datePublished":"2019-06-09T04:28:50+00:00","dateModified":"2019-06-09T04:28:50+00:00","mainEntityOfPage":{"@id":"https:\/\/vosgesinfo.fr\/remiremontinfo\/2019\/06\/syndicat-130-personnes-reunies-marche-de-lecole\/"},"wordCount":224,"commentCount":0,"publisher":{"@id":"https:\/\/vosgesinfo.fr\/remiremontinfo\/#organization"},"image":{"@id":"https:\/\/vosgesinfo.fr\/remiremontinfo\/2019\/06\/syndicat-130-personnes-reunies-marche-de-lecole\/#primaryimage"},"thumbnailUrl":"https:\/\/vosgesinfo.fr\/app\/uploads\/sites\/5\/2024\/09\/201906wp-20190608-002.jpg","articleSection":["A la Une","La Bresse &amp; son canton","Le Syndicat","Loisirs","Sport"],"inLanguage":"fr-FR","potentialAction":[{"@type":"CommentAction","name":"Comment","target":["https:\/\/vosgesinfo.fr\/remiremontinfo\/2019\/06\/syndicat-130-personnes-reunies-marche-de-lecole\/#respond"]}]},{"@type":"WebPage","@id":"https:\/\/vosgesinfo.fr\/remiremontinfo\/2019\/06\/syndicat-130-personnes-reunies-marche-de-lecole\/","url":"https:\/\/vosgesinfo.fr\/remiremontinfo\/2019\/06\/syndicat-130-personnes-reunies-marche-de-lecole\/","name":"Le Syndicat : 130 personnes r\u00e9unies pour la marche de l'\u00e9cole - Remiremont Info","isPartOf":{"@id":"https:\/\/vosgesinfo.fr\/remiremontinfo\/#website"},"primaryImageOfPage":{"@id":"https:\/\/vosgesinfo.fr\/remiremontinfo\/2019\/06\/syndicat-130-personnes-reunies-marche-de-lecole\/#primaryimage"},"image":{"@id":"https:\/\/vosgesinfo.fr\/remiremontinfo\/2019\/06\/syndicat-130-personnes-reunies-marche-de-lecole\/#primaryimage"},"thumbnailUrl":"https:\/\/vosgesinfo.fr\/app\/uploads\/sites\/5\/2024\/09\/201906wp-20190608-002.jpg","datePublished":"2019-06-09T04:28:50+00:00","dateModified":"2019-06-09T04:28:50+00:00","breadcrumb":{"@id":"https:\/\/vosgesinfo.fr\/remiremontinfo\/2019\/06\/syndicat-130-personnes-reunies-marche-de-lecole\/#breadcrumb"},"inLanguage":"fr-FR","potentialAction":[{"@type":"ReadAction","target":["https:\/\/vosgesinfo.fr\/remiremontinfo\/2019\/06\/syndicat-130-personnes-reunies-marche-de-lecole\/"]}]},{"@type":"ImageObject","inLanguage":"fr-FR","@id":"https:\/\/vosgesinfo.fr\/remiremontinfo\/2019\/06\/syndicat-130-personnes-reunies-marche-de-lecole\/#primaryimage","url":"https:\/\/vosgesinfo.fr\/app\/uploads\/sites\/5\/2024\/09\/201906wp-20190608-002.jpg","contentUrl":"https:\/\/vosgesinfo.fr\/app\/uploads\/sites\/5\/2024\/09\/201906wp-20190608-002.jpg","width":2327,"height":1437},{"@type":"BreadcrumbList","@id":"https:\/\/vosgesinfo.fr\/remiremontinfo\/2019\/06\/syndicat-130-personnes-reunies-marche-de-lecole\/#breadcrumb","itemListElement":[{"@type":"ListItem","position":1,"name":"Home","item":"https:\/\/vosgesinfo.fr\/remiremontinfo\/"},{"@type":"ListItem","position":2,"name":"Le Syndicat : 130 personnes r\u00e9unies pour la marche de l&rsquo;\u00e9cole"}]},{"@type":"WebSite","@id":"https:\/\/vosgesinfo.fr\/remiremontinfo\/#website","url":"https:\/\/vosgesinfo.fr\/remiremontinfo\/","name":"Remiremont Info","description":"Toute l&#039;actualit\u00e9 de Remiremont","publisher":{"@id":"https:\/\/vosgesinfo.fr\/remiremontinfo\/#organization"},"alternateName":"Toute l'actualit\u00e9 de Remiremont","potentialAction":[{"@type":"SearchAction","target":{"@type":"EntryPoint","urlTemplate":"https:\/\/vosgesinfo.fr\/remiremontinfo\/?s={search_term_string}"},"query-input":"required name=search_term_string"}],"inLanguage":"fr-FR"},{"@type":"Organization","@id":"https:\/\/vosgesinfo.fr\/remiremontinfo\/#organization","name":"Remiremont Info","url":"https:\/\/vosgesinfo.fr\/remiremontinfo\/","logo":{"@type":"ImageObject","inLanguage":"fr-FR","@id":"https:\/\/vosgesinfo.fr\/remiremontinfo\/#\/schema\/logo\/image\/","url":"https:\/\/vosgesinfo.fr\/app\/uploads\/sites\/5\/2023\/08\/favicon-remiremontinfo.png","contentUrl":"https:\/\/vosgesinfo.fr\/app\/uploads\/sites\/5\/2023\/08\/favicon-remiremontinfo.png","width":512,"height":512,"caption":"Remiremont Info"},"image":{"@id":"https:\/\/vosgesinfo.fr\/remiremontinfo\/#\/schema\/logo\/image\/"},"sameAs":["https:\/\/www.facebook.com\/remiremontinfo","https:\/\/x.com\/VosgesInfo88","https:\/\/www.youtube.com\/@vosgesinfo"]},{"@type":"Person","@id":"https:\/\/vosgesinfo.fr\/remiremontinfo\/#\/schema\/person\/3bfd164d5218a185b1db68655a265316","name":"C D","image":{"@type":"ImageObject","inLanguage":"fr-FR","@id":"https:\/\/vosgesinfo.fr\/remiremontinfo\/#\/schema\/person\/image\/","url":"https:\/\/secure.gravatar.com\/avatar\/1f9a70007336511a47468b8f1c66f922b8b7cf617b02a31149ada43893a5d48f?s=96&d=mm&r=g","contentUrl":"https:\/\/secure.gravatar.com\/avatar\/1f9a70007336511a47468b8f1c66f922b8b7cf617b02a31149ada43893a5d48f?s=96&d=mm&r=g","caption":"C D"},"url":"https:\/\/vosgesinfo.fr\/remiremontinfo\/author\/cedric-drevet\/"}]}},"_links":{"self":[{"href":"https:\/\/vosgesinfo.fr\/remiremontinfo\/wp-json\/wp\/v2\/posts\/15683","targetHints":{"allow":["GET"]}}],"collection":[{"href":"https:\/\/vosgesinfo.fr\/remiremontinfo\/wp-json\/wp\/v2\/posts"}],"about":[{"href":"https:\/\/vosgesinfo.fr\/remiremontinfo\/wp-json\/wp\/v2\/types\/post"}],"author":[{"embeddable":true,"href":"https:\/\/vosgesinfo.fr\/remiremontinfo\/wp-json\/wp\/v2\/users\/407"}],"replies":[{"embeddable":true,"href":"https:\/\/vosgesinfo.fr\/remiremontinfo\/wp-json\/wp\/v2\/comments?post=15683"}],"version-history":[{"count":0,"href":"https:\/\/vosgesinfo.fr\/remiremontinfo\/wp-json\/wp\/v2\/posts\/15683\/revisions"}],"wp:featuredmedia":[{"embeddable":true,"href":"https:\/\/vosgesinfo.fr\/remiremontinfo\/wp-json\/wp\/v2\/media\/15684"}],"wp:attachment":[{"href":"https:\/\/vosgesinfo.fr\/remiremontinfo\/wp-json\/wp\/v2\/media?parent=15683"}],"wp:term":[{"taxonomy":"category","embeddable":true,"href":"https:\/\/vosgesinfo.fr\/remiremontinfo\/wp-json\/wp\/v2\/categories?post=15683"},{"taxonomy":"post_tag","embeddable":true,"href":"https:\/\/vosgesinfo.fr\/remiremontinfo\/wp-json\/wp\/v2\/tags?post=15683"}],"curies":[{"name":"wp","href":"https:\/\/api.w.org\/{rel}","templated":true}]}}