{"id":15761,"date":"2019-06-11T06:39:23","date_gmt":"2019-06-11T04:39:23","guid":{"rendered":"https:\/\/vosgesinfo.fr\/remiremontinfo\/2019\/06\/bresse-spectacle-aerien-musical-compagnie-lun-passe\/"},"modified":"2019-06-11T06:39:23","modified_gmt":"2019-06-11T04:39:23","slug":"bresse-spectacle-aerien-musical-compagnie-lun-passe","status":"publish","type":"post","link":"https:\/\/vosgesinfo.fr\/remiremontinfo\/2019\/06\/bresse-spectacle-aerien-musical-compagnie-lun-passe\/","title":{"rendered":"La Bresse : spectacle a\u00e9rien et musical avec la compagnie L&rsquo;un passe"},"content":{"rendered":"<div id=\"attachment_261337\" style=\"width: 969px\" class=\"wp-caption alignnone\"><a href=\"\/2019\/06\/36511197_1046103288901384_3787069997155614720_n.jpg\"><img decoding=\"async\" aria-describedby=\"caption-attachment-261337\" class=\"size-full wp-image-261337\" src=\"\/2019\/06\/36511197_1046103288901384_3787069997155614720_n.jpg\" alt=\"Photo de la page Facebook de la Cie L'un passe\" width=\"959\" height=\"667\" \/><\/a><p id=\"caption-attachment-261337\" class=\"wp-caption-text\"><span style=\"font-size: 10pt;\"><em>Photo de la page Facebook de la Cie L&rsquo;un passe<\/em><\/span><\/p><\/div>\n<h2><span style=\"font-size: 12pt;\"><strong>La Maison de La Bresse avait annonc\u00e9 une surprise pour le 14 juin et c\u2019est un spectacle cr\u00e9\u00e9 sp\u00e9cialement par la Compagnie L\u2019un passe, in situ, en ext\u00e9rieur, qui sera propos\u00e9.<\/strong><\/span><\/h2>\n<p>Deux artistes circassiennes (trap\u00e8ze et contorsionniste au cerceau) et un musicien (violoncelle) vont enchanter les lieux en les utilisant au service d\u2019un spectacle in\u00e9dit, par exemple en se servant du toit ou d\u2019une rambarde de passerelle pour suspendre le trap\u00e8ze&#8230;<\/p>\n<p>Diff\u00e9rents tableaux sont pr\u00e9sent\u00e9s. Ils semblent ne rien \u00e0 voir les uns avec les autres au d\u00e9but, mais ils prennent tout leur sens quand on les consid\u00e8re dans leur ensemble. Ou comment parler sans les mots.<\/p>\n<p>\u00ab Un spectacle en pi\u00e8ces d\u00e9tach\u00e9es, un puzzle qui prend sens petit \u00e0 petit. Compos\u00e9 de plusieurs tableaux, on change d\u2019ambiance, d\u2019orientation dans l\u2019espace, d\u2019altitude, d\u2019esth\u00e9tique. Le beau est assum\u00e9 aussi bien que le laid. La mati\u00e8re tant gestuelle que palpable s\u2019agglutine et dispara\u00eet.<br \/>\nOn alterne entre mouvance et immobilit\u00e9, torsion et raideur, silence et bruit.<br \/>\nOn change de robe<br \/>\nOn se m\u00e9lange<br \/>\nOn se trompe \u00bb.<\/p>\n<p>Une demi-heure de spectacle en plein air pour que toute la famille puisse en en prendre plein les yeux&#8230;<br \/>\nRendez-vous vendredi 14 juin \u00e0 20h30 aux abords de la Maison de La Bresse. Spectacle gratuit.<\/p>\n","protected":false},"excerpt":{"rendered":"<p>La Maison de La Bresse avait annonc\u00e9 une surprise pour le 14 juin et c\u2019est un spectacle cr\u00e9\u00e9 sp\u00e9cialement par [&hellip;]<\/p>\n","protected":false},"author":407,"featured_media":15762,"comment_status":"open","ping_status":"open","sticky":false,"template":"","format":"standard","meta":{"footnotes":""},"categories":[26,4,104,25,54],"tags":[],"class_list":["post-15761","post","type-post","status-publish","format-standard","has-post-thumbnail","hentry","category-a-la-une","category-culture","category-la-bresse-la-bresse-son-canton","category-la-bresse-son-canton","category-loisirs"],"acf":[],"yoast_head":"<!-- This site is optimized with the Yoast SEO plugin v22.5 - https:\/\/yoast.com\/wordpress\/plugins\/seo\/ -->\n<title>La Bresse : spectacle a\u00e9rien et musical avec la compagnie L&#039;un passe - Remiremont Info<\/title>\n<meta name=\"robots\" content=\"index, follow, max-snippet:-1, max-image-preview:large, max-video-preview:-1\" \/>\n<link rel=\"canonical\" href=\"https:\/\/vosgesinfo.fr\/remiremontinfo\/2019\/06\/bresse-spectacle-aerien-musical-compagnie-lun-passe\/\" \/>\n<meta name=\"twitter:card\" content=\"summary_large_image\" \/>\n<meta name=\"twitter:title\" content=\"La Bresse : spectacle a\u00e9rien et musical avec la compagnie L&#039;un passe - Remiremont Info\" \/>\n<meta name=\"twitter:description\" content=\"La Maison de La Bresse avait annonc\u00e9 une surprise pour le 14 juin et c\u2019est un spectacle cr\u00e9\u00e9 sp\u00e9cialement par [&hellip;]\" \/>\n<meta name=\"twitter:image\" content=\"https:\/\/vosgesinfo.fr\/app\/uploads\/sites\/5\/2024\/09\/20190636511197-1046103288901384-3787069997155614720-n.jpg\" \/>\n<meta name=\"twitter:creator\" content=\"@VosgesInfo88\" \/>\n<meta name=\"twitter:site\" content=\"@VosgesInfo88\" \/>\n<meta name=\"twitter:label1\" content=\"\u00c9crit par\" \/>\n\t<meta name=\"twitter:data1\" content=\"C D\" \/>\n\t<meta name=\"twitter:label2\" content=\"Dur\u00e9e de lecture estim\u00e9e\" \/>\n\t<meta name=\"twitter:data2\" content=\"1 minute\" \/>\n<script type=\"application\/ld+json\" class=\"yoast-schema-graph\">{\"@context\":\"https:\/\/schema.org\",\"@graph\":[{\"@type\":\"Article\",\"@id\":\"https:\/\/vosgesinfo.fr\/remiremontinfo\/2019\/06\/bresse-spectacle-aerien-musical-compagnie-lun-passe\/#article\",\"isPartOf\":{\"@id\":\"https:\/\/vosgesinfo.fr\/remiremontinfo\/2019\/06\/bresse-spectacle-aerien-musical-compagnie-lun-passe\/\"},\"author\":{\"name\":\"C D\",\"@id\":\"https:\/\/vosgesinfo.fr\/remiremontinfo\/#\/schema\/person\/3bfd164d5218a185b1db68655a265316\"},\"headline\":\"La Bresse : spectacle a\u00e9rien et musical avec la compagnie L&rsquo;un passe\",\"datePublished\":\"2019-06-11T04:39:23+00:00\",\"dateModified\":\"2019-06-11T04:39:23+00:00\",\"mainEntityOfPage\":{\"@id\":\"https:\/\/vosgesinfo.fr\/remiremontinfo\/2019\/06\/bresse-spectacle-aerien-musical-compagnie-lun-passe\/\"},\"wordCount\":260,\"commentCount\":0,\"publisher\":{\"@id\":\"https:\/\/vosgesinfo.fr\/remiremontinfo\/#organization\"},\"image\":{\"@id\":\"https:\/\/vosgesinfo.fr\/remiremontinfo\/2019\/06\/bresse-spectacle-aerien-musical-compagnie-lun-passe\/#primaryimage\"},\"thumbnailUrl\":\"https:\/\/vosgesinfo.fr\/app\/uploads\/sites\/5\/2024\/09\/20190636511197-1046103288901384-3787069997155614720-n.jpg\",\"articleSection\":[\"A la Une\",\"Culture\",\"La Bresse\",\"La Bresse &amp; son canton\",\"Loisirs\"],\"inLanguage\":\"fr-FR\",\"potentialAction\":[{\"@type\":\"CommentAction\",\"name\":\"Comment\",\"target\":[\"https:\/\/vosgesinfo.fr\/remiremontinfo\/2019\/06\/bresse-spectacle-aerien-musical-compagnie-lun-passe\/#respond\"]}]},{\"@type\":\"WebPage\",\"@id\":\"https:\/\/vosgesinfo.fr\/remiremontinfo\/2019\/06\/bresse-spectacle-aerien-musical-compagnie-lun-passe\/\",\"url\":\"https:\/\/vosgesinfo.fr\/remiremontinfo\/2019\/06\/bresse-spectacle-aerien-musical-compagnie-lun-passe\/\",\"name\":\"La Bresse : spectacle a\u00e9rien et musical avec la compagnie L'un passe - Remiremont Info\",\"isPartOf\":{\"@id\":\"https:\/\/vosgesinfo.fr\/remiremontinfo\/#website\"},\"primaryImageOfPage\":{\"@id\":\"https:\/\/vosgesinfo.fr\/remiremontinfo\/2019\/06\/bresse-spectacle-aerien-musical-compagnie-lun-passe\/#primaryimage\"},\"image\":{\"@id\":\"https:\/\/vosgesinfo.fr\/remiremontinfo\/2019\/06\/bresse-spectacle-aerien-musical-compagnie-lun-passe\/#primaryimage\"},\"thumbnailUrl\":\"https:\/\/vosgesinfo.fr\/app\/uploads\/sites\/5\/2024\/09\/20190636511197-1046103288901384-3787069997155614720-n.jpg\",\"datePublished\":\"2019-06-11T04:39:23+00:00\",\"dateModified\":\"2019-06-11T04:39:23+00:00\",\"breadcrumb\":{\"@id\":\"https:\/\/vosgesinfo.fr\/remiremontinfo\/2019\/06\/bresse-spectacle-aerien-musical-compagnie-lun-passe\/#breadcrumb\"},\"inLanguage\":\"fr-FR\",\"potentialAction\":[{\"@type\":\"ReadAction\",\"target\":[\"https:\/\/vosgesinfo.fr\/remiremontinfo\/2019\/06\/bresse-spectacle-aerien-musical-compagnie-lun-passe\/\"]}]},{\"@type\":\"ImageObject\",\"inLanguage\":\"fr-FR\",\"@id\":\"https:\/\/vosgesinfo.fr\/remiremontinfo\/2019\/06\/bresse-spectacle-aerien-musical-compagnie-lun-passe\/#primaryimage\",\"url\":\"https:\/\/vosgesinfo.fr\/app\/uploads\/sites\/5\/2024\/09\/20190636511197-1046103288901384-3787069997155614720-n.jpg\",\"contentUrl\":\"https:\/\/vosgesinfo.fr\/app\/uploads\/sites\/5\/2024\/09\/20190636511197-1046103288901384-3787069997155614720-n.jpg\",\"width\":959,\"height\":667},{\"@type\":\"BreadcrumbList\",\"@id\":\"https:\/\/vosgesinfo.fr\/remiremontinfo\/2019\/06\/bresse-spectacle-aerien-musical-compagnie-lun-passe\/#breadcrumb\",\"itemListElement\":[{\"@type\":\"ListItem\",\"position\":1,\"name\":\"Home\",\"item\":\"https:\/\/vosgesinfo.fr\/remiremontinfo\/\"},{\"@type\":\"ListItem\",\"position\":2,\"name\":\"La Bresse : spectacle a\u00e9rien et musical avec la compagnie L&rsquo;un passe\"}]},{\"@type\":\"WebSite\",\"@id\":\"https:\/\/vosgesinfo.fr\/remiremontinfo\/#website\",\"url\":\"https:\/\/vosgesinfo.fr\/remiremontinfo\/\",\"name\":\"Remiremont Info\",\"description\":\"Toute l&#039;actualit\u00e9 de Remiremont\",\"publisher\":{\"@id\":\"https:\/\/vosgesinfo.fr\/remiremontinfo\/#organization\"},\"alternateName\":\"Toute l'actualit\u00e9 de Remiremont\",\"potentialAction\":[{\"@type\":\"SearchAction\",\"target\":{\"@type\":\"EntryPoint\",\"urlTemplate\":\"https:\/\/vosgesinfo.fr\/remiremontinfo\/?s={search_term_string}\"},\"query-input\":\"required name=search_term_string\"}],\"inLanguage\":\"fr-FR\"},{\"@type\":\"Organization\",\"@id\":\"https:\/\/vosgesinfo.fr\/remiremontinfo\/#organization\",\"name\":\"Remiremont Info\",\"url\":\"https:\/\/vosgesinfo.fr\/remiremontinfo\/\",\"logo\":{\"@type\":\"ImageObject\",\"inLanguage\":\"fr-FR\",\"@id\":\"https:\/\/vosgesinfo.fr\/remiremontinfo\/#\/schema\/logo\/image\/\",\"url\":\"https:\/\/vosgesinfo.fr\/app\/uploads\/sites\/5\/2023\/08\/favicon-remiremontinfo.png\",\"contentUrl\":\"https:\/\/vosgesinfo.fr\/app\/uploads\/sites\/5\/2023\/08\/favicon-remiremontinfo.png\",\"width\":512,\"height\":512,\"caption\":\"Remiremont Info\"},\"image\":{\"@id\":\"https:\/\/vosgesinfo.fr\/remiremontinfo\/#\/schema\/logo\/image\/\"},\"sameAs\":[\"https:\/\/www.facebook.com\/remiremontinfo\",\"https:\/\/x.com\/VosgesInfo88\",\"https:\/\/www.youtube.com\/@vosgesinfo\"]},{\"@type\":\"Person\",\"@id\":\"https:\/\/vosgesinfo.fr\/remiremontinfo\/#\/schema\/person\/3bfd164d5218a185b1db68655a265316\",\"name\":\"C D\",\"image\":{\"@type\":\"ImageObject\",\"inLanguage\":\"fr-FR\",\"@id\":\"https:\/\/vosgesinfo.fr\/remiremontinfo\/#\/schema\/person\/image\/\",\"url\":\"https:\/\/secure.gravatar.com\/avatar\/1f9a70007336511a47468b8f1c66f922b8b7cf617b02a31149ada43893a5d48f?s=96&d=mm&r=g\",\"contentUrl\":\"https:\/\/secure.gravatar.com\/avatar\/1f9a70007336511a47468b8f1c66f922b8b7cf617b02a31149ada43893a5d48f?s=96&d=mm&r=g\",\"caption\":\"C D\"},\"url\":\"https:\/\/vosgesinfo.fr\/remiremontinfo\/author\/cedric-drevet\/\"}]}<\/script>\n<!-- \/ Yoast SEO plugin. -->","yoast_head_json":{"title":"La Bresse : spectacle a\u00e9rien et musical avec la compagnie L'un passe - Remiremont Info","robots":{"index":"index","follow":"follow","max-snippet":"max-snippet:-1","max-image-preview":"max-image-preview:large","max-video-preview":"max-video-preview:-1"},"canonical":"https:\/\/vosgesinfo.fr\/remiremontinfo\/2019\/06\/bresse-spectacle-aerien-musical-compagnie-lun-passe\/","twitter_card":"summary_large_image","twitter_title":"La Bresse : spectacle a\u00e9rien et musical avec la compagnie L'un passe - Remiremont Info","twitter_description":"La Maison de La Bresse avait annonc\u00e9 une surprise pour le 14 juin et c\u2019est un spectacle cr\u00e9\u00e9 sp\u00e9cialement par [&hellip;]","twitter_image":"https:\/\/vosgesinfo.fr\/app\/uploads\/sites\/5\/2024\/09\/20190636511197-1046103288901384-3787069997155614720-n.jpg","twitter_creator":"@VosgesInfo88","twitter_site":"@VosgesInfo88","twitter_misc":{"\u00c9crit par":"C D","Dur\u00e9e de lecture estim\u00e9e":"1 minute"},"schema":{"@context":"https:\/\/schema.org","@graph":[{"@type":"Article","@id":"https:\/\/vosgesinfo.fr\/remiremontinfo\/2019\/06\/bresse-spectacle-aerien-musical-compagnie-lun-passe\/#article","isPartOf":{"@id":"https:\/\/vosgesinfo.fr\/remiremontinfo\/2019\/06\/bresse-spectacle-aerien-musical-compagnie-lun-passe\/"},"author":{"name":"C D","@id":"https:\/\/vosgesinfo.fr\/remiremontinfo\/#\/schema\/person\/3bfd164d5218a185b1db68655a265316"},"headline":"La Bresse : spectacle a\u00e9rien et musical avec la compagnie L&rsquo;un passe","datePublished":"2019-06-11T04:39:23+00:00","dateModified":"2019-06-11T04:39:23+00:00","mainEntityOfPage":{"@id":"https:\/\/vosgesinfo.fr\/remiremontinfo\/2019\/06\/bresse-spectacle-aerien-musical-compagnie-lun-passe\/"},"wordCount":260,"commentCount":0,"publisher":{"@id":"https:\/\/vosgesinfo.fr\/remiremontinfo\/#organization"},"image":{"@id":"https:\/\/vosgesinfo.fr\/remiremontinfo\/2019\/06\/bresse-spectacle-aerien-musical-compagnie-lun-passe\/#primaryimage"},"thumbnailUrl":"https:\/\/vosgesinfo.fr\/app\/uploads\/sites\/5\/2024\/09\/20190636511197-1046103288901384-3787069997155614720-n.jpg","articleSection":["A la Une","Culture","La Bresse","La Bresse &amp; son canton","Loisirs"],"inLanguage":"fr-FR","potentialAction":[{"@type":"CommentAction","name":"Comment","target":["https:\/\/vosgesinfo.fr\/remiremontinfo\/2019\/06\/bresse-spectacle-aerien-musical-compagnie-lun-passe\/#respond"]}]},{"@type":"WebPage","@id":"https:\/\/vosgesinfo.fr\/remiremontinfo\/2019\/06\/bresse-spectacle-aerien-musical-compagnie-lun-passe\/","url":"https:\/\/vosgesinfo.fr\/remiremontinfo\/2019\/06\/bresse-spectacle-aerien-musical-compagnie-lun-passe\/","name":"La Bresse : spectacle a\u00e9rien et musical avec la compagnie L'un passe - Remiremont Info","isPartOf":{"@id":"https:\/\/vosgesinfo.fr\/remiremontinfo\/#website"},"primaryImageOfPage":{"@id":"https:\/\/vosgesinfo.fr\/remiremontinfo\/2019\/06\/bresse-spectacle-aerien-musical-compagnie-lun-passe\/#primaryimage"},"image":{"@id":"https:\/\/vosgesinfo.fr\/remiremontinfo\/2019\/06\/bresse-spectacle-aerien-musical-compagnie-lun-passe\/#primaryimage"},"thumbnailUrl":"https:\/\/vosgesinfo.fr\/app\/uploads\/sites\/5\/2024\/09\/20190636511197-1046103288901384-3787069997155614720-n.jpg","datePublished":"2019-06-11T04:39:23+00:00","dateModified":"2019-06-11T04:39:23+00:00","breadcrumb":{"@id":"https:\/\/vosgesinfo.fr\/remiremontinfo\/2019\/06\/bresse-spectacle-aerien-musical-compagnie-lun-passe\/#breadcrumb"},"inLanguage":"fr-FR","potentialAction":[{"@type":"ReadAction","target":["https:\/\/vosgesinfo.fr\/remiremontinfo\/2019\/06\/bresse-spectacle-aerien-musical-compagnie-lun-passe\/"]}]},{"@type":"ImageObject","inLanguage":"fr-FR","@id":"https:\/\/vosgesinfo.fr\/remiremontinfo\/2019\/06\/bresse-spectacle-aerien-musical-compagnie-lun-passe\/#primaryimage","url":"https:\/\/vosgesinfo.fr\/app\/uploads\/sites\/5\/2024\/09\/20190636511197-1046103288901384-3787069997155614720-n.jpg","contentUrl":"https:\/\/vosgesinfo.fr\/app\/uploads\/sites\/5\/2024\/09\/20190636511197-1046103288901384-3787069997155614720-n.jpg","width":959,"height":667},{"@type":"BreadcrumbList","@id":"https:\/\/vosgesinfo.fr\/remiremontinfo\/2019\/06\/bresse-spectacle-aerien-musical-compagnie-lun-passe\/#breadcrumb","itemListElement":[{"@type":"ListItem","position":1,"name":"Home","item":"https:\/\/vosgesinfo.fr\/remiremontinfo\/"},{"@type":"ListItem","position":2,"name":"La Bresse : spectacle a\u00e9rien et musical avec la compagnie L&rsquo;un passe"}]},{"@type":"WebSite","@id":"https:\/\/vosgesinfo.fr\/remiremontinfo\/#website","url":"https:\/\/vosgesinfo.fr\/remiremontinfo\/","name":"Remiremont Info","description":"Toute l&#039;actualit\u00e9 de Remiremont","publisher":{"@id":"https:\/\/vosgesinfo.fr\/remiremontinfo\/#organization"},"alternateName":"Toute l'actualit\u00e9 de Remiremont","potentialAction":[{"@type":"SearchAction","target":{"@type":"EntryPoint","urlTemplate":"https:\/\/vosgesinfo.fr\/remiremontinfo\/?s={search_term_string}"},"query-input":"required name=search_term_string"}],"inLanguage":"fr-FR"},{"@type":"Organization","@id":"https:\/\/vosgesinfo.fr\/remiremontinfo\/#organization","name":"Remiremont Info","url":"https:\/\/vosgesinfo.fr\/remiremontinfo\/","logo":{"@type":"ImageObject","inLanguage":"fr-FR","@id":"https:\/\/vosgesinfo.fr\/remiremontinfo\/#\/schema\/logo\/image\/","url":"https:\/\/vosgesinfo.fr\/app\/uploads\/sites\/5\/2023\/08\/favicon-remiremontinfo.png","contentUrl":"https:\/\/vosgesinfo.fr\/app\/uploads\/sites\/5\/2023\/08\/favicon-remiremontinfo.png","width":512,"height":512,"caption":"Remiremont Info"},"image":{"@id":"https:\/\/vosgesinfo.fr\/remiremontinfo\/#\/schema\/logo\/image\/"},"sameAs":["https:\/\/www.facebook.com\/remiremontinfo","https:\/\/x.com\/VosgesInfo88","https:\/\/www.youtube.com\/@vosgesinfo"]},{"@type":"Person","@id":"https:\/\/vosgesinfo.fr\/remiremontinfo\/#\/schema\/person\/3bfd164d5218a185b1db68655a265316","name":"C D","image":{"@type":"ImageObject","inLanguage":"fr-FR","@id":"https:\/\/vosgesinfo.fr\/remiremontinfo\/#\/schema\/person\/image\/","url":"https:\/\/secure.gravatar.com\/avatar\/1f9a70007336511a47468b8f1c66f922b8b7cf617b02a31149ada43893a5d48f?s=96&d=mm&r=g","contentUrl":"https:\/\/secure.gravatar.com\/avatar\/1f9a70007336511a47468b8f1c66f922b8b7cf617b02a31149ada43893a5d48f?s=96&d=mm&r=g","caption":"C D"},"url":"https:\/\/vosgesinfo.fr\/remiremontinfo\/author\/cedric-drevet\/"}]}},"_links":{"self":[{"href":"https:\/\/vosgesinfo.fr\/remiremontinfo\/wp-json\/wp\/v2\/posts\/15761","targetHints":{"allow":["GET"]}}],"collection":[{"href":"https:\/\/vosgesinfo.fr\/remiremontinfo\/wp-json\/wp\/v2\/posts"}],"about":[{"href":"https:\/\/vosgesinfo.fr\/remiremontinfo\/wp-json\/wp\/v2\/types\/post"}],"author":[{"embeddable":true,"href":"https:\/\/vosgesinfo.fr\/remiremontinfo\/wp-json\/wp\/v2\/users\/407"}],"replies":[{"embeddable":true,"href":"https:\/\/vosgesinfo.fr\/remiremontinfo\/wp-json\/wp\/v2\/comments?post=15761"}],"version-history":[{"count":0,"href":"https:\/\/vosgesinfo.fr\/remiremontinfo\/wp-json\/wp\/v2\/posts\/15761\/revisions"}],"wp:featuredmedia":[{"embeddable":true,"href":"https:\/\/vosgesinfo.fr\/remiremontinfo\/wp-json\/wp\/v2\/media\/15762"}],"wp:attachment":[{"href":"https:\/\/vosgesinfo.fr\/remiremontinfo\/wp-json\/wp\/v2\/media?parent=15761"}],"wp:term":[{"taxonomy":"category","embeddable":true,"href":"https:\/\/vosgesinfo.fr\/remiremontinfo\/wp-json\/wp\/v2\/categories?post=15761"},{"taxonomy":"post_tag","embeddable":true,"href":"https:\/\/vosgesinfo.fr\/remiremontinfo\/wp-json\/wp\/v2\/tags?post=15761"}],"curies":[{"name":"wp","href":"https:\/\/api.w.org\/{rel}","templated":true}]}}