{"id":15818,"date":"2019-06-12T07:17:25","date_gmt":"2019-06-12T05:17:25","guid":{"rendered":"https:\/\/vosgesinfo.fr\/remiremontinfo\/2019\/06\/naissances-5-11-juin\/"},"modified":"2019-06-12T07:17:25","modified_gmt":"2019-06-12T05:17:25","slug":"naissances-5-11-juin","status":"publish","type":"post","link":"https:\/\/vosgesinfo.fr\/remiremontinfo\/2019\/06\/naissances-5-11-juin\/","title":{"rendered":"Les naissances du 5 au 11 juin"},"content":{"rendered":"<p class=\"p1\" style=\"text-align: center;\"><strong><span class=\"s1\">Les naissances du 5 au 11 juin<\/span><\/strong><\/p>\n<p class=\"p1\" style=\"text-align: center;\"><span class=\"s1\">Aaron, fils de Cl\u00e9ment Christophe et Ana\u00efs Crouvisier-Urion, Le Tholy<\/span><\/p>\n<p class=\"p1\" style=\"text-align: center;\"><span class=\"s1\">Antoine, fils de Thomas Emond et Marine Fresse, Le Val-d\u2019Ajol<\/span><\/p>\n<p class=\"p1\" style=\"text-align: center;\"><span class=\"s1\">Eliott, fils de Damien Boshart et Lolita Botton, Saint-Maurice<\/span><\/p>\n<p class=\"p1\" style=\"text-align: center;\"><span class=\"s1\">Eug\u00e8ne, fils de Eric Baumont et Charlotte Bazin, Plombi\u00e8res<\/span><\/p>\n<p class=\"p1\" style=\"text-align: center;\"><span class=\"s1\">Kenzyo, fils de Micka\u00ebl Causeret et C\u00e9lia Simon, Aillevillers-et-Lyaumont<\/span><\/p>\n<p class=\"p1\" style=\"text-align: center;\"><span class=\"s1\">Louisa, fille de David Mougel Sophie Poirot, La Bresse<\/span><\/p>\n<p class=\"p1\" style=\"text-align: center;\"><span class=\"s1\">Lucie, fille de John Dieudonn\u00e9 et Joahanna Thocaven-Th\u00e9venin, Fresse<\/span><\/p>\n<p class=\"p1\" style=\"text-align: center;\"><span class=\"s1\">Ma\u00ebl, fils de Fr\u00e9d\u00e9ric G\u00e9hin et Aline Vannson, Le Thillot<\/span><\/p>\n<p class=\"p1\" style=\"text-align: center;\"><span class=\"s1\">Merve, fille de Umit Tolaz et Hulya Ramoglu, Remiremont<\/span><\/p>\n<p class=\"p1\" style=\"text-align: center;\"><span class=\"s1\">Nolan, fils de Damien Emond et Laetitia Logerot, Aillevillers-et-Lyaumont<\/span><\/p>\n<p class=\"p1\" style=\"text-align: center;\"><span class=\"s1\">Sandro, fils de Logan Dos Santos et Estelle Gouvenot, Fresse<\/span><\/p>\n<p class=\"p1\" style=\"text-align: center;\"><span class=\"s1\">Sandy, fille de Aboudacar Traore et Lucille Colin, Epinal<\/span><\/p>\n<p class=\"p1\" style=\"text-align: center;\"><span class=\"s1\">Taylor, fils de Thierry Dierstein et Patricia Godel, Le Thillot<\/span><\/p>\n<p class=\"p1\" style=\"text-align: center;\"><span class=\"s1\">Tiago, fils de Kevin Alemant et Cassandra Bricout, Dampvalley-Saint-Pancras<\/span><\/p>\n","protected":false},"excerpt":{"rendered":"<p>Les naissances du 5 au 11 juin Aaron, fils de Cl\u00e9ment Christophe et Ana\u00efs Crouvisier-Urion, Le Tholy Antoine, fils de [&hellip;]<\/p>\n","protected":false},"author":407,"featured_media":15819,"comment_status":"open","ping_status":"open","sticky":false,"template":"","format":"standard","meta":{"footnotes":""},"categories":[67],"tags":[],"class_list":["post-15818","post","type-post","status-publish","format-standard","has-post-thumbnail","hentry","category-etat-civil"],"acf":[],"yoast_head":"<!-- This site is optimized with the Yoast SEO plugin v22.5 - https:\/\/yoast.com\/wordpress\/plugins\/seo\/ -->\n<title>Les naissances du 5 au 11 juin - Remiremont Info<\/title>\n<meta name=\"robots\" content=\"index, follow, max-snippet:-1, max-image-preview:large, max-video-preview:-1\" \/>\n<link rel=\"canonical\" href=\"https:\/\/vosgesinfo.fr\/remiremontinfo\/2019\/06\/naissances-5-11-juin\/\" \/>\n<meta name=\"twitter:card\" content=\"summary_large_image\" \/>\n<meta name=\"twitter:title\" content=\"Les naissances du 5 au 11 juin - Remiremont Info\" \/>\n<meta name=\"twitter:description\" content=\"Les naissances du 5 au 11 juin Aaron, fils de Cl\u00e9ment Christophe et Ana\u00efs Crouvisier-Urion, Le Tholy Antoine, fils de [&hellip;]\" \/>\n<meta name=\"twitter:image\" content=\"https:\/\/vosgesinfo.fr\/app\/uploads\/sites\/5\/2024\/09\/201904mothers-3389671-1280-8.jpg\" \/>\n<meta name=\"twitter:creator\" content=\"@VosgesInfo88\" \/>\n<meta name=\"twitter:site\" content=\"@VosgesInfo88\" \/>\n<meta name=\"twitter:label1\" content=\"\u00c9crit par\" \/>\n\t<meta name=\"twitter:data1\" content=\"C D\" \/>\n\t<meta name=\"twitter:label2\" content=\"Dur\u00e9e de lecture estim\u00e9e\" \/>\n\t<meta name=\"twitter:data2\" content=\"1 minute\" \/>\n<script type=\"application\/ld+json\" class=\"yoast-schema-graph\">{\"@context\":\"https:\/\/schema.org\",\"@graph\":[{\"@type\":\"Article\",\"@id\":\"https:\/\/vosgesinfo.fr\/remiremontinfo\/2019\/06\/naissances-5-11-juin\/#article\",\"isPartOf\":{\"@id\":\"https:\/\/vosgesinfo.fr\/remiremontinfo\/2019\/06\/naissances-5-11-juin\/\"},\"author\":{\"name\":\"C D\",\"@id\":\"https:\/\/vosgesinfo.fr\/remiremontinfo\/#\/schema\/person\/3bfd164d5218a185b1db68655a265316\"},\"headline\":\"Les naissances du 5 au 11 juin\",\"datePublished\":\"2019-06-12T05:17:25+00:00\",\"dateModified\":\"2019-06-12T05:17:25+00:00\",\"mainEntityOfPage\":{\"@id\":\"https:\/\/vosgesinfo.fr\/remiremontinfo\/2019\/06\/naissances-5-11-juin\/\"},\"wordCount\":153,\"commentCount\":0,\"publisher\":{\"@id\":\"https:\/\/vosgesinfo.fr\/remiremontinfo\/#organization\"},\"image\":{\"@id\":\"https:\/\/vosgesinfo.fr\/remiremontinfo\/2019\/06\/naissances-5-11-juin\/#primaryimage\"},\"thumbnailUrl\":\"https:\/\/vosgesinfo.fr\/app\/uploads\/sites\/5\/2024\/09\/201904mothers-3389671-1280-8.jpg\",\"articleSection\":[\"Etat civil\"],\"inLanguage\":\"fr-FR\",\"potentialAction\":[{\"@type\":\"CommentAction\",\"name\":\"Comment\",\"target\":[\"https:\/\/vosgesinfo.fr\/remiremontinfo\/2019\/06\/naissances-5-11-juin\/#respond\"]}]},{\"@type\":\"WebPage\",\"@id\":\"https:\/\/vosgesinfo.fr\/remiremontinfo\/2019\/06\/naissances-5-11-juin\/\",\"url\":\"https:\/\/vosgesinfo.fr\/remiremontinfo\/2019\/06\/naissances-5-11-juin\/\",\"name\":\"Les naissances du 5 au 11 juin - Remiremont Info\",\"isPartOf\":{\"@id\":\"https:\/\/vosgesinfo.fr\/remiremontinfo\/#website\"},\"primaryImageOfPage\":{\"@id\":\"https:\/\/vosgesinfo.fr\/remiremontinfo\/2019\/06\/naissances-5-11-juin\/#primaryimage\"},\"image\":{\"@id\":\"https:\/\/vosgesinfo.fr\/remiremontinfo\/2019\/06\/naissances-5-11-juin\/#primaryimage\"},\"thumbnailUrl\":\"https:\/\/vosgesinfo.fr\/app\/uploads\/sites\/5\/2024\/09\/201904mothers-3389671-1280-8.jpg\",\"datePublished\":\"2019-06-12T05:17:25+00:00\",\"dateModified\":\"2019-06-12T05:17:25+00:00\",\"breadcrumb\":{\"@id\":\"https:\/\/vosgesinfo.fr\/remiremontinfo\/2019\/06\/naissances-5-11-juin\/#breadcrumb\"},\"inLanguage\":\"fr-FR\",\"potentialAction\":[{\"@type\":\"ReadAction\",\"target\":[\"https:\/\/vosgesinfo.fr\/remiremontinfo\/2019\/06\/naissances-5-11-juin\/\"]}]},{\"@type\":\"ImageObject\",\"inLanguage\":\"fr-FR\",\"@id\":\"https:\/\/vosgesinfo.fr\/remiremontinfo\/2019\/06\/naissances-5-11-juin\/#primaryimage\",\"url\":\"https:\/\/vosgesinfo.fr\/app\/uploads\/sites\/5\/2024\/09\/201904mothers-3389671-1280-8.jpg\",\"contentUrl\":\"https:\/\/vosgesinfo.fr\/app\/uploads\/sites\/5\/2024\/09\/201904mothers-3389671-1280-8.jpg\",\"width\":1280,\"height\":720},{\"@type\":\"BreadcrumbList\",\"@id\":\"https:\/\/vosgesinfo.fr\/remiremontinfo\/2019\/06\/naissances-5-11-juin\/#breadcrumb\",\"itemListElement\":[{\"@type\":\"ListItem\",\"position\":1,\"name\":\"Home\",\"item\":\"https:\/\/vosgesinfo.fr\/remiremontinfo\/\"},{\"@type\":\"ListItem\",\"position\":2,\"name\":\"Les naissances du 5 au 11 juin\"}]},{\"@type\":\"WebSite\",\"@id\":\"https:\/\/vosgesinfo.fr\/remiremontinfo\/#website\",\"url\":\"https:\/\/vosgesinfo.fr\/remiremontinfo\/\",\"name\":\"Remiremont Info\",\"description\":\"Toute l&#039;actualit\u00e9 de Remiremont\",\"publisher\":{\"@id\":\"https:\/\/vosgesinfo.fr\/remiremontinfo\/#organization\"},\"alternateName\":\"Toute l'actualit\u00e9 de Remiremont\",\"potentialAction\":[{\"@type\":\"SearchAction\",\"target\":{\"@type\":\"EntryPoint\",\"urlTemplate\":\"https:\/\/vosgesinfo.fr\/remiremontinfo\/?s={search_term_string}\"},\"query-input\":\"required name=search_term_string\"}],\"inLanguage\":\"fr-FR\"},{\"@type\":\"Organization\",\"@id\":\"https:\/\/vosgesinfo.fr\/remiremontinfo\/#organization\",\"name\":\"Remiremont Info\",\"url\":\"https:\/\/vosgesinfo.fr\/remiremontinfo\/\",\"logo\":{\"@type\":\"ImageObject\",\"inLanguage\":\"fr-FR\",\"@id\":\"https:\/\/vosgesinfo.fr\/remiremontinfo\/#\/schema\/logo\/image\/\",\"url\":\"https:\/\/vosgesinfo.fr\/app\/uploads\/sites\/5\/2023\/08\/favicon-remiremontinfo.png\",\"contentUrl\":\"https:\/\/vosgesinfo.fr\/app\/uploads\/sites\/5\/2023\/08\/favicon-remiremontinfo.png\",\"width\":512,\"height\":512,\"caption\":\"Remiremont Info\"},\"image\":{\"@id\":\"https:\/\/vosgesinfo.fr\/remiremontinfo\/#\/schema\/logo\/image\/\"},\"sameAs\":[\"https:\/\/www.facebook.com\/remiremontinfo\",\"https:\/\/x.com\/VosgesInfo88\",\"https:\/\/www.youtube.com\/@vosgesinfo\"]},{\"@type\":\"Person\",\"@id\":\"https:\/\/vosgesinfo.fr\/remiremontinfo\/#\/schema\/person\/3bfd164d5218a185b1db68655a265316\",\"name\":\"C D\",\"image\":{\"@type\":\"ImageObject\",\"inLanguage\":\"fr-FR\",\"@id\":\"https:\/\/vosgesinfo.fr\/remiremontinfo\/#\/schema\/person\/image\/\",\"url\":\"https:\/\/secure.gravatar.com\/avatar\/1f9a70007336511a47468b8f1c66f922b8b7cf617b02a31149ada43893a5d48f?s=96&d=mm&r=g\",\"contentUrl\":\"https:\/\/secure.gravatar.com\/avatar\/1f9a70007336511a47468b8f1c66f922b8b7cf617b02a31149ada43893a5d48f?s=96&d=mm&r=g\",\"caption\":\"C D\"},\"url\":\"https:\/\/vosgesinfo.fr\/remiremontinfo\/author\/cedric-drevet\/\"}]}<\/script>\n<!-- \/ Yoast SEO plugin. -->","yoast_head_json":{"title":"Les naissances du 5 au 11 juin - Remiremont Info","robots":{"index":"index","follow":"follow","max-snippet":"max-snippet:-1","max-image-preview":"max-image-preview:large","max-video-preview":"max-video-preview:-1"},"canonical":"https:\/\/vosgesinfo.fr\/remiremontinfo\/2019\/06\/naissances-5-11-juin\/","twitter_card":"summary_large_image","twitter_title":"Les naissances du 5 au 11 juin - Remiremont Info","twitter_description":"Les naissances du 5 au 11 juin Aaron, fils de Cl\u00e9ment Christophe et Ana\u00efs Crouvisier-Urion, Le Tholy Antoine, fils de [&hellip;]","twitter_image":"https:\/\/vosgesinfo.fr\/app\/uploads\/sites\/5\/2024\/09\/201904mothers-3389671-1280-8.jpg","twitter_creator":"@VosgesInfo88","twitter_site":"@VosgesInfo88","twitter_misc":{"\u00c9crit par":"C D","Dur\u00e9e de lecture estim\u00e9e":"1 minute"},"schema":{"@context":"https:\/\/schema.org","@graph":[{"@type":"Article","@id":"https:\/\/vosgesinfo.fr\/remiremontinfo\/2019\/06\/naissances-5-11-juin\/#article","isPartOf":{"@id":"https:\/\/vosgesinfo.fr\/remiremontinfo\/2019\/06\/naissances-5-11-juin\/"},"author":{"name":"C D","@id":"https:\/\/vosgesinfo.fr\/remiremontinfo\/#\/schema\/person\/3bfd164d5218a185b1db68655a265316"},"headline":"Les naissances du 5 au 11 juin","datePublished":"2019-06-12T05:17:25+00:00","dateModified":"2019-06-12T05:17:25+00:00","mainEntityOfPage":{"@id":"https:\/\/vosgesinfo.fr\/remiremontinfo\/2019\/06\/naissances-5-11-juin\/"},"wordCount":153,"commentCount":0,"publisher":{"@id":"https:\/\/vosgesinfo.fr\/remiremontinfo\/#organization"},"image":{"@id":"https:\/\/vosgesinfo.fr\/remiremontinfo\/2019\/06\/naissances-5-11-juin\/#primaryimage"},"thumbnailUrl":"https:\/\/vosgesinfo.fr\/app\/uploads\/sites\/5\/2024\/09\/201904mothers-3389671-1280-8.jpg","articleSection":["Etat civil"],"inLanguage":"fr-FR","potentialAction":[{"@type":"CommentAction","name":"Comment","target":["https:\/\/vosgesinfo.fr\/remiremontinfo\/2019\/06\/naissances-5-11-juin\/#respond"]}]},{"@type":"WebPage","@id":"https:\/\/vosgesinfo.fr\/remiremontinfo\/2019\/06\/naissances-5-11-juin\/","url":"https:\/\/vosgesinfo.fr\/remiremontinfo\/2019\/06\/naissances-5-11-juin\/","name":"Les naissances du 5 au 11 juin - Remiremont Info","isPartOf":{"@id":"https:\/\/vosgesinfo.fr\/remiremontinfo\/#website"},"primaryImageOfPage":{"@id":"https:\/\/vosgesinfo.fr\/remiremontinfo\/2019\/06\/naissances-5-11-juin\/#primaryimage"},"image":{"@id":"https:\/\/vosgesinfo.fr\/remiremontinfo\/2019\/06\/naissances-5-11-juin\/#primaryimage"},"thumbnailUrl":"https:\/\/vosgesinfo.fr\/app\/uploads\/sites\/5\/2024\/09\/201904mothers-3389671-1280-8.jpg","datePublished":"2019-06-12T05:17:25+00:00","dateModified":"2019-06-12T05:17:25+00:00","breadcrumb":{"@id":"https:\/\/vosgesinfo.fr\/remiremontinfo\/2019\/06\/naissances-5-11-juin\/#breadcrumb"},"inLanguage":"fr-FR","potentialAction":[{"@type":"ReadAction","target":["https:\/\/vosgesinfo.fr\/remiremontinfo\/2019\/06\/naissances-5-11-juin\/"]}]},{"@type":"ImageObject","inLanguage":"fr-FR","@id":"https:\/\/vosgesinfo.fr\/remiremontinfo\/2019\/06\/naissances-5-11-juin\/#primaryimage","url":"https:\/\/vosgesinfo.fr\/app\/uploads\/sites\/5\/2024\/09\/201904mothers-3389671-1280-8.jpg","contentUrl":"https:\/\/vosgesinfo.fr\/app\/uploads\/sites\/5\/2024\/09\/201904mothers-3389671-1280-8.jpg","width":1280,"height":720},{"@type":"BreadcrumbList","@id":"https:\/\/vosgesinfo.fr\/remiremontinfo\/2019\/06\/naissances-5-11-juin\/#breadcrumb","itemListElement":[{"@type":"ListItem","position":1,"name":"Home","item":"https:\/\/vosgesinfo.fr\/remiremontinfo\/"},{"@type":"ListItem","position":2,"name":"Les naissances du 5 au 11 juin"}]},{"@type":"WebSite","@id":"https:\/\/vosgesinfo.fr\/remiremontinfo\/#website","url":"https:\/\/vosgesinfo.fr\/remiremontinfo\/","name":"Remiremont Info","description":"Toute l&#039;actualit\u00e9 de Remiremont","publisher":{"@id":"https:\/\/vosgesinfo.fr\/remiremontinfo\/#organization"},"alternateName":"Toute l'actualit\u00e9 de Remiremont","potentialAction":[{"@type":"SearchAction","target":{"@type":"EntryPoint","urlTemplate":"https:\/\/vosgesinfo.fr\/remiremontinfo\/?s={search_term_string}"},"query-input":"required name=search_term_string"}],"inLanguage":"fr-FR"},{"@type":"Organization","@id":"https:\/\/vosgesinfo.fr\/remiremontinfo\/#organization","name":"Remiremont Info","url":"https:\/\/vosgesinfo.fr\/remiremontinfo\/","logo":{"@type":"ImageObject","inLanguage":"fr-FR","@id":"https:\/\/vosgesinfo.fr\/remiremontinfo\/#\/schema\/logo\/image\/","url":"https:\/\/vosgesinfo.fr\/app\/uploads\/sites\/5\/2023\/08\/favicon-remiremontinfo.png","contentUrl":"https:\/\/vosgesinfo.fr\/app\/uploads\/sites\/5\/2023\/08\/favicon-remiremontinfo.png","width":512,"height":512,"caption":"Remiremont Info"},"image":{"@id":"https:\/\/vosgesinfo.fr\/remiremontinfo\/#\/schema\/logo\/image\/"},"sameAs":["https:\/\/www.facebook.com\/remiremontinfo","https:\/\/x.com\/VosgesInfo88","https:\/\/www.youtube.com\/@vosgesinfo"]},{"@type":"Person","@id":"https:\/\/vosgesinfo.fr\/remiremontinfo\/#\/schema\/person\/3bfd164d5218a185b1db68655a265316","name":"C D","image":{"@type":"ImageObject","inLanguage":"fr-FR","@id":"https:\/\/vosgesinfo.fr\/remiremontinfo\/#\/schema\/person\/image\/","url":"https:\/\/secure.gravatar.com\/avatar\/1f9a70007336511a47468b8f1c66f922b8b7cf617b02a31149ada43893a5d48f?s=96&d=mm&r=g","contentUrl":"https:\/\/secure.gravatar.com\/avatar\/1f9a70007336511a47468b8f1c66f922b8b7cf617b02a31149ada43893a5d48f?s=96&d=mm&r=g","caption":"C D"},"url":"https:\/\/vosgesinfo.fr\/remiremontinfo\/author\/cedric-drevet\/"}]}},"_links":{"self":[{"href":"https:\/\/vosgesinfo.fr\/remiremontinfo\/wp-json\/wp\/v2\/posts\/15818","targetHints":{"allow":["GET"]}}],"collection":[{"href":"https:\/\/vosgesinfo.fr\/remiremontinfo\/wp-json\/wp\/v2\/posts"}],"about":[{"href":"https:\/\/vosgesinfo.fr\/remiremontinfo\/wp-json\/wp\/v2\/types\/post"}],"author":[{"embeddable":true,"href":"https:\/\/vosgesinfo.fr\/remiremontinfo\/wp-json\/wp\/v2\/users\/407"}],"replies":[{"embeddable":true,"href":"https:\/\/vosgesinfo.fr\/remiremontinfo\/wp-json\/wp\/v2\/comments?post=15818"}],"version-history":[{"count":0,"href":"https:\/\/vosgesinfo.fr\/remiremontinfo\/wp-json\/wp\/v2\/posts\/15818\/revisions"}],"wp:featuredmedia":[{"embeddable":true,"href":"https:\/\/vosgesinfo.fr\/remiremontinfo\/wp-json\/wp\/v2\/media\/15819"}],"wp:attachment":[{"href":"https:\/\/vosgesinfo.fr\/remiremontinfo\/wp-json\/wp\/v2\/media?parent=15818"}],"wp:term":[{"taxonomy":"category","embeddable":true,"href":"https:\/\/vosgesinfo.fr\/remiremontinfo\/wp-json\/wp\/v2\/categories?post=15818"},{"taxonomy":"post_tag","embeddable":true,"href":"https:\/\/vosgesinfo.fr\/remiremontinfo\/wp-json\/wp\/v2\/tags?post=15818"}],"curies":[{"name":"wp","href":"https:\/\/api.w.org\/{rel}","templated":true}]}}