{"id":15957,"date":"2019-06-15T08:21:55","date_gmt":"2019-06-15T06:21:55","guid":{"rendered":"https:\/\/vosgesinfo.fr\/remiremontinfo\/2019\/06\/thillot-echange-enrichissant-ecole-allemande-11-collegiens\/"},"modified":"2019-06-15T08:21:55","modified_gmt":"2019-06-15T06:21:55","slug":"thillot-echange-enrichissant-ecole-allemande-11-collegiens","status":"publish","type":"post","link":"https:\/\/vosgesinfo.fr\/remiremontinfo\/2019\/06\/thillot-echange-enrichissant-ecole-allemande-11-collegiens\/","title":{"rendered":"Le Thillot : un \u00e9change enrichissant avec une \u00e9cole allemande pour 11 coll\u00e9giens"},"content":{"rendered":"<h2><a href=\"\/2019\/06\/IMGP0189.jpg\"><img decoding=\"async\" class=\"alignnone size-large wp-image-261609\" src=\"\/2019\/06\/IMGP0189-1024x678.jpg\" alt=\"IMGP0189\" width=\"960\" height=\"636\" \/><\/a><span style=\"font-size: 12pt;\"><strong>Les \u00e9l\u00e8ves germanistes de 3<sup>e<\/sup>\u00a0ont particip\u00e9 \u00e0 un \u00e9change scolaire avec une \u00e9cole allemande, le Gymnasium de Tutzing. Cet \u00e9change sur la base du volontariat a permis aux 11 \u00e9l\u00e8ves volontaires du coll\u00e8ge Jules Ferry de faire connaissance avec de jeunes allemands. <\/strong><\/span><\/h2>\n<p>Cet \u00e9change s\u2019est effectu\u00e9 en deux temps. Les correspondants allemands sont venus du 19 au 26 janvier 2019 en France. Ils ont pu d\u00e9couvrir le fonctionnement du coll\u00e8ge ainsi que les villes de Nancy et Strasbourg avec une visite du parlement europ\u00e9en. Lors des temps libres, l\u2019\u00e9change a pu se poursuivre gr\u00e2ce \u00e0 l\u2019investissement des familles qui h\u00e9bergeaient nos correspondants.<\/p>\n<p>Entre avril et mai, les\u00a0coll\u00e9giens fran\u00e7ais ont eux aussi \u00e9t\u00e9 bien re\u00e7us en Allemagne. Du 29 avril au 6 mai\u00a0ils ont d\u00e9couvert la petite ville de Tutzing, au bord du lac de Starnberg, dans le Land de Bavi\u00e8re. Situ\u00e9e \u00e0 mi-chemin entre Munich et les Alpes, Tutzing \u00e9tait un bon point de d\u00e9part pour visiter la capitale bavaroise\u00a0et faire de la randonn\u00e9e en montagne. Les\u00a0coll\u00e9giens ont pu vivre les traditions locales et se familiariser avec le rythme scolaire allemand.<\/p>\n<p>Cet \u00e9change s\u2019est r\u00e9v\u00e9l\u00e9 \u00eatre une exp\u00e9rience humaine, culturelle et linguistique tr\u00e8s enrichissante pour tous les participants.<\/p>\n<p>&nbsp;<\/p>\n","protected":false},"excerpt":{"rendered":"<p>Les \u00e9l\u00e8ves germanistes de 3e\u00a0ont particip\u00e9 \u00e0 un \u00e9change scolaire avec une \u00e9cole allemande, le Gymnasium de Tutzing. Cet \u00e9change [&hellip;]<\/p>\n","protected":false},"author":407,"featured_media":15958,"comment_status":"open","ping_status":"open","sticky":false,"template":"","format":"standard","meta":{"footnotes":""},"categories":[26,4,165,212,37],"tags":[],"class_list":["post-15957","post","type-post","status-publish","format-standard","has-post-thumbnail","hentry","category-a-la-une","category-culture","category-enseignement","category-le-thillot-le-thillot-son-canton","category-le-thillot-son-canton"],"acf":[],"yoast_head":"<!-- This site is optimized with the Yoast SEO plugin v22.5 - https:\/\/yoast.com\/wordpress\/plugins\/seo\/ -->\n<title>Le Thillot : un \u00e9change enrichissant avec une \u00e9cole allemande pour 11 coll\u00e9giens - Remiremont Info<\/title>\n<meta name=\"robots\" content=\"index, follow, max-snippet:-1, max-image-preview:large, max-video-preview:-1\" \/>\n<link rel=\"canonical\" href=\"https:\/\/vosgesinfo.fr\/remiremontinfo\/2019\/06\/thillot-echange-enrichissant-ecole-allemande-11-collegiens\/\" \/>\n<meta name=\"twitter:card\" content=\"summary_large_image\" \/>\n<meta name=\"twitter:title\" content=\"Le Thillot : un \u00e9change enrichissant avec une \u00e9cole allemande pour 11 coll\u00e9giens - Remiremont Info\" \/>\n<meta name=\"twitter:description\" content=\"Les \u00e9l\u00e8ves germanistes de 3e\u00a0ont particip\u00e9 \u00e0 un \u00e9change scolaire avec une \u00e9cole allemande, le Gymnasium de Tutzing. Cet \u00e9change [&hellip;]\" \/>\n<meta name=\"twitter:image\" content=\"https:\/\/vosgesinfo.fr\/app\/uploads\/sites\/5\/2024\/09\/201906imgp0189-scaled.jpg\" \/>\n<meta name=\"twitter:creator\" content=\"@VosgesInfo88\" \/>\n<meta name=\"twitter:site\" content=\"@VosgesInfo88\" \/>\n<meta name=\"twitter:label1\" content=\"\u00c9crit par\" \/>\n\t<meta name=\"twitter:data1\" content=\"C D\" \/>\n\t<meta name=\"twitter:label2\" content=\"Dur\u00e9e de lecture estim\u00e9e\" \/>\n\t<meta name=\"twitter:data2\" content=\"1 minute\" \/>\n<script type=\"application\/ld+json\" class=\"yoast-schema-graph\">{\"@context\":\"https:\/\/schema.org\",\"@graph\":[{\"@type\":\"Article\",\"@id\":\"https:\/\/vosgesinfo.fr\/remiremontinfo\/2019\/06\/thillot-echange-enrichissant-ecole-allemande-11-collegiens\/#article\",\"isPartOf\":{\"@id\":\"https:\/\/vosgesinfo.fr\/remiremontinfo\/2019\/06\/thillot-echange-enrichissant-ecole-allemande-11-collegiens\/\"},\"author\":{\"name\":\"C D\",\"@id\":\"https:\/\/vosgesinfo.fr\/remiremontinfo\/#\/schema\/person\/3bfd164d5218a185b1db68655a265316\"},\"headline\":\"Le Thillot : un \u00e9change enrichissant avec une \u00e9cole allemande pour 11 coll\u00e9giens\",\"datePublished\":\"2019-06-15T06:21:55+00:00\",\"dateModified\":\"2019-06-15T06:21:55+00:00\",\"mainEntityOfPage\":{\"@id\":\"https:\/\/vosgesinfo.fr\/remiremontinfo\/2019\/06\/thillot-echange-enrichissant-ecole-allemande-11-collegiens\/\"},\"wordCount\":232,\"commentCount\":0,\"publisher\":{\"@id\":\"https:\/\/vosgesinfo.fr\/remiremontinfo\/#organization\"},\"image\":{\"@id\":\"https:\/\/vosgesinfo.fr\/remiremontinfo\/2019\/06\/thillot-echange-enrichissant-ecole-allemande-11-collegiens\/#primaryimage\"},\"thumbnailUrl\":\"https:\/\/vosgesinfo.fr\/app\/uploads\/sites\/5\/2024\/09\/201906imgp0189-scaled.jpg\",\"articleSection\":[\"A la Une\",\"Culture\",\"Enseignement\",\"Le Thillot\",\"Le Thillot &amp; son canton\"],\"inLanguage\":\"fr-FR\",\"potentialAction\":[{\"@type\":\"CommentAction\",\"name\":\"Comment\",\"target\":[\"https:\/\/vosgesinfo.fr\/remiremontinfo\/2019\/06\/thillot-echange-enrichissant-ecole-allemande-11-collegiens\/#respond\"]}]},{\"@type\":\"WebPage\",\"@id\":\"https:\/\/vosgesinfo.fr\/remiremontinfo\/2019\/06\/thillot-echange-enrichissant-ecole-allemande-11-collegiens\/\",\"url\":\"https:\/\/vosgesinfo.fr\/remiremontinfo\/2019\/06\/thillot-echange-enrichissant-ecole-allemande-11-collegiens\/\",\"name\":\"Le Thillot : un \u00e9change enrichissant avec une \u00e9cole allemande pour 11 coll\u00e9giens - Remiremont Info\",\"isPartOf\":{\"@id\":\"https:\/\/vosgesinfo.fr\/remiremontinfo\/#website\"},\"primaryImageOfPage\":{\"@id\":\"https:\/\/vosgesinfo.fr\/remiremontinfo\/2019\/06\/thillot-echange-enrichissant-ecole-allemande-11-collegiens\/#primaryimage\"},\"image\":{\"@id\":\"https:\/\/vosgesinfo.fr\/remiremontinfo\/2019\/06\/thillot-echange-enrichissant-ecole-allemande-11-collegiens\/#primaryimage\"},\"thumbnailUrl\":\"https:\/\/vosgesinfo.fr\/app\/uploads\/sites\/5\/2024\/09\/201906imgp0189-scaled.jpg\",\"datePublished\":\"2019-06-15T06:21:55+00:00\",\"dateModified\":\"2019-06-15T06:21:55+00:00\",\"breadcrumb\":{\"@id\":\"https:\/\/vosgesinfo.fr\/remiremontinfo\/2019\/06\/thillot-echange-enrichissant-ecole-allemande-11-collegiens\/#breadcrumb\"},\"inLanguage\":\"fr-FR\",\"potentialAction\":[{\"@type\":\"ReadAction\",\"target\":[\"https:\/\/vosgesinfo.fr\/remiremontinfo\/2019\/06\/thillot-echange-enrichissant-ecole-allemande-11-collegiens\/\"]}]},{\"@type\":\"ImageObject\",\"inLanguage\":\"fr-FR\",\"@id\":\"https:\/\/vosgesinfo.fr\/remiremontinfo\/2019\/06\/thillot-echange-enrichissant-ecole-allemande-11-collegiens\/#primaryimage\",\"url\":\"https:\/\/vosgesinfo.fr\/app\/uploads\/sites\/5\/2024\/09\/201906imgp0189-scaled.jpg\",\"contentUrl\":\"https:\/\/vosgesinfo.fr\/app\/uploads\/sites\/5\/2024\/09\/201906imgp0189-scaled.jpg\",\"width\":2560,\"height\":1696},{\"@type\":\"BreadcrumbList\",\"@id\":\"https:\/\/vosgesinfo.fr\/remiremontinfo\/2019\/06\/thillot-echange-enrichissant-ecole-allemande-11-collegiens\/#breadcrumb\",\"itemListElement\":[{\"@type\":\"ListItem\",\"position\":1,\"name\":\"Home\",\"item\":\"https:\/\/vosgesinfo.fr\/remiremontinfo\/\"},{\"@type\":\"ListItem\",\"position\":2,\"name\":\"Le Thillot : un \u00e9change enrichissant avec une \u00e9cole allemande pour 11 coll\u00e9giens\"}]},{\"@type\":\"WebSite\",\"@id\":\"https:\/\/vosgesinfo.fr\/remiremontinfo\/#website\",\"url\":\"https:\/\/vosgesinfo.fr\/remiremontinfo\/\",\"name\":\"Remiremont Info\",\"description\":\"Toute l&#039;actualit\u00e9 de Remiremont\",\"publisher\":{\"@id\":\"https:\/\/vosgesinfo.fr\/remiremontinfo\/#organization\"},\"alternateName\":\"Toute l'actualit\u00e9 de Remiremont\",\"potentialAction\":[{\"@type\":\"SearchAction\",\"target\":{\"@type\":\"EntryPoint\",\"urlTemplate\":\"https:\/\/vosgesinfo.fr\/remiremontinfo\/?s={search_term_string}\"},\"query-input\":\"required name=search_term_string\"}],\"inLanguage\":\"fr-FR\"},{\"@type\":\"Organization\",\"@id\":\"https:\/\/vosgesinfo.fr\/remiremontinfo\/#organization\",\"name\":\"Remiremont Info\",\"url\":\"https:\/\/vosgesinfo.fr\/remiremontinfo\/\",\"logo\":{\"@type\":\"ImageObject\",\"inLanguage\":\"fr-FR\",\"@id\":\"https:\/\/vosgesinfo.fr\/remiremontinfo\/#\/schema\/logo\/image\/\",\"url\":\"https:\/\/vosgesinfo.fr\/app\/uploads\/sites\/5\/2023\/08\/favicon-remiremontinfo.png\",\"contentUrl\":\"https:\/\/vosgesinfo.fr\/app\/uploads\/sites\/5\/2023\/08\/favicon-remiremontinfo.png\",\"width\":512,\"height\":512,\"caption\":\"Remiremont Info\"},\"image\":{\"@id\":\"https:\/\/vosgesinfo.fr\/remiremontinfo\/#\/schema\/logo\/image\/\"},\"sameAs\":[\"https:\/\/www.facebook.com\/remiremontinfo\",\"https:\/\/x.com\/VosgesInfo88\",\"https:\/\/www.youtube.com\/@vosgesinfo\"]},{\"@type\":\"Person\",\"@id\":\"https:\/\/vosgesinfo.fr\/remiremontinfo\/#\/schema\/person\/3bfd164d5218a185b1db68655a265316\",\"name\":\"C D\",\"image\":{\"@type\":\"ImageObject\",\"inLanguage\":\"fr-FR\",\"@id\":\"https:\/\/vosgesinfo.fr\/remiremontinfo\/#\/schema\/person\/image\/\",\"url\":\"https:\/\/secure.gravatar.com\/avatar\/1f9a70007336511a47468b8f1c66f922b8b7cf617b02a31149ada43893a5d48f?s=96&d=mm&r=g\",\"contentUrl\":\"https:\/\/secure.gravatar.com\/avatar\/1f9a70007336511a47468b8f1c66f922b8b7cf617b02a31149ada43893a5d48f?s=96&d=mm&r=g\",\"caption\":\"C D\"},\"url\":\"https:\/\/vosgesinfo.fr\/remiremontinfo\/author\/cedric-drevet\/\"}]}<\/script>\n<!-- \/ Yoast SEO plugin. -->","yoast_head_json":{"title":"Le Thillot : un \u00e9change enrichissant avec une \u00e9cole allemande pour 11 coll\u00e9giens - Remiremont Info","robots":{"index":"index","follow":"follow","max-snippet":"max-snippet:-1","max-image-preview":"max-image-preview:large","max-video-preview":"max-video-preview:-1"},"canonical":"https:\/\/vosgesinfo.fr\/remiremontinfo\/2019\/06\/thillot-echange-enrichissant-ecole-allemande-11-collegiens\/","twitter_card":"summary_large_image","twitter_title":"Le Thillot : un \u00e9change enrichissant avec une \u00e9cole allemande pour 11 coll\u00e9giens - Remiremont Info","twitter_description":"Les \u00e9l\u00e8ves germanistes de 3e\u00a0ont particip\u00e9 \u00e0 un \u00e9change scolaire avec une \u00e9cole allemande, le Gymnasium de Tutzing. Cet \u00e9change [&hellip;]","twitter_image":"https:\/\/vosgesinfo.fr\/app\/uploads\/sites\/5\/2024\/09\/201906imgp0189-scaled.jpg","twitter_creator":"@VosgesInfo88","twitter_site":"@VosgesInfo88","twitter_misc":{"\u00c9crit par":"C D","Dur\u00e9e de lecture estim\u00e9e":"1 minute"},"schema":{"@context":"https:\/\/schema.org","@graph":[{"@type":"Article","@id":"https:\/\/vosgesinfo.fr\/remiremontinfo\/2019\/06\/thillot-echange-enrichissant-ecole-allemande-11-collegiens\/#article","isPartOf":{"@id":"https:\/\/vosgesinfo.fr\/remiremontinfo\/2019\/06\/thillot-echange-enrichissant-ecole-allemande-11-collegiens\/"},"author":{"name":"C D","@id":"https:\/\/vosgesinfo.fr\/remiremontinfo\/#\/schema\/person\/3bfd164d5218a185b1db68655a265316"},"headline":"Le Thillot : un \u00e9change enrichissant avec une \u00e9cole allemande pour 11 coll\u00e9giens","datePublished":"2019-06-15T06:21:55+00:00","dateModified":"2019-06-15T06:21:55+00:00","mainEntityOfPage":{"@id":"https:\/\/vosgesinfo.fr\/remiremontinfo\/2019\/06\/thillot-echange-enrichissant-ecole-allemande-11-collegiens\/"},"wordCount":232,"commentCount":0,"publisher":{"@id":"https:\/\/vosgesinfo.fr\/remiremontinfo\/#organization"},"image":{"@id":"https:\/\/vosgesinfo.fr\/remiremontinfo\/2019\/06\/thillot-echange-enrichissant-ecole-allemande-11-collegiens\/#primaryimage"},"thumbnailUrl":"https:\/\/vosgesinfo.fr\/app\/uploads\/sites\/5\/2024\/09\/201906imgp0189-scaled.jpg","articleSection":["A la Une","Culture","Enseignement","Le Thillot","Le Thillot &amp; son canton"],"inLanguage":"fr-FR","potentialAction":[{"@type":"CommentAction","name":"Comment","target":["https:\/\/vosgesinfo.fr\/remiremontinfo\/2019\/06\/thillot-echange-enrichissant-ecole-allemande-11-collegiens\/#respond"]}]},{"@type":"WebPage","@id":"https:\/\/vosgesinfo.fr\/remiremontinfo\/2019\/06\/thillot-echange-enrichissant-ecole-allemande-11-collegiens\/","url":"https:\/\/vosgesinfo.fr\/remiremontinfo\/2019\/06\/thillot-echange-enrichissant-ecole-allemande-11-collegiens\/","name":"Le Thillot : un \u00e9change enrichissant avec une \u00e9cole allemande pour 11 coll\u00e9giens - Remiremont Info","isPartOf":{"@id":"https:\/\/vosgesinfo.fr\/remiremontinfo\/#website"},"primaryImageOfPage":{"@id":"https:\/\/vosgesinfo.fr\/remiremontinfo\/2019\/06\/thillot-echange-enrichissant-ecole-allemande-11-collegiens\/#primaryimage"},"image":{"@id":"https:\/\/vosgesinfo.fr\/remiremontinfo\/2019\/06\/thillot-echange-enrichissant-ecole-allemande-11-collegiens\/#primaryimage"},"thumbnailUrl":"https:\/\/vosgesinfo.fr\/app\/uploads\/sites\/5\/2024\/09\/201906imgp0189-scaled.jpg","datePublished":"2019-06-15T06:21:55+00:00","dateModified":"2019-06-15T06:21:55+00:00","breadcrumb":{"@id":"https:\/\/vosgesinfo.fr\/remiremontinfo\/2019\/06\/thillot-echange-enrichissant-ecole-allemande-11-collegiens\/#breadcrumb"},"inLanguage":"fr-FR","potentialAction":[{"@type":"ReadAction","target":["https:\/\/vosgesinfo.fr\/remiremontinfo\/2019\/06\/thillot-echange-enrichissant-ecole-allemande-11-collegiens\/"]}]},{"@type":"ImageObject","inLanguage":"fr-FR","@id":"https:\/\/vosgesinfo.fr\/remiremontinfo\/2019\/06\/thillot-echange-enrichissant-ecole-allemande-11-collegiens\/#primaryimage","url":"https:\/\/vosgesinfo.fr\/app\/uploads\/sites\/5\/2024\/09\/201906imgp0189-scaled.jpg","contentUrl":"https:\/\/vosgesinfo.fr\/app\/uploads\/sites\/5\/2024\/09\/201906imgp0189-scaled.jpg","width":2560,"height":1696},{"@type":"BreadcrumbList","@id":"https:\/\/vosgesinfo.fr\/remiremontinfo\/2019\/06\/thillot-echange-enrichissant-ecole-allemande-11-collegiens\/#breadcrumb","itemListElement":[{"@type":"ListItem","position":1,"name":"Home","item":"https:\/\/vosgesinfo.fr\/remiremontinfo\/"},{"@type":"ListItem","position":2,"name":"Le Thillot : un \u00e9change enrichissant avec une \u00e9cole allemande pour 11 coll\u00e9giens"}]},{"@type":"WebSite","@id":"https:\/\/vosgesinfo.fr\/remiremontinfo\/#website","url":"https:\/\/vosgesinfo.fr\/remiremontinfo\/","name":"Remiremont Info","description":"Toute l&#039;actualit\u00e9 de Remiremont","publisher":{"@id":"https:\/\/vosgesinfo.fr\/remiremontinfo\/#organization"},"alternateName":"Toute l'actualit\u00e9 de Remiremont","potentialAction":[{"@type":"SearchAction","target":{"@type":"EntryPoint","urlTemplate":"https:\/\/vosgesinfo.fr\/remiremontinfo\/?s={search_term_string}"},"query-input":"required name=search_term_string"}],"inLanguage":"fr-FR"},{"@type":"Organization","@id":"https:\/\/vosgesinfo.fr\/remiremontinfo\/#organization","name":"Remiremont Info","url":"https:\/\/vosgesinfo.fr\/remiremontinfo\/","logo":{"@type":"ImageObject","inLanguage":"fr-FR","@id":"https:\/\/vosgesinfo.fr\/remiremontinfo\/#\/schema\/logo\/image\/","url":"https:\/\/vosgesinfo.fr\/app\/uploads\/sites\/5\/2023\/08\/favicon-remiremontinfo.png","contentUrl":"https:\/\/vosgesinfo.fr\/app\/uploads\/sites\/5\/2023\/08\/favicon-remiremontinfo.png","width":512,"height":512,"caption":"Remiremont Info"},"image":{"@id":"https:\/\/vosgesinfo.fr\/remiremontinfo\/#\/schema\/logo\/image\/"},"sameAs":["https:\/\/www.facebook.com\/remiremontinfo","https:\/\/x.com\/VosgesInfo88","https:\/\/www.youtube.com\/@vosgesinfo"]},{"@type":"Person","@id":"https:\/\/vosgesinfo.fr\/remiremontinfo\/#\/schema\/person\/3bfd164d5218a185b1db68655a265316","name":"C D","image":{"@type":"ImageObject","inLanguage":"fr-FR","@id":"https:\/\/vosgesinfo.fr\/remiremontinfo\/#\/schema\/person\/image\/","url":"https:\/\/secure.gravatar.com\/avatar\/1f9a70007336511a47468b8f1c66f922b8b7cf617b02a31149ada43893a5d48f?s=96&d=mm&r=g","contentUrl":"https:\/\/secure.gravatar.com\/avatar\/1f9a70007336511a47468b8f1c66f922b8b7cf617b02a31149ada43893a5d48f?s=96&d=mm&r=g","caption":"C D"},"url":"https:\/\/vosgesinfo.fr\/remiremontinfo\/author\/cedric-drevet\/"}]}},"_links":{"self":[{"href":"https:\/\/vosgesinfo.fr\/remiremontinfo\/wp-json\/wp\/v2\/posts\/15957","targetHints":{"allow":["GET"]}}],"collection":[{"href":"https:\/\/vosgesinfo.fr\/remiremontinfo\/wp-json\/wp\/v2\/posts"}],"about":[{"href":"https:\/\/vosgesinfo.fr\/remiremontinfo\/wp-json\/wp\/v2\/types\/post"}],"author":[{"embeddable":true,"href":"https:\/\/vosgesinfo.fr\/remiremontinfo\/wp-json\/wp\/v2\/users\/407"}],"replies":[{"embeddable":true,"href":"https:\/\/vosgesinfo.fr\/remiremontinfo\/wp-json\/wp\/v2\/comments?post=15957"}],"version-history":[{"count":0,"href":"https:\/\/vosgesinfo.fr\/remiremontinfo\/wp-json\/wp\/v2\/posts\/15957\/revisions"}],"wp:featuredmedia":[{"embeddable":true,"href":"https:\/\/vosgesinfo.fr\/remiremontinfo\/wp-json\/wp\/v2\/media\/15958"}],"wp:attachment":[{"href":"https:\/\/vosgesinfo.fr\/remiremontinfo\/wp-json\/wp\/v2\/media?parent=15957"}],"wp:term":[{"taxonomy":"category","embeddable":true,"href":"https:\/\/vosgesinfo.fr\/remiremontinfo\/wp-json\/wp\/v2\/categories?post=15957"},{"taxonomy":"post_tag","embeddable":true,"href":"https:\/\/vosgesinfo.fr\/remiremontinfo\/wp-json\/wp\/v2\/tags?post=15957"}],"curies":[{"name":"wp","href":"https:\/\/api.w.org\/{rel}","templated":true}]}}