{"id":15975,"date":"2019-06-15T11:34:17","date_gmt":"2019-06-15T09:34:17","guid":{"rendered":"https:\/\/vosgesinfo.fr\/remiremontinfo\/2019\/06\/rallye-vosges-grand-bataille-rage\/"},"modified":"2019-06-15T11:34:17","modified_gmt":"2019-06-15T09:34:17","slug":"rallye-vosges-grand-bataille-rage","status":"publish","type":"post","link":"https:\/\/vosgesinfo.fr\/remiremontinfo\/2019\/06\/rallye-vosges-grand-bataille-rage\/","title":{"rendered":"Rallye Vosges Grand Est \u2013 la bataille fait rage"},"content":{"rendered":"<p><strong><a href=\"https:\/\/remiremontinfo.fr\/2019\/06\/rallye-vosges-grand-bataille-rage\/lb1\/\" rel=\"attachment wp-att-261637\"><img decoding=\"async\" class=\"aligncenter size-large wp-image-261637\" src=\"\/2019\/06\/lb1-1024x683.jpg\" alt=\"lb1\" width=\"960\" height=\"640\" \/><\/a>La bataille fait rage d\u00e8s les premi\u00e8res sp\u00e9ciales de l\u2019\u00e9preuve. S\u00e9bastien Loeb et sa Huynda WRC est au dessus du lot et il signe les trois temps scratch de la matin\u00e9e. L\u2019alsacien poss\u00e8de d\u00e9j\u00e0 01mn30s sur Bonato et quasiment le m\u00eame temps sur Rossel. Le 1er vosgien Wagner pointe en sici\u00e8me position \u00e0 01mn43s : les \u00e9carts restent tr\u00e8s faibles. Quentin Gilbert est sorti dans la 2\u00e8me sp\u00e9cial ce qui occasionne beaucoup de retard \u00e0 la course<\/strong><\/p>\n<p style=\"text-align: center;\"><strong>\u00e0 suivre !<\/strong><\/p>\n<div class=\"tiled-gallery type-rectangular\" data-original-width=\"960\" data-carousel-extra=\"null\">\n<div class=\"gallery-row\" style=\"text-align: center;\" data-original-width=\"960\" data-original-height=\"429\">\n<div class=\"gallery-group images-1\" data-original-width=\"641\" data-original-height=\"429\">\n<div class=\"tiled-gallery-item tiled-gallery-item-large\"><a href=\"https:\/\/saintdieinfo.fr\/wp-content\/uploads\/2019\/06\/Rallye_Grand-Est_Ormont-2.jpg\" data-featherlight=\"image\"> <img decoding=\"async\" title=\"Rallye_Grand-Est_Ormont (2)\" src=\"https:\/\/i0.wp.com\/saintdieinfo.fr\/wp-content\/uploads\/2019\/06\/Rallye_Grand-Est_Ormont-2.jpg?resize=637%2C425&amp;ssl=1\" alt=\"Rallye_Grand-Est_Ormont (2)\" data-attachment-id=\"140517\" data-orig-file=\"https:\/\/saintdieinfo.fr\/wp-content\/uploads\/2019\/06\/Rallye_Grand-Est_Ormont-2.jpg\" data-orig-size=\"1024,683\" data-comments-opened=\"1\" data-image-meta=\"{&quot;aperture&quot;:&quot;0&quot;,&quot;credit&quot;:&quot;&quot;,&quot;camera&quot;:&quot;&quot;,&quot;caption&quot;:&quot;&quot;,&quot;created_timestamp&quot;:&quot;0&quot;,&quot;copyright&quot;:&quot;Marc Fourniquet&quot;,&quot;focal_length&quot;:&quot;0&quot;,&quot;iso&quot;:&quot;0&quot;,&quot;shutter_speed&quot;:&quot;0&quot;,&quot;title&quot;:&quot;&quot;,&quot;orientation&quot;:&quot;0&quot;}\" data-image-title=\"Rallye_Grand-Est_Ormont (2)\" data-image-description=\"\" data-medium-file=\"https:\/\/saintdieinfo.fr\/wp-content\/uploads\/2019\/06\/Rallye_Grand-Est_Ormont-2-382x255.jpg\" data-large-file=\"https:\/\/saintdieinfo.fr\/wp-content\/uploads\/2019\/06\/Rallye_Grand-Est_Ormont-2-1024x683.jpg\" data-original-width=\"637\" data-original-height=\"425\" data-recalc-dims=\"1\" \/> <\/a><\/div>\n<\/div>\n<div class=\"gallery-group images-2\" data-original-width=\"319\" data-original-height=\"429\">\n<div class=\"tiled-gallery-item tiled-gallery-item-large\"><a href=\"https:\/\/saintdieinfo.fr\/wp-content\/uploads\/2019\/06\/Rallye_Grand-Est_Ormont-3.jpg\" data-featherlight=\"image\"> <img decoding=\"async\" title=\"Rallye_Grand-Est_Ormont (3)\" src=\"https:\/\/i2.wp.com\/saintdieinfo.fr\/wp-content\/uploads\/2019\/06\/Rallye_Grand-Est_Ormont-3.jpg?resize=315%2C211&amp;ssl=1\" alt=\"Rallye_Grand-Est_Ormont (3)\" data-attachment-id=\"140518\" data-orig-file=\"https:\/\/saintdieinfo.fr\/wp-content\/uploads\/2019\/06\/Rallye_Grand-Est_Ormont-3.jpg\" data-orig-size=\"1024,683\" data-comments-opened=\"1\" data-image-meta=\"{&quot;aperture&quot;:&quot;0&quot;,&quot;credit&quot;:&quot;&quot;,&quot;camera&quot;:&quot;&quot;,&quot;caption&quot;:&quot;&quot;,&quot;created_timestamp&quot;:&quot;0&quot;,&quot;copyright&quot;:&quot;Marc Fourniquet&quot;,&quot;focal_length&quot;:&quot;0&quot;,&quot;iso&quot;:&quot;0&quot;,&quot;shutter_speed&quot;:&quot;0&quot;,&quot;title&quot;:&quot;&quot;,&quot;orientation&quot;:&quot;0&quot;}\" data-image-title=\"Rallye_Grand-Est_Ormont (3)\" data-image-description=\"\" data-medium-file=\"https:\/\/saintdieinfo.fr\/wp-content\/uploads\/2019\/06\/Rallye_Grand-Est_Ormont-3-382x255.jpg\" data-large-file=\"https:\/\/saintdieinfo.fr\/wp-content\/uploads\/2019\/06\/Rallye_Grand-Est_Ormont-3-1024x683.jpg\" data-original-width=\"315\" data-original-height=\"211\" data-recalc-dims=\"1\" \/> <\/a><\/div>\n<div class=\"tiled-gallery-item tiled-gallery-item-large\"><a href=\"https:\/\/saintdieinfo.fr\/wp-content\/uploads\/2019\/06\/Rallye_Grand-Est_Ormont-4.jpg\" data-featherlight=\"image\"> <img decoding=\"async\" title=\"Rallye_Grand-Est_Ormont (4)\" src=\"https:\/\/i2.wp.com\/saintdieinfo.fr\/wp-content\/uploads\/2019\/06\/Rallye_Grand-Est_Ormont-4.jpg?resize=315%2C210&amp;ssl=1\" alt=\"Rallye_Grand-Est_Ormont (4)\" data-attachment-id=\"140519\" data-orig-file=\"https:\/\/saintdieinfo.fr\/wp-content\/uploads\/2019\/06\/Rallye_Grand-Est_Ormont-4.jpg\" data-orig-size=\"1024,683\" data-comments-opened=\"1\" data-image-meta=\"{&quot;aperture&quot;:&quot;0&quot;,&quot;credit&quot;:&quot;&quot;,&quot;camera&quot;:&quot;&quot;,&quot;caption&quot;:&quot;&quot;,&quot;created_timestamp&quot;:&quot;0&quot;,&quot;copyright&quot;:&quot;Marc Fourniquet&quot;,&quot;focal_length&quot;:&quot;0&quot;,&quot;iso&quot;:&quot;0&quot;,&quot;shutter_speed&quot;:&quot;0&quot;,&quot;title&quot;:&quot;&quot;,&quot;orientation&quot;:&quot;0&quot;}\" data-image-title=\"Rallye_Grand-Est_Ormont (4)\" data-image-description=\"\" data-medium-file=\"https:\/\/saintdieinfo.fr\/wp-content\/uploads\/2019\/06\/Rallye_Grand-Est_Ormont-4-382x255.jpg\" data-large-file=\"https:\/\/saintdieinfo.fr\/wp-content\/uploads\/2019\/06\/Rallye_Grand-Est_Ormont-4-1024x683.jpg\" data-original-width=\"315\" data-original-height=\"210\" data-recalc-dims=\"1\" \/> <\/a><\/div>\n<\/div>\n<\/div>\n<div class=\"gallery-row\" data-original-width=\"960\" data-original-height=\"215\">\n<div class=\"gallery-group images-1\" style=\"text-align: center;\" data-original-width=\"320\" data-original-height=\"215\">\n<div class=\"tiled-gallery-item tiled-gallery-item-large\"><a href=\"https:\/\/saintdieinfo.fr\/wp-content\/uploads\/2019\/06\/Rallye_Grand-Est_Ormont-5.jpg\" data-featherlight=\"image\"> <img decoding=\"async\" title=\"Rallye_Grand-Est_Ormont (5)\" src=\"https:\/\/i1.wp.com\/saintdieinfo.fr\/wp-content\/uploads\/2019\/06\/Rallye_Grand-Est_Ormont-5.jpg?resize=316%2C211&amp;ssl=1\" alt=\"Rallye_Grand-Est_Ormont (5)\" data-attachment-id=\"140520\" data-orig-file=\"https:\/\/saintdieinfo.fr\/wp-content\/uploads\/2019\/06\/Rallye_Grand-Est_Ormont-5.jpg\" data-orig-size=\"1024,683\" data-comments-opened=\"1\" data-image-meta=\"{&quot;aperture&quot;:&quot;0&quot;,&quot;credit&quot;:&quot;&quot;,&quot;camera&quot;:&quot;&quot;,&quot;caption&quot;:&quot;&quot;,&quot;created_timestamp&quot;:&quot;0&quot;,&quot;copyright&quot;:&quot;Marc Fourniquet&quot;,&quot;focal_length&quot;:&quot;0&quot;,&quot;iso&quot;:&quot;0&quot;,&quot;shutter_speed&quot;:&quot;0&quot;,&quot;title&quot;:&quot;&quot;,&quot;orientation&quot;:&quot;0&quot;}\" data-image-title=\"Rallye_Grand-Est_Ormont (5)\" data-image-description=\"\" data-medium-file=\"https:\/\/saintdieinfo.fr\/wp-content\/uploads\/2019\/06\/Rallye_Grand-Est_Ormont-5-382x255.jpg\" data-large-file=\"https:\/\/saintdieinfo.fr\/wp-content\/uploads\/2019\/06\/Rallye_Grand-Est_Ormont-5-1024x683.jpg\" data-original-width=\"316\" data-original-height=\"211\" data-recalc-dims=\"1\" \/> <\/a><\/div>\n<\/div>\n<div class=\"gallery-group images-1\" style=\"text-align: center;\" data-original-width=\"320\" data-original-height=\"215\">\n<div class=\"tiled-gallery-item tiled-gallery-item-large\"><a href=\"https:\/\/saintdieinfo.fr\/wp-content\/uploads\/2019\/06\/Rallye_Grand-Est_Ormont-6.jpg\" data-featherlight=\"image\"> <img decoding=\"async\" title=\"Rallye_Grand-Est_Ormont (6)\" src=\"https:\/\/i0.wp.com\/saintdieinfo.fr\/wp-content\/uploads\/2019\/06\/Rallye_Grand-Est_Ormont-6.jpg?resize=316%2C211&amp;ssl=1\" alt=\"Rallye_Grand-Est_Ormont (6)\" data-attachment-id=\"140521\" data-orig-file=\"https:\/\/saintdieinfo.fr\/wp-content\/uploads\/2019\/06\/Rallye_Grand-Est_Ormont-6.jpg\" data-orig-size=\"1024,683\" data-comments-opened=\"1\" data-image-meta=\"{&quot;aperture&quot;:&quot;0&quot;,&quot;credit&quot;:&quot;&quot;,&quot;camera&quot;:&quot;&quot;,&quot;caption&quot;:&quot;&quot;,&quot;created_timestamp&quot;:&quot;0&quot;,&quot;copyright&quot;:&quot;Marc Fourniquet&quot;,&quot;focal_length&quot;:&quot;0&quot;,&quot;iso&quot;:&quot;0&quot;,&quot;shutter_speed&quot;:&quot;0&quot;,&quot;title&quot;:&quot;&quot;,&quot;orientation&quot;:&quot;0&quot;}\" data-image-title=\"Rallye_Grand-Est_Ormont (6)\" data-image-description=\"\" data-medium-file=\"https:\/\/saintdieinfo.fr\/wp-content\/uploads\/2019\/06\/Rallye_Grand-Est_Ormont-6-382x255.jpg\" data-large-file=\"https:\/\/saintdieinfo.fr\/wp-content\/uploads\/2019\/06\/Rallye_Grand-Est_Ormont-6-1024x683.jpg\" data-original-width=\"316\" data-original-height=\"211\" data-recalc-dims=\"1\" \/> <\/a><\/div>\n<\/div>\n<div class=\"gallery-group images-1\" data-original-width=\"320\" data-original-height=\"215\">\n<div class=\"tiled-gallery-item tiled-gallery-item-large\"><a href=\"https:\/\/saintdieinfo.fr\/wp-content\/uploads\/2019\/06\/Rallye_Grand-Est_Ormont-7.jpg\" data-featherlight=\"image\"> <img decoding=\"async\" class=\"aligncenter\" title=\"Rallye_Grand-Est_Ormont (7)\" src=\"https:\/\/i1.wp.com\/saintdieinfo.fr\/wp-content\/uploads\/2019\/06\/Rallye_Grand-Est_Ormont-7.jpg?resize=316%2C211&amp;ssl=1\" alt=\"Rallye_Grand-Est_Ormont (7)\" data-attachment-id=\"140522\" data-orig-file=\"https:\/\/saintdieinfo.fr\/wp-content\/uploads\/2019\/06\/Rallye_Grand-Est_Ormont-7.jpg\" data-orig-size=\"1024,683\" data-comments-opened=\"1\" data-image-meta=\"{&quot;aperture&quot;:&quot;0&quot;,&quot;credit&quot;:&quot;&quot;,&quot;camera&quot;:&quot;&quot;,&quot;caption&quot;:&quot;&quot;,&quot;created_timestamp&quot;:&quot;0&quot;,&quot;copyright&quot;:&quot;Marc Fourniquet&quot;,&quot;focal_length&quot;:&quot;0&quot;,&quot;iso&quot;:&quot;0&quot;,&quot;shutter_speed&quot;:&quot;0&quot;,&quot;title&quot;:&quot;&quot;,&quot;orientation&quot;:&quot;0&quot;}\" data-image-title=\"Rallye_Grand-Est_Ormont (7)\" data-image-description=\"\" data-medium-file=\"https:\/\/saintdieinfo.fr\/wp-content\/uploads\/2019\/06\/Rallye_Grand-Est_Ormont-7-382x255.jpg\" data-large-file=\"https:\/\/saintdieinfo.fr\/wp-content\/uploads\/2019\/06\/Rallye_Grand-Est_Ormont-7-1024x683.jpg\" data-original-width=\"316\" data-original-height=\"211\" data-recalc-dims=\"1\" \/> <\/a><\/div>\n<\/div>\n<\/div>\n<\/div>\n","protected":false},"excerpt":{"rendered":"<p>La bataille fait rage d\u00e8s les premi\u00e8res sp\u00e9ciales de l\u2019\u00e9preuve. S\u00e9bastien Loeb et sa Huynda WRC est au dessus du [&hellip;]<\/p>\n","protected":false},"author":39,"featured_media":15976,"comment_status":"open","ping_status":"open","sticky":false,"template":"","format":"standard","meta":{"footnotes":""},"categories":[26,14,18],"tags":[],"class_list":["post-15975","post","type-post","status-publish","format-standard","has-post-thumbnail","hentry","category-a-la-une","category-sport","category-vosges"],"acf":[],"yoast_head":"<!-- This site is optimized with the Yoast SEO plugin v22.5 - https:\/\/yoast.com\/wordpress\/plugins\/seo\/ -->\n<title>Rallye Vosges Grand Est \u2013 la bataille fait rage - Remiremont Info<\/title>\n<meta name=\"robots\" content=\"index, follow, max-snippet:-1, max-image-preview:large, max-video-preview:-1\" \/>\n<link rel=\"canonical\" href=\"https:\/\/vosgesinfo.fr\/remiremontinfo\/2019\/06\/rallye-vosges-grand-bataille-rage\/\" \/>\n<meta name=\"twitter:card\" content=\"summary_large_image\" \/>\n<meta name=\"twitter:title\" content=\"Rallye Vosges Grand Est \u2013 la bataille fait rage - Remiremont Info\" \/>\n<meta name=\"twitter:description\" content=\"La bataille fait rage d\u00e8s les premi\u00e8res sp\u00e9ciales de l\u2019\u00e9preuve. S\u00e9bastien Loeb et sa Huynda WRC est au dessus du [&hellip;]\" \/>\n<meta name=\"twitter:image\" content=\"https:\/\/vosgesinfo.fr\/app\/uploads\/sites\/5\/2024\/09\/201906lb1.jpg\" \/>\n<meta name=\"twitter:creator\" content=\"@VosgesInfo88\" \/>\n<meta name=\"twitter:site\" content=\"@VosgesInfo88\" \/>\n<meta name=\"twitter:label1\" content=\"\u00c9crit par\" \/>\n\t<meta name=\"twitter:data1\" content=\"Phj\" \/>\n<script type=\"application\/ld+json\" class=\"yoast-schema-graph\">{\"@context\":\"https:\/\/schema.org\",\"@graph\":[{\"@type\":\"Article\",\"@id\":\"https:\/\/vosgesinfo.fr\/remiremontinfo\/2019\/06\/rallye-vosges-grand-bataille-rage\/#article\",\"isPartOf\":{\"@id\":\"https:\/\/vosgesinfo.fr\/remiremontinfo\/2019\/06\/rallye-vosges-grand-bataille-rage\/\"},\"author\":{\"name\":\"Phj\",\"@id\":\"https:\/\/vosgesinfo.fr\/remiremontinfo\/#\/schema\/person\/4f57dc393faf2ac8b9f1cab30ad79250\"},\"headline\":\"Rallye Vosges Grand Est \u2013 la bataille fait rage\",\"datePublished\":\"2019-06-15T09:34:17+00:00\",\"dateModified\":\"2019-06-15T09:34:17+00:00\",\"mainEntityOfPage\":{\"@id\":\"https:\/\/vosgesinfo.fr\/remiremontinfo\/2019\/06\/rallye-vosges-grand-bataille-rage\/\"},\"wordCount\":98,\"commentCount\":0,\"publisher\":{\"@id\":\"https:\/\/vosgesinfo.fr\/remiremontinfo\/#organization\"},\"image\":{\"@id\":\"https:\/\/vosgesinfo.fr\/remiremontinfo\/2019\/06\/rallye-vosges-grand-bataille-rage\/#primaryimage\"},\"thumbnailUrl\":\"https:\/\/vosgesinfo.fr\/app\/uploads\/sites\/5\/2024\/09\/201906lb1.jpg\",\"articleSection\":[\"A la Une\",\"Sport\",\"Vosges\"],\"inLanguage\":\"fr-FR\",\"potentialAction\":[{\"@type\":\"CommentAction\",\"name\":\"Comment\",\"target\":[\"https:\/\/vosgesinfo.fr\/remiremontinfo\/2019\/06\/rallye-vosges-grand-bataille-rage\/#respond\"]}]},{\"@type\":\"WebPage\",\"@id\":\"https:\/\/vosgesinfo.fr\/remiremontinfo\/2019\/06\/rallye-vosges-grand-bataille-rage\/\",\"url\":\"https:\/\/vosgesinfo.fr\/remiremontinfo\/2019\/06\/rallye-vosges-grand-bataille-rage\/\",\"name\":\"Rallye Vosges Grand Est \u2013 la bataille fait rage - Remiremont Info\",\"isPartOf\":{\"@id\":\"https:\/\/vosgesinfo.fr\/remiremontinfo\/#website\"},\"primaryImageOfPage\":{\"@id\":\"https:\/\/vosgesinfo.fr\/remiremontinfo\/2019\/06\/rallye-vosges-grand-bataille-rage\/#primaryimage\"},\"image\":{\"@id\":\"https:\/\/vosgesinfo.fr\/remiremontinfo\/2019\/06\/rallye-vosges-grand-bataille-rage\/#primaryimage\"},\"thumbnailUrl\":\"https:\/\/vosgesinfo.fr\/app\/uploads\/sites\/5\/2024\/09\/201906lb1.jpg\",\"datePublished\":\"2019-06-15T09:34:17+00:00\",\"dateModified\":\"2019-06-15T09:34:17+00:00\",\"breadcrumb\":{\"@id\":\"https:\/\/vosgesinfo.fr\/remiremontinfo\/2019\/06\/rallye-vosges-grand-bataille-rage\/#breadcrumb\"},\"inLanguage\":\"fr-FR\",\"potentialAction\":[{\"@type\":\"ReadAction\",\"target\":[\"https:\/\/vosgesinfo.fr\/remiremontinfo\/2019\/06\/rallye-vosges-grand-bataille-rage\/\"]}]},{\"@type\":\"ImageObject\",\"inLanguage\":\"fr-FR\",\"@id\":\"https:\/\/vosgesinfo.fr\/remiremontinfo\/2019\/06\/rallye-vosges-grand-bataille-rage\/#primaryimage\",\"url\":\"https:\/\/vosgesinfo.fr\/app\/uploads\/sites\/5\/2024\/09\/201906lb1.jpg\",\"contentUrl\":\"https:\/\/vosgesinfo.fr\/app\/uploads\/sites\/5\/2024\/09\/201906lb1.jpg\",\"width\":1024,\"height\":683},{\"@type\":\"BreadcrumbList\",\"@id\":\"https:\/\/vosgesinfo.fr\/remiremontinfo\/2019\/06\/rallye-vosges-grand-bataille-rage\/#breadcrumb\",\"itemListElement\":[{\"@type\":\"ListItem\",\"position\":1,\"name\":\"Home\",\"item\":\"https:\/\/vosgesinfo.fr\/remiremontinfo\/\"},{\"@type\":\"ListItem\",\"position\":2,\"name\":\"Rallye Vosges Grand Est \u2013 la bataille fait rage\"}]},{\"@type\":\"WebSite\",\"@id\":\"https:\/\/vosgesinfo.fr\/remiremontinfo\/#website\",\"url\":\"https:\/\/vosgesinfo.fr\/remiremontinfo\/\",\"name\":\"Remiremont Info\",\"description\":\"Toute l&#039;actualit\u00e9 de Remiremont\",\"publisher\":{\"@id\":\"https:\/\/vosgesinfo.fr\/remiremontinfo\/#organization\"},\"alternateName\":\"Toute l'actualit\u00e9 de Remiremont\",\"potentialAction\":[{\"@type\":\"SearchAction\",\"target\":{\"@type\":\"EntryPoint\",\"urlTemplate\":\"https:\/\/vosgesinfo.fr\/remiremontinfo\/?s={search_term_string}\"},\"query-input\":\"required name=search_term_string\"}],\"inLanguage\":\"fr-FR\"},{\"@type\":\"Organization\",\"@id\":\"https:\/\/vosgesinfo.fr\/remiremontinfo\/#organization\",\"name\":\"Remiremont Info\",\"url\":\"https:\/\/vosgesinfo.fr\/remiremontinfo\/\",\"logo\":{\"@type\":\"ImageObject\",\"inLanguage\":\"fr-FR\",\"@id\":\"https:\/\/vosgesinfo.fr\/remiremontinfo\/#\/schema\/logo\/image\/\",\"url\":\"https:\/\/vosgesinfo.fr\/app\/uploads\/sites\/5\/2023\/08\/favicon-remiremontinfo.png\",\"contentUrl\":\"https:\/\/vosgesinfo.fr\/app\/uploads\/sites\/5\/2023\/08\/favicon-remiremontinfo.png\",\"width\":512,\"height\":512,\"caption\":\"Remiremont Info\"},\"image\":{\"@id\":\"https:\/\/vosgesinfo.fr\/remiremontinfo\/#\/schema\/logo\/image\/\"},\"sameAs\":[\"https:\/\/www.facebook.com\/remiremontinfo\",\"https:\/\/x.com\/VosgesInfo88\",\"https:\/\/www.youtube.com\/@vosgesinfo\"]},{\"@type\":\"Person\",\"@id\":\"https:\/\/vosgesinfo.fr\/remiremontinfo\/#\/schema\/person\/4f57dc393faf2ac8b9f1cab30ad79250\",\"name\":\"Phj\",\"image\":{\"@type\":\"ImageObject\",\"inLanguage\":\"fr-FR\",\"@id\":\"https:\/\/vosgesinfo.fr\/remiremontinfo\/#\/schema\/person\/image\/\",\"url\":\"https:\/\/secure.gravatar.com\/avatar\/ada60265080fb9a89c9809bf0abb1f448a128cb85db1c08905baa5038fbe3cfe?s=96&d=mm&r=g\",\"contentUrl\":\"https:\/\/secure.gravatar.com\/avatar\/ada60265080fb9a89c9809bf0abb1f448a128cb85db1c08905baa5038fbe3cfe?s=96&d=mm&r=g\",\"caption\":\"Phj\"},\"url\":\"https:\/\/vosgesinfo.fr\/remiremontinfo\/author\/phj\/\"}]}<\/script>\n<!-- \/ Yoast SEO plugin. -->","yoast_head_json":{"title":"Rallye Vosges Grand Est \u2013 la bataille fait rage - Remiremont Info","robots":{"index":"index","follow":"follow","max-snippet":"max-snippet:-1","max-image-preview":"max-image-preview:large","max-video-preview":"max-video-preview:-1"},"canonical":"https:\/\/vosgesinfo.fr\/remiremontinfo\/2019\/06\/rallye-vosges-grand-bataille-rage\/","twitter_card":"summary_large_image","twitter_title":"Rallye Vosges Grand Est \u2013 la bataille fait rage - Remiremont Info","twitter_description":"La bataille fait rage d\u00e8s les premi\u00e8res sp\u00e9ciales de l\u2019\u00e9preuve. S\u00e9bastien Loeb et sa Huynda WRC est au dessus du [&hellip;]","twitter_image":"https:\/\/vosgesinfo.fr\/app\/uploads\/sites\/5\/2024\/09\/201906lb1.jpg","twitter_creator":"@VosgesInfo88","twitter_site":"@VosgesInfo88","twitter_misc":{"\u00c9crit par":"Phj"},"schema":{"@context":"https:\/\/schema.org","@graph":[{"@type":"Article","@id":"https:\/\/vosgesinfo.fr\/remiremontinfo\/2019\/06\/rallye-vosges-grand-bataille-rage\/#article","isPartOf":{"@id":"https:\/\/vosgesinfo.fr\/remiremontinfo\/2019\/06\/rallye-vosges-grand-bataille-rage\/"},"author":{"name":"Phj","@id":"https:\/\/vosgesinfo.fr\/remiremontinfo\/#\/schema\/person\/4f57dc393faf2ac8b9f1cab30ad79250"},"headline":"Rallye Vosges Grand Est \u2013 la bataille fait rage","datePublished":"2019-06-15T09:34:17+00:00","dateModified":"2019-06-15T09:34:17+00:00","mainEntityOfPage":{"@id":"https:\/\/vosgesinfo.fr\/remiremontinfo\/2019\/06\/rallye-vosges-grand-bataille-rage\/"},"wordCount":98,"commentCount":0,"publisher":{"@id":"https:\/\/vosgesinfo.fr\/remiremontinfo\/#organization"},"image":{"@id":"https:\/\/vosgesinfo.fr\/remiremontinfo\/2019\/06\/rallye-vosges-grand-bataille-rage\/#primaryimage"},"thumbnailUrl":"https:\/\/vosgesinfo.fr\/app\/uploads\/sites\/5\/2024\/09\/201906lb1.jpg","articleSection":["A la Une","Sport","Vosges"],"inLanguage":"fr-FR","potentialAction":[{"@type":"CommentAction","name":"Comment","target":["https:\/\/vosgesinfo.fr\/remiremontinfo\/2019\/06\/rallye-vosges-grand-bataille-rage\/#respond"]}]},{"@type":"WebPage","@id":"https:\/\/vosgesinfo.fr\/remiremontinfo\/2019\/06\/rallye-vosges-grand-bataille-rage\/","url":"https:\/\/vosgesinfo.fr\/remiremontinfo\/2019\/06\/rallye-vosges-grand-bataille-rage\/","name":"Rallye Vosges Grand Est \u2013 la bataille fait rage - Remiremont Info","isPartOf":{"@id":"https:\/\/vosgesinfo.fr\/remiremontinfo\/#website"},"primaryImageOfPage":{"@id":"https:\/\/vosgesinfo.fr\/remiremontinfo\/2019\/06\/rallye-vosges-grand-bataille-rage\/#primaryimage"},"image":{"@id":"https:\/\/vosgesinfo.fr\/remiremontinfo\/2019\/06\/rallye-vosges-grand-bataille-rage\/#primaryimage"},"thumbnailUrl":"https:\/\/vosgesinfo.fr\/app\/uploads\/sites\/5\/2024\/09\/201906lb1.jpg","datePublished":"2019-06-15T09:34:17+00:00","dateModified":"2019-06-15T09:34:17+00:00","breadcrumb":{"@id":"https:\/\/vosgesinfo.fr\/remiremontinfo\/2019\/06\/rallye-vosges-grand-bataille-rage\/#breadcrumb"},"inLanguage":"fr-FR","potentialAction":[{"@type":"ReadAction","target":["https:\/\/vosgesinfo.fr\/remiremontinfo\/2019\/06\/rallye-vosges-grand-bataille-rage\/"]}]},{"@type":"ImageObject","inLanguage":"fr-FR","@id":"https:\/\/vosgesinfo.fr\/remiremontinfo\/2019\/06\/rallye-vosges-grand-bataille-rage\/#primaryimage","url":"https:\/\/vosgesinfo.fr\/app\/uploads\/sites\/5\/2024\/09\/201906lb1.jpg","contentUrl":"https:\/\/vosgesinfo.fr\/app\/uploads\/sites\/5\/2024\/09\/201906lb1.jpg","width":1024,"height":683},{"@type":"BreadcrumbList","@id":"https:\/\/vosgesinfo.fr\/remiremontinfo\/2019\/06\/rallye-vosges-grand-bataille-rage\/#breadcrumb","itemListElement":[{"@type":"ListItem","position":1,"name":"Home","item":"https:\/\/vosgesinfo.fr\/remiremontinfo\/"},{"@type":"ListItem","position":2,"name":"Rallye Vosges Grand Est \u2013 la bataille fait rage"}]},{"@type":"WebSite","@id":"https:\/\/vosgesinfo.fr\/remiremontinfo\/#website","url":"https:\/\/vosgesinfo.fr\/remiremontinfo\/","name":"Remiremont Info","description":"Toute l&#039;actualit\u00e9 de Remiremont","publisher":{"@id":"https:\/\/vosgesinfo.fr\/remiremontinfo\/#organization"},"alternateName":"Toute l'actualit\u00e9 de Remiremont","potentialAction":[{"@type":"SearchAction","target":{"@type":"EntryPoint","urlTemplate":"https:\/\/vosgesinfo.fr\/remiremontinfo\/?s={search_term_string}"},"query-input":"required name=search_term_string"}],"inLanguage":"fr-FR"},{"@type":"Organization","@id":"https:\/\/vosgesinfo.fr\/remiremontinfo\/#organization","name":"Remiremont Info","url":"https:\/\/vosgesinfo.fr\/remiremontinfo\/","logo":{"@type":"ImageObject","inLanguage":"fr-FR","@id":"https:\/\/vosgesinfo.fr\/remiremontinfo\/#\/schema\/logo\/image\/","url":"https:\/\/vosgesinfo.fr\/app\/uploads\/sites\/5\/2023\/08\/favicon-remiremontinfo.png","contentUrl":"https:\/\/vosgesinfo.fr\/app\/uploads\/sites\/5\/2023\/08\/favicon-remiremontinfo.png","width":512,"height":512,"caption":"Remiremont Info"},"image":{"@id":"https:\/\/vosgesinfo.fr\/remiremontinfo\/#\/schema\/logo\/image\/"},"sameAs":["https:\/\/www.facebook.com\/remiremontinfo","https:\/\/x.com\/VosgesInfo88","https:\/\/www.youtube.com\/@vosgesinfo"]},{"@type":"Person","@id":"https:\/\/vosgesinfo.fr\/remiremontinfo\/#\/schema\/person\/4f57dc393faf2ac8b9f1cab30ad79250","name":"Phj","image":{"@type":"ImageObject","inLanguage":"fr-FR","@id":"https:\/\/vosgesinfo.fr\/remiremontinfo\/#\/schema\/person\/image\/","url":"https:\/\/secure.gravatar.com\/avatar\/ada60265080fb9a89c9809bf0abb1f448a128cb85db1c08905baa5038fbe3cfe?s=96&d=mm&r=g","contentUrl":"https:\/\/secure.gravatar.com\/avatar\/ada60265080fb9a89c9809bf0abb1f448a128cb85db1c08905baa5038fbe3cfe?s=96&d=mm&r=g","caption":"Phj"},"url":"https:\/\/vosgesinfo.fr\/remiremontinfo\/author\/phj\/"}]}},"_links":{"self":[{"href":"https:\/\/vosgesinfo.fr\/remiremontinfo\/wp-json\/wp\/v2\/posts\/15975","targetHints":{"allow":["GET"]}}],"collection":[{"href":"https:\/\/vosgesinfo.fr\/remiremontinfo\/wp-json\/wp\/v2\/posts"}],"about":[{"href":"https:\/\/vosgesinfo.fr\/remiremontinfo\/wp-json\/wp\/v2\/types\/post"}],"author":[{"embeddable":true,"href":"https:\/\/vosgesinfo.fr\/remiremontinfo\/wp-json\/wp\/v2\/users\/39"}],"replies":[{"embeddable":true,"href":"https:\/\/vosgesinfo.fr\/remiremontinfo\/wp-json\/wp\/v2\/comments?post=15975"}],"version-history":[{"count":0,"href":"https:\/\/vosgesinfo.fr\/remiremontinfo\/wp-json\/wp\/v2\/posts\/15975\/revisions"}],"wp:featuredmedia":[{"embeddable":true,"href":"https:\/\/vosgesinfo.fr\/remiremontinfo\/wp-json\/wp\/v2\/media\/15976"}],"wp:attachment":[{"href":"https:\/\/vosgesinfo.fr\/remiremontinfo\/wp-json\/wp\/v2\/media?parent=15975"}],"wp:term":[{"taxonomy":"category","embeddable":true,"href":"https:\/\/vosgesinfo.fr\/remiremontinfo\/wp-json\/wp\/v2\/categories?post=15975"},{"taxonomy":"post_tag","embeddable":true,"href":"https:\/\/vosgesinfo.fr\/remiremontinfo\/wp-json\/wp\/v2\/tags?post=15975"}],"curies":[{"name":"wp","href":"https:\/\/api.w.org\/{rel}","templated":true}]}}