{"id":15977,"date":"2019-06-16T05:55:20","date_gmt":"2019-06-16T03:55:20","guid":{"rendered":"https:\/\/vosgesinfo.fr\/remiremontinfo\/2019\/06\/vagney-programme-cinema-lentractes-16-23-juin\/"},"modified":"2019-06-16T05:55:20","modified_gmt":"2019-06-16T03:55:20","slug":"vagney-programme-cinema-lentractes-16-23-juin","status":"publish","type":"post","link":"https:\/\/vosgesinfo.fr\/remiremontinfo\/2019\/06\/vagney-programme-cinema-lentractes-16-23-juin\/","title":{"rendered":"Vagney : le programme du cin\u00e9ma l\u2019Entr\u2019Actes du 16 au 23 juin"},"content":{"rendered":"<section id=\"header7-l9\" class=\"header7 cid-rrAXdvEqEI\">\n<div class=\"container\">\n<div class=\"media-container-row\">\n<div class=\"media-content align-right\">\n<h1 class=\"mbr-section-title mbr-white pb-3 mbr-fonts-style display-2\" style=\"text-align: center;\">Nous finirons ensemble<\/h1>\n<p><img decoding=\"async\" class=\"aligncenter\" title=\"\" src=\"http:\/\/www.cinema-vagney.fr\/assets\/images\/17868891-412x561.jpg\" alt=\"Mobirise\" width=\"170\" height=\"231\" \/><\/p>\n<div class=\"mbr-section-text mbr-white pb-3\">\n<p class=\"mbr-text mbr-fonts-style display-7\"><span style=\"color: #ff0000;\"><strong>Dimanche 16 \u00e0\u00a020h30<\/strong><\/span><br \/>\n<span style=\"color: #ff0000;\"><strong>Lundi 24 \u00e0 20h30<\/strong><\/span><\/p>\n<p class=\"mbr-text mbr-fonts-style display-7\"><strong><br \/>\n<\/strong>\u00a0(2h 15min);\u00a0De Guillaume Canet<br \/>\nAvec Fran\u00e7ois Cluzet, Marion Cotillard, Gilles Lellouche<br \/>\nGenre Com\u00e9die dramatique;\u00a0Nationalit\u00e9 Fran\u00e7ais<\/p>\n<\/div>\n<\/div>\n<div class=\"mbr-figure\"><span style=\"color: #008080;\"><em><strong>Synopsis<\/strong><\/em><\/span><\/div>\n<\/div>\n<\/div>\n<\/section>\n<section id=\"features11-la\" class=\"features11 cid-rrAXeuYAJh\">\n<div class=\"container\">\n<div class=\"col-md-12\">\n<div class=\"media-container-row\">\n<div class=\" align-left\">\n<div class=\"block-content\">\n<div class=\"card p-3 pr-3\">\n<div class=\"card-box\">\n<p class=\"block-text mbr-fonts-style display-7\">Pr\u00e9occup\u00e9, Max est parti dans sa maison au bord de la mer pour se ressourcer. Sa bande de potes, qu\u2019il n\u2019a pas vue depuis plus de 3 ans d\u00e9barque par surprise pour lui f\u00eater son anniversaire ! La surprise est enti\u00e8re mais l\u2019accueil l\u2019est beaucoup moins&#8230;<br \/>\nMax s\u2019enfonce alors dans une com\u00e9die du bonheur qui sonne faux, et qui mettra le groupe dans des situations pour le moins inattendues.<br \/>\nLes enfants ont grandi, d\u2019autres sont n\u00e9s, les parents n\u2019ont plus les m\u00eames priorit\u00e9s&#8230; Les s\u00e9parations, les accidents de la vie&#8230; Quand tous d\u00e9cident de ne plus mettre de petits mouchoirs sur les gros bobards, que reste-t-il de l\u2019amiti\u00e9 ?<\/p>\n<\/div>\n<\/div>\n<\/div>\n<\/div>\n<\/div>\n<\/div>\n<\/div>\n<\/section>\n<section id=\"header7-lc\" class=\"header7 cid-rrAYhh3hFH\">\n<div class=\"container\">\n<div class=\"media-container-row\">\n<div class=\"media-content align-right\">\n<h1 class=\"mbr-section-title mbr-white pb-3 mbr-fonts-style display-2\" style=\"text-align: center;\">Les crevettes Paillet\u00e9es<\/h1>\n<p><img decoding=\"async\" class=\"aligncenter\" title=\"\" src=\"http:\/\/www.cinema-vagney.fr\/assets\/images\/24535511-412x558.jpg\" alt=\"Mobirise\" width=\"163\" height=\"221\" \/><\/p>\n<div class=\"mbr-section-text mbr-white pb-3\">\n<p class=\"mbr-text mbr-fonts-style display-7\"><span style=\"color: #ff0000;\"><strong>Lundi 17 \u00e0 20h30<\/strong><\/span><br \/>\n<strong><span style=\"color: #ff0000;\">Dimanche 23 \u00e0 20h30<\/span><\/strong><\/p>\n<p>\u00a0(1h 40min);\u00a0De C\u00e9dric Le Gallo, Maxime Govare<br \/>\nAvec Nicolas Gob, Alban Lenoir, Micha\u00ebl Abiteboul<br \/>\nGenre Com\u00e9die;\u00a0Nationalit\u00e9 Fran\u00e7ais<\/p>\n<p class=\"mbr-text mbr-fonts-style display-7\"><span style=\"color: #008080;\"><em><strong>Synopsis<\/strong><\/em><\/span><\/p>\n<\/div>\n<\/div>\n<\/div>\n<\/div>\n<\/section>\n<section id=\"features11-lb\" class=\"features11 cid-rrAYgpsJPf\">\n<div class=\"container\">\n<div class=\"col-md-12\">\n<div class=\"media-container-row\">\n<div class=\" align-left\">\n<div class=\"block-content\">\n<div class=\"card p-3 pr-3\">\n<div class=\"card-box\">\n<p class=\"block-text mbr-fonts-style display-7\">Apr\u00e8s avoir tenu des propos homophobes, Mathias Le Goff, vice-champion du monde de natation, est condamn\u00e9 \u00e0 entra\u00eener \u00ab\u00a0Les Crevettes Paillet\u00e9es\u00a0\u00bb, une \u00e9quipe de water-polo gay, davantage motiv\u00e9e par la f\u00eate que par la comp\u00e9tition. Cet explosif attelage va alors se rendre en Croatie pour participer aux Gay Games, le plus grand rassemblement sportif homosexuel du monde. Le chemin parcouru sera l\u2019occasion pour Mathias de d\u00e9couvrir un univers d\u00e9cal\u00e9 qui va bousculer tous ses rep\u00e8res et lui permettre de revoir ses priorit\u00e9s dans la vie.<\/p>\n<\/div>\n<\/div>\n<\/div>\n<\/div>\n<\/div>\n<\/div>\n<\/div>\n<\/section>\n<section id=\"header7-ld\" class=\"header7 cid-rrB1lpwShK\">\n<div class=\"container\">\n<div class=\"media-container-row\">\n<div class=\"media-content align-right\">\n<h1 class=\"mbr-section-title mbr-white pb-3 mbr-fonts-style display-2\" style=\"text-align: center;\">Nicky Larson<br \/>\nPrivate eyes<\/h1>\n<p><img decoding=\"async\" class=\"aligncenter\" title=\"\" src=\"http:\/\/www.cinema-vagney.fr\/assets\/images\/34726021-412x615.jpg\" alt=\"Mobirise\" width=\"163\" height=\"244\" \/><\/p>\n<div class=\"mbr-section-text mbr-white pb-3\">\n<p class=\"mbr-text mbr-fonts-style display-7\"><strong><span style=\"color: #ff0000;\">Mercredi 19 \u00e0 15h<\/span><span style=\"color: #008000;\">\u00a0Cin\u00e9 Atelier<\/span><\/strong><br \/>\n<strong>et \u00a0\u00e0 <span style=\"color: #ff0000;\">20h30<\/span><\/strong><\/p>\n<p><span style=\"color: #008000;\"><strong>Atelier dessin manga anim\u00e9 par Manuel Villanueva, plus connu sous le pseudo de Manu&rsquo;Art, dessinateur de mangas et comics vosgien.<br \/>\n<\/strong>Inscription par mail \u00e0 cinemavagney@laposte.net (mentionner les nom, pr\u00e9nom et \u00e2ge des participants et un num\u00e9ro de t\u00e9l\u00e9phone). <\/span><br \/>\n<span style=\"color: #008000;\">Places limit\u00e9es pour l&rsquo;atelier gratuit &#8211; Film seul possible<\/span><\/p>\n<p>(1h 36min);\u00a0De Kenji Kodama<br \/>\nAvec Vincent Ropion, Dani\u00e8le Douet, Philippe Lacheau<br \/>\nGenres Animation, Action, Policier;\u00a0Nationalit\u00e9 Japonais<\/p>\n<\/div>\n<\/div>\n<div class=\"mbr-figure\"><span style=\"color: #008080;\"><em><strong>Synopsis<\/strong><\/em><\/span><\/div>\n<\/div>\n<\/div>\n<\/section>\n<section id=\"features11-le\" class=\"features11 cid-rrB1mnYnzc\">\n<div class=\"container\">\n<div class=\"col-md-12\">\n<div class=\"media-container-row\">\n<div class=\" align-left\">\n<div class=\"block-content\">\n<div class=\"card p-3 pr-3\">\n<div class=\"card-box\">\n<p class=\"block-text mbr-fonts-style display-7\">La plus iconique des d\u00e9tectives priv\u00e9s revient pour une nouvelle mission 20 ans apr\u00e8s.<\/p>\n<p>Nicky Larson : Private Eyes suit Nicky, cette fois contact\u00e9 par Iris Woods, une mannequin prise pour cible par de myst\u00e9rieux mercenaires, et qui pourrait bien \u00eatre la cl\u00e9 d\u2019une conspiration mena\u00e7ant toute la ville. Nicky et sa partenaire Laura sauront-ils prot\u00e9ger Iris et sauver Tokyo ?<\/p>\n<\/div>\n<\/div>\n<\/div>\n<\/div>\n<\/div>\n<\/div>\n<\/div>\n<\/section>\n<section id=\"header7-lf\" class=\"header7 cid-rrB3Q5GkVi\">\n<div class=\"container\">\n<div class=\"media-container-row\">\n<div class=\"media-content align-right\">\n<h1 class=\"mbr-section-title mbr-white pb-3 mbr-fonts-style display-2\" style=\"text-align: center;\">Piranhas<\/h1>\n<p><img decoding=\"async\" class=\"aligncenter\" title=\"\" src=\"http:\/\/www.cinema-vagney.fr\/assets\/images\/47413831-412x558.jpg\" alt=\"Mobirise\" width=\"157\" height=\"212\" \/><\/p>\n<div class=\"mbr-section-text mbr-white pb-3\">\n<p class=\"mbr-text mbr-fonts-style display-7\"><span style=\"color: #ff0000;\"><strong>Jeudi 20 \u00a0\u00e0 20h30<\/strong><\/span><strong><br \/>\n<\/strong><span style=\"color: #008000;\">\u00a0VOSTF<\/span><\/p>\n<p class=\"mbr-text mbr-fonts-style display-7\">(1h 52min);\u00a0De Claudio Giovannesi<br \/>\nAvec Francesco Di Napoli, Ar Tem, Alfredo Turitto<br \/>\nGenre Drame;\u00a0Nationalit\u00e9 Italien<\/p>\n<\/div>\n<\/div>\n<div class=\"mbr-figure\"><span style=\"color: #008080;\"><em><strong>Synopsis<\/strong><\/em><\/span><\/div>\n<\/div>\n<\/div>\n<\/section>\n<section id=\"features11-lg\" class=\"features11 cid-rrB3QTmkzg\">\n<div class=\"container\">\n<div class=\"col-md-12\">\n<div class=\"media-container-row\">\n<div class=\" align-left\">\n<div class=\"block-content\">\n<div class=\"card p-3 pr-3\">\n<div class=\"card-box\">\n<p class=\"block-text mbr-fonts-style display-7\"><span style=\"color: #ff0000;\">Interdit aux moins de 12 ans<\/span><br \/>\nNicola et ses amis ont entre dix et quinze ans. Ils se d\u00e9placent \u00e0 scooter, ils sont arm\u00e9s et fascin\u00e9s par la criminalit\u00e9. Ils ne craignent ni la prison ni la mort, seulement de mener une vie ordinaire comme leurs parents. Leurs mod\u00e8les : les parrains de la Camorra. Leurs valeurs : l\u2019argent et le pouvoir. Leurs r\u00e8gles : fr\u00e9quenter les bonnes personnes, trafiquer dans les bons endroits, et occuper la place laiss\u00e9e vacante par les anciens mafieux pour conqu\u00e9rir les quartiers de Naples, quel qu\u2019en soit le prix.<\/p>\n<p class=\"block-text mbr-fonts-style display-7\" style=\"text-align: center;\"><span style=\"color: #800080;\">\u2014\u2014\u2014\u2014\u2014\u2014\u2014\u2014\u2014\u2014-<\/span><\/p>\n<section id=\"features11-b8\" class=\"features11 cid-qQx9IjEte1\">\n<div class=\"container\">\n<div class=\"col-md-12\">\n<div class=\"media-container-row\">\n<div class=\" align-left\">\n<div class=\"block-content\">\n<div class=\"card p-3 pr-3\">\n<div class=\"card-box\">\n<p class=\"block-text mbr-fonts-style display-7\" style=\"text-align: center;\"><span style=\"color: #800080;\"><strong>Tarifs Cin\u00e9ma L\u2019Entr\u2019Actes<\/strong> : Normal : <strong>5\u20ac<\/strong> \/ R\u00e9duit, \u2013 de18ans,\u00a0\u00c9tudiant : <strong>4\u20ac<\/strong> \/ S\u00e9ance 3D : \u00a0<strong>+ 1\u00a0\u20ac. \u00a0.<\/strong><\/span><\/p>\n<p class=\"block-text mbr-fonts-style display-7\" style=\"text-align: center;\"><span style=\"color: #800080;\"><strong><img decoding=\"async\" class=\"\" src=\"http:\/\/geo.cine-market.fr\/bundles\/synacomcinemalocator\/images\/logov2_cinecheque.png\" alt=\"\" width=\"144\" height=\"54\" \/><img decoding=\"async\" class=\"\" src=\"https:\/\/www.vosges.fr\/Portals\/1\/xBlog\/uploads\/2018\/4\/24\/7242b8d5-b8ba-408c-b724-cf96cdb9c5b8.jpg\" alt=\"R\u00e9sultat de recherche d'images pour &quot;carte zap 2018&quot;\" width=\"67\" height=\"67\" \/><img decoding=\"async\" class=\"irc_mi\" src=\"https:\/\/www.cezam-auvergne.fr\/modules\/kameleon\/upload\/carte_cezam_2017_(1).jpg\" alt=\"R\u00e9sultat de recherche d'images pour &quot;logo carte cezam&quot;\" width=\"103\" height=\"65\" \/><\/strong><\/span><\/p>\n<p class=\"block-text mbr-fonts-style display-7\" style=\"text-align: center;\"><span style=\"color: #800080;\"><img decoding=\"async\" class=\"\" src=\"https:\/\/vosgesinfo.fr\/app\/uploads\/sites\/5\/2016\/12\/gie-carte-bancaire.jpeg\" alt=\"R\u00e9sultat de recherche d'images pour &quot;carte bancaire&quot;\" width=\"101\" height=\"109\" \/><\/span><\/p>\n<p class=\"block-text mbr-fonts-style display-7\" style=\"text-align: center;\"><span style=\"color: #800080;\">\u2014\u2014\u2014\u2014\u2014\u2014\u2014\u2014\u2014\u2014-<\/span><\/p>\n<p class=\"block-text mbr-fonts-style display-7\"><span style=\"color: #ff0000;\"><strong>Retrouvez le programme complet du mois\u00a0de mai\u00a0en format Image Jpeg :<\/strong><\/span><\/p>\n<p class=\"block-text mbr-fonts-style display-7\"><a href=\"\/2019\/06\/Screenshot_20190612-211802_Drive.jpg\"><img decoding=\"async\" class=\"size-medium wp-image-261647 aligncenter\" src=\"\/2019\/06\/Screenshot_20190612-211802_Drive-176x255.jpg\" alt=\"Screenshot_20190612-211802_Drive\" width=\"176\" height=\"255\" \/><\/a><\/p>\n<p><strong><span style=\"color: #ff0000;\">CARTE D\u2019ABONNEMENT<\/span> (renseignement en caisse)<\/strong><\/p>\n<p><strong><a href=\"\/2018\/06\/fly-carte-abonnement.jpg\"><img decoding=\"async\" class=\"size-medium wp-image-233878 aligncenter\" src=\"\/2018\/06\/fly-carte-abonnement-359x255.jpg\" alt=\"fly carte abonnement\" width=\"359\" height=\"255\" \/><\/a><\/strong><\/p>\n<div class=\"card p-3 pr-3\">\n<p class=\"block-text mbr-fonts-style display-7\"><span style=\"color: #ff0000;\">Site internet:<\/span>\u00a0<a href=\"http:\/\/www.cinema-vagney.fr\/\">http:\/\/www.cinema-vagney.fr\/<\/a><\/p>\n<p class=\"block-text mbr-fonts-style display-7\"><span style=\"color: #ff0000;\">Facebook:<\/span>\u00a0<a class=\"broken_link\" href=\"https:\/\/fr-fr.facebook.com\/Cin%C3%A9ma-Lentractes-de-VAGNEY-186434849771\/\" rel=\"nofollow\">https:\/\/fr-fr.facebook.com\/Cin%C3%A9ma-Lentractes-de-VAGNEY-186434849771\/<\/a><\/p>\n<p class=\"block-text mbr-fonts-style display-7\"><span style=\"color: #ff0000;\">Twitter:<\/span>\u00a0<a href=\"https:\/\/twitter.com\/cinemaVagney\">https:\/\/twitter.com\/cinemaVagney<\/a><\/p>\n<p class=\"block-text mbr-fonts-style display-7\"><span style=\"color: #ff0000;\">SnapChat :<\/span> cinemavagney\u00a0<a href=\"\/2018\/02\/20180103_0044581.jpg\"><img decoding=\"async\" class=\"alignnone wp-image-220378\" src=\"\/2018\/02\/20180103_0044581-214x255.jpg\" alt=\"20180103_004458\" width=\"86\" height=\"102\" \/><\/a><\/p>\n<p class=\"block-text mbr-fonts-style display-7\">\n<\/div>\n<p class=\"block-text mbr-fonts-style display-7\"><strong><em>-Yann.C-<\/em><\/strong><\/p>\n<\/div>\n<\/div>\n<\/div>\n<\/div>\n<\/div>\n<\/div>\n<\/div>\n<\/section>\n<\/div>\n<\/div>\n<\/div>\n<\/div>\n<\/div>\n<\/div>\n<\/div>\n<\/section>\n","protected":false},"excerpt":{"rendered":"<p>Nous finirons ensemble Dimanche 16 \u00e0\u00a020h30 Lundi 24 \u00e0 20h30 \u00a0(2h 15min);\u00a0De Guillaume Canet Avec Fran\u00e7ois Cluzet, Marion Cotillard, Gilles [&hellip;]<\/p>\n","protected":false},"author":272,"featured_media":15978,"comment_status":"open","ping_status":"open","sticky":false,"template":"","format":"standard","meta":{"footnotes":""},"categories":[4,25,36],"tags":[],"class_list":["post-15977","post","type-post","status-publish","format-standard","has-post-thumbnail","hentry","category-culture","category-la-bresse-son-canton","category-vagney"],"acf":[],"yoast_head":"<!-- This site is optimized with the Yoast SEO plugin v22.5 - https:\/\/yoast.com\/wordpress\/plugins\/seo\/ -->\n<title>Vagney : le programme du cin\u00e9ma l\u2019Entr\u2019Actes du 16 au 23 juin - Remiremont Info<\/title>\n<meta name=\"robots\" content=\"index, follow, max-snippet:-1, max-image-preview:large, max-video-preview:-1\" \/>\n<link rel=\"canonical\" href=\"https:\/\/vosgesinfo.fr\/remiremontinfo\/2019\/06\/vagney-programme-cinema-lentractes-16-23-juin\/\" \/>\n<meta name=\"twitter:card\" content=\"summary_large_image\" \/>\n<meta name=\"twitter:title\" content=\"Vagney : le programme du cin\u00e9ma l\u2019Entr\u2019Actes du 16 au 23 juin - Remiremont Info\" \/>\n<meta name=\"twitter:description\" content=\"Nous finirons ensemble Dimanche 16 \u00e0\u00a020h30 Lundi 24 \u00e0 20h30 \u00a0(2h 15min);\u00a0De Guillaume Canet Avec Fran\u00e7ois Cluzet, Marion Cotillard, Gilles [&hellip;]\" \/>\n<meta name=\"twitter:image\" content=\"https:\/\/vosgesinfo.fr\/app\/uploads\/sites\/5\/2024\/09\/201803cinema2-17.jpg\" \/>\n<meta name=\"twitter:creator\" content=\"@VosgesInfo88\" \/>\n<meta name=\"twitter:site\" content=\"@VosgesInfo88\" \/>\n<meta name=\"twitter:label1\" content=\"\u00c9crit par\" \/>\n\t<meta name=\"twitter:data1\" content=\"cinemavagney\" \/>\n\t<meta name=\"twitter:label2\" content=\"Dur\u00e9e de lecture estim\u00e9e\" \/>\n\t<meta name=\"twitter:data2\" content=\"3 minutes\" \/>\n<script type=\"application\/ld+json\" class=\"yoast-schema-graph\">{\"@context\":\"https:\/\/schema.org\",\"@graph\":[{\"@type\":\"Article\",\"@id\":\"https:\/\/vosgesinfo.fr\/remiremontinfo\/2019\/06\/vagney-programme-cinema-lentractes-16-23-juin\/#article\",\"isPartOf\":{\"@id\":\"https:\/\/vosgesinfo.fr\/remiremontinfo\/2019\/06\/vagney-programme-cinema-lentractes-16-23-juin\/\"},\"author\":{\"name\":\"cinemavagney\",\"@id\":\"https:\/\/vosgesinfo.fr\/remiremontinfo\/#\/schema\/person\/865f8c711468b81237613764bdab66e7\"},\"headline\":\"Vagney : le programme du cin\u00e9ma l\u2019Entr\u2019Actes du 16 au 23 juin\",\"datePublished\":\"2019-06-16T03:55:20+00:00\",\"dateModified\":\"2019-06-16T03:55:20+00:00\",\"mainEntityOfPage\":{\"@id\":\"https:\/\/vosgesinfo.fr\/remiremontinfo\/2019\/06\/vagney-programme-cinema-lentractes-16-23-juin\/\"},\"wordCount\":622,\"commentCount\":0,\"publisher\":{\"@id\":\"https:\/\/vosgesinfo.fr\/remiremontinfo\/#organization\"},\"image\":{\"@id\":\"https:\/\/vosgesinfo.fr\/remiremontinfo\/2019\/06\/vagney-programme-cinema-lentractes-16-23-juin\/#primaryimage\"},\"thumbnailUrl\":\"https:\/\/vosgesinfo.fr\/app\/uploads\/sites\/5\/2024\/09\/201803cinema2-17.jpg\",\"articleSection\":[\"Culture\",\"La Bresse &amp; son canton\",\"Vagney\"],\"inLanguage\":\"fr-FR\",\"potentialAction\":[{\"@type\":\"CommentAction\",\"name\":\"Comment\",\"target\":[\"https:\/\/vosgesinfo.fr\/remiremontinfo\/2019\/06\/vagney-programme-cinema-lentractes-16-23-juin\/#respond\"]}]},{\"@type\":\"WebPage\",\"@id\":\"https:\/\/vosgesinfo.fr\/remiremontinfo\/2019\/06\/vagney-programme-cinema-lentractes-16-23-juin\/\",\"url\":\"https:\/\/vosgesinfo.fr\/remiremontinfo\/2019\/06\/vagney-programme-cinema-lentractes-16-23-juin\/\",\"name\":\"Vagney : le programme du cin\u00e9ma l\u2019Entr\u2019Actes du 16 au 23 juin - Remiremont Info\",\"isPartOf\":{\"@id\":\"https:\/\/vosgesinfo.fr\/remiremontinfo\/#website\"},\"primaryImageOfPage\":{\"@id\":\"https:\/\/vosgesinfo.fr\/remiremontinfo\/2019\/06\/vagney-programme-cinema-lentractes-16-23-juin\/#primaryimage\"},\"image\":{\"@id\":\"https:\/\/vosgesinfo.fr\/remiremontinfo\/2019\/06\/vagney-programme-cinema-lentractes-16-23-juin\/#primaryimage\"},\"thumbnailUrl\":\"https:\/\/vosgesinfo.fr\/app\/uploads\/sites\/5\/2024\/09\/201803cinema2-17.jpg\",\"datePublished\":\"2019-06-16T03:55:20+00:00\",\"dateModified\":\"2019-06-16T03:55:20+00:00\",\"breadcrumb\":{\"@id\":\"https:\/\/vosgesinfo.fr\/remiremontinfo\/2019\/06\/vagney-programme-cinema-lentractes-16-23-juin\/#breadcrumb\"},\"inLanguage\":\"fr-FR\",\"potentialAction\":[{\"@type\":\"ReadAction\",\"target\":[\"https:\/\/vosgesinfo.fr\/remiremontinfo\/2019\/06\/vagney-programme-cinema-lentractes-16-23-juin\/\"]}]},{\"@type\":\"ImageObject\",\"inLanguage\":\"fr-FR\",\"@id\":\"https:\/\/vosgesinfo.fr\/remiremontinfo\/2019\/06\/vagney-programme-cinema-lentractes-16-23-juin\/#primaryimage\",\"url\":\"https:\/\/vosgesinfo.fr\/app\/uploads\/sites\/5\/2024\/09\/201803cinema2-17.jpg\",\"contentUrl\":\"https:\/\/vosgesinfo.fr\/app\/uploads\/sites\/5\/2024\/09\/201803cinema2-17.jpg\",\"width\":1656,\"height\":1117},{\"@type\":\"BreadcrumbList\",\"@id\":\"https:\/\/vosgesinfo.fr\/remiremontinfo\/2019\/06\/vagney-programme-cinema-lentractes-16-23-juin\/#breadcrumb\",\"itemListElement\":[{\"@type\":\"ListItem\",\"position\":1,\"name\":\"Home\",\"item\":\"https:\/\/vosgesinfo.fr\/remiremontinfo\/\"},{\"@type\":\"ListItem\",\"position\":2,\"name\":\"Vagney : le programme du cin\u00e9ma l\u2019Entr\u2019Actes du 16 au 23 juin\"}]},{\"@type\":\"WebSite\",\"@id\":\"https:\/\/vosgesinfo.fr\/remiremontinfo\/#website\",\"url\":\"https:\/\/vosgesinfo.fr\/remiremontinfo\/\",\"name\":\"Remiremont Info\",\"description\":\"Toute l&#039;actualit\u00e9 de Remiremont\",\"publisher\":{\"@id\":\"https:\/\/vosgesinfo.fr\/remiremontinfo\/#organization\"},\"alternateName\":\"Toute l'actualit\u00e9 de Remiremont\",\"potentialAction\":[{\"@type\":\"SearchAction\",\"target\":{\"@type\":\"EntryPoint\",\"urlTemplate\":\"https:\/\/vosgesinfo.fr\/remiremontinfo\/?s={search_term_string}\"},\"query-input\":\"required name=search_term_string\"}],\"inLanguage\":\"fr-FR\"},{\"@type\":\"Organization\",\"@id\":\"https:\/\/vosgesinfo.fr\/remiremontinfo\/#organization\",\"name\":\"Remiremont Info\",\"url\":\"https:\/\/vosgesinfo.fr\/remiremontinfo\/\",\"logo\":{\"@type\":\"ImageObject\",\"inLanguage\":\"fr-FR\",\"@id\":\"https:\/\/vosgesinfo.fr\/remiremontinfo\/#\/schema\/logo\/image\/\",\"url\":\"https:\/\/vosgesinfo.fr\/app\/uploads\/sites\/5\/2023\/08\/favicon-remiremontinfo.png\",\"contentUrl\":\"https:\/\/vosgesinfo.fr\/app\/uploads\/sites\/5\/2023\/08\/favicon-remiremontinfo.png\",\"width\":512,\"height\":512,\"caption\":\"Remiremont Info\"},\"image\":{\"@id\":\"https:\/\/vosgesinfo.fr\/remiremontinfo\/#\/schema\/logo\/image\/\"},\"sameAs\":[\"https:\/\/www.facebook.com\/remiremontinfo\",\"https:\/\/x.com\/VosgesInfo88\",\"https:\/\/www.youtube.com\/@vosgesinfo\"]},{\"@type\":\"Person\",\"@id\":\"https:\/\/vosgesinfo.fr\/remiremontinfo\/#\/schema\/person\/865f8c711468b81237613764bdab66e7\",\"name\":\"cinemavagney\",\"image\":{\"@type\":\"ImageObject\",\"inLanguage\":\"fr-FR\",\"@id\":\"https:\/\/vosgesinfo.fr\/remiremontinfo\/#\/schema\/person\/image\/\",\"url\":\"https:\/\/secure.gravatar.com\/avatar\/af843eff690e434be300227f0bd39478b841e9734f6d4b9d40bb723f10ed2948?s=96&d=mm&r=g\",\"contentUrl\":\"https:\/\/secure.gravatar.com\/avatar\/af843eff690e434be300227f0bd39478b841e9734f6d4b9d40bb723f10ed2948?s=96&d=mm&r=g\",\"caption\":\"cinemavagney\"},\"description\":\"Cin\u00e9ma de Vagney Place de la Lib\u00e9ration 88120 VAGNEY Association Vagney-Loisirs\",\"url\":\"https:\/\/vosgesinfo.fr\/remiremontinfo\/author\/cinemavagney\/\"}]}<\/script>\n<!-- \/ Yoast SEO plugin. -->","yoast_head_json":{"title":"Vagney : le programme du cin\u00e9ma l\u2019Entr\u2019Actes du 16 au 23 juin - Remiremont Info","robots":{"index":"index","follow":"follow","max-snippet":"max-snippet:-1","max-image-preview":"max-image-preview:large","max-video-preview":"max-video-preview:-1"},"canonical":"https:\/\/vosgesinfo.fr\/remiremontinfo\/2019\/06\/vagney-programme-cinema-lentractes-16-23-juin\/","twitter_card":"summary_large_image","twitter_title":"Vagney : le programme du cin\u00e9ma l\u2019Entr\u2019Actes du 16 au 23 juin - Remiremont Info","twitter_description":"Nous finirons ensemble Dimanche 16 \u00e0\u00a020h30 Lundi 24 \u00e0 20h30 \u00a0(2h 15min);\u00a0De Guillaume Canet Avec Fran\u00e7ois Cluzet, Marion Cotillard, Gilles [&hellip;]","twitter_image":"https:\/\/vosgesinfo.fr\/app\/uploads\/sites\/5\/2024\/09\/201803cinema2-17.jpg","twitter_creator":"@VosgesInfo88","twitter_site":"@VosgesInfo88","twitter_misc":{"\u00c9crit par":"cinemavagney","Dur\u00e9e de lecture estim\u00e9e":"3 minutes"},"schema":{"@context":"https:\/\/schema.org","@graph":[{"@type":"Article","@id":"https:\/\/vosgesinfo.fr\/remiremontinfo\/2019\/06\/vagney-programme-cinema-lentractes-16-23-juin\/#article","isPartOf":{"@id":"https:\/\/vosgesinfo.fr\/remiremontinfo\/2019\/06\/vagney-programme-cinema-lentractes-16-23-juin\/"},"author":{"name":"cinemavagney","@id":"https:\/\/vosgesinfo.fr\/remiremontinfo\/#\/schema\/person\/865f8c711468b81237613764bdab66e7"},"headline":"Vagney : le programme du cin\u00e9ma l\u2019Entr\u2019Actes du 16 au 23 juin","datePublished":"2019-06-16T03:55:20+00:00","dateModified":"2019-06-16T03:55:20+00:00","mainEntityOfPage":{"@id":"https:\/\/vosgesinfo.fr\/remiremontinfo\/2019\/06\/vagney-programme-cinema-lentractes-16-23-juin\/"},"wordCount":622,"commentCount":0,"publisher":{"@id":"https:\/\/vosgesinfo.fr\/remiremontinfo\/#organization"},"image":{"@id":"https:\/\/vosgesinfo.fr\/remiremontinfo\/2019\/06\/vagney-programme-cinema-lentractes-16-23-juin\/#primaryimage"},"thumbnailUrl":"https:\/\/vosgesinfo.fr\/app\/uploads\/sites\/5\/2024\/09\/201803cinema2-17.jpg","articleSection":["Culture","La Bresse &amp; son canton","Vagney"],"inLanguage":"fr-FR","potentialAction":[{"@type":"CommentAction","name":"Comment","target":["https:\/\/vosgesinfo.fr\/remiremontinfo\/2019\/06\/vagney-programme-cinema-lentractes-16-23-juin\/#respond"]}]},{"@type":"WebPage","@id":"https:\/\/vosgesinfo.fr\/remiremontinfo\/2019\/06\/vagney-programme-cinema-lentractes-16-23-juin\/","url":"https:\/\/vosgesinfo.fr\/remiremontinfo\/2019\/06\/vagney-programme-cinema-lentractes-16-23-juin\/","name":"Vagney : le programme du cin\u00e9ma l\u2019Entr\u2019Actes du 16 au 23 juin - Remiremont Info","isPartOf":{"@id":"https:\/\/vosgesinfo.fr\/remiremontinfo\/#website"},"primaryImageOfPage":{"@id":"https:\/\/vosgesinfo.fr\/remiremontinfo\/2019\/06\/vagney-programme-cinema-lentractes-16-23-juin\/#primaryimage"},"image":{"@id":"https:\/\/vosgesinfo.fr\/remiremontinfo\/2019\/06\/vagney-programme-cinema-lentractes-16-23-juin\/#primaryimage"},"thumbnailUrl":"https:\/\/vosgesinfo.fr\/app\/uploads\/sites\/5\/2024\/09\/201803cinema2-17.jpg","datePublished":"2019-06-16T03:55:20+00:00","dateModified":"2019-06-16T03:55:20+00:00","breadcrumb":{"@id":"https:\/\/vosgesinfo.fr\/remiremontinfo\/2019\/06\/vagney-programme-cinema-lentractes-16-23-juin\/#breadcrumb"},"inLanguage":"fr-FR","potentialAction":[{"@type":"ReadAction","target":["https:\/\/vosgesinfo.fr\/remiremontinfo\/2019\/06\/vagney-programme-cinema-lentractes-16-23-juin\/"]}]},{"@type":"ImageObject","inLanguage":"fr-FR","@id":"https:\/\/vosgesinfo.fr\/remiremontinfo\/2019\/06\/vagney-programme-cinema-lentractes-16-23-juin\/#primaryimage","url":"https:\/\/vosgesinfo.fr\/app\/uploads\/sites\/5\/2024\/09\/201803cinema2-17.jpg","contentUrl":"https:\/\/vosgesinfo.fr\/app\/uploads\/sites\/5\/2024\/09\/201803cinema2-17.jpg","width":1656,"height":1117},{"@type":"BreadcrumbList","@id":"https:\/\/vosgesinfo.fr\/remiremontinfo\/2019\/06\/vagney-programme-cinema-lentractes-16-23-juin\/#breadcrumb","itemListElement":[{"@type":"ListItem","position":1,"name":"Home","item":"https:\/\/vosgesinfo.fr\/remiremontinfo\/"},{"@type":"ListItem","position":2,"name":"Vagney : le programme du cin\u00e9ma l\u2019Entr\u2019Actes du 16 au 23 juin"}]},{"@type":"WebSite","@id":"https:\/\/vosgesinfo.fr\/remiremontinfo\/#website","url":"https:\/\/vosgesinfo.fr\/remiremontinfo\/","name":"Remiremont Info","description":"Toute l&#039;actualit\u00e9 de Remiremont","publisher":{"@id":"https:\/\/vosgesinfo.fr\/remiremontinfo\/#organization"},"alternateName":"Toute l'actualit\u00e9 de Remiremont","potentialAction":[{"@type":"SearchAction","target":{"@type":"EntryPoint","urlTemplate":"https:\/\/vosgesinfo.fr\/remiremontinfo\/?s={search_term_string}"},"query-input":"required name=search_term_string"}],"inLanguage":"fr-FR"},{"@type":"Organization","@id":"https:\/\/vosgesinfo.fr\/remiremontinfo\/#organization","name":"Remiremont Info","url":"https:\/\/vosgesinfo.fr\/remiremontinfo\/","logo":{"@type":"ImageObject","inLanguage":"fr-FR","@id":"https:\/\/vosgesinfo.fr\/remiremontinfo\/#\/schema\/logo\/image\/","url":"https:\/\/vosgesinfo.fr\/app\/uploads\/sites\/5\/2023\/08\/favicon-remiremontinfo.png","contentUrl":"https:\/\/vosgesinfo.fr\/app\/uploads\/sites\/5\/2023\/08\/favicon-remiremontinfo.png","width":512,"height":512,"caption":"Remiremont Info"},"image":{"@id":"https:\/\/vosgesinfo.fr\/remiremontinfo\/#\/schema\/logo\/image\/"},"sameAs":["https:\/\/www.facebook.com\/remiremontinfo","https:\/\/x.com\/VosgesInfo88","https:\/\/www.youtube.com\/@vosgesinfo"]},{"@type":"Person","@id":"https:\/\/vosgesinfo.fr\/remiremontinfo\/#\/schema\/person\/865f8c711468b81237613764bdab66e7","name":"cinemavagney","image":{"@type":"ImageObject","inLanguage":"fr-FR","@id":"https:\/\/vosgesinfo.fr\/remiremontinfo\/#\/schema\/person\/image\/","url":"https:\/\/secure.gravatar.com\/avatar\/af843eff690e434be300227f0bd39478b841e9734f6d4b9d40bb723f10ed2948?s=96&d=mm&r=g","contentUrl":"https:\/\/secure.gravatar.com\/avatar\/af843eff690e434be300227f0bd39478b841e9734f6d4b9d40bb723f10ed2948?s=96&d=mm&r=g","caption":"cinemavagney"},"description":"Cin\u00e9ma de Vagney Place de la Lib\u00e9ration 88120 VAGNEY Association Vagney-Loisirs","url":"https:\/\/vosgesinfo.fr\/remiremontinfo\/author\/cinemavagney\/"}]}},"_links":{"self":[{"href":"https:\/\/vosgesinfo.fr\/remiremontinfo\/wp-json\/wp\/v2\/posts\/15977","targetHints":{"allow":["GET"]}}],"collection":[{"href":"https:\/\/vosgesinfo.fr\/remiremontinfo\/wp-json\/wp\/v2\/posts"}],"about":[{"href":"https:\/\/vosgesinfo.fr\/remiremontinfo\/wp-json\/wp\/v2\/types\/post"}],"author":[{"embeddable":true,"href":"https:\/\/vosgesinfo.fr\/remiremontinfo\/wp-json\/wp\/v2\/users\/272"}],"replies":[{"embeddable":true,"href":"https:\/\/vosgesinfo.fr\/remiremontinfo\/wp-json\/wp\/v2\/comments?post=15977"}],"version-history":[{"count":0,"href":"https:\/\/vosgesinfo.fr\/remiremontinfo\/wp-json\/wp\/v2\/posts\/15977\/revisions"}],"wp:featuredmedia":[{"embeddable":true,"href":"https:\/\/vosgesinfo.fr\/remiremontinfo\/wp-json\/wp\/v2\/media\/15978"}],"wp:attachment":[{"href":"https:\/\/vosgesinfo.fr\/remiremontinfo\/wp-json\/wp\/v2\/media?parent=15977"}],"wp:term":[{"taxonomy":"category","embeddable":true,"href":"https:\/\/vosgesinfo.fr\/remiremontinfo\/wp-json\/wp\/v2\/categories?post=15977"},{"taxonomy":"post_tag","embeddable":true,"href":"https:\/\/vosgesinfo.fr\/remiremontinfo\/wp-json\/wp\/v2\/tags?post=15977"}],"curies":[{"name":"wp","href":"https:\/\/api.w.org\/{rel}","templated":true}]}}