{"id":1619,"date":"2023-10-01T14:13:44","date_gmt":"2023-10-01T12:13:44","guid":{"rendered":"https:\/\/vosgesinfo.fr\/remiremontinfo\/2023\/10\/france-services-souvre-au-public\/"},"modified":"2023-10-01T14:13:44","modified_gmt":"2023-10-01T12:13:44","slug":"france-services-souvre-au-public","status":"publish","type":"post","link":"https:\/\/vosgesinfo.fr\/remiremontinfo\/2023\/10\/france-services-souvre-au-public\/","title":{"rendered":"France-Services s&rsquo;ouvre au public"},"content":{"rendered":"<p>France Services du Pays de Remiremont ouvre ses portes \u00e0 tous les publics du 2 au 13 octobre 2023. L\u2019\u00e9v\u00e8nement s\u2019articulera autour de temps de rencontres, d\u2019\u00e9changes et<a href=\"https:\/\/remiremontinfo.fr\/wp-content\/uploads\/2023\/10\/logo-France-Services-en-png-002.png\"><img decoding=\"async\" class=\"alignright size-medium wp-image-377390\" src=\"https:\/\/vosgesinfo.fr\/app\/uploads\/sites\/5\/2023\/10\/logo-france-services-en-png-002.png\" alt=\"logo-France-Services-en-png-002\" width=\"255\" height=\"255\" \/><\/a> d\u2019ateliers th\u00e9matiques sur la sant\u00e9, les d\u00e9marches administratives, l\u2019utilisation du num\u00e9rique ou encore l\u2019habitat. Et parce que la pr\u00e9occupation des usagers est au c\u0153ur de la manifestation, les animateurs iront \u00e9galement \u00e0 leur rencontre, au march\u00e9 de Remiremont, le mardi 3 octobre.<\/p>\n","protected":false},"excerpt":{"rendered":"<p>France Services du Pays de Remiremont ouvre ses portes \u00e0 tous les publics du 2 au 13 octobre 2023. L\u2019\u00e9v\u00e8nement [&hellip;]<\/p>\n","protected":false},"author":412,"featured_media":1618,"comment_status":"open","ping_status":"open","sticky":false,"template":"","format":"standard","meta":{"footnotes":""},"categories":[26,43,35,13,18],"tags":[113,240,44,32],"class_list":["post-1619","post","type-post","status-publish","format-standard","has-post-thumbnail","hentry","category-a-la-une","category-remiremont-remiremont-son-canton","category-remiremont-son-canton","category-societe","category-vosges","tag-breves","tag-demarches-administratives","tag-remiremont","tag-vosges"],"acf":[],"yoast_head":"<!-- This site is optimized with the Yoast SEO plugin v22.5 - https:\/\/yoast.com\/wordpress\/plugins\/seo\/ -->\n<title>France-Services s&#039;ouvre au public - Remiremont Info<\/title>\n<meta name=\"robots\" content=\"index, follow, max-snippet:-1, max-image-preview:large, max-video-preview:-1\" \/>\n<link rel=\"canonical\" href=\"https:\/\/vosgesinfo.fr\/remiremontinfo\/2023\/10\/france-services-souvre-au-public\/\" \/>\n<meta name=\"twitter:card\" content=\"summary_large_image\" \/>\n<meta name=\"twitter:title\" content=\"France-Services s&#039;ouvre au public - Remiremont Info\" \/>\n<meta name=\"twitter:description\" content=\"France Services du Pays de Remiremont ouvre ses portes \u00e0 tous les publics du 2 au 13 octobre 2023. L\u2019\u00e9v\u00e8nement [&hellip;]\" \/>\n<meta name=\"twitter:image\" content=\"https:\/\/vosgesinfo.fr\/app\/uploads\/sites\/5\/2023\/10\/logo-france-services-en-png-002.png\" \/>\n<meta name=\"twitter:creator\" content=\"@VosgesInfo88\" \/>\n<meta name=\"twitter:site\" content=\"@VosgesInfo88\" \/>\n<meta name=\"twitter:label1\" content=\"\u00c9crit par\" \/>\n\t<meta name=\"twitter:data1\" content=\"Stany Maurice\" \/>\n<script type=\"application\/ld+json\" class=\"yoast-schema-graph\">{\"@context\":\"https:\/\/schema.org\",\"@graph\":[{\"@type\":\"Article\",\"@id\":\"https:\/\/vosgesinfo.fr\/remiremontinfo\/2023\/10\/france-services-souvre-au-public\/#article\",\"isPartOf\":{\"@id\":\"https:\/\/vosgesinfo.fr\/remiremontinfo\/2023\/10\/france-services-souvre-au-public\/\"},\"author\":{\"name\":\"Stany Maurice\",\"@id\":\"https:\/\/vosgesinfo.fr\/remiremontinfo\/#\/schema\/person\/bec388675ce53b5a637aec04392f977e\"},\"headline\":\"France-Services s&rsquo;ouvre au public\",\"datePublished\":\"2023-10-01T12:13:44+00:00\",\"dateModified\":\"2023-10-01T12:13:44+00:00\",\"mainEntityOfPage\":{\"@id\":\"https:\/\/vosgesinfo.fr\/remiremontinfo\/2023\/10\/france-services-souvre-au-public\/\"},\"wordCount\":81,\"commentCount\":0,\"publisher\":{\"@id\":\"https:\/\/vosgesinfo.fr\/remiremontinfo\/#organization\"},\"image\":{\"@id\":\"https:\/\/vosgesinfo.fr\/remiremontinfo\/2023\/10\/france-services-souvre-au-public\/#primaryimage\"},\"thumbnailUrl\":\"https:\/\/vosgesinfo.fr\/app\/uploads\/sites\/5\/2023\/10\/logo-france-services-en-png-002.png\",\"keywords\":[\"br\u00eaves\",\"Demarches administratives\",\"remiremont\",\"Vosges\"],\"articleSection\":[\"A la Une\",\"Remiremont\",\"Remiremont &amp; son canton\",\"Soci\u00e9t\u00e9\",\"Vosges\"],\"inLanguage\":\"fr-FR\",\"potentialAction\":[{\"@type\":\"CommentAction\",\"name\":\"Comment\",\"target\":[\"https:\/\/vosgesinfo.fr\/remiremontinfo\/2023\/10\/france-services-souvre-au-public\/#respond\"]}]},{\"@type\":\"WebPage\",\"@id\":\"https:\/\/vosgesinfo.fr\/remiremontinfo\/2023\/10\/france-services-souvre-au-public\/\",\"url\":\"https:\/\/vosgesinfo.fr\/remiremontinfo\/2023\/10\/france-services-souvre-au-public\/\",\"name\":\"France-Services s'ouvre au public - Remiremont Info\",\"isPartOf\":{\"@id\":\"https:\/\/vosgesinfo.fr\/remiremontinfo\/#website\"},\"primaryImageOfPage\":{\"@id\":\"https:\/\/vosgesinfo.fr\/remiremontinfo\/2023\/10\/france-services-souvre-au-public\/#primaryimage\"},\"image\":{\"@id\":\"https:\/\/vosgesinfo.fr\/remiremontinfo\/2023\/10\/france-services-souvre-au-public\/#primaryimage\"},\"thumbnailUrl\":\"https:\/\/vosgesinfo.fr\/app\/uploads\/sites\/5\/2023\/10\/logo-france-services-en-png-002.png\",\"datePublished\":\"2023-10-01T12:13:44+00:00\",\"dateModified\":\"2023-10-01T12:13:44+00:00\",\"breadcrumb\":{\"@id\":\"https:\/\/vosgesinfo.fr\/remiremontinfo\/2023\/10\/france-services-souvre-au-public\/#breadcrumb\"},\"inLanguage\":\"fr-FR\",\"potentialAction\":[{\"@type\":\"ReadAction\",\"target\":[\"https:\/\/vosgesinfo.fr\/remiremontinfo\/2023\/10\/france-services-souvre-au-public\/\"]}]},{\"@type\":\"ImageObject\",\"inLanguage\":\"fr-FR\",\"@id\":\"https:\/\/vosgesinfo.fr\/remiremontinfo\/2023\/10\/france-services-souvre-au-public\/#primaryimage\",\"url\":\"https:\/\/vosgesinfo.fr\/app\/uploads\/sites\/5\/2023\/10\/logo-france-services-en-png-002.png\",\"contentUrl\":\"https:\/\/vosgesinfo.fr\/app\/uploads\/sites\/5\/2023\/10\/logo-france-services-en-png-002.png\",\"width\":793,\"height\":793},{\"@type\":\"BreadcrumbList\",\"@id\":\"https:\/\/vosgesinfo.fr\/remiremontinfo\/2023\/10\/france-services-souvre-au-public\/#breadcrumb\",\"itemListElement\":[{\"@type\":\"ListItem\",\"position\":1,\"name\":\"Home\",\"item\":\"https:\/\/vosgesinfo.fr\/remiremontinfo\/\"},{\"@type\":\"ListItem\",\"position\":2,\"name\":\"France-Services s&rsquo;ouvre au public\"}]},{\"@type\":\"WebSite\",\"@id\":\"https:\/\/vosgesinfo.fr\/remiremontinfo\/#website\",\"url\":\"https:\/\/vosgesinfo.fr\/remiremontinfo\/\",\"name\":\"Remiremont Info\",\"description\":\"Toute l&#039;actualit\u00e9 de Remiremont\",\"publisher\":{\"@id\":\"https:\/\/vosgesinfo.fr\/remiremontinfo\/#organization\"},\"alternateName\":\"Toute l'actualit\u00e9 de Remiremont\",\"potentialAction\":[{\"@type\":\"SearchAction\",\"target\":{\"@type\":\"EntryPoint\",\"urlTemplate\":\"https:\/\/vosgesinfo.fr\/remiremontinfo\/?s={search_term_string}\"},\"query-input\":\"required name=search_term_string\"}],\"inLanguage\":\"fr-FR\"},{\"@type\":\"Organization\",\"@id\":\"https:\/\/vosgesinfo.fr\/remiremontinfo\/#organization\",\"name\":\"Remiremont Info\",\"url\":\"https:\/\/vosgesinfo.fr\/remiremontinfo\/\",\"logo\":{\"@type\":\"ImageObject\",\"inLanguage\":\"fr-FR\",\"@id\":\"https:\/\/vosgesinfo.fr\/remiremontinfo\/#\/schema\/logo\/image\/\",\"url\":\"https:\/\/vosgesinfo.fr\/app\/uploads\/sites\/5\/2023\/08\/favicon-remiremontinfo.png\",\"contentUrl\":\"https:\/\/vosgesinfo.fr\/app\/uploads\/sites\/5\/2023\/08\/favicon-remiremontinfo.png\",\"width\":512,\"height\":512,\"caption\":\"Remiremont Info\"},\"image\":{\"@id\":\"https:\/\/vosgesinfo.fr\/remiremontinfo\/#\/schema\/logo\/image\/\"},\"sameAs\":[\"https:\/\/www.facebook.com\/remiremontinfo\",\"https:\/\/x.com\/VosgesInfo88\",\"https:\/\/www.youtube.com\/@vosgesinfo\"]},{\"@type\":\"Person\",\"@id\":\"https:\/\/vosgesinfo.fr\/remiremontinfo\/#\/schema\/person\/bec388675ce53b5a637aec04392f977e\",\"name\":\"Stany Maurice\",\"image\":{\"@type\":\"ImageObject\",\"inLanguage\":\"fr-FR\",\"@id\":\"https:\/\/vosgesinfo.fr\/remiremontinfo\/#\/schema\/person\/image\/\",\"url\":\"https:\/\/secure.gravatar.com\/avatar\/68520b0c74251371bd10958bd19c3ce39a212093b8fff0dc3edbfcfddd089807?s=96&d=mm&r=g\",\"contentUrl\":\"https:\/\/secure.gravatar.com\/avatar\/68520b0c74251371bd10958bd19c3ce39a212093b8fff0dc3edbfcfddd089807?s=96&d=mm&r=g\",\"caption\":\"Stany Maurice\"},\"url\":\"https:\/\/vosgesinfo.fr\/remiremontinfo\/author\/s-maurice\/\"}]}<\/script>\n<!-- \/ Yoast SEO plugin. -->","yoast_head_json":{"title":"France-Services s'ouvre au public - Remiremont Info","robots":{"index":"index","follow":"follow","max-snippet":"max-snippet:-1","max-image-preview":"max-image-preview:large","max-video-preview":"max-video-preview:-1"},"canonical":"https:\/\/vosgesinfo.fr\/remiremontinfo\/2023\/10\/france-services-souvre-au-public\/","twitter_card":"summary_large_image","twitter_title":"France-Services s'ouvre au public - Remiremont Info","twitter_description":"France Services du Pays de Remiremont ouvre ses portes \u00e0 tous les publics du 2 au 13 octobre 2023. L\u2019\u00e9v\u00e8nement [&hellip;]","twitter_image":"https:\/\/vosgesinfo.fr\/app\/uploads\/sites\/5\/2023\/10\/logo-france-services-en-png-002.png","twitter_creator":"@VosgesInfo88","twitter_site":"@VosgesInfo88","twitter_misc":{"\u00c9crit par":"Stany Maurice"},"schema":{"@context":"https:\/\/schema.org","@graph":[{"@type":"Article","@id":"https:\/\/vosgesinfo.fr\/remiremontinfo\/2023\/10\/france-services-souvre-au-public\/#article","isPartOf":{"@id":"https:\/\/vosgesinfo.fr\/remiremontinfo\/2023\/10\/france-services-souvre-au-public\/"},"author":{"name":"Stany Maurice","@id":"https:\/\/vosgesinfo.fr\/remiremontinfo\/#\/schema\/person\/bec388675ce53b5a637aec04392f977e"},"headline":"France-Services s&rsquo;ouvre au public","datePublished":"2023-10-01T12:13:44+00:00","dateModified":"2023-10-01T12:13:44+00:00","mainEntityOfPage":{"@id":"https:\/\/vosgesinfo.fr\/remiremontinfo\/2023\/10\/france-services-souvre-au-public\/"},"wordCount":81,"commentCount":0,"publisher":{"@id":"https:\/\/vosgesinfo.fr\/remiremontinfo\/#organization"},"image":{"@id":"https:\/\/vosgesinfo.fr\/remiremontinfo\/2023\/10\/france-services-souvre-au-public\/#primaryimage"},"thumbnailUrl":"https:\/\/vosgesinfo.fr\/app\/uploads\/sites\/5\/2023\/10\/logo-france-services-en-png-002.png","keywords":["br\u00eaves","Demarches administratives","remiremont","Vosges"],"articleSection":["A la Une","Remiremont","Remiremont &amp; son canton","Soci\u00e9t\u00e9","Vosges"],"inLanguage":"fr-FR","potentialAction":[{"@type":"CommentAction","name":"Comment","target":["https:\/\/vosgesinfo.fr\/remiremontinfo\/2023\/10\/france-services-souvre-au-public\/#respond"]}]},{"@type":"WebPage","@id":"https:\/\/vosgesinfo.fr\/remiremontinfo\/2023\/10\/france-services-souvre-au-public\/","url":"https:\/\/vosgesinfo.fr\/remiremontinfo\/2023\/10\/france-services-souvre-au-public\/","name":"France-Services s'ouvre au public - Remiremont Info","isPartOf":{"@id":"https:\/\/vosgesinfo.fr\/remiremontinfo\/#website"},"primaryImageOfPage":{"@id":"https:\/\/vosgesinfo.fr\/remiremontinfo\/2023\/10\/france-services-souvre-au-public\/#primaryimage"},"image":{"@id":"https:\/\/vosgesinfo.fr\/remiremontinfo\/2023\/10\/france-services-souvre-au-public\/#primaryimage"},"thumbnailUrl":"https:\/\/vosgesinfo.fr\/app\/uploads\/sites\/5\/2023\/10\/logo-france-services-en-png-002.png","datePublished":"2023-10-01T12:13:44+00:00","dateModified":"2023-10-01T12:13:44+00:00","breadcrumb":{"@id":"https:\/\/vosgesinfo.fr\/remiremontinfo\/2023\/10\/france-services-souvre-au-public\/#breadcrumb"},"inLanguage":"fr-FR","potentialAction":[{"@type":"ReadAction","target":["https:\/\/vosgesinfo.fr\/remiremontinfo\/2023\/10\/france-services-souvre-au-public\/"]}]},{"@type":"ImageObject","inLanguage":"fr-FR","@id":"https:\/\/vosgesinfo.fr\/remiremontinfo\/2023\/10\/france-services-souvre-au-public\/#primaryimage","url":"https:\/\/vosgesinfo.fr\/app\/uploads\/sites\/5\/2023\/10\/logo-france-services-en-png-002.png","contentUrl":"https:\/\/vosgesinfo.fr\/app\/uploads\/sites\/5\/2023\/10\/logo-france-services-en-png-002.png","width":793,"height":793},{"@type":"BreadcrumbList","@id":"https:\/\/vosgesinfo.fr\/remiremontinfo\/2023\/10\/france-services-souvre-au-public\/#breadcrumb","itemListElement":[{"@type":"ListItem","position":1,"name":"Home","item":"https:\/\/vosgesinfo.fr\/remiremontinfo\/"},{"@type":"ListItem","position":2,"name":"France-Services s&rsquo;ouvre au public"}]},{"@type":"WebSite","@id":"https:\/\/vosgesinfo.fr\/remiremontinfo\/#website","url":"https:\/\/vosgesinfo.fr\/remiremontinfo\/","name":"Remiremont Info","description":"Toute l&#039;actualit\u00e9 de Remiremont","publisher":{"@id":"https:\/\/vosgesinfo.fr\/remiremontinfo\/#organization"},"alternateName":"Toute l'actualit\u00e9 de Remiremont","potentialAction":[{"@type":"SearchAction","target":{"@type":"EntryPoint","urlTemplate":"https:\/\/vosgesinfo.fr\/remiremontinfo\/?s={search_term_string}"},"query-input":"required name=search_term_string"}],"inLanguage":"fr-FR"},{"@type":"Organization","@id":"https:\/\/vosgesinfo.fr\/remiremontinfo\/#organization","name":"Remiremont Info","url":"https:\/\/vosgesinfo.fr\/remiremontinfo\/","logo":{"@type":"ImageObject","inLanguage":"fr-FR","@id":"https:\/\/vosgesinfo.fr\/remiremontinfo\/#\/schema\/logo\/image\/","url":"https:\/\/vosgesinfo.fr\/app\/uploads\/sites\/5\/2023\/08\/favicon-remiremontinfo.png","contentUrl":"https:\/\/vosgesinfo.fr\/app\/uploads\/sites\/5\/2023\/08\/favicon-remiremontinfo.png","width":512,"height":512,"caption":"Remiremont Info"},"image":{"@id":"https:\/\/vosgesinfo.fr\/remiremontinfo\/#\/schema\/logo\/image\/"},"sameAs":["https:\/\/www.facebook.com\/remiremontinfo","https:\/\/x.com\/VosgesInfo88","https:\/\/www.youtube.com\/@vosgesinfo"]},{"@type":"Person","@id":"https:\/\/vosgesinfo.fr\/remiremontinfo\/#\/schema\/person\/bec388675ce53b5a637aec04392f977e","name":"Stany Maurice","image":{"@type":"ImageObject","inLanguage":"fr-FR","@id":"https:\/\/vosgesinfo.fr\/remiremontinfo\/#\/schema\/person\/image\/","url":"https:\/\/secure.gravatar.com\/avatar\/68520b0c74251371bd10958bd19c3ce39a212093b8fff0dc3edbfcfddd089807?s=96&d=mm&r=g","contentUrl":"https:\/\/secure.gravatar.com\/avatar\/68520b0c74251371bd10958bd19c3ce39a212093b8fff0dc3edbfcfddd089807?s=96&d=mm&r=g","caption":"Stany Maurice"},"url":"https:\/\/vosgesinfo.fr\/remiremontinfo\/author\/s-maurice\/"}]}},"_links":{"self":[{"href":"https:\/\/vosgesinfo.fr\/remiremontinfo\/wp-json\/wp\/v2\/posts\/1619","targetHints":{"allow":["GET"]}}],"collection":[{"href":"https:\/\/vosgesinfo.fr\/remiremontinfo\/wp-json\/wp\/v2\/posts"}],"about":[{"href":"https:\/\/vosgesinfo.fr\/remiremontinfo\/wp-json\/wp\/v2\/types\/post"}],"author":[{"embeddable":true,"href":"https:\/\/vosgesinfo.fr\/remiremontinfo\/wp-json\/wp\/v2\/users\/412"}],"replies":[{"embeddable":true,"href":"https:\/\/vosgesinfo.fr\/remiremontinfo\/wp-json\/wp\/v2\/comments?post=1619"}],"version-history":[{"count":0,"href":"https:\/\/vosgesinfo.fr\/remiremontinfo\/wp-json\/wp\/v2\/posts\/1619\/revisions"}],"wp:featuredmedia":[{"embeddable":true,"href":"https:\/\/vosgesinfo.fr\/remiremontinfo\/wp-json\/wp\/v2\/media\/1618"}],"wp:attachment":[{"href":"https:\/\/vosgesinfo.fr\/remiremontinfo\/wp-json\/wp\/v2\/media?parent=1619"}],"wp:term":[{"taxonomy":"category","embeddable":true,"href":"https:\/\/vosgesinfo.fr\/remiremontinfo\/wp-json\/wp\/v2\/categories?post=1619"},{"taxonomy":"post_tag","embeddable":true,"href":"https:\/\/vosgesinfo.fr\/remiremontinfo\/wp-json\/wp\/v2\/tags?post=1619"}],"curies":[{"name":"wp","href":"https:\/\/api.w.org\/{rel}","templated":true}]}}