{"id":1628,"date":"2023-10-02T12:27:05","date_gmt":"2023-10-02T10:27:05","guid":{"rendered":"https:\/\/vosgesinfo.fr\/remiremontinfo\/2023\/10\/conference-decentralisee-du-fig-a-remiremont\/"},"modified":"2023-10-02T12:27:05","modified_gmt":"2023-10-02T10:27:05","slug":"conference-decentralisee-du-fig-a-remiremont","status":"publish","type":"post","link":"https:\/\/vosgesinfo.fr\/remiremontinfo\/2023\/10\/conference-decentralisee-du-fig-a-remiremont\/","title":{"rendered":"Conf\u00e9rence d\u00e9centralis\u00e9e du FIG \u00e0 Remiremont"},"content":{"rendered":"<p><a href=\"https:\/\/remiremontinfo.fr\/wp-content\/uploads\/2023\/10\/IMG_7198.jpg\"><img decoding=\"async\" class=\"alignright size-thumbnail wp-image-377399\" src=\"https:\/\/vosgesinfo.fr\/app\/uploads\/sites\/5\/2023\/10\/img-7198.jpg\" alt=\"IMG_7198\" width=\"150\" height=\"150\" \/><\/a>Le Centre Culturel Gilbert Zaug de Remiremont accueillait, ce dimanche apr\u00e8s-midi, pour la quatri\u00e8me ann\u00e9e une conf\u00e9rence d\u00e9centralis\u00e9e du Festival International de G\u00e9ographie.<\/p>\n<p>Philippe Pelletier, enseignant-chercheur \u00e0 l\u2019Universit\u00e9 des Lumi\u00e8res \u00e0 Lyon, Docteur en G\u00e9ographie et auteur de bon nombre d\u2019ouvrages dont \u00ab<em> Effondrement et capitalisme vert : la collapsologie en question<\/em>\u00a0\u00bb a d\u00e9velopp\u00e9 avec passion, pendant une heure le th\u00e8me \u00ab\u00a0Eco anxi\u00e9t\u00e9, mythe et r\u00e9alit\u00e9\u00a0\u00bb avant de r\u00e9pondre aux questions du public.<\/p>\n<p>Nous pouvons regretter, eu \u00e9gard \u00e0 la qualit\u00e9 de la conf\u00e9rence, que la salle n\u2019ai \u00e9t\u00e9 que si peu remplie. La braderie concomitante et le climat ou plus t\u00f4t la m\u00e9t\u00e9o ensoleill\u00e9e y \u00e9tait sans doute pour quelque chose.<\/p>\n<p>Nous rappelant que le r\u00f4le d\u2019un g\u00e9ographe est \u00ab\u00a0de d\u00e9cliner les \u00e9chelles et chercher les facteurs\u00a0\u00bb, Philippe Pelletier a sensibilis\u00e9 son public sur la n\u00e9cessit\u00e9 de se distancier par rapport \u00e0 un traitement trop souvent anxiog\u00e8ne de l\u2019information. A l\u2019appui de nombreux travaux de recherche, il a d\u00e9montr\u00e9 les \u00e9carts entre \u00ab\u00a0les effets d\u2019annonce\u00a0\u00bb et les \u00e9volutions de situations constat\u00e9es.<a href=\"https:\/\/remiremontinfo.fr\/wp-content\/uploads\/2023\/10\/IMG_7195.jpg\"><img decoding=\"async\" class=\"alignright size-thumbnail wp-image-377400\" src=\"https:\/\/vosgesinfo.fr\/app\/uploads\/sites\/5\/2023\/10\/img-7195.jpg\" alt=\"IMG_7195\" width=\"150\" height=\"150\" \/><\/a><\/p>\n<p>Relev\u00e9s, diagrammes, chiffres et autres courbes sont venus \u00e9tayer, tout au long de la conf\u00e9rence, un discours accessible laissant la latitude \u00e0 chacun de se faire son opinion, de se questionner et de questionner sans d\u00e9tour un orateur proche de son public.<\/p>\n<p>Philippe Pelletier a aussi rappel\u00e9 qu\u2019aujourd\u2019hui les \u00ab\u00a0chercheurs\u00a0\u00bb dans quelque domaine que ce soit, ne sont financ\u00e9s qu\u2019au travers \u00ab\u00a0d\u2019appels \u00e0 projets\u00a0\u00bb et de fait, ne m\u00e8nent la majorit\u00e9 de leurs travaux que dans le cadre et la direction qui leur est fix\u00e9.<\/p>\n<p>En bref, une conf\u00e9rence o\u00f9 le climat et la peur \u00e9tait au c\u0153ur du sujet et qui aborde de nombreuses questions\u00a0:\u00a0 de qui et de quoi faut-il avoir peur\u00a0? Climat, plus de peur que de mal\u00a0? A quoi sert d\u2019avoir peur\u00a0? \u2026<a href=\"https:\/\/remiremontinfo.fr\/wp-content\/uploads\/2023\/10\/IMG_7205.jpg\"><img decoding=\"async\" class=\"alignright size-thumbnail wp-image-377405\" src=\"https:\/\/vosgesinfo.fr\/app\/uploads\/sites\/5\/2023\/10\/img-7205.jpg\" alt=\"IMG_7205\" width=\"150\" height=\"150\" \/><\/a><\/p>\n<p>Enfin comme dit le proverbe, <em>\u00ab Gardons la t\u00eate froide car la peur est mauvaise conseill\u00e8re\u00a0\u00bb.<\/em><\/p>\n<p>&nbsp;<\/p>\n<p><a href=\"https:\/\/remiremontinfo.fr\/wp-content\/uploads\/2023\/10\/IMG_7193.jpg\"><img decoding=\"async\" class=\"alignright size-thumbnail wp-image-377401\" src=\"https:\/\/vosgesinfo.fr\/app\/uploads\/sites\/5\/2023\/10\/img-7193.jpg\" alt=\"IMG_7193\" width=\"150\" height=\"150\" \/><\/a><a href=\"https:\/\/remiremontinfo.fr\/wp-content\/uploads\/2023\/10\/IMG_7196.jpg\"><img decoding=\"async\" class=\"alignright size-thumbnail wp-image-377402\" src=\"https:\/\/vosgesinfo.fr\/app\/uploads\/sites\/5\/2023\/10\/img-7196.jpg\" alt=\"IMG_7196\" width=\"150\" height=\"150\" \/><\/a><a href=\"https:\/\/remiremontinfo.fr\/wp-content\/uploads\/2023\/10\/IMG_7202.jpg\"><img decoding=\"async\" class=\"alignright size-thumbnail wp-image-377403\" src=\"https:\/\/vosgesinfo.fr\/app\/uploads\/sites\/5\/2023\/10\/img-7202.jpg\" alt=\"IMG_7202\" width=\"150\" height=\"150\" \/><\/a><\/p>\n","protected":false},"excerpt":{"rendered":"<p>Le Centre Culturel Gilbert Zaug de Remiremont accueillait, ce dimanche apr\u00e8s-midi, pour la quatri\u00e8me ann\u00e9e une conf\u00e9rence d\u00e9centralis\u00e9e du Festival [&hellip;]<\/p>\n","protected":false},"author":413,"featured_media":1629,"comment_status":"open","ping_status":"open","sticky":false,"template":"","format":"standard","meta":{"footnotes":""},"categories":[26,4,169,5,13],"tags":[241,242],"class_list":["post-1628","post","type-post","status-publish","format-standard","has-post-thumbnail","hentry","category-a-la-une","category-culture","category-ecologie","category-economie","category-societe","tag-fig","tag-philippe-pelletier"],"acf":[],"yoast_head":"<!-- This site is optimized with the Yoast SEO plugin v22.5 - https:\/\/yoast.com\/wordpress\/plugins\/seo\/ -->\n<title>Conf\u00e9rence d\u00e9centralis\u00e9e du FIG \u00e0 Remiremont - Remiremont Info<\/title>\n<meta name=\"robots\" content=\"index, follow, max-snippet:-1, max-image-preview:large, max-video-preview:-1\" \/>\n<link rel=\"canonical\" href=\"https:\/\/vosgesinfo.fr\/remiremontinfo\/2023\/10\/conference-decentralisee-du-fig-a-remiremont\/\" \/>\n<meta name=\"twitter:card\" content=\"summary_large_image\" \/>\n<meta name=\"twitter:title\" content=\"Conf\u00e9rence d\u00e9centralis\u00e9e du FIG \u00e0 Remiremont - Remiremont Info\" \/>\n<meta name=\"twitter:description\" content=\"Le Centre Culturel Gilbert Zaug de Remiremont accueillait, ce dimanche apr\u00e8s-midi, pour la quatri\u00e8me ann\u00e9e une conf\u00e9rence d\u00e9centralis\u00e9e du Festival [&hellip;]\" \/>\n<meta name=\"twitter:image\" content=\"https:\/\/vosgesinfo.fr\/app\/uploads\/sites\/5\/2023\/10\/img-7190.jpg\" \/>\n<meta name=\"twitter:creator\" content=\"@VosgesInfo88\" \/>\n<meta name=\"twitter:site\" content=\"@VosgesInfo88\" \/>\n<meta name=\"twitter:label1\" content=\"\u00c9crit par\" \/>\n\t<meta name=\"twitter:data1\" content=\"P.M\" \/>\n\t<meta name=\"twitter:label2\" content=\"Dur\u00e9e de lecture estim\u00e9e\" \/>\n\t<meta name=\"twitter:data2\" content=\"2 minutes\" \/>\n<script type=\"application\/ld+json\" class=\"yoast-schema-graph\">{\"@context\":\"https:\/\/schema.org\",\"@graph\":[{\"@type\":\"Article\",\"@id\":\"https:\/\/vosgesinfo.fr\/remiremontinfo\/2023\/10\/conference-decentralisee-du-fig-a-remiremont\/#article\",\"isPartOf\":{\"@id\":\"https:\/\/vosgesinfo.fr\/remiremontinfo\/2023\/10\/conference-decentralisee-du-fig-a-remiremont\/\"},\"author\":{\"name\":\"P.M\",\"@id\":\"https:\/\/vosgesinfo.fr\/remiremontinfo\/#\/schema\/person\/a6fd2dde36da20be3679f2058b94c5b8\"},\"headline\":\"Conf\u00e9rence d\u00e9centralis\u00e9e du FIG \u00e0 Remiremont\",\"datePublished\":\"2023-10-02T10:27:05+00:00\",\"dateModified\":\"2023-10-02T10:27:05+00:00\",\"mainEntityOfPage\":{\"@id\":\"https:\/\/vosgesinfo.fr\/remiremontinfo\/2023\/10\/conference-decentralisee-du-fig-a-remiremont\/\"},\"wordCount\":361,\"commentCount\":0,\"publisher\":{\"@id\":\"https:\/\/vosgesinfo.fr\/remiremontinfo\/#organization\"},\"image\":{\"@id\":\"https:\/\/vosgesinfo.fr\/remiremontinfo\/2023\/10\/conference-decentralisee-du-fig-a-remiremont\/#primaryimage\"},\"thumbnailUrl\":\"https:\/\/vosgesinfo.fr\/app\/uploads\/sites\/5\/2023\/10\/img-7190.jpg\",\"keywords\":[\"FIG\",\"Philippe Pelletier\"],\"articleSection\":[\"A la Une\",\"Culture\",\"Ecologie\",\"\u00c9conomie\",\"Soci\u00e9t\u00e9\"],\"inLanguage\":\"fr-FR\",\"potentialAction\":[{\"@type\":\"CommentAction\",\"name\":\"Comment\",\"target\":[\"https:\/\/vosgesinfo.fr\/remiremontinfo\/2023\/10\/conference-decentralisee-du-fig-a-remiremont\/#respond\"]}]},{\"@type\":\"WebPage\",\"@id\":\"https:\/\/vosgesinfo.fr\/remiremontinfo\/2023\/10\/conference-decentralisee-du-fig-a-remiremont\/\",\"url\":\"https:\/\/vosgesinfo.fr\/remiremontinfo\/2023\/10\/conference-decentralisee-du-fig-a-remiremont\/\",\"name\":\"Conf\u00e9rence d\u00e9centralis\u00e9e du FIG \u00e0 Remiremont - Remiremont Info\",\"isPartOf\":{\"@id\":\"https:\/\/vosgesinfo.fr\/remiremontinfo\/#website\"},\"primaryImageOfPage\":{\"@id\":\"https:\/\/vosgesinfo.fr\/remiremontinfo\/2023\/10\/conference-decentralisee-du-fig-a-remiremont\/#primaryimage\"},\"image\":{\"@id\":\"https:\/\/vosgesinfo.fr\/remiremontinfo\/2023\/10\/conference-decentralisee-du-fig-a-remiremont\/#primaryimage\"},\"thumbnailUrl\":\"https:\/\/vosgesinfo.fr\/app\/uploads\/sites\/5\/2023\/10\/img-7190.jpg\",\"datePublished\":\"2023-10-02T10:27:05+00:00\",\"dateModified\":\"2023-10-02T10:27:05+00:00\",\"breadcrumb\":{\"@id\":\"https:\/\/vosgesinfo.fr\/remiremontinfo\/2023\/10\/conference-decentralisee-du-fig-a-remiremont\/#breadcrumb\"},\"inLanguage\":\"fr-FR\",\"potentialAction\":[{\"@type\":\"ReadAction\",\"target\":[\"https:\/\/vosgesinfo.fr\/remiremontinfo\/2023\/10\/conference-decentralisee-du-fig-a-remiremont\/\"]}]},{\"@type\":\"ImageObject\",\"inLanguage\":\"fr-FR\",\"@id\":\"https:\/\/vosgesinfo.fr\/remiremontinfo\/2023\/10\/conference-decentralisee-du-fig-a-remiremont\/#primaryimage\",\"url\":\"https:\/\/vosgesinfo.fr\/app\/uploads\/sites\/5\/2023\/10\/img-7190.jpg\",\"contentUrl\":\"https:\/\/vosgesinfo.fr\/app\/uploads\/sites\/5\/2023\/10\/img-7190.jpg\",\"width\":1600,\"height\":1067},{\"@type\":\"BreadcrumbList\",\"@id\":\"https:\/\/vosgesinfo.fr\/remiremontinfo\/2023\/10\/conference-decentralisee-du-fig-a-remiremont\/#breadcrumb\",\"itemListElement\":[{\"@type\":\"ListItem\",\"position\":1,\"name\":\"Home\",\"item\":\"https:\/\/vosgesinfo.fr\/remiremontinfo\/\"},{\"@type\":\"ListItem\",\"position\":2,\"name\":\"Conf\u00e9rence d\u00e9centralis\u00e9e du FIG \u00e0 Remiremont\"}]},{\"@type\":\"WebSite\",\"@id\":\"https:\/\/vosgesinfo.fr\/remiremontinfo\/#website\",\"url\":\"https:\/\/vosgesinfo.fr\/remiremontinfo\/\",\"name\":\"Remiremont Info\",\"description\":\"Toute l&#039;actualit\u00e9 de Remiremont\",\"publisher\":{\"@id\":\"https:\/\/vosgesinfo.fr\/remiremontinfo\/#organization\"},\"alternateName\":\"Toute l'actualit\u00e9 de Remiremont\",\"potentialAction\":[{\"@type\":\"SearchAction\",\"target\":{\"@type\":\"EntryPoint\",\"urlTemplate\":\"https:\/\/vosgesinfo.fr\/remiremontinfo\/?s={search_term_string}\"},\"query-input\":\"required name=search_term_string\"}],\"inLanguage\":\"fr-FR\"},{\"@type\":\"Organization\",\"@id\":\"https:\/\/vosgesinfo.fr\/remiremontinfo\/#organization\",\"name\":\"Remiremont Info\",\"url\":\"https:\/\/vosgesinfo.fr\/remiremontinfo\/\",\"logo\":{\"@type\":\"ImageObject\",\"inLanguage\":\"fr-FR\",\"@id\":\"https:\/\/vosgesinfo.fr\/remiremontinfo\/#\/schema\/logo\/image\/\",\"url\":\"https:\/\/vosgesinfo.fr\/app\/uploads\/sites\/5\/2023\/08\/favicon-remiremontinfo.png\",\"contentUrl\":\"https:\/\/vosgesinfo.fr\/app\/uploads\/sites\/5\/2023\/08\/favicon-remiremontinfo.png\",\"width\":512,\"height\":512,\"caption\":\"Remiremont Info\"},\"image\":{\"@id\":\"https:\/\/vosgesinfo.fr\/remiremontinfo\/#\/schema\/logo\/image\/\"},\"sameAs\":[\"https:\/\/www.facebook.com\/remiremontinfo\",\"https:\/\/x.com\/VosgesInfo88\",\"https:\/\/www.youtube.com\/@vosgesinfo\"]},{\"@type\":\"Person\",\"@id\":\"https:\/\/vosgesinfo.fr\/remiremontinfo\/#\/schema\/person\/a6fd2dde36da20be3679f2058b94c5b8\",\"name\":\"P.M\",\"image\":{\"@type\":\"ImageObject\",\"inLanguage\":\"fr-FR\",\"@id\":\"https:\/\/vosgesinfo.fr\/remiremontinfo\/#\/schema\/person\/image\/\",\"url\":\"https:\/\/secure.gravatar.com\/avatar\/db38f6ef38bb165f6f4d352563f264129673ed4536984fbbcddf700bd12f8a9a?s=96&d=mm&r=g\",\"contentUrl\":\"https:\/\/secure.gravatar.com\/avatar\/db38f6ef38bb165f6f4d352563f264129673ed4536984fbbcddf700bd12f8a9a?s=96&d=mm&r=g\",\"caption\":\"P.M\"},\"url\":\"https:\/\/vosgesinfo.fr\/remiremontinfo\/author\/p-mangel88\/\"}]}<\/script>\n<!-- \/ Yoast SEO plugin. -->","yoast_head_json":{"title":"Conf\u00e9rence d\u00e9centralis\u00e9e du FIG \u00e0 Remiremont - Remiremont Info","robots":{"index":"index","follow":"follow","max-snippet":"max-snippet:-1","max-image-preview":"max-image-preview:large","max-video-preview":"max-video-preview:-1"},"canonical":"https:\/\/vosgesinfo.fr\/remiremontinfo\/2023\/10\/conference-decentralisee-du-fig-a-remiremont\/","twitter_card":"summary_large_image","twitter_title":"Conf\u00e9rence d\u00e9centralis\u00e9e du FIG \u00e0 Remiremont - Remiremont Info","twitter_description":"Le Centre Culturel Gilbert Zaug de Remiremont accueillait, ce dimanche apr\u00e8s-midi, pour la quatri\u00e8me ann\u00e9e une conf\u00e9rence d\u00e9centralis\u00e9e du Festival [&hellip;]","twitter_image":"https:\/\/vosgesinfo.fr\/app\/uploads\/sites\/5\/2023\/10\/img-7190.jpg","twitter_creator":"@VosgesInfo88","twitter_site":"@VosgesInfo88","twitter_misc":{"\u00c9crit par":"P.M","Dur\u00e9e de lecture estim\u00e9e":"2 minutes"},"schema":{"@context":"https:\/\/schema.org","@graph":[{"@type":"Article","@id":"https:\/\/vosgesinfo.fr\/remiremontinfo\/2023\/10\/conference-decentralisee-du-fig-a-remiremont\/#article","isPartOf":{"@id":"https:\/\/vosgesinfo.fr\/remiremontinfo\/2023\/10\/conference-decentralisee-du-fig-a-remiremont\/"},"author":{"name":"P.M","@id":"https:\/\/vosgesinfo.fr\/remiremontinfo\/#\/schema\/person\/a6fd2dde36da20be3679f2058b94c5b8"},"headline":"Conf\u00e9rence d\u00e9centralis\u00e9e du FIG \u00e0 Remiremont","datePublished":"2023-10-02T10:27:05+00:00","dateModified":"2023-10-02T10:27:05+00:00","mainEntityOfPage":{"@id":"https:\/\/vosgesinfo.fr\/remiremontinfo\/2023\/10\/conference-decentralisee-du-fig-a-remiremont\/"},"wordCount":361,"commentCount":0,"publisher":{"@id":"https:\/\/vosgesinfo.fr\/remiremontinfo\/#organization"},"image":{"@id":"https:\/\/vosgesinfo.fr\/remiremontinfo\/2023\/10\/conference-decentralisee-du-fig-a-remiremont\/#primaryimage"},"thumbnailUrl":"https:\/\/vosgesinfo.fr\/app\/uploads\/sites\/5\/2023\/10\/img-7190.jpg","keywords":["FIG","Philippe Pelletier"],"articleSection":["A la Une","Culture","Ecologie","\u00c9conomie","Soci\u00e9t\u00e9"],"inLanguage":"fr-FR","potentialAction":[{"@type":"CommentAction","name":"Comment","target":["https:\/\/vosgesinfo.fr\/remiremontinfo\/2023\/10\/conference-decentralisee-du-fig-a-remiremont\/#respond"]}]},{"@type":"WebPage","@id":"https:\/\/vosgesinfo.fr\/remiremontinfo\/2023\/10\/conference-decentralisee-du-fig-a-remiremont\/","url":"https:\/\/vosgesinfo.fr\/remiremontinfo\/2023\/10\/conference-decentralisee-du-fig-a-remiremont\/","name":"Conf\u00e9rence d\u00e9centralis\u00e9e du FIG \u00e0 Remiremont - Remiremont Info","isPartOf":{"@id":"https:\/\/vosgesinfo.fr\/remiremontinfo\/#website"},"primaryImageOfPage":{"@id":"https:\/\/vosgesinfo.fr\/remiremontinfo\/2023\/10\/conference-decentralisee-du-fig-a-remiremont\/#primaryimage"},"image":{"@id":"https:\/\/vosgesinfo.fr\/remiremontinfo\/2023\/10\/conference-decentralisee-du-fig-a-remiremont\/#primaryimage"},"thumbnailUrl":"https:\/\/vosgesinfo.fr\/app\/uploads\/sites\/5\/2023\/10\/img-7190.jpg","datePublished":"2023-10-02T10:27:05+00:00","dateModified":"2023-10-02T10:27:05+00:00","breadcrumb":{"@id":"https:\/\/vosgesinfo.fr\/remiremontinfo\/2023\/10\/conference-decentralisee-du-fig-a-remiremont\/#breadcrumb"},"inLanguage":"fr-FR","potentialAction":[{"@type":"ReadAction","target":["https:\/\/vosgesinfo.fr\/remiremontinfo\/2023\/10\/conference-decentralisee-du-fig-a-remiremont\/"]}]},{"@type":"ImageObject","inLanguage":"fr-FR","@id":"https:\/\/vosgesinfo.fr\/remiremontinfo\/2023\/10\/conference-decentralisee-du-fig-a-remiremont\/#primaryimage","url":"https:\/\/vosgesinfo.fr\/app\/uploads\/sites\/5\/2023\/10\/img-7190.jpg","contentUrl":"https:\/\/vosgesinfo.fr\/app\/uploads\/sites\/5\/2023\/10\/img-7190.jpg","width":1600,"height":1067},{"@type":"BreadcrumbList","@id":"https:\/\/vosgesinfo.fr\/remiremontinfo\/2023\/10\/conference-decentralisee-du-fig-a-remiremont\/#breadcrumb","itemListElement":[{"@type":"ListItem","position":1,"name":"Home","item":"https:\/\/vosgesinfo.fr\/remiremontinfo\/"},{"@type":"ListItem","position":2,"name":"Conf\u00e9rence d\u00e9centralis\u00e9e du FIG \u00e0 Remiremont"}]},{"@type":"WebSite","@id":"https:\/\/vosgesinfo.fr\/remiremontinfo\/#website","url":"https:\/\/vosgesinfo.fr\/remiremontinfo\/","name":"Remiremont Info","description":"Toute l&#039;actualit\u00e9 de Remiremont","publisher":{"@id":"https:\/\/vosgesinfo.fr\/remiremontinfo\/#organization"},"alternateName":"Toute l'actualit\u00e9 de Remiremont","potentialAction":[{"@type":"SearchAction","target":{"@type":"EntryPoint","urlTemplate":"https:\/\/vosgesinfo.fr\/remiremontinfo\/?s={search_term_string}"},"query-input":"required name=search_term_string"}],"inLanguage":"fr-FR"},{"@type":"Organization","@id":"https:\/\/vosgesinfo.fr\/remiremontinfo\/#organization","name":"Remiremont Info","url":"https:\/\/vosgesinfo.fr\/remiremontinfo\/","logo":{"@type":"ImageObject","inLanguage":"fr-FR","@id":"https:\/\/vosgesinfo.fr\/remiremontinfo\/#\/schema\/logo\/image\/","url":"https:\/\/vosgesinfo.fr\/app\/uploads\/sites\/5\/2023\/08\/favicon-remiremontinfo.png","contentUrl":"https:\/\/vosgesinfo.fr\/app\/uploads\/sites\/5\/2023\/08\/favicon-remiremontinfo.png","width":512,"height":512,"caption":"Remiremont Info"},"image":{"@id":"https:\/\/vosgesinfo.fr\/remiremontinfo\/#\/schema\/logo\/image\/"},"sameAs":["https:\/\/www.facebook.com\/remiremontinfo","https:\/\/x.com\/VosgesInfo88","https:\/\/www.youtube.com\/@vosgesinfo"]},{"@type":"Person","@id":"https:\/\/vosgesinfo.fr\/remiremontinfo\/#\/schema\/person\/a6fd2dde36da20be3679f2058b94c5b8","name":"P.M","image":{"@type":"ImageObject","inLanguage":"fr-FR","@id":"https:\/\/vosgesinfo.fr\/remiremontinfo\/#\/schema\/person\/image\/","url":"https:\/\/secure.gravatar.com\/avatar\/db38f6ef38bb165f6f4d352563f264129673ed4536984fbbcddf700bd12f8a9a?s=96&d=mm&r=g","contentUrl":"https:\/\/secure.gravatar.com\/avatar\/db38f6ef38bb165f6f4d352563f264129673ed4536984fbbcddf700bd12f8a9a?s=96&d=mm&r=g","caption":"P.M"},"url":"https:\/\/vosgesinfo.fr\/remiremontinfo\/author\/p-mangel88\/"}]}},"_links":{"self":[{"href":"https:\/\/vosgesinfo.fr\/remiremontinfo\/wp-json\/wp\/v2\/posts\/1628","targetHints":{"allow":["GET"]}}],"collection":[{"href":"https:\/\/vosgesinfo.fr\/remiremontinfo\/wp-json\/wp\/v2\/posts"}],"about":[{"href":"https:\/\/vosgesinfo.fr\/remiremontinfo\/wp-json\/wp\/v2\/types\/post"}],"author":[{"embeddable":true,"href":"https:\/\/vosgesinfo.fr\/remiremontinfo\/wp-json\/wp\/v2\/users\/413"}],"replies":[{"embeddable":true,"href":"https:\/\/vosgesinfo.fr\/remiremontinfo\/wp-json\/wp\/v2\/comments?post=1628"}],"version-history":[{"count":0,"href":"https:\/\/vosgesinfo.fr\/remiremontinfo\/wp-json\/wp\/v2\/posts\/1628\/revisions"}],"wp:featuredmedia":[{"embeddable":true,"href":"https:\/\/vosgesinfo.fr\/remiremontinfo\/wp-json\/wp\/v2\/media\/1629"}],"wp:attachment":[{"href":"https:\/\/vosgesinfo.fr\/remiremontinfo\/wp-json\/wp\/v2\/media?parent=1628"}],"wp:term":[{"taxonomy":"category","embeddable":true,"href":"https:\/\/vosgesinfo.fr\/remiremontinfo\/wp-json\/wp\/v2\/categories?post=1628"},{"taxonomy":"post_tag","embeddable":true,"href":"https:\/\/vosgesinfo.fr\/remiremontinfo\/wp-json\/wp\/v2\/tags?post=1628"}],"curies":[{"name":"wp","href":"https:\/\/api.w.org\/{rel}","templated":true}]}}