{"id":1635,"date":"2023-10-02T12:21:51","date_gmt":"2023-10-02T10:21:51","guid":{"rendered":"https:\/\/vosgesinfo.fr\/remiremontinfo\/2023\/10\/feu-de-la-saint-jean-au-girmont-val-dajol\/"},"modified":"2023-10-02T12:21:51","modified_gmt":"2023-10-02T10:21:51","slug":"feu-de-la-saint-jean-au-girmont-val-dajol","status":"publish","type":"post","link":"https:\/\/vosgesinfo.fr\/remiremontinfo\/2023\/10\/feu-de-la-saint-jean-au-girmont-val-dajol\/","title":{"rendered":"Feu de la Saint Jean au Girmont Val d\u2019Ajol"},"content":{"rendered":"<p><strong><a href=\"https:\/\/remiremontinfo.fr\/wp-content\/uploads\/2023\/10\/IMG_7148.jpg\"><img decoding=\"async\" class=\"alignright size-thumbnail wp-image-377422\" src=\"https:\/\/vosgesinfo.fr\/app\/uploads\/sites\/5\/2023\/10\/img-7148.jpg\" alt=\"IMG_7148\" width=\"150\" height=\"150\" \/><\/a><\/strong><\/p>\n<p>Pr\u00e9vue initialement le 17 juin et report\u00e9e pour cause de risque d\u2019incendie, la chavande \u00e0 bien brul\u00e9 ce samedi 30 septembre.<\/p>\n<p>La soir\u00e9e a d\u00e9but\u00e9 par une belle prestation de l\u2019harmonie \u00ab\u00a0Jeanne d\u2019Arc\u00a0\u00bb du Val d\u2019Ajol suivie par une animation musicale prise en charge cette ann\u00e9e par Bruno dit Nono.<\/p>\n<p>Vincent L\u00e9o, jeune Pr\u00e9sident et heureux d\u2019\u00eatre le 9<sup>\u00e8me<\/sup> \u00e0 pr\u00e9sider aux destin\u00e9es de cette dynamique association qu\u2019est l\u2019AALG (Association Animation et Loisir du Girmont), entour\u00e9 d\u2019une \u00e9quipe enthousiaste et efficace \u00e0 \u0153uvr\u00e9 pour la r\u00e9ussite de cette belle soir\u00e9e.<\/p>\n<p>Le public, venu nombreux a pu se r\u00e9galer de lard, tartes flamb\u00e9es, frites et autre \u2026dans une sympathique ambiance musicale en attendant l\u2019allumage de la chavande.<a href=\"https:\/\/remiremontinfo.fr\/wp-content\/uploads\/2023\/10\/IMG_7159.jpg\"><img decoding=\"async\" class=\"alignright size-thumbnail wp-image-377423\" src=\"https:\/\/vosgesinfo.fr\/app\/uploads\/sites\/5\/2023\/10\/img-7159.jpg\" alt=\"IMG_7159\" width=\"150\" height=\"150\" \/><\/a><\/p>\n<p>A la nuit tomb\u00e9e, ce sont les derniers mari\u00e9s de l\u2019ann\u00e9e \u00ab\u00a0Julie et Cl\u00e9ment\u00a0\u00bb qui ont mis le feu \u00e0 cette belle construction traditionnelle.<\/p>\n<p>Nous pouvons saluer ici le choix par l\u2019AALG d\u2019attribuer une partie des b\u00e9n\u00e9fices de cette soir\u00e9e au financement des travaux de r\u00e9novation du mur du cimeti\u00e8re port\u00e9 par la municipalit\u00e9.<\/p>\n<p>D\u2019autres animations sont pr\u00e9vues tout au long de l\u2019ann\u00e9e par l\u2019association tel le concours de belote, la marche populaire ou le feu d\u2019artifice. A suivre\u2026<\/p>\n<p><a href=\"https:\/\/remiremontinfo.fr\/wp-content\/uploads\/2023\/10\/IMG_7160.jpg\"><img decoding=\"async\" class=\"alignright size-thumbnail wp-image-377424\" src=\"https:\/\/vosgesinfo.fr\/app\/uploads\/sites\/5\/2023\/10\/img-7160.jpg\" alt=\"IMG_7160\" width=\"150\" height=\"150\" \/><\/a><a href=\"https:\/\/remiremontinfo.fr\/wp-content\/uploads\/2023\/10\/IMG_7173.jpg\"><img decoding=\"async\" class=\"alignright size-thumbnail wp-image-377426\" src=\"https:\/\/vosgesinfo.fr\/app\/uploads\/sites\/5\/2023\/10\/img-7173.jpg\" alt=\"IMG_7173\" width=\"150\" height=\"150\" \/><\/a><a href=\"https:\/\/remiremontinfo.fr\/wp-content\/uploads\/2023\/10\/IMG_7183.jpg\"><img decoding=\"async\" class=\"alignright size-thumbnail wp-image-377427\" src=\"https:\/\/vosgesinfo.fr\/app\/uploads\/sites\/5\/2023\/10\/img-7183.jpg\" alt=\"IMG_7183\" width=\"150\" height=\"150\" \/><\/a><\/p>\n","protected":false},"excerpt":{"rendered":"<p>Pr\u00e9vue initialement le 17 juin et report\u00e9e pour cause de risque d\u2019incendie, la chavande \u00e0 bien brul\u00e9 ce samedi 30 [&hellip;]<\/p>\n","protected":false},"author":413,"featured_media":1636,"comment_status":"open","ping_status":"open","sticky":false,"template":"","format":"standard","meta":{"footnotes":""},"categories":[26,4,124,82,54],"tags":[243,244,245],"class_list":["post-1635","post","type-post","status-publish","format-standard","has-post-thumbnail","hentry","category-a-la-une","category-culture","category-fetes","category-le-val-dajol-son-canton","category-loisirs","tag-aalg","tag-chavande","tag-feu-de-la-saint-jean"],"acf":[],"yoast_head":"<!-- This site is optimized with the Yoast SEO plugin v22.5 - https:\/\/yoast.com\/wordpress\/plugins\/seo\/ -->\n<title>Feu de la Saint Jean au Girmont Val d\u2019Ajol - Remiremont Info<\/title>\n<meta name=\"robots\" content=\"index, follow, max-snippet:-1, max-image-preview:large, max-video-preview:-1\" \/>\n<link rel=\"canonical\" href=\"https:\/\/vosgesinfo.fr\/remiremontinfo\/2023\/10\/feu-de-la-saint-jean-au-girmont-val-dajol\/\" \/>\n<meta name=\"twitter:card\" content=\"summary_large_image\" \/>\n<meta name=\"twitter:title\" content=\"Feu de la Saint Jean au Girmont Val d\u2019Ajol - Remiremont Info\" \/>\n<meta name=\"twitter:description\" content=\"Pr\u00e9vue initialement le 17 juin et report\u00e9e pour cause de risque d\u2019incendie, la chavande \u00e0 bien brul\u00e9 ce samedi 30 [&hellip;]\" \/>\n<meta name=\"twitter:image\" content=\"https:\/\/vosgesinfo.fr\/app\/uploads\/sites\/5\/2023\/10\/img-7150.jpg\" \/>\n<meta name=\"twitter:creator\" content=\"@VosgesInfo88\" \/>\n<meta name=\"twitter:site\" content=\"@VosgesInfo88\" \/>\n<meta name=\"twitter:label1\" content=\"\u00c9crit par\" \/>\n\t<meta name=\"twitter:data1\" content=\"P.M\" \/>\n\t<meta name=\"twitter:label2\" content=\"Dur\u00e9e de lecture estim\u00e9e\" \/>\n\t<meta name=\"twitter:data2\" content=\"1 minute\" \/>\n<script type=\"application\/ld+json\" class=\"yoast-schema-graph\">{\"@context\":\"https:\/\/schema.org\",\"@graph\":[{\"@type\":\"Article\",\"@id\":\"https:\/\/vosgesinfo.fr\/remiremontinfo\/2023\/10\/feu-de-la-saint-jean-au-girmont-val-dajol\/#article\",\"isPartOf\":{\"@id\":\"https:\/\/vosgesinfo.fr\/remiremontinfo\/2023\/10\/feu-de-la-saint-jean-au-girmont-val-dajol\/\"},\"author\":{\"name\":\"P.M\",\"@id\":\"https:\/\/vosgesinfo.fr\/remiremontinfo\/#\/schema\/person\/a6fd2dde36da20be3679f2058b94c5b8\"},\"headline\":\"Feu de la Saint Jean au Girmont Val d\u2019Ajol\",\"datePublished\":\"2023-10-02T10:21:51+00:00\",\"dateModified\":\"2023-10-02T10:21:51+00:00\",\"mainEntityOfPage\":{\"@id\":\"https:\/\/vosgesinfo.fr\/remiremontinfo\/2023\/10\/feu-de-la-saint-jean-au-girmont-val-dajol\/\"},\"wordCount\":239,\"commentCount\":0,\"publisher\":{\"@id\":\"https:\/\/vosgesinfo.fr\/remiremontinfo\/#organization\"},\"image\":{\"@id\":\"https:\/\/vosgesinfo.fr\/remiremontinfo\/2023\/10\/feu-de-la-saint-jean-au-girmont-val-dajol\/#primaryimage\"},\"thumbnailUrl\":\"https:\/\/vosgesinfo.fr\/app\/uploads\/sites\/5\/2023\/10\/img-7150.jpg\",\"keywords\":[\"AALG\",\"chavande\",\"feu de la Saint-Jean\"],\"articleSection\":[\"A la Une\",\"Culture\",\"F\u00eates\",\"Le Val-d'Ajol &amp; son canton\",\"Loisirs\"],\"inLanguage\":\"fr-FR\",\"potentialAction\":[{\"@type\":\"CommentAction\",\"name\":\"Comment\",\"target\":[\"https:\/\/vosgesinfo.fr\/remiremontinfo\/2023\/10\/feu-de-la-saint-jean-au-girmont-val-dajol\/#respond\"]}]},{\"@type\":\"WebPage\",\"@id\":\"https:\/\/vosgesinfo.fr\/remiremontinfo\/2023\/10\/feu-de-la-saint-jean-au-girmont-val-dajol\/\",\"url\":\"https:\/\/vosgesinfo.fr\/remiremontinfo\/2023\/10\/feu-de-la-saint-jean-au-girmont-val-dajol\/\",\"name\":\"Feu de la Saint Jean au Girmont Val d\u2019Ajol - Remiremont Info\",\"isPartOf\":{\"@id\":\"https:\/\/vosgesinfo.fr\/remiremontinfo\/#website\"},\"primaryImageOfPage\":{\"@id\":\"https:\/\/vosgesinfo.fr\/remiremontinfo\/2023\/10\/feu-de-la-saint-jean-au-girmont-val-dajol\/#primaryimage\"},\"image\":{\"@id\":\"https:\/\/vosgesinfo.fr\/remiremontinfo\/2023\/10\/feu-de-la-saint-jean-au-girmont-val-dajol\/#primaryimage\"},\"thumbnailUrl\":\"https:\/\/vosgesinfo.fr\/app\/uploads\/sites\/5\/2023\/10\/img-7150.jpg\",\"datePublished\":\"2023-10-02T10:21:51+00:00\",\"dateModified\":\"2023-10-02T10:21:51+00:00\",\"breadcrumb\":{\"@id\":\"https:\/\/vosgesinfo.fr\/remiremontinfo\/2023\/10\/feu-de-la-saint-jean-au-girmont-val-dajol\/#breadcrumb\"},\"inLanguage\":\"fr-FR\",\"potentialAction\":[{\"@type\":\"ReadAction\",\"target\":[\"https:\/\/vosgesinfo.fr\/remiremontinfo\/2023\/10\/feu-de-la-saint-jean-au-girmont-val-dajol\/\"]}]},{\"@type\":\"ImageObject\",\"inLanguage\":\"fr-FR\",\"@id\":\"https:\/\/vosgesinfo.fr\/remiremontinfo\/2023\/10\/feu-de-la-saint-jean-au-girmont-val-dajol\/#primaryimage\",\"url\":\"https:\/\/vosgesinfo.fr\/app\/uploads\/sites\/5\/2023\/10\/img-7150.jpg\",\"contentUrl\":\"https:\/\/vosgesinfo.fr\/app\/uploads\/sites\/5\/2023\/10\/img-7150.jpg\",\"width\":1067,\"height\":1600},{\"@type\":\"BreadcrumbList\",\"@id\":\"https:\/\/vosgesinfo.fr\/remiremontinfo\/2023\/10\/feu-de-la-saint-jean-au-girmont-val-dajol\/#breadcrumb\",\"itemListElement\":[{\"@type\":\"ListItem\",\"position\":1,\"name\":\"Home\",\"item\":\"https:\/\/vosgesinfo.fr\/remiremontinfo\/\"},{\"@type\":\"ListItem\",\"position\":2,\"name\":\"Feu de la Saint Jean au Girmont Val d\u2019Ajol\"}]},{\"@type\":\"WebSite\",\"@id\":\"https:\/\/vosgesinfo.fr\/remiremontinfo\/#website\",\"url\":\"https:\/\/vosgesinfo.fr\/remiremontinfo\/\",\"name\":\"Remiremont Info\",\"description\":\"Toute l&#039;actualit\u00e9 de Remiremont\",\"publisher\":{\"@id\":\"https:\/\/vosgesinfo.fr\/remiremontinfo\/#organization\"},\"alternateName\":\"Toute l'actualit\u00e9 de Remiremont\",\"potentialAction\":[{\"@type\":\"SearchAction\",\"target\":{\"@type\":\"EntryPoint\",\"urlTemplate\":\"https:\/\/vosgesinfo.fr\/remiremontinfo\/?s={search_term_string}\"},\"query-input\":\"required name=search_term_string\"}],\"inLanguage\":\"fr-FR\"},{\"@type\":\"Organization\",\"@id\":\"https:\/\/vosgesinfo.fr\/remiremontinfo\/#organization\",\"name\":\"Remiremont Info\",\"url\":\"https:\/\/vosgesinfo.fr\/remiremontinfo\/\",\"logo\":{\"@type\":\"ImageObject\",\"inLanguage\":\"fr-FR\",\"@id\":\"https:\/\/vosgesinfo.fr\/remiremontinfo\/#\/schema\/logo\/image\/\",\"url\":\"https:\/\/vosgesinfo.fr\/app\/uploads\/sites\/5\/2023\/08\/favicon-remiremontinfo.png\",\"contentUrl\":\"https:\/\/vosgesinfo.fr\/app\/uploads\/sites\/5\/2023\/08\/favicon-remiremontinfo.png\",\"width\":512,\"height\":512,\"caption\":\"Remiremont Info\"},\"image\":{\"@id\":\"https:\/\/vosgesinfo.fr\/remiremontinfo\/#\/schema\/logo\/image\/\"},\"sameAs\":[\"https:\/\/www.facebook.com\/remiremontinfo\",\"https:\/\/x.com\/VosgesInfo88\",\"https:\/\/www.youtube.com\/@vosgesinfo\"]},{\"@type\":\"Person\",\"@id\":\"https:\/\/vosgesinfo.fr\/remiremontinfo\/#\/schema\/person\/a6fd2dde36da20be3679f2058b94c5b8\",\"name\":\"P.M\",\"image\":{\"@type\":\"ImageObject\",\"inLanguage\":\"fr-FR\",\"@id\":\"https:\/\/vosgesinfo.fr\/remiremontinfo\/#\/schema\/person\/image\/\",\"url\":\"https:\/\/secure.gravatar.com\/avatar\/db38f6ef38bb165f6f4d352563f264129673ed4536984fbbcddf700bd12f8a9a?s=96&d=mm&r=g\",\"contentUrl\":\"https:\/\/secure.gravatar.com\/avatar\/db38f6ef38bb165f6f4d352563f264129673ed4536984fbbcddf700bd12f8a9a?s=96&d=mm&r=g\",\"caption\":\"P.M\"},\"url\":\"https:\/\/vosgesinfo.fr\/remiremontinfo\/author\/p-mangel88\/\"}]}<\/script>\n<!-- \/ Yoast SEO plugin. -->","yoast_head_json":{"title":"Feu de la Saint Jean au Girmont Val d\u2019Ajol - Remiremont Info","robots":{"index":"index","follow":"follow","max-snippet":"max-snippet:-1","max-image-preview":"max-image-preview:large","max-video-preview":"max-video-preview:-1"},"canonical":"https:\/\/vosgesinfo.fr\/remiremontinfo\/2023\/10\/feu-de-la-saint-jean-au-girmont-val-dajol\/","twitter_card":"summary_large_image","twitter_title":"Feu de la Saint Jean au Girmont Val d\u2019Ajol - Remiremont Info","twitter_description":"Pr\u00e9vue initialement le 17 juin et report\u00e9e pour cause de risque d\u2019incendie, la chavande \u00e0 bien brul\u00e9 ce samedi 30 [&hellip;]","twitter_image":"https:\/\/vosgesinfo.fr\/app\/uploads\/sites\/5\/2023\/10\/img-7150.jpg","twitter_creator":"@VosgesInfo88","twitter_site":"@VosgesInfo88","twitter_misc":{"\u00c9crit par":"P.M","Dur\u00e9e de lecture estim\u00e9e":"1 minute"},"schema":{"@context":"https:\/\/schema.org","@graph":[{"@type":"Article","@id":"https:\/\/vosgesinfo.fr\/remiremontinfo\/2023\/10\/feu-de-la-saint-jean-au-girmont-val-dajol\/#article","isPartOf":{"@id":"https:\/\/vosgesinfo.fr\/remiremontinfo\/2023\/10\/feu-de-la-saint-jean-au-girmont-val-dajol\/"},"author":{"name":"P.M","@id":"https:\/\/vosgesinfo.fr\/remiremontinfo\/#\/schema\/person\/a6fd2dde36da20be3679f2058b94c5b8"},"headline":"Feu de la Saint Jean au Girmont Val d\u2019Ajol","datePublished":"2023-10-02T10:21:51+00:00","dateModified":"2023-10-02T10:21:51+00:00","mainEntityOfPage":{"@id":"https:\/\/vosgesinfo.fr\/remiremontinfo\/2023\/10\/feu-de-la-saint-jean-au-girmont-val-dajol\/"},"wordCount":239,"commentCount":0,"publisher":{"@id":"https:\/\/vosgesinfo.fr\/remiremontinfo\/#organization"},"image":{"@id":"https:\/\/vosgesinfo.fr\/remiremontinfo\/2023\/10\/feu-de-la-saint-jean-au-girmont-val-dajol\/#primaryimage"},"thumbnailUrl":"https:\/\/vosgesinfo.fr\/app\/uploads\/sites\/5\/2023\/10\/img-7150.jpg","keywords":["AALG","chavande","feu de la Saint-Jean"],"articleSection":["A la Une","Culture","F\u00eates","Le Val-d'Ajol &amp; son canton","Loisirs"],"inLanguage":"fr-FR","potentialAction":[{"@type":"CommentAction","name":"Comment","target":["https:\/\/vosgesinfo.fr\/remiremontinfo\/2023\/10\/feu-de-la-saint-jean-au-girmont-val-dajol\/#respond"]}]},{"@type":"WebPage","@id":"https:\/\/vosgesinfo.fr\/remiremontinfo\/2023\/10\/feu-de-la-saint-jean-au-girmont-val-dajol\/","url":"https:\/\/vosgesinfo.fr\/remiremontinfo\/2023\/10\/feu-de-la-saint-jean-au-girmont-val-dajol\/","name":"Feu de la Saint Jean au Girmont Val d\u2019Ajol - Remiremont Info","isPartOf":{"@id":"https:\/\/vosgesinfo.fr\/remiremontinfo\/#website"},"primaryImageOfPage":{"@id":"https:\/\/vosgesinfo.fr\/remiremontinfo\/2023\/10\/feu-de-la-saint-jean-au-girmont-val-dajol\/#primaryimage"},"image":{"@id":"https:\/\/vosgesinfo.fr\/remiremontinfo\/2023\/10\/feu-de-la-saint-jean-au-girmont-val-dajol\/#primaryimage"},"thumbnailUrl":"https:\/\/vosgesinfo.fr\/app\/uploads\/sites\/5\/2023\/10\/img-7150.jpg","datePublished":"2023-10-02T10:21:51+00:00","dateModified":"2023-10-02T10:21:51+00:00","breadcrumb":{"@id":"https:\/\/vosgesinfo.fr\/remiremontinfo\/2023\/10\/feu-de-la-saint-jean-au-girmont-val-dajol\/#breadcrumb"},"inLanguage":"fr-FR","potentialAction":[{"@type":"ReadAction","target":["https:\/\/vosgesinfo.fr\/remiremontinfo\/2023\/10\/feu-de-la-saint-jean-au-girmont-val-dajol\/"]}]},{"@type":"ImageObject","inLanguage":"fr-FR","@id":"https:\/\/vosgesinfo.fr\/remiremontinfo\/2023\/10\/feu-de-la-saint-jean-au-girmont-val-dajol\/#primaryimage","url":"https:\/\/vosgesinfo.fr\/app\/uploads\/sites\/5\/2023\/10\/img-7150.jpg","contentUrl":"https:\/\/vosgesinfo.fr\/app\/uploads\/sites\/5\/2023\/10\/img-7150.jpg","width":1067,"height":1600},{"@type":"BreadcrumbList","@id":"https:\/\/vosgesinfo.fr\/remiremontinfo\/2023\/10\/feu-de-la-saint-jean-au-girmont-val-dajol\/#breadcrumb","itemListElement":[{"@type":"ListItem","position":1,"name":"Home","item":"https:\/\/vosgesinfo.fr\/remiremontinfo\/"},{"@type":"ListItem","position":2,"name":"Feu de la Saint Jean au Girmont Val d\u2019Ajol"}]},{"@type":"WebSite","@id":"https:\/\/vosgesinfo.fr\/remiremontinfo\/#website","url":"https:\/\/vosgesinfo.fr\/remiremontinfo\/","name":"Remiremont Info","description":"Toute l&#039;actualit\u00e9 de Remiremont","publisher":{"@id":"https:\/\/vosgesinfo.fr\/remiremontinfo\/#organization"},"alternateName":"Toute l'actualit\u00e9 de Remiremont","potentialAction":[{"@type":"SearchAction","target":{"@type":"EntryPoint","urlTemplate":"https:\/\/vosgesinfo.fr\/remiremontinfo\/?s={search_term_string}"},"query-input":"required name=search_term_string"}],"inLanguage":"fr-FR"},{"@type":"Organization","@id":"https:\/\/vosgesinfo.fr\/remiremontinfo\/#organization","name":"Remiremont Info","url":"https:\/\/vosgesinfo.fr\/remiremontinfo\/","logo":{"@type":"ImageObject","inLanguage":"fr-FR","@id":"https:\/\/vosgesinfo.fr\/remiremontinfo\/#\/schema\/logo\/image\/","url":"https:\/\/vosgesinfo.fr\/app\/uploads\/sites\/5\/2023\/08\/favicon-remiremontinfo.png","contentUrl":"https:\/\/vosgesinfo.fr\/app\/uploads\/sites\/5\/2023\/08\/favicon-remiremontinfo.png","width":512,"height":512,"caption":"Remiremont Info"},"image":{"@id":"https:\/\/vosgesinfo.fr\/remiremontinfo\/#\/schema\/logo\/image\/"},"sameAs":["https:\/\/www.facebook.com\/remiremontinfo","https:\/\/x.com\/VosgesInfo88","https:\/\/www.youtube.com\/@vosgesinfo"]},{"@type":"Person","@id":"https:\/\/vosgesinfo.fr\/remiremontinfo\/#\/schema\/person\/a6fd2dde36da20be3679f2058b94c5b8","name":"P.M","image":{"@type":"ImageObject","inLanguage":"fr-FR","@id":"https:\/\/vosgesinfo.fr\/remiremontinfo\/#\/schema\/person\/image\/","url":"https:\/\/secure.gravatar.com\/avatar\/db38f6ef38bb165f6f4d352563f264129673ed4536984fbbcddf700bd12f8a9a?s=96&d=mm&r=g","contentUrl":"https:\/\/secure.gravatar.com\/avatar\/db38f6ef38bb165f6f4d352563f264129673ed4536984fbbcddf700bd12f8a9a?s=96&d=mm&r=g","caption":"P.M"},"url":"https:\/\/vosgesinfo.fr\/remiremontinfo\/author\/p-mangel88\/"}]}},"_links":{"self":[{"href":"https:\/\/vosgesinfo.fr\/remiremontinfo\/wp-json\/wp\/v2\/posts\/1635","targetHints":{"allow":["GET"]}}],"collection":[{"href":"https:\/\/vosgesinfo.fr\/remiremontinfo\/wp-json\/wp\/v2\/posts"}],"about":[{"href":"https:\/\/vosgesinfo.fr\/remiremontinfo\/wp-json\/wp\/v2\/types\/post"}],"author":[{"embeddable":true,"href":"https:\/\/vosgesinfo.fr\/remiremontinfo\/wp-json\/wp\/v2\/users\/413"}],"replies":[{"embeddable":true,"href":"https:\/\/vosgesinfo.fr\/remiremontinfo\/wp-json\/wp\/v2\/comments?post=1635"}],"version-history":[{"count":0,"href":"https:\/\/vosgesinfo.fr\/remiremontinfo\/wp-json\/wp\/v2\/posts\/1635\/revisions"}],"wp:featuredmedia":[{"embeddable":true,"href":"https:\/\/vosgesinfo.fr\/remiremontinfo\/wp-json\/wp\/v2\/media\/1636"}],"wp:attachment":[{"href":"https:\/\/vosgesinfo.fr\/remiremontinfo\/wp-json\/wp\/v2\/media?parent=1635"}],"wp:term":[{"taxonomy":"category","embeddable":true,"href":"https:\/\/vosgesinfo.fr\/remiremontinfo\/wp-json\/wp\/v2\/categories?post=1635"},{"taxonomy":"post_tag","embeddable":true,"href":"https:\/\/vosgesinfo.fr\/remiremontinfo\/wp-json\/wp\/v2\/tags?post=1635"}],"curies":[{"name":"wp","href":"https:\/\/api.w.org\/{rel}","templated":true}]}}