{"id":1645,"date":"2023-10-02T12:53:38","date_gmt":"2023-10-02T10:53:38","guid":{"rendered":"https:\/\/vosgesinfo.fr\/remiremontinfo\/2023\/10\/la-maladie-de-lyme-mise-en-lumiere-au-tholy\/"},"modified":"2023-10-02T12:53:38","modified_gmt":"2023-10-02T10:53:38","slug":"la-maladie-de-lyme-mise-en-lumiere-au-tholy","status":"publish","type":"post","link":"https:\/\/vosgesinfo.fr\/remiremontinfo\/2023\/10\/la-maladie-de-lyme-mise-en-lumiere-au-tholy\/","title":{"rendered":"La maladie de Lyme mise en lumi\u00e8re au Tholy"},"content":{"rendered":"<p>Le Tholy (88530) accueille l&rsquo;\u00e9v\u00e8nement\u00a0<strong>LYME EN LUMI\u00c8RE<\/strong>, soir\u00e9e de sensibilisation sur la Maladie de Lyme et la Pr\u00e9vention des Piq\u00fbres de Tiques,\u00a0<strong>organis\u00e9e par<a href=\"https:\/\/remiremontinfo.fr\/wp-content\/uploads\/2023\/10\/Lyme.jpg\"><img decoding=\"async\" class=\"alignright size-medium wp-image-377440\" src=\"https:\/\/vosgesinfo.fr\/app\/uploads\/sites\/5\/2023\/10\/lyme.jpg\" alt=\"Lyme\" width=\"400\" height=\"200\" \/><\/a> l&rsquo;association Avenir Cafranc<\/strong>.<\/p>\n<p>Cet \u00e9v\u00e9nement aura lieu le\u00a0<strong>vendredi 13 octobre 2023<\/strong>, il vise \u00e0 informer et faire conna\u00eetre les risques li\u00e9s aux tiques et \u00e0 la maladie de Lyme.<\/p>\n<p>Le programme de la soir\u00e9e est vari\u00e9 et instructif, comprenant les intervenant(e)s et activit\u00e9s suivantes :<\/p>\n<p><strong>\u00a0 \u00c0 la d\u00e9couverte des Tiques (17:00) :\u00a0<\/strong>Un atelier ludique d&rsquo;\u00e9cologie et de pr\u00e9vention en partenariat avec l&rsquo;association ETC Terra, qui d\u00e9voilera le fonctionnement des tiques. La pr\u00e9sentation du programme CITIQUE est \u00e9galement au programme.<\/p>\n<p><strong>\u00a0 \u00c0 travers les yeux des malades de Lyme (18:30) :<\/strong>\u00a0Une discussion avec Marie F\u00e9lix, auteure du livre\u00a0<i>\u00ab\u00a0<\/i><a href=\"https:\/\/9pk1c.r.a.d.sendibm1.com\/mk\/cl\/f\/sh\/1f8JIKXwHGYoxC5tdyLZmS3Qer\/RWIZ4o7Stt5Y\" target=\"_blank\" rel=\"nofollow noopener noreferrer\"><i>LYME, Si les malades savaient, si les m\u00e9decins pouvaient<\/i><\/a><i>\u00ab\u00a0<\/i>.\u00a0<strong>Mme<a href=\"https:\/\/remiremontinfo.fr\/wp-content\/uploads\/2023\/10\/A4-Affiche-Soir\u00e9eMaladiedeLyme-AssociationAvenirCafranc-DEF_compressed_page-0001.jpg\"><img decoding=\"async\" class=\"alignright size-medium wp-image-377439\" src=\"https:\/\/vosgesinfo.fr\/app\/uploads\/sites\/5\/2023\/10\/a4-affiche-soireemaladiedelyme-associationavenircafranc-def-compressed-page-0001.jpg\" alt=\"A4-Affiche-Soir\u00e9eMaladiedeLyme-AssociationAvenirCafranc-DEF_compressed_page-0001\" width=\"180\" height=\"255\" \/><\/a> F\u00e9lix sera disponible pour des interviews avant l&rsquo;\u00e9v\u00e9nement, n&rsquo;h\u00e9sitez pas \u00e0 nous contacter pour obtenir ses coordonn\u00e9es.<\/strong><\/p>\n<p><a href=\"https:\/\/9pk1c.r.a.d.sendibm1.com\/mk\/cl\/f\/sh\/1f8JIKXwHGZDuOl6b8rR2p5pkz\/ES_IKAWdrGD6\" target=\"_blank\" rel=\"nofollow noopener noreferrer\"><strong>Lyme, quand la nature nous parle (20:30) :<\/strong><\/a>\u00a0<strong>La projection d&rsquo;un documentaire<\/strong>\u00a0de 52 minutes, suivi d&rsquo;une discussion avec Thomas Pfeiffer, coauteur du documentaire.<\/p>\n<p>Cette soir\u00e9e se tiendra \u00e0 la Salle Polyvalente, situ\u00e9e au 2 route du Petit Paradis, 88530 LE THOLY.<\/p>\n<p>Pour des informations suppl\u00e9mentaires sur la soir\u00e9e, veuillez nous contacter par courrier \u00e9lectronique \u00e0\u00a0<a href=\"mailto:avenicafranc@gmail.com\" target=\"_blank\" rel=\"nofollow noopener noreferrer\">avenircafranc@gmail.com<\/a>.<\/p>\n<p><strong>A propos de l&rsquo;Association Avenir Cafranc<\/strong><\/p>\n<p>Cr\u00e9\u00e9e en 2023 au sein de la commune du Tholy, notre association est encore jeune, mais elle porte d\u00e9j\u00e0 de grandes ambitions. Notre objectif premier est de r\u00e9fl\u00e9chir, d&rsquo;imaginer, et de contribuer au d\u00e9veloppement futur du territoire du Tholy et de ses habitants. D&rsquo;ailleurs, vous vous demandez peut-\u00eatre pourquoi nous nous appelons \u00ab\u00a0Avenir Cafranc\u00a0\u00bb. Eh bien, c&rsquo;est simple \u00ab\u00a0Cafranc\u00a0\u00bb c&rsquo;est ainsi que l&rsquo;on nomme les habitants de Le Tholy.\u00a0 Avenir Cafranc cherche \u00e0 traiter et d\u00e9velopper toutes th\u00e9matiques suscitant int\u00e9r\u00eat ou inqui\u00e9tude aux Cafrancs, au travers diff\u00e9rentes actions:: expositions, ateliers, conf\u00e9rences, causeries, etc.<\/p>\n<p>Avenir Cafranc comme association, s&rsquo;engage \u00e0 ne prendre aucune position \u00e0 propos des sujets trait\u00e9s.<\/p>\n","protected":false},"excerpt":{"rendered":"<p>Le Tholy (88530) accueille l&rsquo;\u00e9v\u00e8nement\u00a0LYME EN LUMI\u00c8RE, soir\u00e9e de sensibilisation sur la Maladie de Lyme et la Pr\u00e9vention des Piq\u00fbres [&hellip;]<\/p>\n","protected":false},"author":412,"featured_media":1643,"comment_status":"open","ping_status":"open","sticky":false,"template":"","format":"standard","meta":{"footnotes":""},"categories":[26,25,246,12,18],"tags":[247,46,32],"class_list":["post-1645","post","type-post","status-publish","format-standard","has-post-thumbnail","hentry","category-a-la-une","category-la-bresse-son-canton","category-le-tholy","category-sante","category-vosges","tag-le-tholy","tag-sante","tag-vosges"],"acf":[],"yoast_head":"<!-- This site is optimized with the Yoast SEO plugin v22.5 - https:\/\/yoast.com\/wordpress\/plugins\/seo\/ -->\n<title>La maladie de Lyme mise en lumi\u00e8re au Tholy - Remiremont Info<\/title>\n<meta name=\"robots\" content=\"index, follow, max-snippet:-1, max-image-preview:large, max-video-preview:-1\" \/>\n<link rel=\"canonical\" href=\"https:\/\/vosgesinfo.fr\/remiremontinfo\/2023\/10\/la-maladie-de-lyme-mise-en-lumiere-au-tholy\/\" \/>\n<meta name=\"twitter:card\" content=\"summary_large_image\" \/>\n<meta name=\"twitter:title\" content=\"La maladie de Lyme mise en lumi\u00e8re au Tholy - Remiremont Info\" \/>\n<meta name=\"twitter:description\" content=\"Le Tholy (88530) accueille l&rsquo;\u00e9v\u00e8nement\u00a0LYME EN LUMI\u00c8RE, soir\u00e9e de sensibilisation sur la Maladie de Lyme et la Pr\u00e9vention des Piq\u00fbres [&hellip;]\" \/>\n<meta name=\"twitter:image\" content=\"https:\/\/vosgesinfo.fr\/app\/uploads\/sites\/5\/2023\/10\/lyme.jpg\" \/>\n<meta name=\"twitter:creator\" content=\"@VosgesInfo88\" \/>\n<meta name=\"twitter:site\" content=\"@VosgesInfo88\" \/>\n<meta name=\"twitter:label1\" content=\"\u00c9crit par\" \/>\n\t<meta name=\"twitter:data1\" content=\"Stany Maurice\" \/>\n\t<meta name=\"twitter:label2\" content=\"Dur\u00e9e de lecture estim\u00e9e\" \/>\n\t<meta name=\"twitter:data2\" content=\"2 minutes\" \/>\n<script type=\"application\/ld+json\" class=\"yoast-schema-graph\">{\"@context\":\"https:\/\/schema.org\",\"@graph\":[{\"@type\":\"Article\",\"@id\":\"https:\/\/vosgesinfo.fr\/remiremontinfo\/2023\/10\/la-maladie-de-lyme-mise-en-lumiere-au-tholy\/#article\",\"isPartOf\":{\"@id\":\"https:\/\/vosgesinfo.fr\/remiremontinfo\/2023\/10\/la-maladie-de-lyme-mise-en-lumiere-au-tholy\/\"},\"author\":{\"name\":\"Stany Maurice\",\"@id\":\"https:\/\/vosgesinfo.fr\/remiremontinfo\/#\/schema\/person\/bec388675ce53b5a637aec04392f977e\"},\"headline\":\"La maladie de Lyme mise en lumi\u00e8re au Tholy\",\"datePublished\":\"2023-10-02T10:53:38+00:00\",\"dateModified\":\"2023-10-02T10:53:38+00:00\",\"mainEntityOfPage\":{\"@id\":\"https:\/\/vosgesinfo.fr\/remiremontinfo\/2023\/10\/la-maladie-de-lyme-mise-en-lumiere-au-tholy\/\"},\"wordCount\":366,\"commentCount\":0,\"publisher\":{\"@id\":\"https:\/\/vosgesinfo.fr\/remiremontinfo\/#organization\"},\"image\":{\"@id\":\"https:\/\/vosgesinfo.fr\/remiremontinfo\/2023\/10\/la-maladie-de-lyme-mise-en-lumiere-au-tholy\/#primaryimage\"},\"thumbnailUrl\":\"https:\/\/vosgesinfo.fr\/app\/uploads\/sites\/5\/2023\/10\/lyme.jpg\",\"keywords\":[\"le tholy\",\"sant\u00e9\",\"Vosges\"],\"articleSection\":[\"A la Une\",\"La Bresse &amp; son canton\",\"Le Tholy\",\"Sant\u00e9\",\"Vosges\"],\"inLanguage\":\"fr-FR\",\"potentialAction\":[{\"@type\":\"CommentAction\",\"name\":\"Comment\",\"target\":[\"https:\/\/vosgesinfo.fr\/remiremontinfo\/2023\/10\/la-maladie-de-lyme-mise-en-lumiere-au-tholy\/#respond\"]}]},{\"@type\":\"WebPage\",\"@id\":\"https:\/\/vosgesinfo.fr\/remiremontinfo\/2023\/10\/la-maladie-de-lyme-mise-en-lumiere-au-tholy\/\",\"url\":\"https:\/\/vosgesinfo.fr\/remiremontinfo\/2023\/10\/la-maladie-de-lyme-mise-en-lumiere-au-tholy\/\",\"name\":\"La maladie de Lyme mise en lumi\u00e8re au Tholy - Remiremont Info\",\"isPartOf\":{\"@id\":\"https:\/\/vosgesinfo.fr\/remiremontinfo\/#website\"},\"primaryImageOfPage\":{\"@id\":\"https:\/\/vosgesinfo.fr\/remiremontinfo\/2023\/10\/la-maladie-de-lyme-mise-en-lumiere-au-tholy\/#primaryimage\"},\"image\":{\"@id\":\"https:\/\/vosgesinfo.fr\/remiremontinfo\/2023\/10\/la-maladie-de-lyme-mise-en-lumiere-au-tholy\/#primaryimage\"},\"thumbnailUrl\":\"https:\/\/vosgesinfo.fr\/app\/uploads\/sites\/5\/2023\/10\/lyme.jpg\",\"datePublished\":\"2023-10-02T10:53:38+00:00\",\"dateModified\":\"2023-10-02T10:53:38+00:00\",\"breadcrumb\":{\"@id\":\"https:\/\/vosgesinfo.fr\/remiremontinfo\/2023\/10\/la-maladie-de-lyme-mise-en-lumiere-au-tholy\/#breadcrumb\"},\"inLanguage\":\"fr-FR\",\"potentialAction\":[{\"@type\":\"ReadAction\",\"target\":[\"https:\/\/vosgesinfo.fr\/remiremontinfo\/2023\/10\/la-maladie-de-lyme-mise-en-lumiere-au-tholy\/\"]}]},{\"@type\":\"ImageObject\",\"inLanguage\":\"fr-FR\",\"@id\":\"https:\/\/vosgesinfo.fr\/remiremontinfo\/2023\/10\/la-maladie-de-lyme-mise-en-lumiere-au-tholy\/#primaryimage\",\"url\":\"https:\/\/vosgesinfo.fr\/app\/uploads\/sites\/5\/2023\/10\/lyme.jpg\",\"contentUrl\":\"https:\/\/vosgesinfo.fr\/app\/uploads\/sites\/5\/2023\/10\/lyme.jpg\",\"width\":600,\"height\":300},{\"@type\":\"BreadcrumbList\",\"@id\":\"https:\/\/vosgesinfo.fr\/remiremontinfo\/2023\/10\/la-maladie-de-lyme-mise-en-lumiere-au-tholy\/#breadcrumb\",\"itemListElement\":[{\"@type\":\"ListItem\",\"position\":1,\"name\":\"Home\",\"item\":\"https:\/\/vosgesinfo.fr\/remiremontinfo\/\"},{\"@type\":\"ListItem\",\"position\":2,\"name\":\"La maladie de Lyme mise en lumi\u00e8re au Tholy\"}]},{\"@type\":\"WebSite\",\"@id\":\"https:\/\/vosgesinfo.fr\/remiremontinfo\/#website\",\"url\":\"https:\/\/vosgesinfo.fr\/remiremontinfo\/\",\"name\":\"Remiremont Info\",\"description\":\"Toute l&#039;actualit\u00e9 de Remiremont\",\"publisher\":{\"@id\":\"https:\/\/vosgesinfo.fr\/remiremontinfo\/#organization\"},\"alternateName\":\"Toute l'actualit\u00e9 de Remiremont\",\"potentialAction\":[{\"@type\":\"SearchAction\",\"target\":{\"@type\":\"EntryPoint\",\"urlTemplate\":\"https:\/\/vosgesinfo.fr\/remiremontinfo\/?s={search_term_string}\"},\"query-input\":\"required name=search_term_string\"}],\"inLanguage\":\"fr-FR\"},{\"@type\":\"Organization\",\"@id\":\"https:\/\/vosgesinfo.fr\/remiremontinfo\/#organization\",\"name\":\"Remiremont Info\",\"url\":\"https:\/\/vosgesinfo.fr\/remiremontinfo\/\",\"logo\":{\"@type\":\"ImageObject\",\"inLanguage\":\"fr-FR\",\"@id\":\"https:\/\/vosgesinfo.fr\/remiremontinfo\/#\/schema\/logo\/image\/\",\"url\":\"https:\/\/vosgesinfo.fr\/app\/uploads\/sites\/5\/2023\/08\/favicon-remiremontinfo.png\",\"contentUrl\":\"https:\/\/vosgesinfo.fr\/app\/uploads\/sites\/5\/2023\/08\/favicon-remiremontinfo.png\",\"width\":512,\"height\":512,\"caption\":\"Remiremont Info\"},\"image\":{\"@id\":\"https:\/\/vosgesinfo.fr\/remiremontinfo\/#\/schema\/logo\/image\/\"},\"sameAs\":[\"https:\/\/www.facebook.com\/remiremontinfo\",\"https:\/\/x.com\/VosgesInfo88\",\"https:\/\/www.youtube.com\/@vosgesinfo\"]},{\"@type\":\"Person\",\"@id\":\"https:\/\/vosgesinfo.fr\/remiremontinfo\/#\/schema\/person\/bec388675ce53b5a637aec04392f977e\",\"name\":\"Stany Maurice\",\"image\":{\"@type\":\"ImageObject\",\"inLanguage\":\"fr-FR\",\"@id\":\"https:\/\/vosgesinfo.fr\/remiremontinfo\/#\/schema\/person\/image\/\",\"url\":\"https:\/\/secure.gravatar.com\/avatar\/68520b0c74251371bd10958bd19c3ce39a212093b8fff0dc3edbfcfddd089807?s=96&d=mm&r=g\",\"contentUrl\":\"https:\/\/secure.gravatar.com\/avatar\/68520b0c74251371bd10958bd19c3ce39a212093b8fff0dc3edbfcfddd089807?s=96&d=mm&r=g\",\"caption\":\"Stany Maurice\"},\"url\":\"https:\/\/vosgesinfo.fr\/remiremontinfo\/author\/s-maurice\/\"}]}<\/script>\n<!-- \/ Yoast SEO plugin. -->","yoast_head_json":{"title":"La maladie de Lyme mise en lumi\u00e8re au Tholy - Remiremont Info","robots":{"index":"index","follow":"follow","max-snippet":"max-snippet:-1","max-image-preview":"max-image-preview:large","max-video-preview":"max-video-preview:-1"},"canonical":"https:\/\/vosgesinfo.fr\/remiremontinfo\/2023\/10\/la-maladie-de-lyme-mise-en-lumiere-au-tholy\/","twitter_card":"summary_large_image","twitter_title":"La maladie de Lyme mise en lumi\u00e8re au Tholy - Remiremont Info","twitter_description":"Le Tholy (88530) accueille l&rsquo;\u00e9v\u00e8nement\u00a0LYME EN LUMI\u00c8RE, soir\u00e9e de sensibilisation sur la Maladie de Lyme et la Pr\u00e9vention des Piq\u00fbres [&hellip;]","twitter_image":"https:\/\/vosgesinfo.fr\/app\/uploads\/sites\/5\/2023\/10\/lyme.jpg","twitter_creator":"@VosgesInfo88","twitter_site":"@VosgesInfo88","twitter_misc":{"\u00c9crit par":"Stany Maurice","Dur\u00e9e de lecture estim\u00e9e":"2 minutes"},"schema":{"@context":"https:\/\/schema.org","@graph":[{"@type":"Article","@id":"https:\/\/vosgesinfo.fr\/remiremontinfo\/2023\/10\/la-maladie-de-lyme-mise-en-lumiere-au-tholy\/#article","isPartOf":{"@id":"https:\/\/vosgesinfo.fr\/remiremontinfo\/2023\/10\/la-maladie-de-lyme-mise-en-lumiere-au-tholy\/"},"author":{"name":"Stany Maurice","@id":"https:\/\/vosgesinfo.fr\/remiremontinfo\/#\/schema\/person\/bec388675ce53b5a637aec04392f977e"},"headline":"La maladie de Lyme mise en lumi\u00e8re au Tholy","datePublished":"2023-10-02T10:53:38+00:00","dateModified":"2023-10-02T10:53:38+00:00","mainEntityOfPage":{"@id":"https:\/\/vosgesinfo.fr\/remiremontinfo\/2023\/10\/la-maladie-de-lyme-mise-en-lumiere-au-tholy\/"},"wordCount":366,"commentCount":0,"publisher":{"@id":"https:\/\/vosgesinfo.fr\/remiremontinfo\/#organization"},"image":{"@id":"https:\/\/vosgesinfo.fr\/remiremontinfo\/2023\/10\/la-maladie-de-lyme-mise-en-lumiere-au-tholy\/#primaryimage"},"thumbnailUrl":"https:\/\/vosgesinfo.fr\/app\/uploads\/sites\/5\/2023\/10\/lyme.jpg","keywords":["le tholy","sant\u00e9","Vosges"],"articleSection":["A la Une","La Bresse &amp; son canton","Le Tholy","Sant\u00e9","Vosges"],"inLanguage":"fr-FR","potentialAction":[{"@type":"CommentAction","name":"Comment","target":["https:\/\/vosgesinfo.fr\/remiremontinfo\/2023\/10\/la-maladie-de-lyme-mise-en-lumiere-au-tholy\/#respond"]}]},{"@type":"WebPage","@id":"https:\/\/vosgesinfo.fr\/remiremontinfo\/2023\/10\/la-maladie-de-lyme-mise-en-lumiere-au-tholy\/","url":"https:\/\/vosgesinfo.fr\/remiremontinfo\/2023\/10\/la-maladie-de-lyme-mise-en-lumiere-au-tholy\/","name":"La maladie de Lyme mise en lumi\u00e8re au Tholy - Remiremont Info","isPartOf":{"@id":"https:\/\/vosgesinfo.fr\/remiremontinfo\/#website"},"primaryImageOfPage":{"@id":"https:\/\/vosgesinfo.fr\/remiremontinfo\/2023\/10\/la-maladie-de-lyme-mise-en-lumiere-au-tholy\/#primaryimage"},"image":{"@id":"https:\/\/vosgesinfo.fr\/remiremontinfo\/2023\/10\/la-maladie-de-lyme-mise-en-lumiere-au-tholy\/#primaryimage"},"thumbnailUrl":"https:\/\/vosgesinfo.fr\/app\/uploads\/sites\/5\/2023\/10\/lyme.jpg","datePublished":"2023-10-02T10:53:38+00:00","dateModified":"2023-10-02T10:53:38+00:00","breadcrumb":{"@id":"https:\/\/vosgesinfo.fr\/remiremontinfo\/2023\/10\/la-maladie-de-lyme-mise-en-lumiere-au-tholy\/#breadcrumb"},"inLanguage":"fr-FR","potentialAction":[{"@type":"ReadAction","target":["https:\/\/vosgesinfo.fr\/remiremontinfo\/2023\/10\/la-maladie-de-lyme-mise-en-lumiere-au-tholy\/"]}]},{"@type":"ImageObject","inLanguage":"fr-FR","@id":"https:\/\/vosgesinfo.fr\/remiremontinfo\/2023\/10\/la-maladie-de-lyme-mise-en-lumiere-au-tholy\/#primaryimage","url":"https:\/\/vosgesinfo.fr\/app\/uploads\/sites\/5\/2023\/10\/lyme.jpg","contentUrl":"https:\/\/vosgesinfo.fr\/app\/uploads\/sites\/5\/2023\/10\/lyme.jpg","width":600,"height":300},{"@type":"BreadcrumbList","@id":"https:\/\/vosgesinfo.fr\/remiremontinfo\/2023\/10\/la-maladie-de-lyme-mise-en-lumiere-au-tholy\/#breadcrumb","itemListElement":[{"@type":"ListItem","position":1,"name":"Home","item":"https:\/\/vosgesinfo.fr\/remiremontinfo\/"},{"@type":"ListItem","position":2,"name":"La maladie de Lyme mise en lumi\u00e8re au Tholy"}]},{"@type":"WebSite","@id":"https:\/\/vosgesinfo.fr\/remiremontinfo\/#website","url":"https:\/\/vosgesinfo.fr\/remiremontinfo\/","name":"Remiremont Info","description":"Toute l&#039;actualit\u00e9 de Remiremont","publisher":{"@id":"https:\/\/vosgesinfo.fr\/remiremontinfo\/#organization"},"alternateName":"Toute l'actualit\u00e9 de Remiremont","potentialAction":[{"@type":"SearchAction","target":{"@type":"EntryPoint","urlTemplate":"https:\/\/vosgesinfo.fr\/remiremontinfo\/?s={search_term_string}"},"query-input":"required name=search_term_string"}],"inLanguage":"fr-FR"},{"@type":"Organization","@id":"https:\/\/vosgesinfo.fr\/remiremontinfo\/#organization","name":"Remiremont Info","url":"https:\/\/vosgesinfo.fr\/remiremontinfo\/","logo":{"@type":"ImageObject","inLanguage":"fr-FR","@id":"https:\/\/vosgesinfo.fr\/remiremontinfo\/#\/schema\/logo\/image\/","url":"https:\/\/vosgesinfo.fr\/app\/uploads\/sites\/5\/2023\/08\/favicon-remiremontinfo.png","contentUrl":"https:\/\/vosgesinfo.fr\/app\/uploads\/sites\/5\/2023\/08\/favicon-remiremontinfo.png","width":512,"height":512,"caption":"Remiremont Info"},"image":{"@id":"https:\/\/vosgesinfo.fr\/remiremontinfo\/#\/schema\/logo\/image\/"},"sameAs":["https:\/\/www.facebook.com\/remiremontinfo","https:\/\/x.com\/VosgesInfo88","https:\/\/www.youtube.com\/@vosgesinfo"]},{"@type":"Person","@id":"https:\/\/vosgesinfo.fr\/remiremontinfo\/#\/schema\/person\/bec388675ce53b5a637aec04392f977e","name":"Stany Maurice","image":{"@type":"ImageObject","inLanguage":"fr-FR","@id":"https:\/\/vosgesinfo.fr\/remiremontinfo\/#\/schema\/person\/image\/","url":"https:\/\/secure.gravatar.com\/avatar\/68520b0c74251371bd10958bd19c3ce39a212093b8fff0dc3edbfcfddd089807?s=96&d=mm&r=g","contentUrl":"https:\/\/secure.gravatar.com\/avatar\/68520b0c74251371bd10958bd19c3ce39a212093b8fff0dc3edbfcfddd089807?s=96&d=mm&r=g","caption":"Stany Maurice"},"url":"https:\/\/vosgesinfo.fr\/remiremontinfo\/author\/s-maurice\/"}]}},"_links":{"self":[{"href":"https:\/\/vosgesinfo.fr\/remiremontinfo\/wp-json\/wp\/v2\/posts\/1645","targetHints":{"allow":["GET"]}}],"collection":[{"href":"https:\/\/vosgesinfo.fr\/remiremontinfo\/wp-json\/wp\/v2\/posts"}],"about":[{"href":"https:\/\/vosgesinfo.fr\/remiremontinfo\/wp-json\/wp\/v2\/types\/post"}],"author":[{"embeddable":true,"href":"https:\/\/vosgesinfo.fr\/remiremontinfo\/wp-json\/wp\/v2\/users\/412"}],"replies":[{"embeddable":true,"href":"https:\/\/vosgesinfo.fr\/remiremontinfo\/wp-json\/wp\/v2\/comments?post=1645"}],"version-history":[{"count":0,"href":"https:\/\/vosgesinfo.fr\/remiremontinfo\/wp-json\/wp\/v2\/posts\/1645\/revisions"}],"wp:featuredmedia":[{"embeddable":true,"href":"https:\/\/vosgesinfo.fr\/remiremontinfo\/wp-json\/wp\/v2\/media\/1643"}],"wp:attachment":[{"href":"https:\/\/vosgesinfo.fr\/remiremontinfo\/wp-json\/wp\/v2\/media?parent=1645"}],"wp:term":[{"taxonomy":"category","embeddable":true,"href":"https:\/\/vosgesinfo.fr\/remiremontinfo\/wp-json\/wp\/v2\/categories?post=1645"},{"taxonomy":"post_tag","embeddable":true,"href":"https:\/\/vosgesinfo.fr\/remiremontinfo\/wp-json\/wp\/v2\/tags?post=1645"}],"curies":[{"name":"wp","href":"https:\/\/api.w.org\/{rel}","templated":true}]}}