{"id":16542,"date":"2019-06-26T05:30:46","date_gmt":"2019-06-26T03:30:46","guid":{"rendered":"https:\/\/vosgesinfo.fr\/remiremontinfo\/2019\/06\/athle-vosges-pays-de-remiremont-8-medailles-pepite\/"},"modified":"2019-06-26T05:30:46","modified_gmt":"2019-06-26T03:30:46","slug":"athle-vosges-pays-de-remiremont-8-medailles-pepite","status":"publish","type":"post","link":"https:\/\/vosgesinfo.fr\/remiremontinfo\/2019\/06\/athle-vosges-pays-de-remiremont-8-medailles-pepite\/","title":{"rendered":"Athl\u00e9 Vosges Pays de Remiremont : 8 m\u00e9dailles et une p\u00e9pite !"},"content":{"rendered":"\n<h2><span style=\"font-size: 12pt;\"><strong>Encore un week end faste pour les jeunes de l\u2019Athl\u00e9 Vosges Pays de Remiremont (AVPR) engag\u00e9s\u00a0<\/strong><strong>ce week-end en en comp\u00e9tition.<\/strong><\/span><\/h2>\n<p><span style=\"font-size: 12pt;\"><strong><em>Victoire CHAUDY et Livio TOMBA Champions du Grand Est<\/em><\/strong><\/span><\/p>\n<p>Honneur \u00e0 Livio TOMBA qui a \u00e9tal\u00e9 une science de la course impressionnant pour dominer le<br \/>\n1000m minimes en courant comme il le voulu portant une attaque d\u00e9cisive \u00e0 mi course pour cueillir une<br \/>\ncouronne qui en appellera d\u2019autre sous les yeux admiratifs de son mentor Tony DA SILVA ; c\u2019\u00e9tait ce<br \/>\ndimanche \u00e0 Lun\u00e9ville o\u00f9 les minimes avaient rendez-vous pour leur championnat r\u00e9gional. Grand Est. La<br \/>\nprochaine \u00e9tape pour Livio sera la coupe de France minimes \u00e0 TOURS o\u00f9 il aura \u00e0 c\u0153ur de briller au niveau<br \/>\nnational<\/p>\n<p>La jeune sprinteuse Victoire CHAUDY si elle n\u2019a pas battu ses records personnels en raison d\u2019un<br \/>\nfort vent d\u00e9favorable a n\u00e9anmoins coup\u00e9 la ligne en championne du Grand Est \u00e0 2 reprises. D\u2019 abord sur le<br \/>\n100m qu\u2019elle a une nouvelle fois boucl\u00e9 sous les 13 secondes face au vent et moins de 15minutes plus<br \/>\ntard elle a r\u00e9cidiv\u00e9 sur le 50m\u00a0! Un magnifique doubl\u00e9 sous les yeux attentif de son Pr\u00e9sident.<\/p>\n<p>Tout autant en verve, d\u2019autres mimines son mont\u00e9s sur le podium. C\u2019est d\u2019abord le cas de Gatien<br \/>\nFLAMENT vice champion de la grande r\u00e9gion en hauteur avec un nouveau record port\u00e9 \u00e0 1 m 79. Ce fut<br \/>\nensuite le tour de sa camarade Louane PARISSE\u00a0 qui enchaina 2 belles m\u00e9dailles, l\u2019une au saut en longueur<br \/>\n(argent) et l\u2019autre au 200m haies (bronze).\u00a0Pour ne pas \u00eatre en reste, Gwendoline CHEVALIER a concr\u00e9tis\u00e9<br \/>\ndes progr\u00e8s significatifs en vitesse en prenant le bronze au 50m. Elle aura eu le plaisir de conqu\u00e9rir le<br \/>\nbronze de nouveau avec ses camarades du relais\u00a0: Victoire CHAUDY, Andr\u00e9a DA SILVA\u00a0 et Louane<br \/>\nPARISSE.<\/p>\n<p>Sans connaitre la joie du podium, la marcheuse Emma FRATTINI a r\u00e9alis\u00e9 une course magnifique<br \/>\nexplosant son record au 3000m malgr\u00e9 la forte chaleur en venant mourir d\u2019un souffle au pied du podium.<br \/>\nExemplaire aussi Agathe PERRIN qui retranche pr\u00e8s d\u2019une seconde \u00e0 son RP\u00a0 au 200m haies et enfin la<br \/>\ntoute jeune Justine POURETTE qui r\u00e9alise une course parfaite avec une 5\u00b0 place et le chrono prometteur<br \/>\nde 3.16 AU 1000m.<\/p>\n<p><em><strong>IMPRESSIONNANTE Oriane RAGUIN<\/strong><\/em><\/p>\n<p>Derni\u00e8re p\u00e9pite d\u00e9nich\u00e9e par Manu PERRIN son professeur d\u2019EPS\u00a0, Oriane RAGUIN qui a rejoint le<br \/>\nclub depuis 2 mois , n\u2019a pas mis longtemps a montr\u00e9 l\u2019\u00e9tendue de ses qualit\u00e9s\u00a0; Avec un chrono d e3.17.35<br \/>\nau 1000m a \u00e0 peine 13ans, elle efface le vieux record d\u00e9partemental U13 que d\u00e9tenait jusqu\u2019alors\u2026. la fille<br \/>\nde son coach venue elle-m\u00eame l\u2019encourager\u00a0!!!<\/p>\n<p>Encore un week-end end faste des jeunes roses et gris p\u00e9tris de qualit\u00e9s sous la f\u00e9rule de<br \/>\ncadres d\u00e9vou\u00e9s et attentifs ; place maintenant \u00e0 l\u2019op\u00e9ration parents-baskets-surv\u00eat suivie du pique<br \/>\nnique de fin d\u2019ann\u00e9e ce vendredi soir 28 juin au stade.<\/p>\n<p>P.BERETTA<\/p>\n","protected":false},"excerpt":{"rendered":"<p>Encore un week end faste pour les jeunes de l\u2019Athl\u00e9 Vosges Pays de Remiremont (AVPR) engag\u00e9s\u00a0ce week-end en en comp\u00e9tition. [&hellip;]<\/p>\n","protected":false},"author":407,"featured_media":16543,"comment_status":"open","ping_status":"open","sticky":false,"template":"","format":"standard","meta":{"footnotes":""},"categories":[26,1556,35,14],"tags":[],"class_list":["post-16542","post","type-post","status-publish","format-standard","has-post-thumbnail","hentry","category-a-la-une","category-remiremont-remiremont-son-canton-2","category-remiremont-son-canton","category-sport"],"acf":[],"yoast_head":"<!-- This site is optimized with the Yoast SEO plugin v22.5 - https:\/\/yoast.com\/wordpress\/plugins\/seo\/ -->\n<title>Athl\u00e9 Vosges Pays de Remiremont : 8 m\u00e9dailles et une p\u00e9pite ! - Remiremont Info<\/title>\n<meta name=\"robots\" content=\"index, follow, max-snippet:-1, max-image-preview:large, max-video-preview:-1\" \/>\n<link rel=\"canonical\" href=\"https:\/\/vosgesinfo.fr\/remiremontinfo\/2019\/06\/athle-vosges-pays-de-remiremont-8-medailles-pepite\/\" \/>\n<meta name=\"twitter:card\" content=\"summary_large_image\" \/>\n<meta name=\"twitter:title\" content=\"Athl\u00e9 Vosges Pays de Remiremont : 8 m\u00e9dailles et une p\u00e9pite ! - Remiremont Info\" \/>\n<meta name=\"twitter:description\" content=\"Encore un week end faste pour les jeunes de l\u2019Athl\u00e9 Vosges Pays de Remiremont (AVPR) engag\u00e9s\u00a0ce week-end en en comp\u00e9tition. [&hellip;]\" \/>\n<meta name=\"twitter:image\" content=\"https:\/\/vosgesinfo.fr\/app\/uploads\/sites\/5\/2024\/09\/201906victoire-chaudy-scaled.jpg\" \/>\n<meta name=\"twitter:creator\" content=\"@VosgesInfo88\" \/>\n<meta name=\"twitter:site\" content=\"@VosgesInfo88\" \/>\n<meta name=\"twitter:label1\" content=\"\u00c9crit par\" \/>\n\t<meta name=\"twitter:data1\" content=\"C D\" \/>\n\t<meta name=\"twitter:label2\" content=\"Dur\u00e9e de lecture estim\u00e9e\" \/>\n\t<meta name=\"twitter:data2\" content=\"3 minutes\" \/>\n<script type=\"application\/ld+json\" class=\"yoast-schema-graph\">{\"@context\":\"https:\/\/schema.org\",\"@graph\":[{\"@type\":\"Article\",\"@id\":\"https:\/\/vosgesinfo.fr\/remiremontinfo\/2019\/06\/athle-vosges-pays-de-remiremont-8-medailles-pepite\/#article\",\"isPartOf\":{\"@id\":\"https:\/\/vosgesinfo.fr\/remiremontinfo\/2019\/06\/athle-vosges-pays-de-remiremont-8-medailles-pepite\/\"},\"author\":{\"name\":\"C D\",\"@id\":\"https:\/\/vosgesinfo.fr\/remiremontinfo\/#\/schema\/person\/3bfd164d5218a185b1db68655a265316\"},\"headline\":\"Athl\u00e9 Vosges Pays de Remiremont : 8 m\u00e9dailles et une p\u00e9pite !\",\"datePublished\":\"2019-06-26T03:30:46+00:00\",\"dateModified\":\"2019-06-26T03:30:46+00:00\",\"mainEntityOfPage\":{\"@id\":\"https:\/\/vosgesinfo.fr\/remiremontinfo\/2019\/06\/athle-vosges-pays-de-remiremont-8-medailles-pepite\/\"},\"wordCount\":528,\"commentCount\":0,\"publisher\":{\"@id\":\"https:\/\/vosgesinfo.fr\/remiremontinfo\/#organization\"},\"image\":{\"@id\":\"https:\/\/vosgesinfo.fr\/remiremontinfo\/2019\/06\/athle-vosges-pays-de-remiremont-8-medailles-pepite\/#primaryimage\"},\"thumbnailUrl\":\"https:\/\/vosgesinfo.fr\/app\/uploads\/sites\/5\/2024\/09\/201906victoire-chaudy-scaled.jpg\",\"articleSection\":[\"A la Une\",\"Remiremont\",\"Remiremont &amp; son canton\",\"Sport\"],\"inLanguage\":\"fr-FR\",\"potentialAction\":[{\"@type\":\"CommentAction\",\"name\":\"Comment\",\"target\":[\"https:\/\/vosgesinfo.fr\/remiremontinfo\/2019\/06\/athle-vosges-pays-de-remiremont-8-medailles-pepite\/#respond\"]}]},{\"@type\":\"WebPage\",\"@id\":\"https:\/\/vosgesinfo.fr\/remiremontinfo\/2019\/06\/athle-vosges-pays-de-remiremont-8-medailles-pepite\/\",\"url\":\"https:\/\/vosgesinfo.fr\/remiremontinfo\/2019\/06\/athle-vosges-pays-de-remiremont-8-medailles-pepite\/\",\"name\":\"Athl\u00e9 Vosges Pays de Remiremont : 8 m\u00e9dailles et une p\u00e9pite ! - Remiremont Info\",\"isPartOf\":{\"@id\":\"https:\/\/vosgesinfo.fr\/remiremontinfo\/#website\"},\"primaryImageOfPage\":{\"@id\":\"https:\/\/vosgesinfo.fr\/remiremontinfo\/2019\/06\/athle-vosges-pays-de-remiremont-8-medailles-pepite\/#primaryimage\"},\"image\":{\"@id\":\"https:\/\/vosgesinfo.fr\/remiremontinfo\/2019\/06\/athle-vosges-pays-de-remiremont-8-medailles-pepite\/#primaryimage\"},\"thumbnailUrl\":\"https:\/\/vosgesinfo.fr\/app\/uploads\/sites\/5\/2024\/09\/201906victoire-chaudy-scaled.jpg\",\"datePublished\":\"2019-06-26T03:30:46+00:00\",\"dateModified\":\"2019-06-26T03:30:46+00:00\",\"breadcrumb\":{\"@id\":\"https:\/\/vosgesinfo.fr\/remiremontinfo\/2019\/06\/athle-vosges-pays-de-remiremont-8-medailles-pepite\/#breadcrumb\"},\"inLanguage\":\"fr-FR\",\"potentialAction\":[{\"@type\":\"ReadAction\",\"target\":[\"https:\/\/vosgesinfo.fr\/remiremontinfo\/2019\/06\/athle-vosges-pays-de-remiremont-8-medailles-pepite\/\"]}]},{\"@type\":\"ImageObject\",\"inLanguage\":\"fr-FR\",\"@id\":\"https:\/\/vosgesinfo.fr\/remiremontinfo\/2019\/06\/athle-vosges-pays-de-remiremont-8-medailles-pepite\/#primaryimage\",\"url\":\"https:\/\/vosgesinfo.fr\/app\/uploads\/sites\/5\/2024\/09\/201906victoire-chaudy-scaled.jpg\",\"contentUrl\":\"https:\/\/vosgesinfo.fr\/app\/uploads\/sites\/5\/2024\/09\/201906victoire-chaudy-scaled.jpg\",\"width\":2560,\"height\":1920},{\"@type\":\"BreadcrumbList\",\"@id\":\"https:\/\/vosgesinfo.fr\/remiremontinfo\/2019\/06\/athle-vosges-pays-de-remiremont-8-medailles-pepite\/#breadcrumb\",\"itemListElement\":[{\"@type\":\"ListItem\",\"position\":1,\"name\":\"Home\",\"item\":\"https:\/\/vosgesinfo.fr\/remiremontinfo\/\"},{\"@type\":\"ListItem\",\"position\":2,\"name\":\"Athl\u00e9 Vosges Pays de Remiremont : 8 m\u00e9dailles et une p\u00e9pite !\"}]},{\"@type\":\"WebSite\",\"@id\":\"https:\/\/vosgesinfo.fr\/remiremontinfo\/#website\",\"url\":\"https:\/\/vosgesinfo.fr\/remiremontinfo\/\",\"name\":\"Remiremont Info\",\"description\":\"Toute l&#039;actualit\u00e9 de Remiremont\",\"publisher\":{\"@id\":\"https:\/\/vosgesinfo.fr\/remiremontinfo\/#organization\"},\"alternateName\":\"Toute l'actualit\u00e9 de Remiremont\",\"potentialAction\":[{\"@type\":\"SearchAction\",\"target\":{\"@type\":\"EntryPoint\",\"urlTemplate\":\"https:\/\/vosgesinfo.fr\/remiremontinfo\/?s={search_term_string}\"},\"query-input\":\"required name=search_term_string\"}],\"inLanguage\":\"fr-FR\"},{\"@type\":\"Organization\",\"@id\":\"https:\/\/vosgesinfo.fr\/remiremontinfo\/#organization\",\"name\":\"Remiremont Info\",\"url\":\"https:\/\/vosgesinfo.fr\/remiremontinfo\/\",\"logo\":{\"@type\":\"ImageObject\",\"inLanguage\":\"fr-FR\",\"@id\":\"https:\/\/vosgesinfo.fr\/remiremontinfo\/#\/schema\/logo\/image\/\",\"url\":\"https:\/\/vosgesinfo.fr\/app\/uploads\/sites\/5\/2023\/08\/favicon-remiremontinfo.png\",\"contentUrl\":\"https:\/\/vosgesinfo.fr\/app\/uploads\/sites\/5\/2023\/08\/favicon-remiremontinfo.png\",\"width\":512,\"height\":512,\"caption\":\"Remiremont Info\"},\"image\":{\"@id\":\"https:\/\/vosgesinfo.fr\/remiremontinfo\/#\/schema\/logo\/image\/\"},\"sameAs\":[\"https:\/\/www.facebook.com\/remiremontinfo\",\"https:\/\/x.com\/VosgesInfo88\",\"https:\/\/www.youtube.com\/@vosgesinfo\"]},{\"@type\":\"Person\",\"@id\":\"https:\/\/vosgesinfo.fr\/remiremontinfo\/#\/schema\/person\/3bfd164d5218a185b1db68655a265316\",\"name\":\"C D\",\"image\":{\"@type\":\"ImageObject\",\"inLanguage\":\"fr-FR\",\"@id\":\"https:\/\/vosgesinfo.fr\/remiremontinfo\/#\/schema\/person\/image\/\",\"url\":\"https:\/\/secure.gravatar.com\/avatar\/1f9a70007336511a47468b8f1c66f922b8b7cf617b02a31149ada43893a5d48f?s=96&d=mm&r=g\",\"contentUrl\":\"https:\/\/secure.gravatar.com\/avatar\/1f9a70007336511a47468b8f1c66f922b8b7cf617b02a31149ada43893a5d48f?s=96&d=mm&r=g\",\"caption\":\"C D\"},\"url\":\"https:\/\/vosgesinfo.fr\/remiremontinfo\/author\/cedric-drevet\/\"}]}<\/script>\n<!-- \/ Yoast SEO plugin. -->","yoast_head_json":{"title":"Athl\u00e9 Vosges Pays de Remiremont : 8 m\u00e9dailles et une p\u00e9pite ! - Remiremont Info","robots":{"index":"index","follow":"follow","max-snippet":"max-snippet:-1","max-image-preview":"max-image-preview:large","max-video-preview":"max-video-preview:-1"},"canonical":"https:\/\/vosgesinfo.fr\/remiremontinfo\/2019\/06\/athle-vosges-pays-de-remiremont-8-medailles-pepite\/","twitter_card":"summary_large_image","twitter_title":"Athl\u00e9 Vosges Pays de Remiremont : 8 m\u00e9dailles et une p\u00e9pite ! - Remiremont Info","twitter_description":"Encore un week end faste pour les jeunes de l\u2019Athl\u00e9 Vosges Pays de Remiremont (AVPR) engag\u00e9s\u00a0ce week-end en en comp\u00e9tition. [&hellip;]","twitter_image":"https:\/\/vosgesinfo.fr\/app\/uploads\/sites\/5\/2024\/09\/201906victoire-chaudy-scaled.jpg","twitter_creator":"@VosgesInfo88","twitter_site":"@VosgesInfo88","twitter_misc":{"\u00c9crit par":"C D","Dur\u00e9e de lecture estim\u00e9e":"3 minutes"},"schema":{"@context":"https:\/\/schema.org","@graph":[{"@type":"Article","@id":"https:\/\/vosgesinfo.fr\/remiremontinfo\/2019\/06\/athle-vosges-pays-de-remiremont-8-medailles-pepite\/#article","isPartOf":{"@id":"https:\/\/vosgesinfo.fr\/remiremontinfo\/2019\/06\/athle-vosges-pays-de-remiremont-8-medailles-pepite\/"},"author":{"name":"C D","@id":"https:\/\/vosgesinfo.fr\/remiremontinfo\/#\/schema\/person\/3bfd164d5218a185b1db68655a265316"},"headline":"Athl\u00e9 Vosges Pays de Remiremont : 8 m\u00e9dailles et une p\u00e9pite !","datePublished":"2019-06-26T03:30:46+00:00","dateModified":"2019-06-26T03:30:46+00:00","mainEntityOfPage":{"@id":"https:\/\/vosgesinfo.fr\/remiremontinfo\/2019\/06\/athle-vosges-pays-de-remiremont-8-medailles-pepite\/"},"wordCount":528,"commentCount":0,"publisher":{"@id":"https:\/\/vosgesinfo.fr\/remiremontinfo\/#organization"},"image":{"@id":"https:\/\/vosgesinfo.fr\/remiremontinfo\/2019\/06\/athle-vosges-pays-de-remiremont-8-medailles-pepite\/#primaryimage"},"thumbnailUrl":"https:\/\/vosgesinfo.fr\/app\/uploads\/sites\/5\/2024\/09\/201906victoire-chaudy-scaled.jpg","articleSection":["A la Une","Remiremont","Remiremont &amp; son canton","Sport"],"inLanguage":"fr-FR","potentialAction":[{"@type":"CommentAction","name":"Comment","target":["https:\/\/vosgesinfo.fr\/remiremontinfo\/2019\/06\/athle-vosges-pays-de-remiremont-8-medailles-pepite\/#respond"]}]},{"@type":"WebPage","@id":"https:\/\/vosgesinfo.fr\/remiremontinfo\/2019\/06\/athle-vosges-pays-de-remiremont-8-medailles-pepite\/","url":"https:\/\/vosgesinfo.fr\/remiremontinfo\/2019\/06\/athle-vosges-pays-de-remiremont-8-medailles-pepite\/","name":"Athl\u00e9 Vosges Pays de Remiremont : 8 m\u00e9dailles et une p\u00e9pite ! - Remiremont Info","isPartOf":{"@id":"https:\/\/vosgesinfo.fr\/remiremontinfo\/#website"},"primaryImageOfPage":{"@id":"https:\/\/vosgesinfo.fr\/remiremontinfo\/2019\/06\/athle-vosges-pays-de-remiremont-8-medailles-pepite\/#primaryimage"},"image":{"@id":"https:\/\/vosgesinfo.fr\/remiremontinfo\/2019\/06\/athle-vosges-pays-de-remiremont-8-medailles-pepite\/#primaryimage"},"thumbnailUrl":"https:\/\/vosgesinfo.fr\/app\/uploads\/sites\/5\/2024\/09\/201906victoire-chaudy-scaled.jpg","datePublished":"2019-06-26T03:30:46+00:00","dateModified":"2019-06-26T03:30:46+00:00","breadcrumb":{"@id":"https:\/\/vosgesinfo.fr\/remiremontinfo\/2019\/06\/athle-vosges-pays-de-remiremont-8-medailles-pepite\/#breadcrumb"},"inLanguage":"fr-FR","potentialAction":[{"@type":"ReadAction","target":["https:\/\/vosgesinfo.fr\/remiremontinfo\/2019\/06\/athle-vosges-pays-de-remiremont-8-medailles-pepite\/"]}]},{"@type":"ImageObject","inLanguage":"fr-FR","@id":"https:\/\/vosgesinfo.fr\/remiremontinfo\/2019\/06\/athle-vosges-pays-de-remiremont-8-medailles-pepite\/#primaryimage","url":"https:\/\/vosgesinfo.fr\/app\/uploads\/sites\/5\/2024\/09\/201906victoire-chaudy-scaled.jpg","contentUrl":"https:\/\/vosgesinfo.fr\/app\/uploads\/sites\/5\/2024\/09\/201906victoire-chaudy-scaled.jpg","width":2560,"height":1920},{"@type":"BreadcrumbList","@id":"https:\/\/vosgesinfo.fr\/remiremontinfo\/2019\/06\/athle-vosges-pays-de-remiremont-8-medailles-pepite\/#breadcrumb","itemListElement":[{"@type":"ListItem","position":1,"name":"Home","item":"https:\/\/vosgesinfo.fr\/remiremontinfo\/"},{"@type":"ListItem","position":2,"name":"Athl\u00e9 Vosges Pays de Remiremont : 8 m\u00e9dailles et une p\u00e9pite !"}]},{"@type":"WebSite","@id":"https:\/\/vosgesinfo.fr\/remiremontinfo\/#website","url":"https:\/\/vosgesinfo.fr\/remiremontinfo\/","name":"Remiremont Info","description":"Toute l&#039;actualit\u00e9 de Remiremont","publisher":{"@id":"https:\/\/vosgesinfo.fr\/remiremontinfo\/#organization"},"alternateName":"Toute l'actualit\u00e9 de Remiremont","potentialAction":[{"@type":"SearchAction","target":{"@type":"EntryPoint","urlTemplate":"https:\/\/vosgesinfo.fr\/remiremontinfo\/?s={search_term_string}"},"query-input":"required name=search_term_string"}],"inLanguage":"fr-FR"},{"@type":"Organization","@id":"https:\/\/vosgesinfo.fr\/remiremontinfo\/#organization","name":"Remiremont Info","url":"https:\/\/vosgesinfo.fr\/remiremontinfo\/","logo":{"@type":"ImageObject","inLanguage":"fr-FR","@id":"https:\/\/vosgesinfo.fr\/remiremontinfo\/#\/schema\/logo\/image\/","url":"https:\/\/vosgesinfo.fr\/app\/uploads\/sites\/5\/2023\/08\/favicon-remiremontinfo.png","contentUrl":"https:\/\/vosgesinfo.fr\/app\/uploads\/sites\/5\/2023\/08\/favicon-remiremontinfo.png","width":512,"height":512,"caption":"Remiremont Info"},"image":{"@id":"https:\/\/vosgesinfo.fr\/remiremontinfo\/#\/schema\/logo\/image\/"},"sameAs":["https:\/\/www.facebook.com\/remiremontinfo","https:\/\/x.com\/VosgesInfo88","https:\/\/www.youtube.com\/@vosgesinfo"]},{"@type":"Person","@id":"https:\/\/vosgesinfo.fr\/remiremontinfo\/#\/schema\/person\/3bfd164d5218a185b1db68655a265316","name":"C D","image":{"@type":"ImageObject","inLanguage":"fr-FR","@id":"https:\/\/vosgesinfo.fr\/remiremontinfo\/#\/schema\/person\/image\/","url":"https:\/\/secure.gravatar.com\/avatar\/1f9a70007336511a47468b8f1c66f922b8b7cf617b02a31149ada43893a5d48f?s=96&d=mm&r=g","contentUrl":"https:\/\/secure.gravatar.com\/avatar\/1f9a70007336511a47468b8f1c66f922b8b7cf617b02a31149ada43893a5d48f?s=96&d=mm&r=g","caption":"C D"},"url":"https:\/\/vosgesinfo.fr\/remiremontinfo\/author\/cedric-drevet\/"}]}},"_links":{"self":[{"href":"https:\/\/vosgesinfo.fr\/remiremontinfo\/wp-json\/wp\/v2\/posts\/16542","targetHints":{"allow":["GET"]}}],"collection":[{"href":"https:\/\/vosgesinfo.fr\/remiremontinfo\/wp-json\/wp\/v2\/posts"}],"about":[{"href":"https:\/\/vosgesinfo.fr\/remiremontinfo\/wp-json\/wp\/v2\/types\/post"}],"author":[{"embeddable":true,"href":"https:\/\/vosgesinfo.fr\/remiremontinfo\/wp-json\/wp\/v2\/users\/407"}],"replies":[{"embeddable":true,"href":"https:\/\/vosgesinfo.fr\/remiremontinfo\/wp-json\/wp\/v2\/comments?post=16542"}],"version-history":[{"count":0,"href":"https:\/\/vosgesinfo.fr\/remiremontinfo\/wp-json\/wp\/v2\/posts\/16542\/revisions"}],"wp:featuredmedia":[{"embeddable":true,"href":"https:\/\/vosgesinfo.fr\/remiremontinfo\/wp-json\/wp\/v2\/media\/16543"}],"wp:attachment":[{"href":"https:\/\/vosgesinfo.fr\/remiremontinfo\/wp-json\/wp\/v2\/media?parent=16542"}],"wp:term":[{"taxonomy":"category","embeddable":true,"href":"https:\/\/vosgesinfo.fr\/remiremontinfo\/wp-json\/wp\/v2\/categories?post=16542"},{"taxonomy":"post_tag","embeddable":true,"href":"https:\/\/vosgesinfo.fr\/remiremontinfo\/wp-json\/wp\/v2\/tags?post=16542"}],"curies":[{"name":"wp","href":"https:\/\/api.w.org\/{rel}","templated":true}]}}