{"id":16556,"date":"2019-06-26T05:45:52","date_gmt":"2019-06-26T03:45:52","guid":{"rendered":"https:\/\/vosgesinfo.fr\/remiremontinfo\/2019\/06\/chambre-metiers-suis-inquiet-contexte-se-degrade-incidences-a-venir-de-loi-pacte\/"},"modified":"2019-06-26T05:45:52","modified_gmt":"2019-06-26T03:45:52","slug":"chambre-metiers-suis-inquiet-contexte-se-degrade-incidences-a-venir-de-loi-pacte","status":"publish","type":"post","link":"https:\/\/vosgesinfo.fr\/remiremontinfo\/2019\/06\/chambre-metiers-suis-inquiet-contexte-se-degrade-incidences-a-venir-de-loi-pacte\/","title":{"rendered":"Chambre des m\u00e9tiers : \u00ab je suis inquiet, le contexte se d\u00e9grade avec les incidences \u00e0 venir de la loi PACTE \u00bb"},"content":{"rendered":"<p><em>\u00ab\u00a0Dans un contexte financier et r\u00e9glementaire de plus en plus contraint, nos comptes restent globalement d\u00e9ficitaires, malgr\u00e9 la dynamique de nos actions, notamment en mati\u00e8re de formation modulaire et dipl\u00f4mante, et malgr\u00e9 une ma\u00eetrise significative des charges de la Chambre de M\u00e9tiers et de l\u2019Artisanat des Vosges. Et je suis inquiet car ce contexte se d\u00e9grade encore avec les incidences \u00e0 venir de la loi PACTE et de la Loi \u00ab Pour la libert\u00e9 de choisir son avenir professionnel\u00a0\u00bb.\u00a0\u00bb<\/em>\u00a0explique le pr\u00e9sident de la Chambre des m\u00e9tiers et de l\u2019artisanat des Vosges,\u00a0Christophe Richard.<\/p>\n<p>L\u2019Artisanat Vosgien, ce sont 9378 entreprises artisanales inscrites au R\u00e9pertoire des M\u00e9tiers le 1<sup>er<\/sup>\u00a0janvier 2019, soit 4,4 % de plus en 1 an.<\/p>\n<h3>Suppression du\u00a0Stage de Pr\u00e9paration \u00e0 l\u2019Installation<\/h3>\n<p>Il est revenu sur\u00a0la fragilisation des futures entreprises artisanales. En effet, depuis le 24 mai 2019, le caract\u00e8re obligatoire du Stage de Pr\u00e9paration \u00e0 l\u2019Installation, plus commun\u00e9ment appel\u00e9 \u00ab\u00a0SPI\u00a0\u00bb a \u00e9t\u00e9 supprim\u00e9.<\/p>\n<p><em>\u00ab\u00a0Cette disposition va priver nombre de futurs cr\u00e9ateurs-repreneurs, notamment ceux qui en ont le plus besoin, d\u2019une formation essentielle et n\u00e9cessaire en mati\u00e8re de gestion, de comptabilit\u00e9, de commercialisation leur permettant de s\u2019installer en toute s\u00e9r\u00e9nit\u00e9, gr\u00e2ce \u00e0 la ma\u00eetrise de ce 2<sup>\u00e8me<\/sup>\u00a0m\u00e9tier qu\u2019exerce tout artisan\u00a0: celui de chef d\u2019entreprise.\u00a0\u00bb<\/em>assure\u00a0Christophe Richard.<\/p>\n<p>&nbsp;<\/p>\n","protected":false},"excerpt":{"rendered":"<p>\u00ab\u00a0Dans un contexte financier et r\u00e9glementaire de plus en plus contraint, nos comptes restent globalement d\u00e9ficitaires, malgr\u00e9 la dynamique de [&hellip;]<\/p>\n","protected":false},"author":407,"featured_media":16557,"comment_status":"open","ping_status":"open","sticky":false,"template":"","format":"standard","meta":{"footnotes":""},"categories":[26,5,18],"tags":[],"class_list":["post-16556","post","type-post","status-publish","format-standard","has-post-thumbnail","hentry","category-a-la-une","category-economie","category-vosges"],"acf":[],"yoast_head":"<!-- This site is optimized with the Yoast SEO plugin v22.5 - https:\/\/yoast.com\/wordpress\/plugins\/seo\/ -->\n<title>Chambre des m\u00e9tiers : \u00ab je suis inquiet, le contexte se d\u00e9grade avec les incidences \u00e0 venir de la loi PACTE \u00bb - Remiremont Info<\/title>\n<meta name=\"robots\" content=\"index, follow, max-snippet:-1, max-image-preview:large, max-video-preview:-1\" \/>\n<link rel=\"canonical\" href=\"https:\/\/vosgesinfo.fr\/remiremontinfo\/2019\/06\/chambre-metiers-suis-inquiet-contexte-se-degrade-incidences-a-venir-de-loi-pacte\/\" \/>\n<meta name=\"twitter:card\" content=\"summary_large_image\" \/>\n<meta name=\"twitter:title\" content=\"Chambre des m\u00e9tiers : \u00ab je suis inquiet, le contexte se d\u00e9grade avec les incidences \u00e0 venir de la loi PACTE \u00bb - Remiremont Info\" \/>\n<meta name=\"twitter:description\" content=\"\u00ab\u00a0Dans un contexte financier et r\u00e9glementaire de plus en plus contraint, nos comptes restent globalement d\u00e9ficitaires, malgr\u00e9 la dynamique de [&hellip;]\" \/>\n<meta name=\"twitter:image\" content=\"https:\/\/vosgesinfo.fr\/app\/uploads\/sites\/5\/2024\/09\/201906chambre-des-metiers-artisanat-vosges.jpg\" \/>\n<meta name=\"twitter:creator\" content=\"@VosgesInfo88\" \/>\n<meta name=\"twitter:site\" content=\"@VosgesInfo88\" \/>\n<meta name=\"twitter:label1\" content=\"\u00c9crit par\" \/>\n\t<meta name=\"twitter:data1\" content=\"C D\" \/>\n\t<meta name=\"twitter:label2\" content=\"Dur\u00e9e de lecture estim\u00e9e\" \/>\n\t<meta name=\"twitter:data2\" content=\"1 minute\" \/>\n<script type=\"application\/ld+json\" class=\"yoast-schema-graph\">{\"@context\":\"https:\/\/schema.org\",\"@graph\":[{\"@type\":\"Article\",\"@id\":\"https:\/\/vosgesinfo.fr\/remiremontinfo\/2019\/06\/chambre-metiers-suis-inquiet-contexte-se-degrade-incidences-a-venir-de-loi-pacte\/#article\",\"isPartOf\":{\"@id\":\"https:\/\/vosgesinfo.fr\/remiremontinfo\/2019\/06\/chambre-metiers-suis-inquiet-contexte-se-degrade-incidences-a-venir-de-loi-pacte\/\"},\"author\":{\"name\":\"C D\",\"@id\":\"https:\/\/vosgesinfo.fr\/remiremontinfo\/#\/schema\/person\/3bfd164d5218a185b1db68655a265316\"},\"headline\":\"Chambre des m\u00e9tiers : \u00ab je suis inquiet, le contexte se d\u00e9grade avec les incidences \u00e0 venir de la loi PACTE \u00bb\",\"datePublished\":\"2019-06-26T03:45:52+00:00\",\"dateModified\":\"2019-06-26T03:45:52+00:00\",\"mainEntityOfPage\":{\"@id\":\"https:\/\/vosgesinfo.fr\/remiremontinfo\/2019\/06\/chambre-metiers-suis-inquiet-contexte-se-degrade-incidences-a-venir-de-loi-pacte\/\"},\"wordCount\":253,\"commentCount\":0,\"publisher\":{\"@id\":\"https:\/\/vosgesinfo.fr\/remiremontinfo\/#organization\"},\"image\":{\"@id\":\"https:\/\/vosgesinfo.fr\/remiremontinfo\/2019\/06\/chambre-metiers-suis-inquiet-contexte-se-degrade-incidences-a-venir-de-loi-pacte\/#primaryimage\"},\"thumbnailUrl\":\"https:\/\/vosgesinfo.fr\/app\/uploads\/sites\/5\/2024\/09\/201906chambre-des-metiers-artisanat-vosges.jpg\",\"articleSection\":[\"A la Une\",\"\u00c9conomie\",\"Vosges\"],\"inLanguage\":\"fr-FR\",\"potentialAction\":[{\"@type\":\"CommentAction\",\"name\":\"Comment\",\"target\":[\"https:\/\/vosgesinfo.fr\/remiremontinfo\/2019\/06\/chambre-metiers-suis-inquiet-contexte-se-degrade-incidences-a-venir-de-loi-pacte\/#respond\"]}]},{\"@type\":\"WebPage\",\"@id\":\"https:\/\/vosgesinfo.fr\/remiremontinfo\/2019\/06\/chambre-metiers-suis-inquiet-contexte-se-degrade-incidences-a-venir-de-loi-pacte\/\",\"url\":\"https:\/\/vosgesinfo.fr\/remiremontinfo\/2019\/06\/chambre-metiers-suis-inquiet-contexte-se-degrade-incidences-a-venir-de-loi-pacte\/\",\"name\":\"Chambre des m\u00e9tiers : \u00ab je suis inquiet, le contexte se d\u00e9grade avec les incidences \u00e0 venir de la loi PACTE \u00bb - Remiremont Info\",\"isPartOf\":{\"@id\":\"https:\/\/vosgesinfo.fr\/remiremontinfo\/#website\"},\"primaryImageOfPage\":{\"@id\":\"https:\/\/vosgesinfo.fr\/remiremontinfo\/2019\/06\/chambre-metiers-suis-inquiet-contexte-se-degrade-incidences-a-venir-de-loi-pacte\/#primaryimage\"},\"image\":{\"@id\":\"https:\/\/vosgesinfo.fr\/remiremontinfo\/2019\/06\/chambre-metiers-suis-inquiet-contexte-se-degrade-incidences-a-venir-de-loi-pacte\/#primaryimage\"},\"thumbnailUrl\":\"https:\/\/vosgesinfo.fr\/app\/uploads\/sites\/5\/2024\/09\/201906chambre-des-metiers-artisanat-vosges.jpg\",\"datePublished\":\"2019-06-26T03:45:52+00:00\",\"dateModified\":\"2019-06-26T03:45:52+00:00\",\"breadcrumb\":{\"@id\":\"https:\/\/vosgesinfo.fr\/remiremontinfo\/2019\/06\/chambre-metiers-suis-inquiet-contexte-se-degrade-incidences-a-venir-de-loi-pacte\/#breadcrumb\"},\"inLanguage\":\"fr-FR\",\"potentialAction\":[{\"@type\":\"ReadAction\",\"target\":[\"https:\/\/vosgesinfo.fr\/remiremontinfo\/2019\/06\/chambre-metiers-suis-inquiet-contexte-se-degrade-incidences-a-venir-de-loi-pacte\/\"]}]},{\"@type\":\"ImageObject\",\"inLanguage\":\"fr-FR\",\"@id\":\"https:\/\/vosgesinfo.fr\/remiremontinfo\/2019\/06\/chambre-metiers-suis-inquiet-contexte-se-degrade-incidences-a-venir-de-loi-pacte\/#primaryimage\",\"url\":\"https:\/\/vosgesinfo.fr\/app\/uploads\/sites\/5\/2024\/09\/201906chambre-des-metiers-artisanat-vosges.jpg\",\"contentUrl\":\"https:\/\/vosgesinfo.fr\/app\/uploads\/sites\/5\/2024\/09\/201906chambre-des-metiers-artisanat-vosges.jpg\",\"width\":1099,\"height\":611},{\"@type\":\"BreadcrumbList\",\"@id\":\"https:\/\/vosgesinfo.fr\/remiremontinfo\/2019\/06\/chambre-metiers-suis-inquiet-contexte-se-degrade-incidences-a-venir-de-loi-pacte\/#breadcrumb\",\"itemListElement\":[{\"@type\":\"ListItem\",\"position\":1,\"name\":\"Home\",\"item\":\"https:\/\/vosgesinfo.fr\/remiremontinfo\/\"},{\"@type\":\"ListItem\",\"position\":2,\"name\":\"Chambre des m\u00e9tiers : \u00ab je suis inquiet, le contexte se d\u00e9grade avec les incidences \u00e0 venir de la loi PACTE \u00bb\"}]},{\"@type\":\"WebSite\",\"@id\":\"https:\/\/vosgesinfo.fr\/remiremontinfo\/#website\",\"url\":\"https:\/\/vosgesinfo.fr\/remiremontinfo\/\",\"name\":\"Remiremont Info\",\"description\":\"Toute l&#039;actualit\u00e9 de Remiremont\",\"publisher\":{\"@id\":\"https:\/\/vosgesinfo.fr\/remiremontinfo\/#organization\"},\"alternateName\":\"Toute l'actualit\u00e9 de Remiremont\",\"potentialAction\":[{\"@type\":\"SearchAction\",\"target\":{\"@type\":\"EntryPoint\",\"urlTemplate\":\"https:\/\/vosgesinfo.fr\/remiremontinfo\/?s={search_term_string}\"},\"query-input\":\"required name=search_term_string\"}],\"inLanguage\":\"fr-FR\"},{\"@type\":\"Organization\",\"@id\":\"https:\/\/vosgesinfo.fr\/remiremontinfo\/#organization\",\"name\":\"Remiremont Info\",\"url\":\"https:\/\/vosgesinfo.fr\/remiremontinfo\/\",\"logo\":{\"@type\":\"ImageObject\",\"inLanguage\":\"fr-FR\",\"@id\":\"https:\/\/vosgesinfo.fr\/remiremontinfo\/#\/schema\/logo\/image\/\",\"url\":\"https:\/\/vosgesinfo.fr\/app\/uploads\/sites\/5\/2023\/08\/favicon-remiremontinfo.png\",\"contentUrl\":\"https:\/\/vosgesinfo.fr\/app\/uploads\/sites\/5\/2023\/08\/favicon-remiremontinfo.png\",\"width\":512,\"height\":512,\"caption\":\"Remiremont Info\"},\"image\":{\"@id\":\"https:\/\/vosgesinfo.fr\/remiremontinfo\/#\/schema\/logo\/image\/\"},\"sameAs\":[\"https:\/\/www.facebook.com\/remiremontinfo\",\"https:\/\/x.com\/VosgesInfo88\",\"https:\/\/www.youtube.com\/@vosgesinfo\"]},{\"@type\":\"Person\",\"@id\":\"https:\/\/vosgesinfo.fr\/remiremontinfo\/#\/schema\/person\/3bfd164d5218a185b1db68655a265316\",\"name\":\"C D\",\"image\":{\"@type\":\"ImageObject\",\"inLanguage\":\"fr-FR\",\"@id\":\"https:\/\/vosgesinfo.fr\/remiremontinfo\/#\/schema\/person\/image\/\",\"url\":\"https:\/\/secure.gravatar.com\/avatar\/1f9a70007336511a47468b8f1c66f922b8b7cf617b02a31149ada43893a5d48f?s=96&d=mm&r=g\",\"contentUrl\":\"https:\/\/secure.gravatar.com\/avatar\/1f9a70007336511a47468b8f1c66f922b8b7cf617b02a31149ada43893a5d48f?s=96&d=mm&r=g\",\"caption\":\"C D\"},\"url\":\"https:\/\/vosgesinfo.fr\/remiremontinfo\/author\/cedric-drevet\/\"}]}<\/script>\n<!-- \/ Yoast SEO plugin. -->","yoast_head_json":{"title":"Chambre des m\u00e9tiers : \u00ab je suis inquiet, le contexte se d\u00e9grade avec les incidences \u00e0 venir de la loi PACTE \u00bb - Remiremont Info","robots":{"index":"index","follow":"follow","max-snippet":"max-snippet:-1","max-image-preview":"max-image-preview:large","max-video-preview":"max-video-preview:-1"},"canonical":"https:\/\/vosgesinfo.fr\/remiremontinfo\/2019\/06\/chambre-metiers-suis-inquiet-contexte-se-degrade-incidences-a-venir-de-loi-pacte\/","twitter_card":"summary_large_image","twitter_title":"Chambre des m\u00e9tiers : \u00ab je suis inquiet, le contexte se d\u00e9grade avec les incidences \u00e0 venir de la loi PACTE \u00bb - Remiremont Info","twitter_description":"\u00ab\u00a0Dans un contexte financier et r\u00e9glementaire de plus en plus contraint, nos comptes restent globalement d\u00e9ficitaires, malgr\u00e9 la dynamique de [&hellip;]","twitter_image":"https:\/\/vosgesinfo.fr\/app\/uploads\/sites\/5\/2024\/09\/201906chambre-des-metiers-artisanat-vosges.jpg","twitter_creator":"@VosgesInfo88","twitter_site":"@VosgesInfo88","twitter_misc":{"\u00c9crit par":"C D","Dur\u00e9e de lecture estim\u00e9e":"1 minute"},"schema":{"@context":"https:\/\/schema.org","@graph":[{"@type":"Article","@id":"https:\/\/vosgesinfo.fr\/remiremontinfo\/2019\/06\/chambre-metiers-suis-inquiet-contexte-se-degrade-incidences-a-venir-de-loi-pacte\/#article","isPartOf":{"@id":"https:\/\/vosgesinfo.fr\/remiremontinfo\/2019\/06\/chambre-metiers-suis-inquiet-contexte-se-degrade-incidences-a-venir-de-loi-pacte\/"},"author":{"name":"C D","@id":"https:\/\/vosgesinfo.fr\/remiremontinfo\/#\/schema\/person\/3bfd164d5218a185b1db68655a265316"},"headline":"Chambre des m\u00e9tiers : \u00ab je suis inquiet, le contexte se d\u00e9grade avec les incidences \u00e0 venir de la loi PACTE \u00bb","datePublished":"2019-06-26T03:45:52+00:00","dateModified":"2019-06-26T03:45:52+00:00","mainEntityOfPage":{"@id":"https:\/\/vosgesinfo.fr\/remiremontinfo\/2019\/06\/chambre-metiers-suis-inquiet-contexte-se-degrade-incidences-a-venir-de-loi-pacte\/"},"wordCount":253,"commentCount":0,"publisher":{"@id":"https:\/\/vosgesinfo.fr\/remiremontinfo\/#organization"},"image":{"@id":"https:\/\/vosgesinfo.fr\/remiremontinfo\/2019\/06\/chambre-metiers-suis-inquiet-contexte-se-degrade-incidences-a-venir-de-loi-pacte\/#primaryimage"},"thumbnailUrl":"https:\/\/vosgesinfo.fr\/app\/uploads\/sites\/5\/2024\/09\/201906chambre-des-metiers-artisanat-vosges.jpg","articleSection":["A la Une","\u00c9conomie","Vosges"],"inLanguage":"fr-FR","potentialAction":[{"@type":"CommentAction","name":"Comment","target":["https:\/\/vosgesinfo.fr\/remiremontinfo\/2019\/06\/chambre-metiers-suis-inquiet-contexte-se-degrade-incidences-a-venir-de-loi-pacte\/#respond"]}]},{"@type":"WebPage","@id":"https:\/\/vosgesinfo.fr\/remiremontinfo\/2019\/06\/chambre-metiers-suis-inquiet-contexte-se-degrade-incidences-a-venir-de-loi-pacte\/","url":"https:\/\/vosgesinfo.fr\/remiremontinfo\/2019\/06\/chambre-metiers-suis-inquiet-contexte-se-degrade-incidences-a-venir-de-loi-pacte\/","name":"Chambre des m\u00e9tiers : \u00ab je suis inquiet, le contexte se d\u00e9grade avec les incidences \u00e0 venir de la loi PACTE \u00bb - Remiremont Info","isPartOf":{"@id":"https:\/\/vosgesinfo.fr\/remiremontinfo\/#website"},"primaryImageOfPage":{"@id":"https:\/\/vosgesinfo.fr\/remiremontinfo\/2019\/06\/chambre-metiers-suis-inquiet-contexte-se-degrade-incidences-a-venir-de-loi-pacte\/#primaryimage"},"image":{"@id":"https:\/\/vosgesinfo.fr\/remiremontinfo\/2019\/06\/chambre-metiers-suis-inquiet-contexte-se-degrade-incidences-a-venir-de-loi-pacte\/#primaryimage"},"thumbnailUrl":"https:\/\/vosgesinfo.fr\/app\/uploads\/sites\/5\/2024\/09\/201906chambre-des-metiers-artisanat-vosges.jpg","datePublished":"2019-06-26T03:45:52+00:00","dateModified":"2019-06-26T03:45:52+00:00","breadcrumb":{"@id":"https:\/\/vosgesinfo.fr\/remiremontinfo\/2019\/06\/chambre-metiers-suis-inquiet-contexte-se-degrade-incidences-a-venir-de-loi-pacte\/#breadcrumb"},"inLanguage":"fr-FR","potentialAction":[{"@type":"ReadAction","target":["https:\/\/vosgesinfo.fr\/remiremontinfo\/2019\/06\/chambre-metiers-suis-inquiet-contexte-se-degrade-incidences-a-venir-de-loi-pacte\/"]}]},{"@type":"ImageObject","inLanguage":"fr-FR","@id":"https:\/\/vosgesinfo.fr\/remiremontinfo\/2019\/06\/chambre-metiers-suis-inquiet-contexte-se-degrade-incidences-a-venir-de-loi-pacte\/#primaryimage","url":"https:\/\/vosgesinfo.fr\/app\/uploads\/sites\/5\/2024\/09\/201906chambre-des-metiers-artisanat-vosges.jpg","contentUrl":"https:\/\/vosgesinfo.fr\/app\/uploads\/sites\/5\/2024\/09\/201906chambre-des-metiers-artisanat-vosges.jpg","width":1099,"height":611},{"@type":"BreadcrumbList","@id":"https:\/\/vosgesinfo.fr\/remiremontinfo\/2019\/06\/chambre-metiers-suis-inquiet-contexte-se-degrade-incidences-a-venir-de-loi-pacte\/#breadcrumb","itemListElement":[{"@type":"ListItem","position":1,"name":"Home","item":"https:\/\/vosgesinfo.fr\/remiremontinfo\/"},{"@type":"ListItem","position":2,"name":"Chambre des m\u00e9tiers : \u00ab je suis inquiet, le contexte se d\u00e9grade avec les incidences \u00e0 venir de la loi PACTE \u00bb"}]},{"@type":"WebSite","@id":"https:\/\/vosgesinfo.fr\/remiremontinfo\/#website","url":"https:\/\/vosgesinfo.fr\/remiremontinfo\/","name":"Remiremont Info","description":"Toute l&#039;actualit\u00e9 de Remiremont","publisher":{"@id":"https:\/\/vosgesinfo.fr\/remiremontinfo\/#organization"},"alternateName":"Toute l'actualit\u00e9 de Remiremont","potentialAction":[{"@type":"SearchAction","target":{"@type":"EntryPoint","urlTemplate":"https:\/\/vosgesinfo.fr\/remiremontinfo\/?s={search_term_string}"},"query-input":"required name=search_term_string"}],"inLanguage":"fr-FR"},{"@type":"Organization","@id":"https:\/\/vosgesinfo.fr\/remiremontinfo\/#organization","name":"Remiremont Info","url":"https:\/\/vosgesinfo.fr\/remiremontinfo\/","logo":{"@type":"ImageObject","inLanguage":"fr-FR","@id":"https:\/\/vosgesinfo.fr\/remiremontinfo\/#\/schema\/logo\/image\/","url":"https:\/\/vosgesinfo.fr\/app\/uploads\/sites\/5\/2023\/08\/favicon-remiremontinfo.png","contentUrl":"https:\/\/vosgesinfo.fr\/app\/uploads\/sites\/5\/2023\/08\/favicon-remiremontinfo.png","width":512,"height":512,"caption":"Remiremont Info"},"image":{"@id":"https:\/\/vosgesinfo.fr\/remiremontinfo\/#\/schema\/logo\/image\/"},"sameAs":["https:\/\/www.facebook.com\/remiremontinfo","https:\/\/x.com\/VosgesInfo88","https:\/\/www.youtube.com\/@vosgesinfo"]},{"@type":"Person","@id":"https:\/\/vosgesinfo.fr\/remiremontinfo\/#\/schema\/person\/3bfd164d5218a185b1db68655a265316","name":"C D","image":{"@type":"ImageObject","inLanguage":"fr-FR","@id":"https:\/\/vosgesinfo.fr\/remiremontinfo\/#\/schema\/person\/image\/","url":"https:\/\/secure.gravatar.com\/avatar\/1f9a70007336511a47468b8f1c66f922b8b7cf617b02a31149ada43893a5d48f?s=96&d=mm&r=g","contentUrl":"https:\/\/secure.gravatar.com\/avatar\/1f9a70007336511a47468b8f1c66f922b8b7cf617b02a31149ada43893a5d48f?s=96&d=mm&r=g","caption":"C D"},"url":"https:\/\/vosgesinfo.fr\/remiremontinfo\/author\/cedric-drevet\/"}]}},"_links":{"self":[{"href":"https:\/\/vosgesinfo.fr\/remiremontinfo\/wp-json\/wp\/v2\/posts\/16556","targetHints":{"allow":["GET"]}}],"collection":[{"href":"https:\/\/vosgesinfo.fr\/remiremontinfo\/wp-json\/wp\/v2\/posts"}],"about":[{"href":"https:\/\/vosgesinfo.fr\/remiremontinfo\/wp-json\/wp\/v2\/types\/post"}],"author":[{"embeddable":true,"href":"https:\/\/vosgesinfo.fr\/remiremontinfo\/wp-json\/wp\/v2\/users\/407"}],"replies":[{"embeddable":true,"href":"https:\/\/vosgesinfo.fr\/remiremontinfo\/wp-json\/wp\/v2\/comments?post=16556"}],"version-history":[{"count":0,"href":"https:\/\/vosgesinfo.fr\/remiremontinfo\/wp-json\/wp\/v2\/posts\/16556\/revisions"}],"wp:featuredmedia":[{"embeddable":true,"href":"https:\/\/vosgesinfo.fr\/remiremontinfo\/wp-json\/wp\/v2\/media\/16557"}],"wp:attachment":[{"href":"https:\/\/vosgesinfo.fr\/remiremontinfo\/wp-json\/wp\/v2\/media?parent=16556"}],"wp:term":[{"taxonomy":"category","embeddable":true,"href":"https:\/\/vosgesinfo.fr\/remiremontinfo\/wp-json\/wp\/v2\/categories?post=16556"},{"taxonomy":"post_tag","embeddable":true,"href":"https:\/\/vosgesinfo.fr\/remiremontinfo\/wp-json\/wp\/v2\/tags?post=16556"}],"curies":[{"name":"wp","href":"https:\/\/api.w.org\/{rel}","templated":true}]}}