{"id":16651,"date":"2019-06-28T10:52:37","date_gmt":"2019-06-28T08:52:37","guid":{"rendered":"https:\/\/vosgesinfo.fr\/remiremontinfo\/2019\/06\/vosges-sapeurs-pompiers-onf-sunissent-lutter-contre-scolyte\/"},"modified":"2019-06-28T10:52:37","modified_gmt":"2019-06-28T08:52:37","slug":"vosges-sapeurs-pompiers-onf-sunissent-lutter-contre-scolyte","status":"publish","type":"post","link":"https:\/\/vosgesinfo.fr\/remiremontinfo\/2019\/06\/vosges-sapeurs-pompiers-onf-sunissent-lutter-contre-scolyte\/","title":{"rendered":"Vosges : sapeurs-pompiers &#038; ONF s\u2019unissent pour lutter contre le scolyte"},"content":{"rendered":"<h2><a href=\"\/2019\/06\/65113849_2506427662743475_4517234413368508416_o.jpg\"><img decoding=\"async\" class=\"alignnone size-large wp-image-262810\" src=\"\/2019\/06\/65113849_2506427662743475_4517234413368508416_o-1024x683.jpg\" alt=\"65113849_2506427662743475_4517234413368508416_o\" width=\"960\" height=\"640\" \/><\/a><\/h2>\n<h2><span style=\"font-size: 12pt;\"><strong>Le massif forestier du d\u00e9partement conna\u00eet actuellement une d\u00e9g\u00e9n\u00e9rescence de certaines esp\u00e8ces de r\u00e9sineux (\u00e9pic\u00e9as) cons\u00e9cutive \u00e0 une prolif\u00e9ration d\u2019un parasite : le scolyte.<\/strong><\/span><\/h2>\n<p>Cette situation entra\u00eene le dess\u00e8chement des arbres attaqu\u00e9s par l\u2019insecte et expose certains secteurs \u00e0 un r\u00e9el risque de feux de for\u00eats. Afin de g\u00e9rer ce nouveau risque \u00e9mergent, un partenariat a \u00e9t\u00e9 conclu entre l\u2019Office national des for\u00eats et les sapeurs-pompiers des Vosges.<\/p>\n<p>Dans ce cadre, un exercice de mise en \u0153uvre d\u2019un groupe d\u2019intervention feux de for\u00eats a \u00e9t\u00e9 r\u00e9alis\u00e9 mardi 25 juin afin que les techniciens de l\u2019Office National des For\u00eat appr\u00e9hendent au mieux les moyens d\u2019interventions en milieux forestiers et ses contraintes de mises en \u0153uvre.<\/p>\n\n<p>&nbsp;<\/p>\n","protected":false},"excerpt":{"rendered":"<p>Le massif forestier du d\u00e9partement conna\u00eet actuellement une d\u00e9g\u00e9n\u00e9rescence de certaines esp\u00e8ces de r\u00e9sineux (\u00e9pic\u00e9as) cons\u00e9cutive \u00e0 une prolif\u00e9ration d\u2019un [&hellip;]<\/p>\n","protected":false},"author":407,"featured_media":16652,"comment_status":"open","ping_status":"open","sticky":false,"template":"","format":"standard","meta":{"footnotes":""},"categories":[26,7,18],"tags":[],"class_list":["post-16651","post","type-post","status-publish","format-standard","has-post-thumbnail","hentry","category-a-la-une","category-environnement","category-vosges"],"acf":[],"yoast_head":"<!-- This site is optimized with the Yoast SEO plugin v22.5 - https:\/\/yoast.com\/wordpress\/plugins\/seo\/ -->\n<title>Vosges : sapeurs-pompiers &amp; ONF s\u2019unissent pour lutter contre le scolyte - Remiremont Info<\/title>\n<meta name=\"robots\" content=\"index, follow, max-snippet:-1, max-image-preview:large, max-video-preview:-1\" \/>\n<link rel=\"canonical\" href=\"https:\/\/vosgesinfo.fr\/remiremontinfo\/2019\/06\/vosges-sapeurs-pompiers-onf-sunissent-lutter-contre-scolyte\/\" \/>\n<meta name=\"twitter:card\" content=\"summary_large_image\" \/>\n<meta name=\"twitter:title\" content=\"Vosges : sapeurs-pompiers &amp; ONF s\u2019unissent pour lutter contre le scolyte - Remiremont Info\" \/>\n<meta name=\"twitter:description\" content=\"Le massif forestier du d\u00e9partement conna\u00eet actuellement une d\u00e9g\u00e9n\u00e9rescence de certaines esp\u00e8ces de r\u00e9sineux (\u00e9pic\u00e9as) cons\u00e9cutive \u00e0 une prolif\u00e9ration d\u2019un [&hellip;]\" \/>\n<meta name=\"twitter:image\" content=\"https:\/\/vosgesinfo.fr\/app\/uploads\/sites\/5\/2024\/09\/20190665154019-2506427586076816-8571505570232664064-o.jpg\" \/>\n<meta name=\"twitter:creator\" content=\"@VosgesInfo88\" \/>\n<meta name=\"twitter:site\" content=\"@VosgesInfo88\" \/>\n<meta name=\"twitter:label1\" content=\"\u00c9crit par\" \/>\n\t<meta name=\"twitter:data1\" content=\"C D\" \/>\n\t<meta name=\"twitter:label2\" content=\"Dur\u00e9e de lecture estim\u00e9e\" \/>\n\t<meta name=\"twitter:data2\" content=\"1 minute\" \/>\n<script type=\"application\/ld+json\" class=\"yoast-schema-graph\">{\"@context\":\"https:\/\/schema.org\",\"@graph\":[{\"@type\":\"Article\",\"@id\":\"https:\/\/vosgesinfo.fr\/remiremontinfo\/2019\/06\/vosges-sapeurs-pompiers-onf-sunissent-lutter-contre-scolyte\/#article\",\"isPartOf\":{\"@id\":\"https:\/\/vosgesinfo.fr\/remiremontinfo\/2019\/06\/vosges-sapeurs-pompiers-onf-sunissent-lutter-contre-scolyte\/\"},\"author\":{\"name\":\"C D\",\"@id\":\"https:\/\/vosgesinfo.fr\/remiremontinfo\/#\/schema\/person\/3bfd164d5218a185b1db68655a265316\"},\"headline\":\"Vosges : sapeurs-pompiers &#038; ONF s\u2019unissent pour lutter contre le scolyte\",\"datePublished\":\"2019-06-28T08:52:37+00:00\",\"dateModified\":\"2019-06-28T08:52:37+00:00\",\"mainEntityOfPage\":{\"@id\":\"https:\/\/vosgesinfo.fr\/remiremontinfo\/2019\/06\/vosges-sapeurs-pompiers-onf-sunissent-lutter-contre-scolyte\/\"},\"wordCount\":157,\"commentCount\":0,\"publisher\":{\"@id\":\"https:\/\/vosgesinfo.fr\/remiremontinfo\/#organization\"},\"image\":{\"@id\":\"https:\/\/vosgesinfo.fr\/remiremontinfo\/2019\/06\/vosges-sapeurs-pompiers-onf-sunissent-lutter-contre-scolyte\/#primaryimage\"},\"thumbnailUrl\":\"https:\/\/vosgesinfo.fr\/app\/uploads\/sites\/5\/2024\/09\/20190665154019-2506427586076816-8571505570232664064-o.jpg\",\"articleSection\":[\"A la Une\",\"Environnement\",\"Vosges\"],\"inLanguage\":\"fr-FR\",\"potentialAction\":[{\"@type\":\"CommentAction\",\"name\":\"Comment\",\"target\":[\"https:\/\/vosgesinfo.fr\/remiremontinfo\/2019\/06\/vosges-sapeurs-pompiers-onf-sunissent-lutter-contre-scolyte\/#respond\"]}]},{\"@type\":\"WebPage\",\"@id\":\"https:\/\/vosgesinfo.fr\/remiremontinfo\/2019\/06\/vosges-sapeurs-pompiers-onf-sunissent-lutter-contre-scolyte\/\",\"url\":\"https:\/\/vosgesinfo.fr\/remiremontinfo\/2019\/06\/vosges-sapeurs-pompiers-onf-sunissent-lutter-contre-scolyte\/\",\"name\":\"Vosges : sapeurs-pompiers & ONF s\u2019unissent pour lutter contre le scolyte - Remiremont Info\",\"isPartOf\":{\"@id\":\"https:\/\/vosgesinfo.fr\/remiremontinfo\/#website\"},\"primaryImageOfPage\":{\"@id\":\"https:\/\/vosgesinfo.fr\/remiremontinfo\/2019\/06\/vosges-sapeurs-pompiers-onf-sunissent-lutter-contre-scolyte\/#primaryimage\"},\"image\":{\"@id\":\"https:\/\/vosgesinfo.fr\/remiremontinfo\/2019\/06\/vosges-sapeurs-pompiers-onf-sunissent-lutter-contre-scolyte\/#primaryimage\"},\"thumbnailUrl\":\"https:\/\/vosgesinfo.fr\/app\/uploads\/sites\/5\/2024\/09\/20190665154019-2506427586076816-8571505570232664064-o.jpg\",\"datePublished\":\"2019-06-28T08:52:37+00:00\",\"dateModified\":\"2019-06-28T08:52:37+00:00\",\"breadcrumb\":{\"@id\":\"https:\/\/vosgesinfo.fr\/remiremontinfo\/2019\/06\/vosges-sapeurs-pompiers-onf-sunissent-lutter-contre-scolyte\/#breadcrumb\"},\"inLanguage\":\"fr-FR\",\"potentialAction\":[{\"@type\":\"ReadAction\",\"target\":[\"https:\/\/vosgesinfo.fr\/remiremontinfo\/2019\/06\/vosges-sapeurs-pompiers-onf-sunissent-lutter-contre-scolyte\/\"]}]},{\"@type\":\"ImageObject\",\"inLanguage\":\"fr-FR\",\"@id\":\"https:\/\/vosgesinfo.fr\/remiremontinfo\/2019\/06\/vosges-sapeurs-pompiers-onf-sunissent-lutter-contre-scolyte\/#primaryimage\",\"url\":\"https:\/\/vosgesinfo.fr\/app\/uploads\/sites\/5\/2024\/09\/20190665154019-2506427586076816-8571505570232664064-o.jpg\",\"contentUrl\":\"https:\/\/vosgesinfo.fr\/app\/uploads\/sites\/5\/2024\/09\/20190665154019-2506427586076816-8571505570232664064-o.jpg\",\"width\":2048,\"height\":1365},{\"@type\":\"BreadcrumbList\",\"@id\":\"https:\/\/vosgesinfo.fr\/remiremontinfo\/2019\/06\/vosges-sapeurs-pompiers-onf-sunissent-lutter-contre-scolyte\/#breadcrumb\",\"itemListElement\":[{\"@type\":\"ListItem\",\"position\":1,\"name\":\"Home\",\"item\":\"https:\/\/vosgesinfo.fr\/remiremontinfo\/\"},{\"@type\":\"ListItem\",\"position\":2,\"name\":\"Vosges : sapeurs-pompiers &#038; ONF s\u2019unissent pour lutter contre le scolyte\"}]},{\"@type\":\"WebSite\",\"@id\":\"https:\/\/vosgesinfo.fr\/remiremontinfo\/#website\",\"url\":\"https:\/\/vosgesinfo.fr\/remiremontinfo\/\",\"name\":\"Remiremont Info\",\"description\":\"Toute l&#039;actualit\u00e9 de Remiremont\",\"publisher\":{\"@id\":\"https:\/\/vosgesinfo.fr\/remiremontinfo\/#organization\"},\"alternateName\":\"Toute l'actualit\u00e9 de Remiremont\",\"potentialAction\":[{\"@type\":\"SearchAction\",\"target\":{\"@type\":\"EntryPoint\",\"urlTemplate\":\"https:\/\/vosgesinfo.fr\/remiremontinfo\/?s={search_term_string}\"},\"query-input\":\"required name=search_term_string\"}],\"inLanguage\":\"fr-FR\"},{\"@type\":\"Organization\",\"@id\":\"https:\/\/vosgesinfo.fr\/remiremontinfo\/#organization\",\"name\":\"Remiremont Info\",\"url\":\"https:\/\/vosgesinfo.fr\/remiremontinfo\/\",\"logo\":{\"@type\":\"ImageObject\",\"inLanguage\":\"fr-FR\",\"@id\":\"https:\/\/vosgesinfo.fr\/remiremontinfo\/#\/schema\/logo\/image\/\",\"url\":\"https:\/\/vosgesinfo.fr\/app\/uploads\/sites\/5\/2023\/08\/favicon-remiremontinfo.png\",\"contentUrl\":\"https:\/\/vosgesinfo.fr\/app\/uploads\/sites\/5\/2023\/08\/favicon-remiremontinfo.png\",\"width\":512,\"height\":512,\"caption\":\"Remiremont Info\"},\"image\":{\"@id\":\"https:\/\/vosgesinfo.fr\/remiremontinfo\/#\/schema\/logo\/image\/\"},\"sameAs\":[\"https:\/\/www.facebook.com\/remiremontinfo\",\"https:\/\/x.com\/VosgesInfo88\",\"https:\/\/www.youtube.com\/@vosgesinfo\"]},{\"@type\":\"Person\",\"@id\":\"https:\/\/vosgesinfo.fr\/remiremontinfo\/#\/schema\/person\/3bfd164d5218a185b1db68655a265316\",\"name\":\"C D\",\"image\":{\"@type\":\"ImageObject\",\"inLanguage\":\"fr-FR\",\"@id\":\"https:\/\/vosgesinfo.fr\/remiremontinfo\/#\/schema\/person\/image\/\",\"url\":\"https:\/\/secure.gravatar.com\/avatar\/1f9a70007336511a47468b8f1c66f922b8b7cf617b02a31149ada43893a5d48f?s=96&d=mm&r=g\",\"contentUrl\":\"https:\/\/secure.gravatar.com\/avatar\/1f9a70007336511a47468b8f1c66f922b8b7cf617b02a31149ada43893a5d48f?s=96&d=mm&r=g\",\"caption\":\"C D\"},\"url\":\"https:\/\/vosgesinfo.fr\/remiremontinfo\/author\/cedric-drevet\/\"}]}<\/script>\n<!-- \/ Yoast SEO plugin. -->","yoast_head_json":{"title":"Vosges : sapeurs-pompiers & ONF s\u2019unissent pour lutter contre le scolyte - Remiremont Info","robots":{"index":"index","follow":"follow","max-snippet":"max-snippet:-1","max-image-preview":"max-image-preview:large","max-video-preview":"max-video-preview:-1"},"canonical":"https:\/\/vosgesinfo.fr\/remiremontinfo\/2019\/06\/vosges-sapeurs-pompiers-onf-sunissent-lutter-contre-scolyte\/","twitter_card":"summary_large_image","twitter_title":"Vosges : sapeurs-pompiers & ONF s\u2019unissent pour lutter contre le scolyte - Remiremont Info","twitter_description":"Le massif forestier du d\u00e9partement conna\u00eet actuellement une d\u00e9g\u00e9n\u00e9rescence de certaines esp\u00e8ces de r\u00e9sineux (\u00e9pic\u00e9as) cons\u00e9cutive \u00e0 une prolif\u00e9ration d\u2019un [&hellip;]","twitter_image":"https:\/\/vosgesinfo.fr\/app\/uploads\/sites\/5\/2024\/09\/20190665154019-2506427586076816-8571505570232664064-o.jpg","twitter_creator":"@VosgesInfo88","twitter_site":"@VosgesInfo88","twitter_misc":{"\u00c9crit par":"C D","Dur\u00e9e de lecture estim\u00e9e":"1 minute"},"schema":{"@context":"https:\/\/schema.org","@graph":[{"@type":"Article","@id":"https:\/\/vosgesinfo.fr\/remiremontinfo\/2019\/06\/vosges-sapeurs-pompiers-onf-sunissent-lutter-contre-scolyte\/#article","isPartOf":{"@id":"https:\/\/vosgesinfo.fr\/remiremontinfo\/2019\/06\/vosges-sapeurs-pompiers-onf-sunissent-lutter-contre-scolyte\/"},"author":{"name":"C D","@id":"https:\/\/vosgesinfo.fr\/remiremontinfo\/#\/schema\/person\/3bfd164d5218a185b1db68655a265316"},"headline":"Vosges : sapeurs-pompiers &#038; ONF s\u2019unissent pour lutter contre le scolyte","datePublished":"2019-06-28T08:52:37+00:00","dateModified":"2019-06-28T08:52:37+00:00","mainEntityOfPage":{"@id":"https:\/\/vosgesinfo.fr\/remiremontinfo\/2019\/06\/vosges-sapeurs-pompiers-onf-sunissent-lutter-contre-scolyte\/"},"wordCount":157,"commentCount":0,"publisher":{"@id":"https:\/\/vosgesinfo.fr\/remiremontinfo\/#organization"},"image":{"@id":"https:\/\/vosgesinfo.fr\/remiremontinfo\/2019\/06\/vosges-sapeurs-pompiers-onf-sunissent-lutter-contre-scolyte\/#primaryimage"},"thumbnailUrl":"https:\/\/vosgesinfo.fr\/app\/uploads\/sites\/5\/2024\/09\/20190665154019-2506427586076816-8571505570232664064-o.jpg","articleSection":["A la Une","Environnement","Vosges"],"inLanguage":"fr-FR","potentialAction":[{"@type":"CommentAction","name":"Comment","target":["https:\/\/vosgesinfo.fr\/remiremontinfo\/2019\/06\/vosges-sapeurs-pompiers-onf-sunissent-lutter-contre-scolyte\/#respond"]}]},{"@type":"WebPage","@id":"https:\/\/vosgesinfo.fr\/remiremontinfo\/2019\/06\/vosges-sapeurs-pompiers-onf-sunissent-lutter-contre-scolyte\/","url":"https:\/\/vosgesinfo.fr\/remiremontinfo\/2019\/06\/vosges-sapeurs-pompiers-onf-sunissent-lutter-contre-scolyte\/","name":"Vosges : sapeurs-pompiers & ONF s\u2019unissent pour lutter contre le scolyte - Remiremont Info","isPartOf":{"@id":"https:\/\/vosgesinfo.fr\/remiremontinfo\/#website"},"primaryImageOfPage":{"@id":"https:\/\/vosgesinfo.fr\/remiremontinfo\/2019\/06\/vosges-sapeurs-pompiers-onf-sunissent-lutter-contre-scolyte\/#primaryimage"},"image":{"@id":"https:\/\/vosgesinfo.fr\/remiremontinfo\/2019\/06\/vosges-sapeurs-pompiers-onf-sunissent-lutter-contre-scolyte\/#primaryimage"},"thumbnailUrl":"https:\/\/vosgesinfo.fr\/app\/uploads\/sites\/5\/2024\/09\/20190665154019-2506427586076816-8571505570232664064-o.jpg","datePublished":"2019-06-28T08:52:37+00:00","dateModified":"2019-06-28T08:52:37+00:00","breadcrumb":{"@id":"https:\/\/vosgesinfo.fr\/remiremontinfo\/2019\/06\/vosges-sapeurs-pompiers-onf-sunissent-lutter-contre-scolyte\/#breadcrumb"},"inLanguage":"fr-FR","potentialAction":[{"@type":"ReadAction","target":["https:\/\/vosgesinfo.fr\/remiremontinfo\/2019\/06\/vosges-sapeurs-pompiers-onf-sunissent-lutter-contre-scolyte\/"]}]},{"@type":"ImageObject","inLanguage":"fr-FR","@id":"https:\/\/vosgesinfo.fr\/remiremontinfo\/2019\/06\/vosges-sapeurs-pompiers-onf-sunissent-lutter-contre-scolyte\/#primaryimage","url":"https:\/\/vosgesinfo.fr\/app\/uploads\/sites\/5\/2024\/09\/20190665154019-2506427586076816-8571505570232664064-o.jpg","contentUrl":"https:\/\/vosgesinfo.fr\/app\/uploads\/sites\/5\/2024\/09\/20190665154019-2506427586076816-8571505570232664064-o.jpg","width":2048,"height":1365},{"@type":"BreadcrumbList","@id":"https:\/\/vosgesinfo.fr\/remiremontinfo\/2019\/06\/vosges-sapeurs-pompiers-onf-sunissent-lutter-contre-scolyte\/#breadcrumb","itemListElement":[{"@type":"ListItem","position":1,"name":"Home","item":"https:\/\/vosgesinfo.fr\/remiremontinfo\/"},{"@type":"ListItem","position":2,"name":"Vosges : sapeurs-pompiers &#038; ONF s\u2019unissent pour lutter contre le scolyte"}]},{"@type":"WebSite","@id":"https:\/\/vosgesinfo.fr\/remiremontinfo\/#website","url":"https:\/\/vosgesinfo.fr\/remiremontinfo\/","name":"Remiremont Info","description":"Toute l&#039;actualit\u00e9 de Remiremont","publisher":{"@id":"https:\/\/vosgesinfo.fr\/remiremontinfo\/#organization"},"alternateName":"Toute l'actualit\u00e9 de Remiremont","potentialAction":[{"@type":"SearchAction","target":{"@type":"EntryPoint","urlTemplate":"https:\/\/vosgesinfo.fr\/remiremontinfo\/?s={search_term_string}"},"query-input":"required name=search_term_string"}],"inLanguage":"fr-FR"},{"@type":"Organization","@id":"https:\/\/vosgesinfo.fr\/remiremontinfo\/#organization","name":"Remiremont Info","url":"https:\/\/vosgesinfo.fr\/remiremontinfo\/","logo":{"@type":"ImageObject","inLanguage":"fr-FR","@id":"https:\/\/vosgesinfo.fr\/remiremontinfo\/#\/schema\/logo\/image\/","url":"https:\/\/vosgesinfo.fr\/app\/uploads\/sites\/5\/2023\/08\/favicon-remiremontinfo.png","contentUrl":"https:\/\/vosgesinfo.fr\/app\/uploads\/sites\/5\/2023\/08\/favicon-remiremontinfo.png","width":512,"height":512,"caption":"Remiremont Info"},"image":{"@id":"https:\/\/vosgesinfo.fr\/remiremontinfo\/#\/schema\/logo\/image\/"},"sameAs":["https:\/\/www.facebook.com\/remiremontinfo","https:\/\/x.com\/VosgesInfo88","https:\/\/www.youtube.com\/@vosgesinfo"]},{"@type":"Person","@id":"https:\/\/vosgesinfo.fr\/remiremontinfo\/#\/schema\/person\/3bfd164d5218a185b1db68655a265316","name":"C D","image":{"@type":"ImageObject","inLanguage":"fr-FR","@id":"https:\/\/vosgesinfo.fr\/remiremontinfo\/#\/schema\/person\/image\/","url":"https:\/\/secure.gravatar.com\/avatar\/1f9a70007336511a47468b8f1c66f922b8b7cf617b02a31149ada43893a5d48f?s=96&d=mm&r=g","contentUrl":"https:\/\/secure.gravatar.com\/avatar\/1f9a70007336511a47468b8f1c66f922b8b7cf617b02a31149ada43893a5d48f?s=96&d=mm&r=g","caption":"C D"},"url":"https:\/\/vosgesinfo.fr\/remiremontinfo\/author\/cedric-drevet\/"}]}},"_links":{"self":[{"href":"https:\/\/vosgesinfo.fr\/remiremontinfo\/wp-json\/wp\/v2\/posts\/16651","targetHints":{"allow":["GET"]}}],"collection":[{"href":"https:\/\/vosgesinfo.fr\/remiremontinfo\/wp-json\/wp\/v2\/posts"}],"about":[{"href":"https:\/\/vosgesinfo.fr\/remiremontinfo\/wp-json\/wp\/v2\/types\/post"}],"author":[{"embeddable":true,"href":"https:\/\/vosgesinfo.fr\/remiremontinfo\/wp-json\/wp\/v2\/users\/407"}],"replies":[{"embeddable":true,"href":"https:\/\/vosgesinfo.fr\/remiremontinfo\/wp-json\/wp\/v2\/comments?post=16651"}],"version-history":[{"count":0,"href":"https:\/\/vosgesinfo.fr\/remiremontinfo\/wp-json\/wp\/v2\/posts\/16651\/revisions"}],"wp:featuredmedia":[{"embeddable":true,"href":"https:\/\/vosgesinfo.fr\/remiremontinfo\/wp-json\/wp\/v2\/media\/16652"}],"wp:attachment":[{"href":"https:\/\/vosgesinfo.fr\/remiremontinfo\/wp-json\/wp\/v2\/media?parent=16651"}],"wp:term":[{"taxonomy":"category","embeddable":true,"href":"https:\/\/vosgesinfo.fr\/remiremontinfo\/wp-json\/wp\/v2\/categories?post=16651"},{"taxonomy":"post_tag","embeddable":true,"href":"https:\/\/vosgesinfo.fr\/remiremontinfo\/wp-json\/wp\/v2\/tags?post=16651"}],"curies":[{"name":"wp","href":"https:\/\/api.w.org\/{rel}","templated":true}]}}