{"id":16684,"date":"2019-06-29T05:00:22","date_gmt":"2019-06-29T03:00:22","guid":{"rendered":"https:\/\/vosgesinfo.fr\/remiremontinfo\/2019\/06\/vosges-signature-dune-convention-lutter-contre-pauvrete\/"},"modified":"2019-06-29T05:00:22","modified_gmt":"2019-06-29T03:00:22","slug":"vosges-signature-dune-convention-lutter-contre-pauvrete","status":"publish","type":"post","link":"https:\/\/vosgesinfo.fr\/remiremontinfo\/2019\/06\/vosges-signature-dune-convention-lutter-contre-pauvrete\/","title":{"rendered":"Vosges : signature d\u2019une convention pour lutter contre la pauvret\u00e9"},"content":{"rendered":"<p><a href=\"\/2019\/06\/65393196_2149868558642414_2790966716417441792_o-1024x683.jpg\"><img decoding=\"async\" class=\"alignnone size-large wp-image-262844\" src=\"\/2019\/06\/65393196_2149868558642414_2790966716417441792_o-1024x683-1024x683.jpg\" alt=\"65393196_2149868558642414_2790966716417441792_o-1024x683\" width=\"960\" height=\"640\" \/><\/a><\/p>\n<h2><span style=\"font-size: 12pt;\"><strong>Pierre ORY, Pr\u00e9fet des Vosges, en pr\u00e9sence des membres du corps pr\u00e9fectoral, de chefs de services de l\u2019\u00c9tat et d\u2019\u00e9lus, a pr\u00e9sent\u00e9 ce matin dans la salle des d\u00e9lib\u00e9rations du Conseil D\u00e9partemental des Vosges le rapport d\u2019activit\u00e9 2018 des services de l\u2019\u00c9tat dans les Vosges.<\/strong><\/span><\/h2>\n<p><span id=\"more-141244\"><\/span><br \/>\nA l\u2019issue de cette pr\u00e9sentation, Pierre ORY, Pr\u00e9fet des Vosges, et Fran\u00e7ois VANNSON, Pr\u00e9sident du Conseil D\u00e9partemental des Vosges, ont sign\u00e9 une convention d\u2019appui \u00e0 la lutte contre la pauvret\u00e9 et d\u2019acc\u00e8s\u00a0<span class=\"text_exposed_show\">\u00e0 l\u2019emploi, qui s\u2019inscrit dans la strat\u00e9gie nationale de lutte contre la pauvret\u00e9, annonc\u00e9e le 13 septembre 2018 par le Pr\u00e9sident de la R\u00e9publique.<\/span><\/p>\n<p><span class=\"text_exposed_show\">Cette convention triennale (2019-2022) a pour objectif de s\u2019attaquer tout particuli\u00e8rement \u00e0 la reproduction de la pauvret\u00e9 d\u00e8s les premi\u00e8res ann\u00e9es de la vie, de garantir au quotidien les droits fondamentaux des enfants, d\u2019assurer \u00e0 tous les jeunes un parcours de formation leur permettant d\u2019acqu\u00e9rir des comp\u00e9tences et de prendre leur ind\u00e9pendance, de rendre les droits sociaux plus accessibles, plus \u00e9quitables et plus incitatifs \u00e0 l\u2019activit\u00e9 et, enfin, d\u2019 investir pour l\u2019accompagnement de tous vers l\u2019emploi.<\/span><\/p>\n<p><span class=\"text_exposed_show\">Dans le cadre de cette convention, l\u2019\u00c9tat va mobiliser des cr\u00e9dits du fonds d\u2019appui \u00e0 la lutte contre la pauvret\u00e9 et d\u2019acc\u00e8s \u00e0 l\u2019emploi \u00e0 hauteur de 389 630 \u20ac, qui seront attribu\u00e9s au D\u00e9partement des Vosges au titre de l\u2019ann\u00e9e 2019.<\/span><\/p>\n","protected":false},"excerpt":{"rendered":"<p>Pierre ORY, Pr\u00e9fet des Vosges, en pr\u00e9sence des membres du corps pr\u00e9fectoral, de chefs de services de l\u2019\u00c9tat et d\u2019\u00e9lus, [&hellip;]<\/p>\n","protected":false},"author":407,"featured_media":16685,"comment_status":"open","ping_status":"open","sticky":false,"template":"","format":"standard","meta":{"footnotes":""},"categories":[26,10,18],"tags":[],"class_list":["post-16684","post","type-post","status-publish","format-standard","has-post-thumbnail","hentry","category-a-la-une","category-politique","category-vosges"],"acf":[],"yoast_head":"<!-- This site is optimized with the Yoast SEO plugin v22.5 - https:\/\/yoast.com\/wordpress\/plugins\/seo\/ -->\n<title>Vosges : signature d\u2019une convention pour lutter contre la pauvret\u00e9 - Remiremont Info<\/title>\n<meta name=\"robots\" content=\"index, follow, max-snippet:-1, max-image-preview:large, max-video-preview:-1\" \/>\n<link rel=\"canonical\" href=\"https:\/\/vosgesinfo.fr\/remiremontinfo\/2019\/06\/vosges-signature-dune-convention-lutter-contre-pauvrete\/\" \/>\n<meta name=\"twitter:card\" content=\"summary_large_image\" \/>\n<meta name=\"twitter:title\" content=\"Vosges : signature d\u2019une convention pour lutter contre la pauvret\u00e9 - Remiremont Info\" \/>\n<meta name=\"twitter:description\" content=\"Pierre ORY, Pr\u00e9fet des Vosges, en pr\u00e9sence des membres du corps pr\u00e9fectoral, de chefs de services de l\u2019\u00c9tat et d\u2019\u00e9lus, [&hellip;]\" \/>\n<meta name=\"twitter:image\" content=\"https:\/\/vosgesinfo.fr\/app\/uploads\/sites\/5\/2024\/09\/20190665393196-2149868558642414-2790966716417441792-o-1024x683-1.jpg\" \/>\n<meta name=\"twitter:creator\" content=\"@VosgesInfo88\" \/>\n<meta name=\"twitter:site\" content=\"@VosgesInfo88\" \/>\n<meta name=\"twitter:label1\" content=\"\u00c9crit par\" \/>\n\t<meta name=\"twitter:data1\" content=\"C D\" \/>\n\t<meta name=\"twitter:label2\" content=\"Dur\u00e9e de lecture estim\u00e9e\" \/>\n\t<meta name=\"twitter:data2\" content=\"1 minute\" \/>\n<script type=\"application\/ld+json\" class=\"yoast-schema-graph\">{\"@context\":\"https:\/\/schema.org\",\"@graph\":[{\"@type\":\"Article\",\"@id\":\"https:\/\/vosgesinfo.fr\/remiremontinfo\/2019\/06\/vosges-signature-dune-convention-lutter-contre-pauvrete\/#article\",\"isPartOf\":{\"@id\":\"https:\/\/vosgesinfo.fr\/remiremontinfo\/2019\/06\/vosges-signature-dune-convention-lutter-contre-pauvrete\/\"},\"author\":{\"name\":\"C D\",\"@id\":\"https:\/\/vosgesinfo.fr\/remiremontinfo\/#\/schema\/person\/3bfd164d5218a185b1db68655a265316\"},\"headline\":\"Vosges : signature d\u2019une convention pour lutter contre la pauvret\u00e9\",\"datePublished\":\"2019-06-29T03:00:22+00:00\",\"dateModified\":\"2019-06-29T03:00:22+00:00\",\"mainEntityOfPage\":{\"@id\":\"https:\/\/vosgesinfo.fr\/remiremontinfo\/2019\/06\/vosges-signature-dune-convention-lutter-contre-pauvrete\/\"},\"wordCount\":263,\"commentCount\":0,\"publisher\":{\"@id\":\"https:\/\/vosgesinfo.fr\/remiremontinfo\/#organization\"},\"image\":{\"@id\":\"https:\/\/vosgesinfo.fr\/remiremontinfo\/2019\/06\/vosges-signature-dune-convention-lutter-contre-pauvrete\/#primaryimage\"},\"thumbnailUrl\":\"https:\/\/vosgesinfo.fr\/app\/uploads\/sites\/5\/2024\/09\/20190665393196-2149868558642414-2790966716417441792-o-1024x683-1.jpg\",\"articleSection\":[\"A la Une\",\"Politique\",\"Vosges\"],\"inLanguage\":\"fr-FR\",\"potentialAction\":[{\"@type\":\"CommentAction\",\"name\":\"Comment\",\"target\":[\"https:\/\/vosgesinfo.fr\/remiremontinfo\/2019\/06\/vosges-signature-dune-convention-lutter-contre-pauvrete\/#respond\"]}]},{\"@type\":\"WebPage\",\"@id\":\"https:\/\/vosgesinfo.fr\/remiremontinfo\/2019\/06\/vosges-signature-dune-convention-lutter-contre-pauvrete\/\",\"url\":\"https:\/\/vosgesinfo.fr\/remiremontinfo\/2019\/06\/vosges-signature-dune-convention-lutter-contre-pauvrete\/\",\"name\":\"Vosges : signature d\u2019une convention pour lutter contre la pauvret\u00e9 - Remiremont Info\",\"isPartOf\":{\"@id\":\"https:\/\/vosgesinfo.fr\/remiremontinfo\/#website\"},\"primaryImageOfPage\":{\"@id\":\"https:\/\/vosgesinfo.fr\/remiremontinfo\/2019\/06\/vosges-signature-dune-convention-lutter-contre-pauvrete\/#primaryimage\"},\"image\":{\"@id\":\"https:\/\/vosgesinfo.fr\/remiremontinfo\/2019\/06\/vosges-signature-dune-convention-lutter-contre-pauvrete\/#primaryimage\"},\"thumbnailUrl\":\"https:\/\/vosgesinfo.fr\/app\/uploads\/sites\/5\/2024\/09\/20190665393196-2149868558642414-2790966716417441792-o-1024x683-1.jpg\",\"datePublished\":\"2019-06-29T03:00:22+00:00\",\"dateModified\":\"2019-06-29T03:00:22+00:00\",\"breadcrumb\":{\"@id\":\"https:\/\/vosgesinfo.fr\/remiremontinfo\/2019\/06\/vosges-signature-dune-convention-lutter-contre-pauvrete\/#breadcrumb\"},\"inLanguage\":\"fr-FR\",\"potentialAction\":[{\"@type\":\"ReadAction\",\"target\":[\"https:\/\/vosgesinfo.fr\/remiremontinfo\/2019\/06\/vosges-signature-dune-convention-lutter-contre-pauvrete\/\"]}]},{\"@type\":\"ImageObject\",\"inLanguage\":\"fr-FR\",\"@id\":\"https:\/\/vosgesinfo.fr\/remiremontinfo\/2019\/06\/vosges-signature-dune-convention-lutter-contre-pauvrete\/#primaryimage\",\"url\":\"https:\/\/vosgesinfo.fr\/app\/uploads\/sites\/5\/2024\/09\/20190665393196-2149868558642414-2790966716417441792-o-1024x683-1.jpg\",\"contentUrl\":\"https:\/\/vosgesinfo.fr\/app\/uploads\/sites\/5\/2024\/09\/20190665393196-2149868558642414-2790966716417441792-o-1024x683-1.jpg\",\"width\":1024,\"height\":683},{\"@type\":\"BreadcrumbList\",\"@id\":\"https:\/\/vosgesinfo.fr\/remiremontinfo\/2019\/06\/vosges-signature-dune-convention-lutter-contre-pauvrete\/#breadcrumb\",\"itemListElement\":[{\"@type\":\"ListItem\",\"position\":1,\"name\":\"Home\",\"item\":\"https:\/\/vosgesinfo.fr\/remiremontinfo\/\"},{\"@type\":\"ListItem\",\"position\":2,\"name\":\"Vosges : signature d\u2019une convention pour lutter contre la pauvret\u00e9\"}]},{\"@type\":\"WebSite\",\"@id\":\"https:\/\/vosgesinfo.fr\/remiremontinfo\/#website\",\"url\":\"https:\/\/vosgesinfo.fr\/remiremontinfo\/\",\"name\":\"Remiremont Info\",\"description\":\"Toute l&#039;actualit\u00e9 de Remiremont\",\"publisher\":{\"@id\":\"https:\/\/vosgesinfo.fr\/remiremontinfo\/#organization\"},\"alternateName\":\"Toute l'actualit\u00e9 de Remiremont\",\"potentialAction\":[{\"@type\":\"SearchAction\",\"target\":{\"@type\":\"EntryPoint\",\"urlTemplate\":\"https:\/\/vosgesinfo.fr\/remiremontinfo\/?s={search_term_string}\"},\"query-input\":\"required name=search_term_string\"}],\"inLanguage\":\"fr-FR\"},{\"@type\":\"Organization\",\"@id\":\"https:\/\/vosgesinfo.fr\/remiremontinfo\/#organization\",\"name\":\"Remiremont Info\",\"url\":\"https:\/\/vosgesinfo.fr\/remiremontinfo\/\",\"logo\":{\"@type\":\"ImageObject\",\"inLanguage\":\"fr-FR\",\"@id\":\"https:\/\/vosgesinfo.fr\/remiremontinfo\/#\/schema\/logo\/image\/\",\"url\":\"https:\/\/vosgesinfo.fr\/app\/uploads\/sites\/5\/2023\/08\/favicon-remiremontinfo.png\",\"contentUrl\":\"https:\/\/vosgesinfo.fr\/app\/uploads\/sites\/5\/2023\/08\/favicon-remiremontinfo.png\",\"width\":512,\"height\":512,\"caption\":\"Remiremont Info\"},\"image\":{\"@id\":\"https:\/\/vosgesinfo.fr\/remiremontinfo\/#\/schema\/logo\/image\/\"},\"sameAs\":[\"https:\/\/www.facebook.com\/remiremontinfo\",\"https:\/\/x.com\/VosgesInfo88\",\"https:\/\/www.youtube.com\/@vosgesinfo\"]},{\"@type\":\"Person\",\"@id\":\"https:\/\/vosgesinfo.fr\/remiremontinfo\/#\/schema\/person\/3bfd164d5218a185b1db68655a265316\",\"name\":\"C D\",\"image\":{\"@type\":\"ImageObject\",\"inLanguage\":\"fr-FR\",\"@id\":\"https:\/\/vosgesinfo.fr\/remiremontinfo\/#\/schema\/person\/image\/\",\"url\":\"https:\/\/secure.gravatar.com\/avatar\/1f9a70007336511a47468b8f1c66f922b8b7cf617b02a31149ada43893a5d48f?s=96&d=mm&r=g\",\"contentUrl\":\"https:\/\/secure.gravatar.com\/avatar\/1f9a70007336511a47468b8f1c66f922b8b7cf617b02a31149ada43893a5d48f?s=96&d=mm&r=g\",\"caption\":\"C D\"},\"url\":\"https:\/\/vosgesinfo.fr\/remiremontinfo\/author\/cedric-drevet\/\"}]}<\/script>\n<!-- \/ Yoast SEO plugin. -->","yoast_head_json":{"title":"Vosges : signature d\u2019une convention pour lutter contre la pauvret\u00e9 - Remiremont Info","robots":{"index":"index","follow":"follow","max-snippet":"max-snippet:-1","max-image-preview":"max-image-preview:large","max-video-preview":"max-video-preview:-1"},"canonical":"https:\/\/vosgesinfo.fr\/remiremontinfo\/2019\/06\/vosges-signature-dune-convention-lutter-contre-pauvrete\/","twitter_card":"summary_large_image","twitter_title":"Vosges : signature d\u2019une convention pour lutter contre la pauvret\u00e9 - Remiremont Info","twitter_description":"Pierre ORY, Pr\u00e9fet des Vosges, en pr\u00e9sence des membres du corps pr\u00e9fectoral, de chefs de services de l\u2019\u00c9tat et d\u2019\u00e9lus, [&hellip;]","twitter_image":"https:\/\/vosgesinfo.fr\/app\/uploads\/sites\/5\/2024\/09\/20190665393196-2149868558642414-2790966716417441792-o-1024x683-1.jpg","twitter_creator":"@VosgesInfo88","twitter_site":"@VosgesInfo88","twitter_misc":{"\u00c9crit par":"C D","Dur\u00e9e de lecture estim\u00e9e":"1 minute"},"schema":{"@context":"https:\/\/schema.org","@graph":[{"@type":"Article","@id":"https:\/\/vosgesinfo.fr\/remiremontinfo\/2019\/06\/vosges-signature-dune-convention-lutter-contre-pauvrete\/#article","isPartOf":{"@id":"https:\/\/vosgesinfo.fr\/remiremontinfo\/2019\/06\/vosges-signature-dune-convention-lutter-contre-pauvrete\/"},"author":{"name":"C D","@id":"https:\/\/vosgesinfo.fr\/remiremontinfo\/#\/schema\/person\/3bfd164d5218a185b1db68655a265316"},"headline":"Vosges : signature d\u2019une convention pour lutter contre la pauvret\u00e9","datePublished":"2019-06-29T03:00:22+00:00","dateModified":"2019-06-29T03:00:22+00:00","mainEntityOfPage":{"@id":"https:\/\/vosgesinfo.fr\/remiremontinfo\/2019\/06\/vosges-signature-dune-convention-lutter-contre-pauvrete\/"},"wordCount":263,"commentCount":0,"publisher":{"@id":"https:\/\/vosgesinfo.fr\/remiremontinfo\/#organization"},"image":{"@id":"https:\/\/vosgesinfo.fr\/remiremontinfo\/2019\/06\/vosges-signature-dune-convention-lutter-contre-pauvrete\/#primaryimage"},"thumbnailUrl":"https:\/\/vosgesinfo.fr\/app\/uploads\/sites\/5\/2024\/09\/20190665393196-2149868558642414-2790966716417441792-o-1024x683-1.jpg","articleSection":["A la Une","Politique","Vosges"],"inLanguage":"fr-FR","potentialAction":[{"@type":"CommentAction","name":"Comment","target":["https:\/\/vosgesinfo.fr\/remiremontinfo\/2019\/06\/vosges-signature-dune-convention-lutter-contre-pauvrete\/#respond"]}]},{"@type":"WebPage","@id":"https:\/\/vosgesinfo.fr\/remiremontinfo\/2019\/06\/vosges-signature-dune-convention-lutter-contre-pauvrete\/","url":"https:\/\/vosgesinfo.fr\/remiremontinfo\/2019\/06\/vosges-signature-dune-convention-lutter-contre-pauvrete\/","name":"Vosges : signature d\u2019une convention pour lutter contre la pauvret\u00e9 - Remiremont Info","isPartOf":{"@id":"https:\/\/vosgesinfo.fr\/remiremontinfo\/#website"},"primaryImageOfPage":{"@id":"https:\/\/vosgesinfo.fr\/remiremontinfo\/2019\/06\/vosges-signature-dune-convention-lutter-contre-pauvrete\/#primaryimage"},"image":{"@id":"https:\/\/vosgesinfo.fr\/remiremontinfo\/2019\/06\/vosges-signature-dune-convention-lutter-contre-pauvrete\/#primaryimage"},"thumbnailUrl":"https:\/\/vosgesinfo.fr\/app\/uploads\/sites\/5\/2024\/09\/20190665393196-2149868558642414-2790966716417441792-o-1024x683-1.jpg","datePublished":"2019-06-29T03:00:22+00:00","dateModified":"2019-06-29T03:00:22+00:00","breadcrumb":{"@id":"https:\/\/vosgesinfo.fr\/remiremontinfo\/2019\/06\/vosges-signature-dune-convention-lutter-contre-pauvrete\/#breadcrumb"},"inLanguage":"fr-FR","potentialAction":[{"@type":"ReadAction","target":["https:\/\/vosgesinfo.fr\/remiremontinfo\/2019\/06\/vosges-signature-dune-convention-lutter-contre-pauvrete\/"]}]},{"@type":"ImageObject","inLanguage":"fr-FR","@id":"https:\/\/vosgesinfo.fr\/remiremontinfo\/2019\/06\/vosges-signature-dune-convention-lutter-contre-pauvrete\/#primaryimage","url":"https:\/\/vosgesinfo.fr\/app\/uploads\/sites\/5\/2024\/09\/20190665393196-2149868558642414-2790966716417441792-o-1024x683-1.jpg","contentUrl":"https:\/\/vosgesinfo.fr\/app\/uploads\/sites\/5\/2024\/09\/20190665393196-2149868558642414-2790966716417441792-o-1024x683-1.jpg","width":1024,"height":683},{"@type":"BreadcrumbList","@id":"https:\/\/vosgesinfo.fr\/remiremontinfo\/2019\/06\/vosges-signature-dune-convention-lutter-contre-pauvrete\/#breadcrumb","itemListElement":[{"@type":"ListItem","position":1,"name":"Home","item":"https:\/\/vosgesinfo.fr\/remiremontinfo\/"},{"@type":"ListItem","position":2,"name":"Vosges : signature d\u2019une convention pour lutter contre la pauvret\u00e9"}]},{"@type":"WebSite","@id":"https:\/\/vosgesinfo.fr\/remiremontinfo\/#website","url":"https:\/\/vosgesinfo.fr\/remiremontinfo\/","name":"Remiremont Info","description":"Toute l&#039;actualit\u00e9 de Remiremont","publisher":{"@id":"https:\/\/vosgesinfo.fr\/remiremontinfo\/#organization"},"alternateName":"Toute l'actualit\u00e9 de Remiremont","potentialAction":[{"@type":"SearchAction","target":{"@type":"EntryPoint","urlTemplate":"https:\/\/vosgesinfo.fr\/remiremontinfo\/?s={search_term_string}"},"query-input":"required name=search_term_string"}],"inLanguage":"fr-FR"},{"@type":"Organization","@id":"https:\/\/vosgesinfo.fr\/remiremontinfo\/#organization","name":"Remiremont Info","url":"https:\/\/vosgesinfo.fr\/remiremontinfo\/","logo":{"@type":"ImageObject","inLanguage":"fr-FR","@id":"https:\/\/vosgesinfo.fr\/remiremontinfo\/#\/schema\/logo\/image\/","url":"https:\/\/vosgesinfo.fr\/app\/uploads\/sites\/5\/2023\/08\/favicon-remiremontinfo.png","contentUrl":"https:\/\/vosgesinfo.fr\/app\/uploads\/sites\/5\/2023\/08\/favicon-remiremontinfo.png","width":512,"height":512,"caption":"Remiremont Info"},"image":{"@id":"https:\/\/vosgesinfo.fr\/remiremontinfo\/#\/schema\/logo\/image\/"},"sameAs":["https:\/\/www.facebook.com\/remiremontinfo","https:\/\/x.com\/VosgesInfo88","https:\/\/www.youtube.com\/@vosgesinfo"]},{"@type":"Person","@id":"https:\/\/vosgesinfo.fr\/remiremontinfo\/#\/schema\/person\/3bfd164d5218a185b1db68655a265316","name":"C D","image":{"@type":"ImageObject","inLanguage":"fr-FR","@id":"https:\/\/vosgesinfo.fr\/remiremontinfo\/#\/schema\/person\/image\/","url":"https:\/\/secure.gravatar.com\/avatar\/1f9a70007336511a47468b8f1c66f922b8b7cf617b02a31149ada43893a5d48f?s=96&d=mm&r=g","contentUrl":"https:\/\/secure.gravatar.com\/avatar\/1f9a70007336511a47468b8f1c66f922b8b7cf617b02a31149ada43893a5d48f?s=96&d=mm&r=g","caption":"C D"},"url":"https:\/\/vosgesinfo.fr\/remiremontinfo\/author\/cedric-drevet\/"}]}},"_links":{"self":[{"href":"https:\/\/vosgesinfo.fr\/remiremontinfo\/wp-json\/wp\/v2\/posts\/16684","targetHints":{"allow":["GET"]}}],"collection":[{"href":"https:\/\/vosgesinfo.fr\/remiremontinfo\/wp-json\/wp\/v2\/posts"}],"about":[{"href":"https:\/\/vosgesinfo.fr\/remiremontinfo\/wp-json\/wp\/v2\/types\/post"}],"author":[{"embeddable":true,"href":"https:\/\/vosgesinfo.fr\/remiremontinfo\/wp-json\/wp\/v2\/users\/407"}],"replies":[{"embeddable":true,"href":"https:\/\/vosgesinfo.fr\/remiremontinfo\/wp-json\/wp\/v2\/comments?post=16684"}],"version-history":[{"count":0,"href":"https:\/\/vosgesinfo.fr\/remiremontinfo\/wp-json\/wp\/v2\/posts\/16684\/revisions"}],"wp:featuredmedia":[{"embeddable":true,"href":"https:\/\/vosgesinfo.fr\/remiremontinfo\/wp-json\/wp\/v2\/media\/16685"}],"wp:attachment":[{"href":"https:\/\/vosgesinfo.fr\/remiremontinfo\/wp-json\/wp\/v2\/media?parent=16684"}],"wp:term":[{"taxonomy":"category","embeddable":true,"href":"https:\/\/vosgesinfo.fr\/remiremontinfo\/wp-json\/wp\/v2\/categories?post=16684"},{"taxonomy":"post_tag","embeddable":true,"href":"https:\/\/vosgesinfo.fr\/remiremontinfo\/wp-json\/wp\/v2\/tags?post=16684"}],"curies":[{"name":"wp","href":"https:\/\/api.w.org\/{rel}","templated":true}]}}