{"id":17292,"date":"2019-07-09T06:51:19","date_gmt":"2019-07-09T04:51:19","guid":{"rendered":"https:\/\/vosgesinfo.fr\/remiremontinfo\/2019\/07\/saint-nabord-deces-de-monsieur-jean-claude-padox\/"},"modified":"2019-07-09T06:51:19","modified_gmt":"2019-07-09T04:51:19","slug":"saint-nabord-deces-de-monsieur-jean-claude-padox","status":"publish","type":"post","link":"https:\/\/vosgesinfo.fr\/remiremontinfo\/2019\/07\/saint-nabord-deces-de-monsieur-jean-claude-padox\/","title":{"rendered":"Saint-Nabord : D\u00e9c\u00e8s de Monsieur Jean-Claude Padox"},"content":{"rendered":"<div class=\"block-notice-html clearfix\">\n<p>SAINT-NABORD<br \/>\nB\u00c9ZIER<br \/>\nDOMMARTIN-L\u00c8S-REMIREMONT<\/p>\n<p>Madame Gis\u00e8le PADOX, Sa Soeur<br \/>\nMadame Arlette PADOX, Sa belle soeur<br \/>\nMonsieur et Madame Ren\u00e9 FRESSE, Sa belle soeur et son beau fr\u00e8re<br \/>\nSes Neveux et Ni\u00e8ces<br \/>\nMadame Christine COURROY, Sa voisine<br \/>\nEt toute la parent\u00e9 et Amis<\/p>\n<p>Ont la tristesse de vous faire part du d\u00e9c\u00e8s de<\/p>\n<\/div>\n<h3 class=\"block-notice-name\">Monsieur Jean-Claude\u00a0<strong>PADOX<\/strong><\/h3>\n<div class=\"block-notice-html\">\n<p>Survenu le 07 Juillet 2019 \u00e0 l\u2019aube de ses 78 ans.<br \/>\n<b><br \/>\nSes obs\u00e8ques religieuses seront c\u00e9l\u00e9br\u00e9es le Mercredi 10 Juillet 2019 \u00e0 10 heures 30<br \/>\nen l\u2019\u00e9glise de Saint-Nabord.<\/b><\/p>\n<p>Jean Claude repose au Fun\u00e9rarium ARNOULD BOURBON<br \/>\n1 Rue de Turenne 88200 SAINT-NABORD<br \/>\no\u00f9 la famille sera Pr\u00e9sente de 14 Heures \u00e0 18 Heures.<\/p>\n<p>Selon sa volont\u00e9 son corps sera cr\u00e9matis\u00e9.<\/p>\n<p>Ni fleurs, Ni plaques<\/p>\n<p>La famille rappelle \u00e0 votre souvenir son Epouse Colette D\u00e9c\u00e9d\u00e9e le 16 Ao\u00fbt 2000.<\/p>\n<p>L\u2019offrande tiendra lieu de condol\u00e9ances et le pr\u00e9sent avis de faire part et de remerciements.<\/p>\n<p>Vous pouvez d\u00e9poser vos messages de condol\u00e9ances et t\u00e9moignages sur ce site.<\/p>\n<p>Pompes Fun\u00e8bres ARNOULD BOURBON<br \/>\n88200 SAINT NABORD<br \/>\n88550 POUXEUX<br \/>\n88500 MIRECOURT<br \/>\n<a href=\"http:\/\/www.pf-arnould-bourbon.com\/\" target=\"blank\" rel=\"noopener\">www.pf-arnould-bourbon.com<\/a><\/p>\n<\/div>\n<p>&nbsp;<\/p>\n","protected":false},"excerpt":{"rendered":"<p>SAINT-NABORD B\u00c9ZIER DOMMARTIN-L\u00c8S-REMIREMONT Madame Gis\u00e8le PADOX, Sa Soeur Madame Arlette PADOX, Sa belle soeur Monsieur et Madame Ren\u00e9 FRESSE, Sa [&hellip;]<\/p>\n","protected":false},"author":407,"featured_media":0,"comment_status":"open","ping_status":"open","sticky":false,"template":"","format":"standard","meta":{"footnotes":""},"categories":[162],"tags":[],"class_list":["post-17292","post","type-post","status-publish","format-standard","hentry","category-avis-de-deces"],"acf":[],"yoast_head":"<!-- This site is optimized with the Yoast SEO plugin v22.5 - https:\/\/yoast.com\/wordpress\/plugins\/seo\/ -->\n<title>Saint-Nabord : D\u00e9c\u00e8s de Monsieur Jean-Claude Padox - Remiremont Info<\/title>\n<meta name=\"robots\" content=\"index, follow, max-snippet:-1, max-image-preview:large, max-video-preview:-1\" \/>\n<link rel=\"canonical\" href=\"https:\/\/vosgesinfo.fr\/remiremontinfo\/2019\/07\/saint-nabord-deces-de-monsieur-jean-claude-padox\/\" \/>\n<meta name=\"twitter:card\" content=\"summary_large_image\" \/>\n<meta name=\"twitter:title\" content=\"Saint-Nabord : D\u00e9c\u00e8s de Monsieur Jean-Claude Padox - Remiremont Info\" \/>\n<meta name=\"twitter:description\" content=\"SAINT-NABORD B\u00c9ZIER DOMMARTIN-L\u00c8S-REMIREMONT Madame Gis\u00e8le PADOX, Sa Soeur Madame Arlette PADOX, Sa belle soeur Monsieur et Madame Ren\u00e9 FRESSE, Sa [&hellip;]\" \/>\n<meta name=\"twitter:creator\" content=\"@VosgesInfo88\" \/>\n<meta name=\"twitter:site\" content=\"@VosgesInfo88\" \/>\n<meta name=\"twitter:label1\" content=\"\u00c9crit par\" \/>\n\t<meta name=\"twitter:data1\" content=\"C D\" \/>\n\t<meta name=\"twitter:label2\" content=\"Dur\u00e9e de lecture estim\u00e9e\" \/>\n\t<meta name=\"twitter:data2\" content=\"1 minute\" \/>\n<script type=\"application\/ld+json\" class=\"yoast-schema-graph\">{\"@context\":\"https:\/\/schema.org\",\"@graph\":[{\"@type\":\"Article\",\"@id\":\"https:\/\/vosgesinfo.fr\/remiremontinfo\/2019\/07\/saint-nabord-deces-de-monsieur-jean-claude-padox\/#article\",\"isPartOf\":{\"@id\":\"https:\/\/vosgesinfo.fr\/remiremontinfo\/2019\/07\/saint-nabord-deces-de-monsieur-jean-claude-padox\/\"},\"author\":{\"name\":\"C D\",\"@id\":\"https:\/\/vosgesinfo.fr\/remiremontinfo\/#\/schema\/person\/3bfd164d5218a185b1db68655a265316\"},\"headline\":\"Saint-Nabord : D\u00e9c\u00e8s de Monsieur Jean-Claude Padox\",\"datePublished\":\"2019-07-09T04:51:19+00:00\",\"dateModified\":\"2019-07-09T04:51:19+00:00\",\"mainEntityOfPage\":{\"@id\":\"https:\/\/vosgesinfo.fr\/remiremontinfo\/2019\/07\/saint-nabord-deces-de-monsieur-jean-claude-padox\/\"},\"wordCount\":189,\"commentCount\":0,\"publisher\":{\"@id\":\"https:\/\/vosgesinfo.fr\/remiremontinfo\/#organization\"},\"articleSection\":[\"Avis de d\u00e9c\u00e8s\"],\"inLanguage\":\"fr-FR\",\"potentialAction\":[{\"@type\":\"CommentAction\",\"name\":\"Comment\",\"target\":[\"https:\/\/vosgesinfo.fr\/remiremontinfo\/2019\/07\/saint-nabord-deces-de-monsieur-jean-claude-padox\/#respond\"]}]},{\"@type\":\"WebPage\",\"@id\":\"https:\/\/vosgesinfo.fr\/remiremontinfo\/2019\/07\/saint-nabord-deces-de-monsieur-jean-claude-padox\/\",\"url\":\"https:\/\/vosgesinfo.fr\/remiremontinfo\/2019\/07\/saint-nabord-deces-de-monsieur-jean-claude-padox\/\",\"name\":\"Saint-Nabord : D\u00e9c\u00e8s de Monsieur Jean-Claude Padox - Remiremont Info\",\"isPartOf\":{\"@id\":\"https:\/\/vosgesinfo.fr\/remiremontinfo\/#website\"},\"datePublished\":\"2019-07-09T04:51:19+00:00\",\"dateModified\":\"2019-07-09T04:51:19+00:00\",\"breadcrumb\":{\"@id\":\"https:\/\/vosgesinfo.fr\/remiremontinfo\/2019\/07\/saint-nabord-deces-de-monsieur-jean-claude-padox\/#breadcrumb\"},\"inLanguage\":\"fr-FR\",\"potentialAction\":[{\"@type\":\"ReadAction\",\"target\":[\"https:\/\/vosgesinfo.fr\/remiremontinfo\/2019\/07\/saint-nabord-deces-de-monsieur-jean-claude-padox\/\"]}]},{\"@type\":\"BreadcrumbList\",\"@id\":\"https:\/\/vosgesinfo.fr\/remiremontinfo\/2019\/07\/saint-nabord-deces-de-monsieur-jean-claude-padox\/#breadcrumb\",\"itemListElement\":[{\"@type\":\"ListItem\",\"position\":1,\"name\":\"Home\",\"item\":\"https:\/\/vosgesinfo.fr\/remiremontinfo\/\"},{\"@type\":\"ListItem\",\"position\":2,\"name\":\"Saint-Nabord : D\u00e9c\u00e8s de Monsieur Jean-Claude Padox\"}]},{\"@type\":\"WebSite\",\"@id\":\"https:\/\/vosgesinfo.fr\/remiremontinfo\/#website\",\"url\":\"https:\/\/vosgesinfo.fr\/remiremontinfo\/\",\"name\":\"Remiremont Info\",\"description\":\"Toute l&#039;actualit\u00e9 de Remiremont\",\"publisher\":{\"@id\":\"https:\/\/vosgesinfo.fr\/remiremontinfo\/#organization\"},\"alternateName\":\"Toute l'actualit\u00e9 de Remiremont\",\"potentialAction\":[{\"@type\":\"SearchAction\",\"target\":{\"@type\":\"EntryPoint\",\"urlTemplate\":\"https:\/\/vosgesinfo.fr\/remiremontinfo\/?s={search_term_string}\"},\"query-input\":\"required name=search_term_string\"}],\"inLanguage\":\"fr-FR\"},{\"@type\":\"Organization\",\"@id\":\"https:\/\/vosgesinfo.fr\/remiremontinfo\/#organization\",\"name\":\"Remiremont Info\",\"url\":\"https:\/\/vosgesinfo.fr\/remiremontinfo\/\",\"logo\":{\"@type\":\"ImageObject\",\"inLanguage\":\"fr-FR\",\"@id\":\"https:\/\/vosgesinfo.fr\/remiremontinfo\/#\/schema\/logo\/image\/\",\"url\":\"https:\/\/vosgesinfo.fr\/app\/uploads\/sites\/5\/2023\/08\/favicon-remiremontinfo.png\",\"contentUrl\":\"https:\/\/vosgesinfo.fr\/app\/uploads\/sites\/5\/2023\/08\/favicon-remiremontinfo.png\",\"width\":512,\"height\":512,\"caption\":\"Remiremont Info\"},\"image\":{\"@id\":\"https:\/\/vosgesinfo.fr\/remiremontinfo\/#\/schema\/logo\/image\/\"},\"sameAs\":[\"https:\/\/www.facebook.com\/remiremontinfo\",\"https:\/\/x.com\/VosgesInfo88\",\"https:\/\/www.youtube.com\/@vosgesinfo\"]},{\"@type\":\"Person\",\"@id\":\"https:\/\/vosgesinfo.fr\/remiremontinfo\/#\/schema\/person\/3bfd164d5218a185b1db68655a265316\",\"name\":\"C D\",\"image\":{\"@type\":\"ImageObject\",\"inLanguage\":\"fr-FR\",\"@id\":\"https:\/\/vosgesinfo.fr\/remiremontinfo\/#\/schema\/person\/image\/\",\"url\":\"https:\/\/secure.gravatar.com\/avatar\/1f9a70007336511a47468b8f1c66f922b8b7cf617b02a31149ada43893a5d48f?s=96&d=mm&r=g\",\"contentUrl\":\"https:\/\/secure.gravatar.com\/avatar\/1f9a70007336511a47468b8f1c66f922b8b7cf617b02a31149ada43893a5d48f?s=96&d=mm&r=g\",\"caption\":\"C D\"},\"url\":\"https:\/\/vosgesinfo.fr\/remiremontinfo\/author\/cedric-drevet\/\"}]}<\/script>\n<!-- \/ Yoast SEO plugin. -->","yoast_head_json":{"title":"Saint-Nabord : D\u00e9c\u00e8s de Monsieur Jean-Claude Padox - Remiremont Info","robots":{"index":"index","follow":"follow","max-snippet":"max-snippet:-1","max-image-preview":"max-image-preview:large","max-video-preview":"max-video-preview:-1"},"canonical":"https:\/\/vosgesinfo.fr\/remiremontinfo\/2019\/07\/saint-nabord-deces-de-monsieur-jean-claude-padox\/","twitter_card":"summary_large_image","twitter_title":"Saint-Nabord : D\u00e9c\u00e8s de Monsieur Jean-Claude Padox - Remiremont Info","twitter_description":"SAINT-NABORD B\u00c9ZIER DOMMARTIN-L\u00c8S-REMIREMONT Madame Gis\u00e8le PADOX, Sa Soeur Madame Arlette PADOX, Sa belle soeur Monsieur et Madame Ren\u00e9 FRESSE, Sa [&hellip;]","twitter_creator":"@VosgesInfo88","twitter_site":"@VosgesInfo88","twitter_misc":{"\u00c9crit par":"C D","Dur\u00e9e de lecture estim\u00e9e":"1 minute"},"schema":{"@context":"https:\/\/schema.org","@graph":[{"@type":"Article","@id":"https:\/\/vosgesinfo.fr\/remiremontinfo\/2019\/07\/saint-nabord-deces-de-monsieur-jean-claude-padox\/#article","isPartOf":{"@id":"https:\/\/vosgesinfo.fr\/remiremontinfo\/2019\/07\/saint-nabord-deces-de-monsieur-jean-claude-padox\/"},"author":{"name":"C D","@id":"https:\/\/vosgesinfo.fr\/remiremontinfo\/#\/schema\/person\/3bfd164d5218a185b1db68655a265316"},"headline":"Saint-Nabord : D\u00e9c\u00e8s de Monsieur Jean-Claude Padox","datePublished":"2019-07-09T04:51:19+00:00","dateModified":"2019-07-09T04:51:19+00:00","mainEntityOfPage":{"@id":"https:\/\/vosgesinfo.fr\/remiremontinfo\/2019\/07\/saint-nabord-deces-de-monsieur-jean-claude-padox\/"},"wordCount":189,"commentCount":0,"publisher":{"@id":"https:\/\/vosgesinfo.fr\/remiremontinfo\/#organization"},"articleSection":["Avis de d\u00e9c\u00e8s"],"inLanguage":"fr-FR","potentialAction":[{"@type":"CommentAction","name":"Comment","target":["https:\/\/vosgesinfo.fr\/remiremontinfo\/2019\/07\/saint-nabord-deces-de-monsieur-jean-claude-padox\/#respond"]}]},{"@type":"WebPage","@id":"https:\/\/vosgesinfo.fr\/remiremontinfo\/2019\/07\/saint-nabord-deces-de-monsieur-jean-claude-padox\/","url":"https:\/\/vosgesinfo.fr\/remiremontinfo\/2019\/07\/saint-nabord-deces-de-monsieur-jean-claude-padox\/","name":"Saint-Nabord : D\u00e9c\u00e8s de Monsieur Jean-Claude Padox - Remiremont Info","isPartOf":{"@id":"https:\/\/vosgesinfo.fr\/remiremontinfo\/#website"},"datePublished":"2019-07-09T04:51:19+00:00","dateModified":"2019-07-09T04:51:19+00:00","breadcrumb":{"@id":"https:\/\/vosgesinfo.fr\/remiremontinfo\/2019\/07\/saint-nabord-deces-de-monsieur-jean-claude-padox\/#breadcrumb"},"inLanguage":"fr-FR","potentialAction":[{"@type":"ReadAction","target":["https:\/\/vosgesinfo.fr\/remiremontinfo\/2019\/07\/saint-nabord-deces-de-monsieur-jean-claude-padox\/"]}]},{"@type":"BreadcrumbList","@id":"https:\/\/vosgesinfo.fr\/remiremontinfo\/2019\/07\/saint-nabord-deces-de-monsieur-jean-claude-padox\/#breadcrumb","itemListElement":[{"@type":"ListItem","position":1,"name":"Home","item":"https:\/\/vosgesinfo.fr\/remiremontinfo\/"},{"@type":"ListItem","position":2,"name":"Saint-Nabord : D\u00e9c\u00e8s de Monsieur Jean-Claude Padox"}]},{"@type":"WebSite","@id":"https:\/\/vosgesinfo.fr\/remiremontinfo\/#website","url":"https:\/\/vosgesinfo.fr\/remiremontinfo\/","name":"Remiremont Info","description":"Toute l&#039;actualit\u00e9 de Remiremont","publisher":{"@id":"https:\/\/vosgesinfo.fr\/remiremontinfo\/#organization"},"alternateName":"Toute l'actualit\u00e9 de Remiremont","potentialAction":[{"@type":"SearchAction","target":{"@type":"EntryPoint","urlTemplate":"https:\/\/vosgesinfo.fr\/remiremontinfo\/?s={search_term_string}"},"query-input":"required name=search_term_string"}],"inLanguage":"fr-FR"},{"@type":"Organization","@id":"https:\/\/vosgesinfo.fr\/remiremontinfo\/#organization","name":"Remiremont Info","url":"https:\/\/vosgesinfo.fr\/remiremontinfo\/","logo":{"@type":"ImageObject","inLanguage":"fr-FR","@id":"https:\/\/vosgesinfo.fr\/remiremontinfo\/#\/schema\/logo\/image\/","url":"https:\/\/vosgesinfo.fr\/app\/uploads\/sites\/5\/2023\/08\/favicon-remiremontinfo.png","contentUrl":"https:\/\/vosgesinfo.fr\/app\/uploads\/sites\/5\/2023\/08\/favicon-remiremontinfo.png","width":512,"height":512,"caption":"Remiremont Info"},"image":{"@id":"https:\/\/vosgesinfo.fr\/remiremontinfo\/#\/schema\/logo\/image\/"},"sameAs":["https:\/\/www.facebook.com\/remiremontinfo","https:\/\/x.com\/VosgesInfo88","https:\/\/www.youtube.com\/@vosgesinfo"]},{"@type":"Person","@id":"https:\/\/vosgesinfo.fr\/remiremontinfo\/#\/schema\/person\/3bfd164d5218a185b1db68655a265316","name":"C D","image":{"@type":"ImageObject","inLanguage":"fr-FR","@id":"https:\/\/vosgesinfo.fr\/remiremontinfo\/#\/schema\/person\/image\/","url":"https:\/\/secure.gravatar.com\/avatar\/1f9a70007336511a47468b8f1c66f922b8b7cf617b02a31149ada43893a5d48f?s=96&d=mm&r=g","contentUrl":"https:\/\/secure.gravatar.com\/avatar\/1f9a70007336511a47468b8f1c66f922b8b7cf617b02a31149ada43893a5d48f?s=96&d=mm&r=g","caption":"C D"},"url":"https:\/\/vosgesinfo.fr\/remiremontinfo\/author\/cedric-drevet\/"}]}},"_links":{"self":[{"href":"https:\/\/vosgesinfo.fr\/remiremontinfo\/wp-json\/wp\/v2\/posts\/17292","targetHints":{"allow":["GET"]}}],"collection":[{"href":"https:\/\/vosgesinfo.fr\/remiremontinfo\/wp-json\/wp\/v2\/posts"}],"about":[{"href":"https:\/\/vosgesinfo.fr\/remiremontinfo\/wp-json\/wp\/v2\/types\/post"}],"author":[{"embeddable":true,"href":"https:\/\/vosgesinfo.fr\/remiremontinfo\/wp-json\/wp\/v2\/users\/407"}],"replies":[{"embeddable":true,"href":"https:\/\/vosgesinfo.fr\/remiremontinfo\/wp-json\/wp\/v2\/comments?post=17292"}],"version-history":[{"count":0,"href":"https:\/\/vosgesinfo.fr\/remiremontinfo\/wp-json\/wp\/v2\/posts\/17292\/revisions"}],"wp:attachment":[{"href":"https:\/\/vosgesinfo.fr\/remiremontinfo\/wp-json\/wp\/v2\/media?parent=17292"}],"wp:term":[{"taxonomy":"category","embeddable":true,"href":"https:\/\/vosgesinfo.fr\/remiremontinfo\/wp-json\/wp\/v2\/categories?post=17292"},{"taxonomy":"post_tag","embeddable":true,"href":"https:\/\/vosgesinfo.fr\/remiremontinfo\/wp-json\/wp\/v2\/tags?post=17292"}],"curies":[{"name":"wp","href":"https:\/\/api.w.org\/{rel}","templated":true}]}}