{"id":17340,"date":"2019-07-11T06:25:52","date_gmt":"2019-07-11T04:25:52","guid":{"rendered":"https:\/\/vosgesinfo.fr\/remiremontinfo\/2019\/07\/tennis-tete-de-serie-timea-bacsinszky-eliminee-premier-tour\/"},"modified":"2019-07-11T06:25:52","modified_gmt":"2019-07-11T04:25:52","slug":"tennis-tete-de-serie-timea-bacsinszky-eliminee-premier-tour","status":"publish","type":"post","link":"https:\/\/vosgesinfo.fr\/remiremontinfo\/2019\/07\/tennis-tete-de-serie-timea-bacsinszky-eliminee-premier-tour\/","title":{"rendered":"Tennis : La t\u00eate de s\u00e9rie Tim\u00e9a Bacsinszky \u00e9limin\u00e9e d\u00e8s le premier tour"},"content":{"rendered":"<div class=\"pdfprnt-buttons pdfprnt-buttons-post pdfprnt-top-right\"><\/div>\n<div class=\"tiled-gallery type-rectangular\" data-original-width=\"960\" data-carousel-extra=\"null\">\n<div class=\"gallery-row\" data-original-width=\"960\" data-original-height=\"428\">\n<div class=\"gallery-group images-1\" data-original-width=\"641\" data-original-height=\"428\">\n<div class=\"tiled-gallery-item tiled-gallery-item-large\"><a href=\"https:\/\/laplainedesvosgesinfo.fr\/wp-content\/uploads\/2019\/07\/Constance-Sibille-Fra.jpg\" data-featherlight=\"image\"><img decoding=\"async\" title=\"Constance Sibille (Fra)\" src=\"https:\/\/i2.wp.com\/laplainedesvosgesinfo.fr\/wp-content\/uploads\/2019\/07\/Constance-Sibille-Fra.jpg?zoom=2&amp;resize=637%2C424&amp;ssl=1\" srcset=\"https:\/\/i2.wp.com\/laplainedesvosgesinfo.fr\/wp-content\/uploads\/2019\/07\/Constance-Sibille-Fra.jpg?zoom=2&amp;resize=637%2C424&amp;ssl=1\" alt=\"Constance Sibille (Fra)\" width=\"637\" height=\"424\" data-attachment-id=\"107454\" data-orig-file=\"https:\/\/laplainedesvosgesinfo.fr\/wp-content\/uploads\/2019\/07\/Constance-Sibille-Fra.jpg\" data-orig-size=\"3072,2048\" data-comments-opened=\"1\" data-image-meta=\"{&quot;aperture&quot;:&quot;11&quot;,&quot;credit&quot;:&quot;&quot;,&quot;camera&quot;:&quot;PENTAX K-5&quot;,&quot;caption&quot;:&quot;&quot;,&quot;created_timestamp&quot;:&quot;1562667306&quot;,&quot;copyright&quot;:&quot;&quot;,&quot;focal_length&quot;:&quot;100&quot;,&quot;iso&quot;:&quot;200&quot;,&quot;shutter_speed&quot;:&quot;0.008&quot;,&quot;title&quot;:&quot;&quot;,&quot;orientation&quot;:&quot;1&quot;}\" data-image-title=\"Constance Sibille (Fra)\" data-image-description=\"\" data-medium-file=\"https:\/\/laplainedesvosgesinfo.fr\/wp-content\/uploads\/2019\/07\/Constance-Sibille-Fra-383x255.jpg\" data-large-file=\"https:\/\/laplainedesvosgesinfo.fr\/wp-content\/uploads\/2019\/07\/Constance-Sibille-Fra-1024x683.jpg\" data-original-width=\"637\" data-original-height=\"424\" data-recalc-dims=\"1\" \/><\/a><\/div>\n<\/div>\n<div class=\"gallery-group images-2\" data-original-width=\"319\" data-original-height=\"428\">\n<div class=\"tiled-gallery-item tiled-gallery-item-large\"><a href=\"https:\/\/laplainedesvosgesinfo.fr\/wp-content\/uploads\/2019\/07\/Anna-Maria-Jovanovic-Fr-3.jpg\" data-featherlight=\"image\"><img decoding=\"async\" title=\"Anna-Maria Jovanovic (Fr) (3)\" src=\"https:\/\/i1.wp.com\/laplainedesvosgesinfo.fr\/wp-content\/uploads\/2019\/07\/Anna-Maria-Jovanovic-Fr-3.jpg?zoom=2&amp;resize=315%2C210&amp;ssl=1\" srcset=\"https:\/\/i1.wp.com\/laplainedesvosgesinfo.fr\/wp-content\/uploads\/2019\/07\/Anna-Maria-Jovanovic-Fr-3.jpg?zoom=2&amp;resize=315%2C210&amp;ssl=1\" alt=\"Anna-Maria Jovanovic (Fr)\" width=\"315\" height=\"210\" data-attachment-id=\"107456\" data-orig-file=\"https:\/\/laplainedesvosgesinfo.fr\/wp-content\/uploads\/2019\/07\/Anna-Maria-Jovanovic-Fr-3.jpg\" data-orig-size=\"3072,2048\" data-comments-opened=\"1\" data-image-meta=\"{&quot;aperture&quot;:&quot;9&quot;,&quot;credit&quot;:&quot;&quot;,&quot;camera&quot;:&quot;PENTAX K-5&quot;,&quot;caption&quot;:&quot;&quot;,&quot;created_timestamp&quot;:&quot;1562576667&quot;,&quot;copyright&quot;:&quot;&quot;,&quot;focal_length&quot;:&quot;300&quot;,&quot;iso&quot;:&quot;400&quot;,&quot;shutter_speed&quot;:&quot;0.003125&quot;,&quot;title&quot;:&quot;&quot;,&quot;orientation&quot;:&quot;1&quot;}\" data-image-title=\"Anna-Maria Jovanovic (Fr) (3)\" data-image-description=\"\" data-medium-file=\"https:\/\/laplainedesvosgesinfo.fr\/wp-content\/uploads\/2019\/07\/Anna-Maria-Jovanovic-Fr-3-383x255.jpg\" data-large-file=\"https:\/\/laplainedesvosgesinfo.fr\/wp-content\/uploads\/2019\/07\/Anna-Maria-Jovanovic-Fr-3-1024x683.jpg\" data-original-width=\"315\" data-original-height=\"210\" data-recalc-dims=\"1\" \/><\/a><\/div>\n<div class=\"tiled-gallery-item tiled-gallery-item-large\"><a href=\"https:\/\/laplainedesvosgesinfo.fr\/wp-content\/uploads\/2019\/07\/Margaux-Rouvroy-Fra.jpg\" data-featherlight=\"image\"><img decoding=\"async\" title=\"Margaux Rouvroy (Fra)\" src=\"https:\/\/i1.wp.com\/laplainedesvosgesinfo.fr\/wp-content\/uploads\/2019\/07\/Margaux-Rouvroy-Fra.jpg?zoom=2&amp;resize=315%2C210&amp;ssl=1\" srcset=\"https:\/\/i1.wp.com\/laplainedesvosgesinfo.fr\/wp-content\/uploads\/2019\/07\/Margaux-Rouvroy-Fra.jpg?zoom=2&amp;resize=315%2C210&amp;ssl=1\" alt=\"Margaux Rouvroy (Fra)\" width=\"315\" height=\"210\" data-attachment-id=\"107457\" data-orig-file=\"https:\/\/laplainedesvosgesinfo.fr\/wp-content\/uploads\/2019\/07\/Margaux-Rouvroy-Fra.jpg\" data-orig-size=\"3072,2048\" data-comments-opened=\"1\" data-image-meta=\"{&quot;aperture&quot;:&quot;11&quot;,&quot;credit&quot;:&quot;&quot;,&quot;camera&quot;:&quot;PENTAX K-5&quot;,&quot;caption&quot;:&quot;&quot;,&quot;created_timestamp&quot;:&quot;1562590333&quot;,&quot;copyright&quot;:&quot;&quot;,&quot;focal_length&quot;:&quot;83&quot;,&quot;iso&quot;:&quot;200&quot;,&quot;shutter_speed&quot;:&quot;0.005&quot;,&quot;title&quot;:&quot;&quot;,&quot;orientation&quot;:&quot;1&quot;}\" data-image-title=\"Margaux Rouvroy (Fra)\" data-image-description=\"\" data-medium-file=\"https:\/\/laplainedesvosgesinfo.fr\/wp-content\/uploads\/2019\/07\/Margaux-Rouvroy-Fra-383x255.jpg\" data-large-file=\"https:\/\/laplainedesvosgesinfo.fr\/wp-content\/uploads\/2019\/07\/Margaux-Rouvroy-Fra-1024x683.jpg\" data-original-width=\"315\" data-original-height=\"210\" data-recalc-dims=\"1\" \/><\/a><\/div>\n<\/div>\n<\/div>\n<\/div>\n<p>Les principales t\u00eates de s\u00e9rie des qualifications ont tenu leur rang pour ce premier tour, hormis la N\u00b0 9, en la personne de la Slovaque Michaela Honcova (N\u00b0 504) qui a chut\u00e9 face \u00e0 la Lorraine, Constance Sibille (6-2, 6-1), qui n\u2019a fait qu\u2019une bouch\u00e9e de son adversaire. Un retour gagnant pour la r\u00e9gionale qui a multipli\u00e9 les blessures et qui a tr\u00e8s peu jou\u00e9 cette ann\u00e9e. Mais Contrex\u00e9ville, c\u2019est un peu son jardin ici et elle a rapidement trouv\u00e9 ses marques. En revanche pour les deux autres repr\u00e9sentantes du Grand Est, la championne lorraine de 2<sup>e<\/sup>\u00a0s\u00e9rie, Anna-Maria Jovanovic, n\u2019a rien pu faire face \u00e0 la Tricolore Manon Arangioli (N\u00b0 492) qui s\u2019est impos\u00e9e presque facilement (6-1, 6-2). Quant \u00e0 Margaux Rouvroy, jeune tenniswoman qui s\u2019entra\u00eene au CREPS de Reims et qui a gagn\u00e9 un 15 000 dollars, il y a quinze jours \u00e0 Tabarka, elle s\u2019est inclin\u00e9e honorablement (6-4, 6-3) face \u00e0 la t\u00eate d\u2019affiche N\u00b0 2, la Croate Jana Fett (N\u00b0 331), qui sera dans le tableau principal.<a href=\"https:\/\/laplainedesvosgesinfo.fr\/wp-content\/uploads\/2019\/07\/Aravane-Reza%C3%AF-Fra.jpg\" data-featherlight=\"image\"><br \/>\n<\/a><\/p>\n<p><a href=\"https:\/\/laplainedesvosgesinfo.fr\/wp-content\/uploads\/2019\/07\/Aravane-Reza%C3%AF-Fra.jpg\" data-featherlight=\"image\"><img decoding=\"async\" class=\"size-medium wp-image-107453\" src=\"https:\/\/vosgesinfo.fr\/app\/uploads\/sites\/5\/2019\/07\/aravane-rezai-fra-383x255-1.jpg\" alt=\"Aravane Reza\u00ef (Fra)\" width=\"383\" height=\"255\" \/><\/a><\/p>\n<p>Celle que tout le monde attendait, c\u2019est l\u2019ex N\u00b0 15 mondiale, Aravane Reza\u00ef qui avait remport\u00e9 le tournoi en 2012, et qui affrontait la t\u00eate de s\u00e9rie N\u00b0 1, la Russe Sofya Lansere. M\u00eame si la Fran\u00e7aise s\u2019est inclin\u00e9e avec les honneurs (6-4, 7-5) force est de constater que les coups de raquette sont toujours aussi ravageurs, mais c\u2019est le physique qui n\u2019a pas franchement suivi. N\u00e9anmoins la Russe n\u2019aura pas profit\u00e9 longtemps de sa victoire car elle est tomb\u00e9 au second tour face \u00e0 la Fran\u00e7aise, Sara Cakarevic (N\u00b0 556) qui se qualifie pour le tableau du simple, Tout comme Nigina Aduraimova (Uzb), la Slovaque Vivien Juhaszova, la G\u00e9orgienne Sofia Shapatava et la Colombienne Maria-Fernanda Herazo-Gonzalez.<\/p>\n<div class=\"tiled-gallery type-rectangular\" data-original-width=\"960\" data-carousel-extra=\"null\">\n<div class=\"gallery-row\" data-original-width=\"960\" data-original-height=\"428\">\n<div class=\"gallery-group images-1\" data-original-width=\"641\" data-original-height=\"428\">\n<div class=\"tiled-gallery-item tiled-gallery-item-large\"><a href=\"https:\/\/laplainedesvosgesinfo.fr\/wp-content\/uploads\/2019\/07\/Mandy-Minella-Lux.jpg\" data-featherlight=\"image\"><img decoding=\"async\" title=\"Mandy Minella (Lux)\" src=\"https:\/\/i2.wp.com\/laplainedesvosgesinfo.fr\/wp-content\/uploads\/2019\/07\/Mandy-Minella-Lux.jpg?zoom=2&amp;resize=637%2C424&amp;ssl=1\" srcset=\"https:\/\/i2.wp.com\/laplainedesvosgesinfo.fr\/wp-content\/uploads\/2019\/07\/Mandy-Minella-Lux.jpg?zoom=2&amp;resize=637%2C424&amp;ssl=1\" alt=\"Mandy Minella (Lux)\" width=\"637\" height=\"424\" data-attachment-id=\"107455\" data-orig-file=\"https:\/\/laplainedesvosgesinfo.fr\/wp-content\/uploads\/2019\/07\/Mandy-Minella-Lux.jpg\" data-orig-size=\"3072,2048\" data-comments-opened=\"1\" data-image-meta=\"{&quot;aperture&quot;:&quot;11&quot;,&quot;credit&quot;:&quot;&quot;,&quot;camera&quot;:&quot;PENTAX K-5&quot;,&quot;caption&quot;:&quot;&quot;,&quot;created_timestamp&quot;:&quot;1562677277&quot;,&quot;copyright&quot;:&quot;&quot;,&quot;focal_length&quot;:&quot;120&quot;,&quot;iso&quot;:&quot;200&quot;,&quot;shutter_speed&quot;:&quot;0.003125&quot;,&quot;title&quot;:&quot;&quot;,&quot;orientation&quot;:&quot;1&quot;}\" data-image-title=\"Mandy Minella (Lux)\" data-image-description=\"\" data-medium-file=\"https:\/\/laplainedesvosgesinfo.fr\/wp-content\/uploads\/2019\/07\/Mandy-Minella-Lux-383x255.jpg\" data-large-file=\"https:\/\/laplainedesvosgesinfo.fr\/wp-content\/uploads\/2019\/07\/Mandy-Minella-Lux-1024x683.jpg\" data-original-width=\"637\" data-original-height=\"424\" data-recalc-dims=\"1\" \/><\/a><\/div>\n<\/div>\n<div class=\"gallery-group images-2\" data-original-width=\"319\" data-original-height=\"428\">\n<div class=\"tiled-gallery-item tiled-gallery-item-large\"><a href=\"https:\/\/laplainedesvosgesinfo.fr\/wp-content\/uploads\/2019\/07\/Tim%C3%A9a-Bacsinszky-Sui3.jpg\" data-featherlight=\"image\"><img decoding=\"async\" title=\"Tim\u00e9a Bacsinszky (Sui)(3)\" src=\"https:\/\/i0.wp.com\/laplainedesvosgesinfo.fr\/wp-content\/uploads\/2019\/07\/Tim%C3%A9a-Bacsinszky-Sui3.jpg?zoom=2&amp;resize=315%2C210&amp;ssl=1\" srcset=\"https:\/\/i0.wp.com\/laplainedesvosgesinfo.fr\/wp-content\/uploads\/2019\/07\/Tim%C3%A9a-Bacsinszky-Sui3.jpg?zoom=2&amp;resize=315%2C210&amp;ssl=1\" alt=\"Tim\u00e9a Bacsinszky (Sui)\" width=\"315\" height=\"210\" data-attachment-id=\"107460\" data-orig-file=\"https:\/\/laplainedesvosgesinfo.fr\/wp-content\/uploads\/2019\/07\/Tim\u00e9a-Bacsinszky-Sui3.jpg\" data-orig-size=\"3072,2048\" data-comments-opened=\"1\" data-image-meta=\"{&quot;aperture&quot;:&quot;9&quot;,&quot;credit&quot;:&quot;&quot;,&quot;camera&quot;:&quot;PENTAX K-5&quot;,&quot;caption&quot;:&quot;&quot;,&quot;created_timestamp&quot;:&quot;1562690364&quot;,&quot;copyright&quot;:&quot;&quot;,&quot;focal_length&quot;:&quot;300&quot;,&quot;iso&quot;:&quot;1600&quot;,&quot;shutter_speed&quot;:&quot;0.003125&quot;,&quot;title&quot;:&quot;&quot;,&quot;orientation&quot;:&quot;1&quot;}\" data-image-title=\"Tim\u00e9a Bacsinszky (Sui)(3)\" data-image-description=\"\" data-medium-file=\"https:\/\/laplainedesvosgesinfo.fr\/wp-content\/uploads\/2019\/07\/Tim\u00e9a-Bacsinszky-Sui3-383x255.jpg\" data-large-file=\"https:\/\/laplainedesvosgesinfo.fr\/wp-content\/uploads\/2019\/07\/Tim\u00e9a-Bacsinszky-Sui3-1024x683.jpg\" data-original-width=\"315\" data-original-height=\"210\" data-recalc-dims=\"1\" \/><\/a><\/div>\n<div class=\"tiled-gallery-item tiled-gallery-item-large\"><a href=\"https:\/\/laplainedesvosgesinfo.fr\/wp-content\/uploads\/2019\/07\/Stefanie-Voegele-Sui.jpg\" data-featherlight=\"image\"><img decoding=\"async\" title=\"Stefanie Voegele (Sui)\" src=\"https:\/\/i2.wp.com\/laplainedesvosgesinfo.fr\/wp-content\/uploads\/2019\/07\/Stefanie-Voegele-Sui.jpg?zoom=2&amp;resize=315%2C210&amp;ssl=1\" srcset=\"https:\/\/i2.wp.com\/laplainedesvosgesinfo.fr\/wp-content\/uploads\/2019\/07\/Stefanie-Voegele-Sui.jpg?zoom=2&amp;resize=315%2C210&amp;ssl=1\" alt=\"Stefanie Voegele (Sui)\" width=\"315\" height=\"210\" data-attachment-id=\"107461\" data-orig-file=\"https:\/\/laplainedesvosgesinfo.fr\/wp-content\/uploads\/2019\/07\/Stefanie-Voegele-Sui.jpg\" data-orig-size=\"3072,2048\" data-comments-opened=\"1\" data-image-meta=\"{&quot;aperture&quot;:&quot;13&quot;,&quot;credit&quot;:&quot;&quot;,&quot;camera&quot;:&quot;PENTAX K-5&quot;,&quot;caption&quot;:&quot;&quot;,&quot;created_timestamp&quot;:&quot;1562760069&quot;,&quot;copyright&quot;:&quot;&quot;,&quot;focal_length&quot;:&quot;120&quot;,&quot;iso&quot;:&quot;200&quot;,&quot;shutter_speed&quot;:&quot;0.003125&quot;,&quot;title&quot;:&quot;&quot;,&quot;orientation&quot;:&quot;1&quot;}\" data-image-title=\"Stefanie Voegele (Sui)\" data-image-description=\"\" data-medium-file=\"https:\/\/laplainedesvosgesinfo.fr\/wp-content\/uploads\/2019\/07\/Stefanie-Voegele-Sui-383x255.jpg\" data-large-file=\"https:\/\/laplainedesvosgesinfo.fr\/wp-content\/uploads\/2019\/07\/Stefanie-Voegele-Sui-1024x683.jpg\" data-original-width=\"315\" data-original-height=\"210\" data-recalc-dims=\"1\" \/><\/a><\/div>\n<\/div>\n<\/div>\n<\/div>\n<p>Concernant le tableau principal, il aura fallu trois sets \u00e0 la t\u00eate de s\u00e9rie N\u00b0 3, la Luxembourgeoise Mandy Minella (N\u00b0 98), pour venir \u00e0 bout de la Tricolore, Harmony Tan (6-4, 2-6, 6-1). Pour ce qui est de la t\u00eate d\u2019affiche principale, la Suissesse Tim\u00e9a Bacsinszky (N\u00b0 91), laur\u00e9ate en 2013 et qui a b\u00e9n\u00e9fici\u00e9 d\u2019une Wild Card apr\u00e8s son \u00e9limination pr\u00e9matur\u00e9e \u00e0 Wimbledon, peut-on dire qu\u2019elle a encore \u00e9t\u00e9 victime de sa \u00abb\u00eate noire\u00bb, en la personne de la Japonaise Kurumi Nara (N\u00b0 180). En effet, cette derni\u00e8re avait sorti Bacsinszky en trois sets (6-2, 4-6, 6-4), au deuxi\u00e8me tour des qualifications de Roland-Garros. Et au terme d\u2019un match \u00e0 rebondissement, tant dans le jeu que dans la dur\u00e9e puisque la rencontre a \u00e9t\u00e9 interrompue mardi soir, pour reprendre mercredi en d\u00e9but d\u2019apr\u00e8s-midi. La Suissesse a de nouveau chut\u00e9 en trois sets (6-4, 6-7, 6-2), sachant qu\u2019elle avait sauv\u00e9 deux balles de match pour rester en course. Dommage de perdre si t\u00f4t, la t\u00eate de s\u00e9rie N\u00b0 1 qui aurait pu reconqu\u00e9rir un titre. L\u2019espoir d\u2019un tel \u00e9v\u00e9nement qui marquerait l\u2019histoire du Grand Est Open 88, repose d\u00e9sormais sur la tenante du titre, l\u2019autre Suissesse, Stefanie Voegele (N\u00b0 97), qui s\u2019est fait accroch\u00e9e au deuxi\u00e8me set par la Fran\u00e7aise Margot Yerolymos (N\u00b0 341), mais s\u2019est inclin\u00e9e (6-3, 5-7,6-1). Quant aux Tricolores, Amandine Hesse (N\u00b0 271) et Chlo\u00e9 Paquet (N\u00b0 155), elles ont \u00e9galement pass\u00e9 pass\u00e9 le premier tour.<\/p>\n<p><strong>Alain Buffe<\/strong><\/p>\n<p><a href=\"https:\/\/laplainedesvosgesinfo.fr\/wp-content\/uploads\/2019\/07\/Programmation-du-jeudi-11-juillet-2019.pdf\">Programmation du jeudi 11 juillet 2019<\/a><\/p>\n<p><a href=\"https:\/\/laplainedesvosgesinfo.fr\/wp-content\/uploads\/2019\/07\/Tableau-des-qualifications1.pdf\">Tableau des qualifications<\/a><\/p>\n<p><a href=\"https:\/\/laplainedesvosgesinfo.fr\/wp-content\/uploads\/2019\/07\/Tableau-du-simple.pdf\">Tableau du simple<\/a><\/p>\n<p><a href=\"https:\/\/laplainedesvosgesinfo.fr\/wp-content\/uploads\/2019\/07\/Tableau-du-double.pdf\">Tableau du double<\/a><\/p>\n<p>&nbsp;<\/p>\n","protected":false},"excerpt":{"rendered":"<p>Les principales t\u00eates de s\u00e9rie des qualifications ont tenu leur rang pour ce premier tour, hormis la N\u00b0 9, en [&hellip;]<\/p>\n","protected":false},"author":407,"featured_media":17341,"comment_status":"open","ping_status":"open","sticky":false,"template":"","format":"standard","meta":{"footnotes":""},"categories":[26,14,18],"tags":[],"class_list":["post-17340","post","type-post","status-publish","format-standard","has-post-thumbnail","hentry","category-a-la-une","category-sport","category-vosges"],"acf":[],"yoast_head":"<!-- This site is optimized with the Yoast SEO plugin v22.5 - https:\/\/yoast.com\/wordpress\/plugins\/seo\/ -->\n<title>Tennis : La t\u00eate de s\u00e9rie Tim\u00e9a Bacsinszky \u00e9limin\u00e9e d\u00e8s le premier tour - Remiremont Info<\/title>\n<meta name=\"robots\" content=\"index, follow, max-snippet:-1, max-image-preview:large, max-video-preview:-1\" \/>\n<link rel=\"canonical\" href=\"https:\/\/vosgesinfo.fr\/remiremontinfo\/2019\/07\/tennis-tete-de-serie-timea-bacsinszky-eliminee-premier-tour\/\" \/>\n<meta name=\"twitter:card\" content=\"summary_large_image\" \/>\n<meta name=\"twitter:title\" content=\"Tennis : La t\u00eate de s\u00e9rie Tim\u00e9a Bacsinszky \u00e9limin\u00e9e d\u00e8s le premier tour - Remiremont Info\" \/>\n<meta name=\"twitter:description\" content=\"Les principales t\u00eates de s\u00e9rie des qualifications ont tenu leur rang pour ce premier tour, hormis la N\u00b0 9, en [&hellip;]\" \/>\n<meta name=\"twitter:image\" content=\"https:\/\/vosgesinfo.fr\/app\/uploads\/sites\/5\/2024\/09\/201907timea-bacsinszky-sui3-scaled.jpg\" \/>\n<meta name=\"twitter:creator\" content=\"@VosgesInfo88\" \/>\n<meta name=\"twitter:site\" content=\"@VosgesInfo88\" \/>\n<meta name=\"twitter:label1\" content=\"\u00c9crit par\" \/>\n\t<meta name=\"twitter:data1\" content=\"C D\" \/>\n\t<meta name=\"twitter:label2\" content=\"Dur\u00e9e de lecture estim\u00e9e\" \/>\n\t<meta name=\"twitter:data2\" content=\"3 minutes\" \/>\n<script type=\"application\/ld+json\" class=\"yoast-schema-graph\">{\"@context\":\"https:\/\/schema.org\",\"@graph\":[{\"@type\":\"Article\",\"@id\":\"https:\/\/vosgesinfo.fr\/remiremontinfo\/2019\/07\/tennis-tete-de-serie-timea-bacsinszky-eliminee-premier-tour\/#article\",\"isPartOf\":{\"@id\":\"https:\/\/vosgesinfo.fr\/remiremontinfo\/2019\/07\/tennis-tete-de-serie-timea-bacsinszky-eliminee-premier-tour\/\"},\"author\":{\"name\":\"C D\",\"@id\":\"https:\/\/vosgesinfo.fr\/remiremontinfo\/#\/schema\/person\/3bfd164d5218a185b1db68655a265316\"},\"headline\":\"Tennis : La t\u00eate de s\u00e9rie Tim\u00e9a Bacsinszky \u00e9limin\u00e9e d\u00e8s le premier tour\",\"datePublished\":\"2019-07-11T04:25:52+00:00\",\"dateModified\":\"2019-07-11T04:25:52+00:00\",\"mainEntityOfPage\":{\"@id\":\"https:\/\/vosgesinfo.fr\/remiremontinfo\/2019\/07\/tennis-tete-de-serie-timea-bacsinszky-eliminee-premier-tour\/\"},\"wordCount\":603,\"commentCount\":0,\"publisher\":{\"@id\":\"https:\/\/vosgesinfo.fr\/remiremontinfo\/#organization\"},\"image\":{\"@id\":\"https:\/\/vosgesinfo.fr\/remiremontinfo\/2019\/07\/tennis-tete-de-serie-timea-bacsinszky-eliminee-premier-tour\/#primaryimage\"},\"thumbnailUrl\":\"https:\/\/vosgesinfo.fr\/app\/uploads\/sites\/5\/2024\/09\/201907timea-bacsinszky-sui3-scaled.jpg\",\"articleSection\":[\"A la Une\",\"Sport\",\"Vosges\"],\"inLanguage\":\"fr-FR\",\"potentialAction\":[{\"@type\":\"CommentAction\",\"name\":\"Comment\",\"target\":[\"https:\/\/vosgesinfo.fr\/remiremontinfo\/2019\/07\/tennis-tete-de-serie-timea-bacsinszky-eliminee-premier-tour\/#respond\"]}]},{\"@type\":\"WebPage\",\"@id\":\"https:\/\/vosgesinfo.fr\/remiremontinfo\/2019\/07\/tennis-tete-de-serie-timea-bacsinszky-eliminee-premier-tour\/\",\"url\":\"https:\/\/vosgesinfo.fr\/remiremontinfo\/2019\/07\/tennis-tete-de-serie-timea-bacsinszky-eliminee-premier-tour\/\",\"name\":\"Tennis : La t\u00eate de s\u00e9rie Tim\u00e9a Bacsinszky \u00e9limin\u00e9e d\u00e8s le premier tour - Remiremont Info\",\"isPartOf\":{\"@id\":\"https:\/\/vosgesinfo.fr\/remiremontinfo\/#website\"},\"primaryImageOfPage\":{\"@id\":\"https:\/\/vosgesinfo.fr\/remiremontinfo\/2019\/07\/tennis-tete-de-serie-timea-bacsinszky-eliminee-premier-tour\/#primaryimage\"},\"image\":{\"@id\":\"https:\/\/vosgesinfo.fr\/remiremontinfo\/2019\/07\/tennis-tete-de-serie-timea-bacsinszky-eliminee-premier-tour\/#primaryimage\"},\"thumbnailUrl\":\"https:\/\/vosgesinfo.fr\/app\/uploads\/sites\/5\/2024\/09\/201907timea-bacsinszky-sui3-scaled.jpg\",\"datePublished\":\"2019-07-11T04:25:52+00:00\",\"dateModified\":\"2019-07-11T04:25:52+00:00\",\"breadcrumb\":{\"@id\":\"https:\/\/vosgesinfo.fr\/remiremontinfo\/2019\/07\/tennis-tete-de-serie-timea-bacsinszky-eliminee-premier-tour\/#breadcrumb\"},\"inLanguage\":\"fr-FR\",\"potentialAction\":[{\"@type\":\"ReadAction\",\"target\":[\"https:\/\/vosgesinfo.fr\/remiremontinfo\/2019\/07\/tennis-tete-de-serie-timea-bacsinszky-eliminee-premier-tour\/\"]}]},{\"@type\":\"ImageObject\",\"inLanguage\":\"fr-FR\",\"@id\":\"https:\/\/vosgesinfo.fr\/remiremontinfo\/2019\/07\/tennis-tete-de-serie-timea-bacsinszky-eliminee-premier-tour\/#primaryimage\",\"url\":\"https:\/\/vosgesinfo.fr\/app\/uploads\/sites\/5\/2024\/09\/201907timea-bacsinszky-sui3-scaled.jpg\",\"contentUrl\":\"https:\/\/vosgesinfo.fr\/app\/uploads\/sites\/5\/2024\/09\/201907timea-bacsinszky-sui3-scaled.jpg\",\"width\":2560,\"height\":1707},{\"@type\":\"BreadcrumbList\",\"@id\":\"https:\/\/vosgesinfo.fr\/remiremontinfo\/2019\/07\/tennis-tete-de-serie-timea-bacsinszky-eliminee-premier-tour\/#breadcrumb\",\"itemListElement\":[{\"@type\":\"ListItem\",\"position\":1,\"name\":\"Home\",\"item\":\"https:\/\/vosgesinfo.fr\/remiremontinfo\/\"},{\"@type\":\"ListItem\",\"position\":2,\"name\":\"Tennis : La t\u00eate de s\u00e9rie Tim\u00e9a Bacsinszky \u00e9limin\u00e9e d\u00e8s le premier tour\"}]},{\"@type\":\"WebSite\",\"@id\":\"https:\/\/vosgesinfo.fr\/remiremontinfo\/#website\",\"url\":\"https:\/\/vosgesinfo.fr\/remiremontinfo\/\",\"name\":\"Remiremont Info\",\"description\":\"Toute l&#039;actualit\u00e9 de Remiremont\",\"publisher\":{\"@id\":\"https:\/\/vosgesinfo.fr\/remiremontinfo\/#organization\"},\"alternateName\":\"Toute l'actualit\u00e9 de Remiremont\",\"potentialAction\":[{\"@type\":\"SearchAction\",\"target\":{\"@type\":\"EntryPoint\",\"urlTemplate\":\"https:\/\/vosgesinfo.fr\/remiremontinfo\/?s={search_term_string}\"},\"query-input\":\"required name=search_term_string\"}],\"inLanguage\":\"fr-FR\"},{\"@type\":\"Organization\",\"@id\":\"https:\/\/vosgesinfo.fr\/remiremontinfo\/#organization\",\"name\":\"Remiremont Info\",\"url\":\"https:\/\/vosgesinfo.fr\/remiremontinfo\/\",\"logo\":{\"@type\":\"ImageObject\",\"inLanguage\":\"fr-FR\",\"@id\":\"https:\/\/vosgesinfo.fr\/remiremontinfo\/#\/schema\/logo\/image\/\",\"url\":\"https:\/\/vosgesinfo.fr\/app\/uploads\/sites\/5\/2023\/08\/favicon-remiremontinfo.png\",\"contentUrl\":\"https:\/\/vosgesinfo.fr\/app\/uploads\/sites\/5\/2023\/08\/favicon-remiremontinfo.png\",\"width\":512,\"height\":512,\"caption\":\"Remiremont Info\"},\"image\":{\"@id\":\"https:\/\/vosgesinfo.fr\/remiremontinfo\/#\/schema\/logo\/image\/\"},\"sameAs\":[\"https:\/\/www.facebook.com\/remiremontinfo\",\"https:\/\/x.com\/VosgesInfo88\",\"https:\/\/www.youtube.com\/@vosgesinfo\"]},{\"@type\":\"Person\",\"@id\":\"https:\/\/vosgesinfo.fr\/remiremontinfo\/#\/schema\/person\/3bfd164d5218a185b1db68655a265316\",\"name\":\"C D\",\"image\":{\"@type\":\"ImageObject\",\"inLanguage\":\"fr-FR\",\"@id\":\"https:\/\/vosgesinfo.fr\/remiremontinfo\/#\/schema\/person\/image\/\",\"url\":\"https:\/\/secure.gravatar.com\/avatar\/1f9a70007336511a47468b8f1c66f922b8b7cf617b02a31149ada43893a5d48f?s=96&d=mm&r=g\",\"contentUrl\":\"https:\/\/secure.gravatar.com\/avatar\/1f9a70007336511a47468b8f1c66f922b8b7cf617b02a31149ada43893a5d48f?s=96&d=mm&r=g\",\"caption\":\"C D\"},\"url\":\"https:\/\/vosgesinfo.fr\/remiremontinfo\/author\/cedric-drevet\/\"}]}<\/script>\n<!-- \/ Yoast SEO plugin. -->","yoast_head_json":{"title":"Tennis : La t\u00eate de s\u00e9rie Tim\u00e9a Bacsinszky \u00e9limin\u00e9e d\u00e8s le premier tour - Remiremont Info","robots":{"index":"index","follow":"follow","max-snippet":"max-snippet:-1","max-image-preview":"max-image-preview:large","max-video-preview":"max-video-preview:-1"},"canonical":"https:\/\/vosgesinfo.fr\/remiremontinfo\/2019\/07\/tennis-tete-de-serie-timea-bacsinszky-eliminee-premier-tour\/","twitter_card":"summary_large_image","twitter_title":"Tennis : La t\u00eate de s\u00e9rie Tim\u00e9a Bacsinszky \u00e9limin\u00e9e d\u00e8s le premier tour - Remiremont Info","twitter_description":"Les principales t\u00eates de s\u00e9rie des qualifications ont tenu leur rang pour ce premier tour, hormis la N\u00b0 9, en [&hellip;]","twitter_image":"https:\/\/vosgesinfo.fr\/app\/uploads\/sites\/5\/2024\/09\/201907timea-bacsinszky-sui3-scaled.jpg","twitter_creator":"@VosgesInfo88","twitter_site":"@VosgesInfo88","twitter_misc":{"\u00c9crit par":"C D","Dur\u00e9e de lecture estim\u00e9e":"3 minutes"},"schema":{"@context":"https:\/\/schema.org","@graph":[{"@type":"Article","@id":"https:\/\/vosgesinfo.fr\/remiremontinfo\/2019\/07\/tennis-tete-de-serie-timea-bacsinszky-eliminee-premier-tour\/#article","isPartOf":{"@id":"https:\/\/vosgesinfo.fr\/remiremontinfo\/2019\/07\/tennis-tete-de-serie-timea-bacsinszky-eliminee-premier-tour\/"},"author":{"name":"C D","@id":"https:\/\/vosgesinfo.fr\/remiremontinfo\/#\/schema\/person\/3bfd164d5218a185b1db68655a265316"},"headline":"Tennis : La t\u00eate de s\u00e9rie Tim\u00e9a Bacsinszky \u00e9limin\u00e9e d\u00e8s le premier tour","datePublished":"2019-07-11T04:25:52+00:00","dateModified":"2019-07-11T04:25:52+00:00","mainEntityOfPage":{"@id":"https:\/\/vosgesinfo.fr\/remiremontinfo\/2019\/07\/tennis-tete-de-serie-timea-bacsinszky-eliminee-premier-tour\/"},"wordCount":603,"commentCount":0,"publisher":{"@id":"https:\/\/vosgesinfo.fr\/remiremontinfo\/#organization"},"image":{"@id":"https:\/\/vosgesinfo.fr\/remiremontinfo\/2019\/07\/tennis-tete-de-serie-timea-bacsinszky-eliminee-premier-tour\/#primaryimage"},"thumbnailUrl":"https:\/\/vosgesinfo.fr\/app\/uploads\/sites\/5\/2024\/09\/201907timea-bacsinszky-sui3-scaled.jpg","articleSection":["A la Une","Sport","Vosges"],"inLanguage":"fr-FR","potentialAction":[{"@type":"CommentAction","name":"Comment","target":["https:\/\/vosgesinfo.fr\/remiremontinfo\/2019\/07\/tennis-tete-de-serie-timea-bacsinszky-eliminee-premier-tour\/#respond"]}]},{"@type":"WebPage","@id":"https:\/\/vosgesinfo.fr\/remiremontinfo\/2019\/07\/tennis-tete-de-serie-timea-bacsinszky-eliminee-premier-tour\/","url":"https:\/\/vosgesinfo.fr\/remiremontinfo\/2019\/07\/tennis-tete-de-serie-timea-bacsinszky-eliminee-premier-tour\/","name":"Tennis : La t\u00eate de s\u00e9rie Tim\u00e9a Bacsinszky \u00e9limin\u00e9e d\u00e8s le premier tour - Remiremont Info","isPartOf":{"@id":"https:\/\/vosgesinfo.fr\/remiremontinfo\/#website"},"primaryImageOfPage":{"@id":"https:\/\/vosgesinfo.fr\/remiremontinfo\/2019\/07\/tennis-tete-de-serie-timea-bacsinszky-eliminee-premier-tour\/#primaryimage"},"image":{"@id":"https:\/\/vosgesinfo.fr\/remiremontinfo\/2019\/07\/tennis-tete-de-serie-timea-bacsinszky-eliminee-premier-tour\/#primaryimage"},"thumbnailUrl":"https:\/\/vosgesinfo.fr\/app\/uploads\/sites\/5\/2024\/09\/201907timea-bacsinszky-sui3-scaled.jpg","datePublished":"2019-07-11T04:25:52+00:00","dateModified":"2019-07-11T04:25:52+00:00","breadcrumb":{"@id":"https:\/\/vosgesinfo.fr\/remiremontinfo\/2019\/07\/tennis-tete-de-serie-timea-bacsinszky-eliminee-premier-tour\/#breadcrumb"},"inLanguage":"fr-FR","potentialAction":[{"@type":"ReadAction","target":["https:\/\/vosgesinfo.fr\/remiremontinfo\/2019\/07\/tennis-tete-de-serie-timea-bacsinszky-eliminee-premier-tour\/"]}]},{"@type":"ImageObject","inLanguage":"fr-FR","@id":"https:\/\/vosgesinfo.fr\/remiremontinfo\/2019\/07\/tennis-tete-de-serie-timea-bacsinszky-eliminee-premier-tour\/#primaryimage","url":"https:\/\/vosgesinfo.fr\/app\/uploads\/sites\/5\/2024\/09\/201907timea-bacsinszky-sui3-scaled.jpg","contentUrl":"https:\/\/vosgesinfo.fr\/app\/uploads\/sites\/5\/2024\/09\/201907timea-bacsinszky-sui3-scaled.jpg","width":2560,"height":1707},{"@type":"BreadcrumbList","@id":"https:\/\/vosgesinfo.fr\/remiremontinfo\/2019\/07\/tennis-tete-de-serie-timea-bacsinszky-eliminee-premier-tour\/#breadcrumb","itemListElement":[{"@type":"ListItem","position":1,"name":"Home","item":"https:\/\/vosgesinfo.fr\/remiremontinfo\/"},{"@type":"ListItem","position":2,"name":"Tennis : La t\u00eate de s\u00e9rie Tim\u00e9a Bacsinszky \u00e9limin\u00e9e d\u00e8s le premier tour"}]},{"@type":"WebSite","@id":"https:\/\/vosgesinfo.fr\/remiremontinfo\/#website","url":"https:\/\/vosgesinfo.fr\/remiremontinfo\/","name":"Remiremont Info","description":"Toute l&#039;actualit\u00e9 de Remiremont","publisher":{"@id":"https:\/\/vosgesinfo.fr\/remiremontinfo\/#organization"},"alternateName":"Toute l'actualit\u00e9 de Remiremont","potentialAction":[{"@type":"SearchAction","target":{"@type":"EntryPoint","urlTemplate":"https:\/\/vosgesinfo.fr\/remiremontinfo\/?s={search_term_string}"},"query-input":"required name=search_term_string"}],"inLanguage":"fr-FR"},{"@type":"Organization","@id":"https:\/\/vosgesinfo.fr\/remiremontinfo\/#organization","name":"Remiremont Info","url":"https:\/\/vosgesinfo.fr\/remiremontinfo\/","logo":{"@type":"ImageObject","inLanguage":"fr-FR","@id":"https:\/\/vosgesinfo.fr\/remiremontinfo\/#\/schema\/logo\/image\/","url":"https:\/\/vosgesinfo.fr\/app\/uploads\/sites\/5\/2023\/08\/favicon-remiremontinfo.png","contentUrl":"https:\/\/vosgesinfo.fr\/app\/uploads\/sites\/5\/2023\/08\/favicon-remiremontinfo.png","width":512,"height":512,"caption":"Remiremont Info"},"image":{"@id":"https:\/\/vosgesinfo.fr\/remiremontinfo\/#\/schema\/logo\/image\/"},"sameAs":["https:\/\/www.facebook.com\/remiremontinfo","https:\/\/x.com\/VosgesInfo88","https:\/\/www.youtube.com\/@vosgesinfo"]},{"@type":"Person","@id":"https:\/\/vosgesinfo.fr\/remiremontinfo\/#\/schema\/person\/3bfd164d5218a185b1db68655a265316","name":"C D","image":{"@type":"ImageObject","inLanguage":"fr-FR","@id":"https:\/\/vosgesinfo.fr\/remiremontinfo\/#\/schema\/person\/image\/","url":"https:\/\/secure.gravatar.com\/avatar\/1f9a70007336511a47468b8f1c66f922b8b7cf617b02a31149ada43893a5d48f?s=96&d=mm&r=g","contentUrl":"https:\/\/secure.gravatar.com\/avatar\/1f9a70007336511a47468b8f1c66f922b8b7cf617b02a31149ada43893a5d48f?s=96&d=mm&r=g","caption":"C D"},"url":"https:\/\/vosgesinfo.fr\/remiremontinfo\/author\/cedric-drevet\/"}]}},"_links":{"self":[{"href":"https:\/\/vosgesinfo.fr\/remiremontinfo\/wp-json\/wp\/v2\/posts\/17340","targetHints":{"allow":["GET"]}}],"collection":[{"href":"https:\/\/vosgesinfo.fr\/remiremontinfo\/wp-json\/wp\/v2\/posts"}],"about":[{"href":"https:\/\/vosgesinfo.fr\/remiremontinfo\/wp-json\/wp\/v2\/types\/post"}],"author":[{"embeddable":true,"href":"https:\/\/vosgesinfo.fr\/remiremontinfo\/wp-json\/wp\/v2\/users\/407"}],"replies":[{"embeddable":true,"href":"https:\/\/vosgesinfo.fr\/remiremontinfo\/wp-json\/wp\/v2\/comments?post=17340"}],"version-history":[{"count":0,"href":"https:\/\/vosgesinfo.fr\/remiremontinfo\/wp-json\/wp\/v2\/posts\/17340\/revisions"}],"wp:featuredmedia":[{"embeddable":true,"href":"https:\/\/vosgesinfo.fr\/remiremontinfo\/wp-json\/wp\/v2\/media\/17341"}],"wp:attachment":[{"href":"https:\/\/vosgesinfo.fr\/remiremontinfo\/wp-json\/wp\/v2\/media?parent=17340"}],"wp:term":[{"taxonomy":"category","embeddable":true,"href":"https:\/\/vosgesinfo.fr\/remiremontinfo\/wp-json\/wp\/v2\/categories?post=17340"},{"taxonomy":"post_tag","embeddable":true,"href":"https:\/\/vosgesinfo.fr\/remiremontinfo\/wp-json\/wp\/v2\/tags?post=17340"}],"curies":[{"name":"wp","href":"https:\/\/api.w.org\/{rel}","templated":true}]}}