{"id":17472,"date":"2019-07-11T16:30:09","date_gmt":"2019-07-11T14:30:09","guid":{"rendered":"https:\/\/vosgesinfo.fr\/remiremontinfo\/2019\/07\/thillot-fresque-geante-promouvoir-lagriculture-vosgienne\/"},"modified":"2019-07-11T16:30:09","modified_gmt":"2019-07-11T14:30:09","slug":"thillot-fresque-geante-promouvoir-lagriculture-vosgienne","status":"publish","type":"post","link":"https:\/\/vosgesinfo.fr\/remiremontinfo\/2019\/07\/thillot-fresque-geante-promouvoir-lagriculture-vosgienne\/","title":{"rendered":"Le Thillot : une fresque g\u00e9ante pour promouvoir l\u2019agriculture vosgienne"},"content":{"rendered":"<div id=\"attachment_263850\" style=\"width: 2010px\" class=\"wp-caption alignnone\"><a href=\"\/2019\/07\/66772943_2427805707241206_9136707194618642432_o.jpg\"><img decoding=\"async\" aria-describedby=\"caption-attachment-263850\" class=\"size-full wp-image-263850\" src=\"\/2019\/07\/66772943_2427805707241206_9136707194618642432_o.jpg\" alt=\"Photo de la page Facebook &quot;Je Vois la Vie en Vosges&quot;\" width=\"2000\" height=\"1500\" \/><\/a><p id=\"caption-attachment-263850\" class=\"wp-caption-text\"><em>Photo de la page Facebook \u00ab\u00a0Je Vois la Vie en Vosges\u00a0\u00bb<\/em><\/p><\/div>\n<h2 class=\"p1\"><span style=\"font-size: 14pt;\"><strong><span class=\"s1\">A l\u2019occasion du passage de la 6\u00e8me \u00e9tape du Tour de France ce jeudi apr\u00e8s midi, des agriculteurs ont d\u00e9cid\u00e9 de faire la promotion de leur m\u00e9tier en cr\u00e9ant une fresque g\u00e9ante visible du ciel, sur le territoire du Gaec Du Vacceux, au Thillot, pr\u00e8s du col des Croix. L\u2019oeuvre repr\u00e9sente une vache (vosgienne) avec les slogans \u00ab\u00a0Je suis agriculteur\u00a0\u00bb et \u00ab\u00a0Je vois la vie en vosges\u00a0\u00bb, ainsi qu\u2019un hashtag : #Heureux de vous nourrir<\/span><\/strong><\/span><\/h2>\n","protected":false},"excerpt":{"rendered":"<p>A l\u2019occasion du passage de la 6\u00e8me \u00e9tape du Tour de France ce jeudi apr\u00e8s midi, des agriculteurs ont d\u00e9cid\u00e9 [&hellip;]<\/p>\n","protected":false},"author":407,"featured_media":17473,"comment_status":"open","ping_status":"open","sticky":false,"template":"","format":"standard","meta":{"footnotes":""},"categories":[26,47,212,37],"tags":[],"class_list":["post-17472","post","type-post","status-publish","format-standard","has-post-thumbnail","hentry","category-a-la-une","category-agriculture","category-le-thillot-le-thillot-son-canton","category-le-thillot-son-canton"],"acf":[],"yoast_head":"<!-- This site is optimized with the Yoast SEO plugin v22.5 - https:\/\/yoast.com\/wordpress\/plugins\/seo\/ -->\n<title>Le Thillot : une fresque g\u00e9ante pour promouvoir l\u2019agriculture vosgienne - Remiremont Info<\/title>\n<meta name=\"robots\" content=\"index, follow, max-snippet:-1, max-image-preview:large, max-video-preview:-1\" \/>\n<link rel=\"canonical\" href=\"https:\/\/vosgesinfo.fr\/remiremontinfo\/2019\/07\/thillot-fresque-geante-promouvoir-lagriculture-vosgienne\/\" \/>\n<meta name=\"twitter:card\" content=\"summary_large_image\" \/>\n<meta name=\"twitter:title\" content=\"Le Thillot : une fresque g\u00e9ante pour promouvoir l\u2019agriculture vosgienne - Remiremont Info\" \/>\n<meta name=\"twitter:description\" content=\"A l\u2019occasion du passage de la 6\u00e8me \u00e9tape du Tour de France ce jeudi apr\u00e8s midi, des agriculteurs ont d\u00e9cid\u00e9 [&hellip;]\" \/>\n<meta name=\"twitter:image\" content=\"https:\/\/vosgesinfo.fr\/app\/uploads\/sites\/5\/2024\/09\/20190766772943-2427805707241206-9136707194618642432-o.jpg\" \/>\n<meta name=\"twitter:creator\" content=\"@VosgesInfo88\" \/>\n<meta name=\"twitter:site\" content=\"@VosgesInfo88\" \/>\n<meta name=\"twitter:label1\" content=\"\u00c9crit par\" \/>\n\t<meta name=\"twitter:data1\" content=\"C D\" \/>\n\t<meta name=\"twitter:label2\" content=\"Dur\u00e9e de lecture estim\u00e9e\" \/>\n\t<meta name=\"twitter:data2\" content=\"1 minute\" \/>\n<script type=\"application\/ld+json\" class=\"yoast-schema-graph\">{\"@context\":\"https:\/\/schema.org\",\"@graph\":[{\"@type\":\"Article\",\"@id\":\"https:\/\/vosgesinfo.fr\/remiremontinfo\/2019\/07\/thillot-fresque-geante-promouvoir-lagriculture-vosgienne\/#article\",\"isPartOf\":{\"@id\":\"https:\/\/vosgesinfo.fr\/remiremontinfo\/2019\/07\/thillot-fresque-geante-promouvoir-lagriculture-vosgienne\/\"},\"author\":{\"name\":\"C D\",\"@id\":\"https:\/\/vosgesinfo.fr\/remiremontinfo\/#\/schema\/person\/3bfd164d5218a185b1db68655a265316\"},\"headline\":\"Le Thillot : une fresque g\u00e9ante pour promouvoir l\u2019agriculture vosgienne\",\"datePublished\":\"2019-07-11T14:30:09+00:00\",\"dateModified\":\"2019-07-11T14:30:09+00:00\",\"mainEntityOfPage\":{\"@id\":\"https:\/\/vosgesinfo.fr\/remiremontinfo\/2019\/07\/thillot-fresque-geante-promouvoir-lagriculture-vosgienne\/\"},\"wordCount\":113,\"commentCount\":0,\"publisher\":{\"@id\":\"https:\/\/vosgesinfo.fr\/remiremontinfo\/#organization\"},\"image\":{\"@id\":\"https:\/\/vosgesinfo.fr\/remiremontinfo\/2019\/07\/thillot-fresque-geante-promouvoir-lagriculture-vosgienne\/#primaryimage\"},\"thumbnailUrl\":\"https:\/\/vosgesinfo.fr\/app\/uploads\/sites\/5\/2024\/09\/20190766772943-2427805707241206-9136707194618642432-o.jpg\",\"articleSection\":[\"A la Une\",\"Agriculture\",\"Le Thillot\",\"Le Thillot &amp; son canton\"],\"inLanguage\":\"fr-FR\",\"potentialAction\":[{\"@type\":\"CommentAction\",\"name\":\"Comment\",\"target\":[\"https:\/\/vosgesinfo.fr\/remiremontinfo\/2019\/07\/thillot-fresque-geante-promouvoir-lagriculture-vosgienne\/#respond\"]}]},{\"@type\":\"WebPage\",\"@id\":\"https:\/\/vosgesinfo.fr\/remiremontinfo\/2019\/07\/thillot-fresque-geante-promouvoir-lagriculture-vosgienne\/\",\"url\":\"https:\/\/vosgesinfo.fr\/remiremontinfo\/2019\/07\/thillot-fresque-geante-promouvoir-lagriculture-vosgienne\/\",\"name\":\"Le Thillot : une fresque g\u00e9ante pour promouvoir l\u2019agriculture vosgienne - Remiremont Info\",\"isPartOf\":{\"@id\":\"https:\/\/vosgesinfo.fr\/remiremontinfo\/#website\"},\"primaryImageOfPage\":{\"@id\":\"https:\/\/vosgesinfo.fr\/remiremontinfo\/2019\/07\/thillot-fresque-geante-promouvoir-lagriculture-vosgienne\/#primaryimage\"},\"image\":{\"@id\":\"https:\/\/vosgesinfo.fr\/remiremontinfo\/2019\/07\/thillot-fresque-geante-promouvoir-lagriculture-vosgienne\/#primaryimage\"},\"thumbnailUrl\":\"https:\/\/vosgesinfo.fr\/app\/uploads\/sites\/5\/2024\/09\/20190766772943-2427805707241206-9136707194618642432-o.jpg\",\"datePublished\":\"2019-07-11T14:30:09+00:00\",\"dateModified\":\"2019-07-11T14:30:09+00:00\",\"breadcrumb\":{\"@id\":\"https:\/\/vosgesinfo.fr\/remiremontinfo\/2019\/07\/thillot-fresque-geante-promouvoir-lagriculture-vosgienne\/#breadcrumb\"},\"inLanguage\":\"fr-FR\",\"potentialAction\":[{\"@type\":\"ReadAction\",\"target\":[\"https:\/\/vosgesinfo.fr\/remiremontinfo\/2019\/07\/thillot-fresque-geante-promouvoir-lagriculture-vosgienne\/\"]}]},{\"@type\":\"ImageObject\",\"inLanguage\":\"fr-FR\",\"@id\":\"https:\/\/vosgesinfo.fr\/remiremontinfo\/2019\/07\/thillot-fresque-geante-promouvoir-lagriculture-vosgienne\/#primaryimage\",\"url\":\"https:\/\/vosgesinfo.fr\/app\/uploads\/sites\/5\/2024\/09\/20190766772943-2427805707241206-9136707194618642432-o.jpg\",\"contentUrl\":\"https:\/\/vosgesinfo.fr\/app\/uploads\/sites\/5\/2024\/09\/20190766772943-2427805707241206-9136707194618642432-o.jpg\",\"width\":2000,\"height\":1500},{\"@type\":\"BreadcrumbList\",\"@id\":\"https:\/\/vosgesinfo.fr\/remiremontinfo\/2019\/07\/thillot-fresque-geante-promouvoir-lagriculture-vosgienne\/#breadcrumb\",\"itemListElement\":[{\"@type\":\"ListItem\",\"position\":1,\"name\":\"Home\",\"item\":\"https:\/\/vosgesinfo.fr\/remiremontinfo\/\"},{\"@type\":\"ListItem\",\"position\":2,\"name\":\"Le Thillot : une fresque g\u00e9ante pour promouvoir l\u2019agriculture vosgienne\"}]},{\"@type\":\"WebSite\",\"@id\":\"https:\/\/vosgesinfo.fr\/remiremontinfo\/#website\",\"url\":\"https:\/\/vosgesinfo.fr\/remiremontinfo\/\",\"name\":\"Remiremont Info\",\"description\":\"Toute l&#039;actualit\u00e9 de Remiremont\",\"publisher\":{\"@id\":\"https:\/\/vosgesinfo.fr\/remiremontinfo\/#organization\"},\"alternateName\":\"Toute l'actualit\u00e9 de Remiremont\",\"potentialAction\":[{\"@type\":\"SearchAction\",\"target\":{\"@type\":\"EntryPoint\",\"urlTemplate\":\"https:\/\/vosgesinfo.fr\/remiremontinfo\/?s={search_term_string}\"},\"query-input\":\"required name=search_term_string\"}],\"inLanguage\":\"fr-FR\"},{\"@type\":\"Organization\",\"@id\":\"https:\/\/vosgesinfo.fr\/remiremontinfo\/#organization\",\"name\":\"Remiremont Info\",\"url\":\"https:\/\/vosgesinfo.fr\/remiremontinfo\/\",\"logo\":{\"@type\":\"ImageObject\",\"inLanguage\":\"fr-FR\",\"@id\":\"https:\/\/vosgesinfo.fr\/remiremontinfo\/#\/schema\/logo\/image\/\",\"url\":\"https:\/\/vosgesinfo.fr\/app\/uploads\/sites\/5\/2023\/08\/favicon-remiremontinfo.png\",\"contentUrl\":\"https:\/\/vosgesinfo.fr\/app\/uploads\/sites\/5\/2023\/08\/favicon-remiremontinfo.png\",\"width\":512,\"height\":512,\"caption\":\"Remiremont Info\"},\"image\":{\"@id\":\"https:\/\/vosgesinfo.fr\/remiremontinfo\/#\/schema\/logo\/image\/\"},\"sameAs\":[\"https:\/\/www.facebook.com\/remiremontinfo\",\"https:\/\/x.com\/VosgesInfo88\",\"https:\/\/www.youtube.com\/@vosgesinfo\"]},{\"@type\":\"Person\",\"@id\":\"https:\/\/vosgesinfo.fr\/remiremontinfo\/#\/schema\/person\/3bfd164d5218a185b1db68655a265316\",\"name\":\"C D\",\"image\":{\"@type\":\"ImageObject\",\"inLanguage\":\"fr-FR\",\"@id\":\"https:\/\/vosgesinfo.fr\/remiremontinfo\/#\/schema\/person\/image\/\",\"url\":\"https:\/\/secure.gravatar.com\/avatar\/1f9a70007336511a47468b8f1c66f922b8b7cf617b02a31149ada43893a5d48f?s=96&d=mm&r=g\",\"contentUrl\":\"https:\/\/secure.gravatar.com\/avatar\/1f9a70007336511a47468b8f1c66f922b8b7cf617b02a31149ada43893a5d48f?s=96&d=mm&r=g\",\"caption\":\"C D\"},\"url\":\"https:\/\/vosgesinfo.fr\/remiremontinfo\/author\/cedric-drevet\/\"}]}<\/script>\n<!-- \/ Yoast SEO plugin. -->","yoast_head_json":{"title":"Le Thillot : une fresque g\u00e9ante pour promouvoir l\u2019agriculture vosgienne - Remiremont Info","robots":{"index":"index","follow":"follow","max-snippet":"max-snippet:-1","max-image-preview":"max-image-preview:large","max-video-preview":"max-video-preview:-1"},"canonical":"https:\/\/vosgesinfo.fr\/remiremontinfo\/2019\/07\/thillot-fresque-geante-promouvoir-lagriculture-vosgienne\/","twitter_card":"summary_large_image","twitter_title":"Le Thillot : une fresque g\u00e9ante pour promouvoir l\u2019agriculture vosgienne - Remiremont Info","twitter_description":"A l\u2019occasion du passage de la 6\u00e8me \u00e9tape du Tour de France ce jeudi apr\u00e8s midi, des agriculteurs ont d\u00e9cid\u00e9 [&hellip;]","twitter_image":"https:\/\/vosgesinfo.fr\/app\/uploads\/sites\/5\/2024\/09\/20190766772943-2427805707241206-9136707194618642432-o.jpg","twitter_creator":"@VosgesInfo88","twitter_site":"@VosgesInfo88","twitter_misc":{"\u00c9crit par":"C D","Dur\u00e9e de lecture estim\u00e9e":"1 minute"},"schema":{"@context":"https:\/\/schema.org","@graph":[{"@type":"Article","@id":"https:\/\/vosgesinfo.fr\/remiremontinfo\/2019\/07\/thillot-fresque-geante-promouvoir-lagriculture-vosgienne\/#article","isPartOf":{"@id":"https:\/\/vosgesinfo.fr\/remiremontinfo\/2019\/07\/thillot-fresque-geante-promouvoir-lagriculture-vosgienne\/"},"author":{"name":"C D","@id":"https:\/\/vosgesinfo.fr\/remiremontinfo\/#\/schema\/person\/3bfd164d5218a185b1db68655a265316"},"headline":"Le Thillot : une fresque g\u00e9ante pour promouvoir l\u2019agriculture vosgienne","datePublished":"2019-07-11T14:30:09+00:00","dateModified":"2019-07-11T14:30:09+00:00","mainEntityOfPage":{"@id":"https:\/\/vosgesinfo.fr\/remiremontinfo\/2019\/07\/thillot-fresque-geante-promouvoir-lagriculture-vosgienne\/"},"wordCount":113,"commentCount":0,"publisher":{"@id":"https:\/\/vosgesinfo.fr\/remiremontinfo\/#organization"},"image":{"@id":"https:\/\/vosgesinfo.fr\/remiremontinfo\/2019\/07\/thillot-fresque-geante-promouvoir-lagriculture-vosgienne\/#primaryimage"},"thumbnailUrl":"https:\/\/vosgesinfo.fr\/app\/uploads\/sites\/5\/2024\/09\/20190766772943-2427805707241206-9136707194618642432-o.jpg","articleSection":["A la Une","Agriculture","Le Thillot","Le Thillot &amp; son canton"],"inLanguage":"fr-FR","potentialAction":[{"@type":"CommentAction","name":"Comment","target":["https:\/\/vosgesinfo.fr\/remiremontinfo\/2019\/07\/thillot-fresque-geante-promouvoir-lagriculture-vosgienne\/#respond"]}]},{"@type":"WebPage","@id":"https:\/\/vosgesinfo.fr\/remiremontinfo\/2019\/07\/thillot-fresque-geante-promouvoir-lagriculture-vosgienne\/","url":"https:\/\/vosgesinfo.fr\/remiremontinfo\/2019\/07\/thillot-fresque-geante-promouvoir-lagriculture-vosgienne\/","name":"Le Thillot : une fresque g\u00e9ante pour promouvoir l\u2019agriculture vosgienne - Remiremont Info","isPartOf":{"@id":"https:\/\/vosgesinfo.fr\/remiremontinfo\/#website"},"primaryImageOfPage":{"@id":"https:\/\/vosgesinfo.fr\/remiremontinfo\/2019\/07\/thillot-fresque-geante-promouvoir-lagriculture-vosgienne\/#primaryimage"},"image":{"@id":"https:\/\/vosgesinfo.fr\/remiremontinfo\/2019\/07\/thillot-fresque-geante-promouvoir-lagriculture-vosgienne\/#primaryimage"},"thumbnailUrl":"https:\/\/vosgesinfo.fr\/app\/uploads\/sites\/5\/2024\/09\/20190766772943-2427805707241206-9136707194618642432-o.jpg","datePublished":"2019-07-11T14:30:09+00:00","dateModified":"2019-07-11T14:30:09+00:00","breadcrumb":{"@id":"https:\/\/vosgesinfo.fr\/remiremontinfo\/2019\/07\/thillot-fresque-geante-promouvoir-lagriculture-vosgienne\/#breadcrumb"},"inLanguage":"fr-FR","potentialAction":[{"@type":"ReadAction","target":["https:\/\/vosgesinfo.fr\/remiremontinfo\/2019\/07\/thillot-fresque-geante-promouvoir-lagriculture-vosgienne\/"]}]},{"@type":"ImageObject","inLanguage":"fr-FR","@id":"https:\/\/vosgesinfo.fr\/remiremontinfo\/2019\/07\/thillot-fresque-geante-promouvoir-lagriculture-vosgienne\/#primaryimage","url":"https:\/\/vosgesinfo.fr\/app\/uploads\/sites\/5\/2024\/09\/20190766772943-2427805707241206-9136707194618642432-o.jpg","contentUrl":"https:\/\/vosgesinfo.fr\/app\/uploads\/sites\/5\/2024\/09\/20190766772943-2427805707241206-9136707194618642432-o.jpg","width":2000,"height":1500},{"@type":"BreadcrumbList","@id":"https:\/\/vosgesinfo.fr\/remiremontinfo\/2019\/07\/thillot-fresque-geante-promouvoir-lagriculture-vosgienne\/#breadcrumb","itemListElement":[{"@type":"ListItem","position":1,"name":"Home","item":"https:\/\/vosgesinfo.fr\/remiremontinfo\/"},{"@type":"ListItem","position":2,"name":"Le Thillot : une fresque g\u00e9ante pour promouvoir l\u2019agriculture vosgienne"}]},{"@type":"WebSite","@id":"https:\/\/vosgesinfo.fr\/remiremontinfo\/#website","url":"https:\/\/vosgesinfo.fr\/remiremontinfo\/","name":"Remiremont Info","description":"Toute l&#039;actualit\u00e9 de Remiremont","publisher":{"@id":"https:\/\/vosgesinfo.fr\/remiremontinfo\/#organization"},"alternateName":"Toute l'actualit\u00e9 de Remiremont","potentialAction":[{"@type":"SearchAction","target":{"@type":"EntryPoint","urlTemplate":"https:\/\/vosgesinfo.fr\/remiremontinfo\/?s={search_term_string}"},"query-input":"required name=search_term_string"}],"inLanguage":"fr-FR"},{"@type":"Organization","@id":"https:\/\/vosgesinfo.fr\/remiremontinfo\/#organization","name":"Remiremont Info","url":"https:\/\/vosgesinfo.fr\/remiremontinfo\/","logo":{"@type":"ImageObject","inLanguage":"fr-FR","@id":"https:\/\/vosgesinfo.fr\/remiremontinfo\/#\/schema\/logo\/image\/","url":"https:\/\/vosgesinfo.fr\/app\/uploads\/sites\/5\/2023\/08\/favicon-remiremontinfo.png","contentUrl":"https:\/\/vosgesinfo.fr\/app\/uploads\/sites\/5\/2023\/08\/favicon-remiremontinfo.png","width":512,"height":512,"caption":"Remiremont Info"},"image":{"@id":"https:\/\/vosgesinfo.fr\/remiremontinfo\/#\/schema\/logo\/image\/"},"sameAs":["https:\/\/www.facebook.com\/remiremontinfo","https:\/\/x.com\/VosgesInfo88","https:\/\/www.youtube.com\/@vosgesinfo"]},{"@type":"Person","@id":"https:\/\/vosgesinfo.fr\/remiremontinfo\/#\/schema\/person\/3bfd164d5218a185b1db68655a265316","name":"C D","image":{"@type":"ImageObject","inLanguage":"fr-FR","@id":"https:\/\/vosgesinfo.fr\/remiremontinfo\/#\/schema\/person\/image\/","url":"https:\/\/secure.gravatar.com\/avatar\/1f9a70007336511a47468b8f1c66f922b8b7cf617b02a31149ada43893a5d48f?s=96&d=mm&r=g","contentUrl":"https:\/\/secure.gravatar.com\/avatar\/1f9a70007336511a47468b8f1c66f922b8b7cf617b02a31149ada43893a5d48f?s=96&d=mm&r=g","caption":"C D"},"url":"https:\/\/vosgesinfo.fr\/remiremontinfo\/author\/cedric-drevet\/"}]}},"_links":{"self":[{"href":"https:\/\/vosgesinfo.fr\/remiremontinfo\/wp-json\/wp\/v2\/posts\/17472","targetHints":{"allow":["GET"]}}],"collection":[{"href":"https:\/\/vosgesinfo.fr\/remiremontinfo\/wp-json\/wp\/v2\/posts"}],"about":[{"href":"https:\/\/vosgesinfo.fr\/remiremontinfo\/wp-json\/wp\/v2\/types\/post"}],"author":[{"embeddable":true,"href":"https:\/\/vosgesinfo.fr\/remiremontinfo\/wp-json\/wp\/v2\/users\/407"}],"replies":[{"embeddable":true,"href":"https:\/\/vosgesinfo.fr\/remiremontinfo\/wp-json\/wp\/v2\/comments?post=17472"}],"version-history":[{"count":0,"href":"https:\/\/vosgesinfo.fr\/remiremontinfo\/wp-json\/wp\/v2\/posts\/17472\/revisions"}],"wp:featuredmedia":[{"embeddable":true,"href":"https:\/\/vosgesinfo.fr\/remiremontinfo\/wp-json\/wp\/v2\/media\/17473"}],"wp:attachment":[{"href":"https:\/\/vosgesinfo.fr\/remiremontinfo\/wp-json\/wp\/v2\/media?parent=17472"}],"wp:term":[{"taxonomy":"category","embeddable":true,"href":"https:\/\/vosgesinfo.fr\/remiremontinfo\/wp-json\/wp\/v2\/categories?post=17472"},{"taxonomy":"post_tag","embeddable":true,"href":"https:\/\/vosgesinfo.fr\/remiremontinfo\/wp-json\/wp\/v2\/tags?post=17472"}],"curies":[{"name":"wp","href":"https:\/\/api.w.org\/{rel}","templated":true}]}}