{"id":17537,"date":"2019-07-13T07:43:27","date_gmt":"2019-07-13T05:43:27","guid":{"rendered":"https:\/\/vosgesinfo.fr\/remiremontinfo\/2019\/07\/remiremont-premier-concert-9eme-edition-festival-international-dorchestres-de-mandolines-de-guitares\/"},"modified":"2019-07-13T07:43:27","modified_gmt":"2019-07-13T05:43:27","slug":"remiremont-premier-concert-9eme-edition-festival-international-dorchestres-de-mandolines-de-guitares","status":"publish","type":"post","link":"https:\/\/vosgesinfo.fr\/remiremontinfo\/2019\/07\/remiremont-premier-concert-9eme-edition-festival-international-dorchestres-de-mandolines-de-guitares\/","title":{"rendered":"Remiremont : premier concert pour la 9\u00e8me \u00e9dition du Festival International d\u2019Orchestres de Mandolines et de Guitares"},"content":{"rendered":"<h2 class=\"p2\"><a href=\"\/2019\/07\/1210431.jpg\"><img decoding=\"async\" class=\"alignnone size-full wp-image-263980\" src=\"\/2019\/07\/1210431.jpg\" alt=\"1210431\" width=\"2048\" height=\"1536\" \/><\/a><\/h2>\n<h2 class=\"p2\"><span style=\"font-size: 12pt;\"><strong><span class=\"s1\">Le premier d\u2019une s\u00e9rie de 3 concerts a eu lieu ce vendredi soir au Palais des Congr\u00e8s de Remiremont dans le cadre de la 9\u00e8me \u00e9dition du Festival International d\u2019Orchestres de Mandolines et de Guitares. Une tr\u00e8s belle r\u00e9ussite !\u00a0<\/span><\/strong><\/span><\/h2>\n<p class=\"p2\"><span class=\"s1\">L\u2019estudiantina d\u2019Annecy, tout r\u00e9cemment reconduit lors du Concours de Marseille, dans la cat\u00e9gorie Excellence de la Conf\u00e9d\u00e9ration musicale de France, a ouvert la soir\u00e9e sous la baguette de Natalia KORSAK, concertiste en mandoline et Domra. L\u2019orchestre sera ce samedi en repr\u00e9sentation de 16h30 \u00e0 17h15 au Rhumont.<\/span><\/p>\n<p class=\"p2\"><span class=\"s1\">L\u2019orchestre Vivaldi de KARLSFELD (Allemagne), a jou\u00e9 l\u2019\u0153uvre \u00ab la l\u00e9gende d\u2019Ulysse \u00bb en pr\u00e9sence de son compositeur, Francesco CIVITAREALE, dont l\u2019oeuvre est pr\u00e9sent\u00e9e pour la 2\u00e8me fois en Europe. C\u2019est le Septuor Mandolin Band \u00ab Elena Genova \u00bb de Bulgarie, r\u00e9f\u00e9rence de la mandoline dans les Balkans, qui a cl\u00f4tur\u00e9 cette premi\u00e8re soir\u00e9e. Les musiciens seront en concert ce samedi de 16h30 \u00e0 17h, sur la place de l\u2019Abbaye, devant l\u2019Hotel de Ville.<\/span><\/p>\n<p class=\"p2\"><strong><em><span class=\"s1\">Deux autres concerts vont avoir lieu ce week-end au Centre des Congr\u00e8s :<\/span><\/em><\/strong><\/p>\n<p class=\"p2\"><em><strong><span class=\"s1\">Samedi 13 juillet 2019 \u00e0 20h<\/span><\/strong><\/em><\/p>\n<ul>\n<li class=\"p2\"><span class=\"s1\">Orchestra a plettro Citt\u00e0 di Milano \u2013 MILAN (Italie)<\/span><\/li>\n<li class=\"p2\">Victorya Trio \u2013 CASERTA (Italie)<\/li>\n<li class=\"p2\">Orquesta de Pulso y P\u00faa de la Universidad Complutense de Madrid<span class=\"Apple-converted-space\">\u00a0 <\/span>\u2013 MADRID (Espagne)<\/li>\n<\/ul>\n<p class=\"p2\"><em><strong><span class=\"s1\">Dimanche 14 juillet 2019 \u00e0 14H30<\/span><\/strong><\/em><\/p>\n<ul>\n<li class=\"p2\"><span class=\"s1\">Orchestre de Mandolines &amp; Guitares- REMIREMONT (France)<\/span><\/li>\n<li class=\"p2\">Trio Dom Ra \u2013 PERM (Russie)<\/li>\n<li class=\"p2\">Orquestas de Plectro de C\u00f3rdoba y Espiel junto con Paco Serrano \u2013 ESPIEL CORDOBA (Espagne)<\/li>\n<\/ul>\n<p class=\"p2\"><span class=\"s1\">Lors de ce dernier concert de l\u2019\u00e9dition 2019, les musiciens de tous les orchestres du Festival joueront ensemble la Danse Macabre (de Camille Saint-Sa\u00ebns), et Aquarela do Brasil (de Arry Barroso).<\/span><\/p>\n<p class=\"p2\"><span class=\"s1\">Point rencontre, renseignements et achat des billets : 14 rue des Pr\u00eatres<span class=\"Apple-converted-space\">\u00a0 <\/span>\u00e0 proximit\u00e9 de l\u2019H\u00f4tel de Ville (ex locaux de l\u2019OMSLC). Samedi 13 juillet de 10h \u00e0 12h et de 14h \u00e0 18h. Dimanche 14 juillet : de 10h \u00e0 12h (renseignements uniquement). Les billets pourront aussi \u00eatre achet\u00e9s \u00e0 l\u2019entr\u00e9e des concerts.<\/span><\/p>\n\n","protected":false},"excerpt":{"rendered":"<p>Le premier d\u2019une s\u00e9rie de 3 concerts a eu lieu ce vendredi soir au Palais des Congr\u00e8s de Remiremont dans [&hellip;]<\/p>\n","protected":false},"author":407,"featured_media":17538,"comment_status":"open","ping_status":"open","sticky":false,"template":"","format":"standard","meta":{"footnotes":""},"categories":[26,4,54,1556,35],"tags":[],"class_list":["post-17537","post","type-post","status-publish","format-standard","has-post-thumbnail","hentry","category-a-la-une","category-culture","category-loisirs","category-remiremont-remiremont-son-canton-2","category-remiremont-son-canton"],"acf":[],"yoast_head":"<!-- This site is optimized with the Yoast SEO plugin v22.5 - https:\/\/yoast.com\/wordpress\/plugins\/seo\/ -->\n<title>Remiremont : premier concert pour la 9\u00e8me \u00e9dition du Festival International d\u2019Orchestres de Mandolines et de Guitares - Remiremont Info<\/title>\n<meta name=\"robots\" content=\"index, follow, max-snippet:-1, max-image-preview:large, max-video-preview:-1\" \/>\n<link rel=\"canonical\" href=\"https:\/\/vosgesinfo.fr\/remiremontinfo\/2019\/07\/remiremont-premier-concert-9eme-edition-festival-international-dorchestres-de-mandolines-de-guitares\/\" \/>\n<meta name=\"twitter:card\" content=\"summary_large_image\" \/>\n<meta name=\"twitter:title\" content=\"Remiremont : premier concert pour la 9\u00e8me \u00e9dition du Festival International d\u2019Orchestres de Mandolines et de Guitares - Remiremont Info\" \/>\n<meta name=\"twitter:description\" content=\"Le premier d\u2019une s\u00e9rie de 3 concerts a eu lieu ce vendredi soir au Palais des Congr\u00e8s de Remiremont dans [&hellip;]\" \/>\n<meta name=\"twitter:image\" content=\"https:\/\/vosgesinfo.fr\/app\/uploads\/sites\/5\/2024\/09\/2019071210431.jpg\" \/>\n<meta name=\"twitter:creator\" content=\"@VosgesInfo88\" \/>\n<meta name=\"twitter:site\" content=\"@VosgesInfo88\" \/>\n<meta name=\"twitter:label1\" content=\"\u00c9crit par\" \/>\n\t<meta name=\"twitter:data1\" content=\"C D\" \/>\n\t<meta name=\"twitter:label2\" content=\"Dur\u00e9e de lecture estim\u00e9e\" \/>\n\t<meta name=\"twitter:data2\" content=\"2 minutes\" \/>\n<script type=\"application\/ld+json\" class=\"yoast-schema-graph\">{\"@context\":\"https:\/\/schema.org\",\"@graph\":[{\"@type\":\"Article\",\"@id\":\"https:\/\/vosgesinfo.fr\/remiremontinfo\/2019\/07\/remiremont-premier-concert-9eme-edition-festival-international-dorchestres-de-mandolines-de-guitares\/#article\",\"isPartOf\":{\"@id\":\"https:\/\/vosgesinfo.fr\/remiremontinfo\/2019\/07\/remiremont-premier-concert-9eme-edition-festival-international-dorchestres-de-mandolines-de-guitares\/\"},\"author\":{\"name\":\"C D\",\"@id\":\"https:\/\/vosgesinfo.fr\/remiremontinfo\/#\/schema\/person\/3bfd164d5218a185b1db68655a265316\"},\"headline\":\"Remiremont : premier concert pour la 9\u00e8me \u00e9dition du Festival International d\u2019Orchestres de Mandolines et de Guitares\",\"datePublished\":\"2019-07-13T05:43:27+00:00\",\"dateModified\":\"2019-07-13T05:43:27+00:00\",\"mainEntityOfPage\":{\"@id\":\"https:\/\/vosgesinfo.fr\/remiremontinfo\/2019\/07\/remiremont-premier-concert-9eme-edition-festival-international-dorchestres-de-mandolines-de-guitares\/\"},\"wordCount\":364,\"commentCount\":0,\"publisher\":{\"@id\":\"https:\/\/vosgesinfo.fr\/remiremontinfo\/#organization\"},\"image\":{\"@id\":\"https:\/\/vosgesinfo.fr\/remiremontinfo\/2019\/07\/remiremont-premier-concert-9eme-edition-festival-international-dorchestres-de-mandolines-de-guitares\/#primaryimage\"},\"thumbnailUrl\":\"https:\/\/vosgesinfo.fr\/app\/uploads\/sites\/5\/2024\/09\/2019071210431.jpg\",\"articleSection\":[\"A la Une\",\"Culture\",\"Loisirs\",\"Remiremont\",\"Remiremont &amp; son canton\"],\"inLanguage\":\"fr-FR\",\"potentialAction\":[{\"@type\":\"CommentAction\",\"name\":\"Comment\",\"target\":[\"https:\/\/vosgesinfo.fr\/remiremontinfo\/2019\/07\/remiremont-premier-concert-9eme-edition-festival-international-dorchestres-de-mandolines-de-guitares\/#respond\"]}]},{\"@type\":\"WebPage\",\"@id\":\"https:\/\/vosgesinfo.fr\/remiremontinfo\/2019\/07\/remiremont-premier-concert-9eme-edition-festival-international-dorchestres-de-mandolines-de-guitares\/\",\"url\":\"https:\/\/vosgesinfo.fr\/remiremontinfo\/2019\/07\/remiremont-premier-concert-9eme-edition-festival-international-dorchestres-de-mandolines-de-guitares\/\",\"name\":\"Remiremont : premier concert pour la 9\u00e8me \u00e9dition du Festival International d\u2019Orchestres de Mandolines et de Guitares - Remiremont Info\",\"isPartOf\":{\"@id\":\"https:\/\/vosgesinfo.fr\/remiremontinfo\/#website\"},\"primaryImageOfPage\":{\"@id\":\"https:\/\/vosgesinfo.fr\/remiremontinfo\/2019\/07\/remiremont-premier-concert-9eme-edition-festival-international-dorchestres-de-mandolines-de-guitares\/#primaryimage\"},\"image\":{\"@id\":\"https:\/\/vosgesinfo.fr\/remiremontinfo\/2019\/07\/remiremont-premier-concert-9eme-edition-festival-international-dorchestres-de-mandolines-de-guitares\/#primaryimage\"},\"thumbnailUrl\":\"https:\/\/vosgesinfo.fr\/app\/uploads\/sites\/5\/2024\/09\/2019071210431.jpg\",\"datePublished\":\"2019-07-13T05:43:27+00:00\",\"dateModified\":\"2019-07-13T05:43:27+00:00\",\"breadcrumb\":{\"@id\":\"https:\/\/vosgesinfo.fr\/remiremontinfo\/2019\/07\/remiremont-premier-concert-9eme-edition-festival-international-dorchestres-de-mandolines-de-guitares\/#breadcrumb\"},\"inLanguage\":\"fr-FR\",\"potentialAction\":[{\"@type\":\"ReadAction\",\"target\":[\"https:\/\/vosgesinfo.fr\/remiremontinfo\/2019\/07\/remiremont-premier-concert-9eme-edition-festival-international-dorchestres-de-mandolines-de-guitares\/\"]}]},{\"@type\":\"ImageObject\",\"inLanguage\":\"fr-FR\",\"@id\":\"https:\/\/vosgesinfo.fr\/remiremontinfo\/2019\/07\/remiremont-premier-concert-9eme-edition-festival-international-dorchestres-de-mandolines-de-guitares\/#primaryimage\",\"url\":\"https:\/\/vosgesinfo.fr\/app\/uploads\/sites\/5\/2024\/09\/2019071210431.jpg\",\"contentUrl\":\"https:\/\/vosgesinfo.fr\/app\/uploads\/sites\/5\/2024\/09\/2019071210431.jpg\",\"width\":2048,\"height\":1536},{\"@type\":\"BreadcrumbList\",\"@id\":\"https:\/\/vosgesinfo.fr\/remiremontinfo\/2019\/07\/remiremont-premier-concert-9eme-edition-festival-international-dorchestres-de-mandolines-de-guitares\/#breadcrumb\",\"itemListElement\":[{\"@type\":\"ListItem\",\"position\":1,\"name\":\"Home\",\"item\":\"https:\/\/vosgesinfo.fr\/remiremontinfo\/\"},{\"@type\":\"ListItem\",\"position\":2,\"name\":\"Remiremont : premier concert pour la 9\u00e8me \u00e9dition du Festival International d\u2019Orchestres de Mandolines et de Guitares\"}]},{\"@type\":\"WebSite\",\"@id\":\"https:\/\/vosgesinfo.fr\/remiremontinfo\/#website\",\"url\":\"https:\/\/vosgesinfo.fr\/remiremontinfo\/\",\"name\":\"Remiremont Info\",\"description\":\"Toute l&#039;actualit\u00e9 de Remiremont\",\"publisher\":{\"@id\":\"https:\/\/vosgesinfo.fr\/remiremontinfo\/#organization\"},\"alternateName\":\"Toute l'actualit\u00e9 de Remiremont\",\"potentialAction\":[{\"@type\":\"SearchAction\",\"target\":{\"@type\":\"EntryPoint\",\"urlTemplate\":\"https:\/\/vosgesinfo.fr\/remiremontinfo\/?s={search_term_string}\"},\"query-input\":\"required name=search_term_string\"}],\"inLanguage\":\"fr-FR\"},{\"@type\":\"Organization\",\"@id\":\"https:\/\/vosgesinfo.fr\/remiremontinfo\/#organization\",\"name\":\"Remiremont Info\",\"url\":\"https:\/\/vosgesinfo.fr\/remiremontinfo\/\",\"logo\":{\"@type\":\"ImageObject\",\"inLanguage\":\"fr-FR\",\"@id\":\"https:\/\/vosgesinfo.fr\/remiremontinfo\/#\/schema\/logo\/image\/\",\"url\":\"https:\/\/vosgesinfo.fr\/app\/uploads\/sites\/5\/2023\/08\/favicon-remiremontinfo.png\",\"contentUrl\":\"https:\/\/vosgesinfo.fr\/app\/uploads\/sites\/5\/2023\/08\/favicon-remiremontinfo.png\",\"width\":512,\"height\":512,\"caption\":\"Remiremont Info\"},\"image\":{\"@id\":\"https:\/\/vosgesinfo.fr\/remiremontinfo\/#\/schema\/logo\/image\/\"},\"sameAs\":[\"https:\/\/www.facebook.com\/remiremontinfo\",\"https:\/\/x.com\/VosgesInfo88\",\"https:\/\/www.youtube.com\/@vosgesinfo\"]},{\"@type\":\"Person\",\"@id\":\"https:\/\/vosgesinfo.fr\/remiremontinfo\/#\/schema\/person\/3bfd164d5218a185b1db68655a265316\",\"name\":\"C D\",\"image\":{\"@type\":\"ImageObject\",\"inLanguage\":\"fr-FR\",\"@id\":\"https:\/\/vosgesinfo.fr\/remiremontinfo\/#\/schema\/person\/image\/\",\"url\":\"https:\/\/secure.gravatar.com\/avatar\/1f9a70007336511a47468b8f1c66f922b8b7cf617b02a31149ada43893a5d48f?s=96&d=mm&r=g\",\"contentUrl\":\"https:\/\/secure.gravatar.com\/avatar\/1f9a70007336511a47468b8f1c66f922b8b7cf617b02a31149ada43893a5d48f?s=96&d=mm&r=g\",\"caption\":\"C D\"},\"url\":\"https:\/\/vosgesinfo.fr\/remiremontinfo\/author\/cedric-drevet\/\"}]}<\/script>\n<!-- \/ Yoast SEO plugin. -->","yoast_head_json":{"title":"Remiremont : premier concert pour la 9\u00e8me \u00e9dition du Festival International d\u2019Orchestres de Mandolines et de Guitares - Remiremont Info","robots":{"index":"index","follow":"follow","max-snippet":"max-snippet:-1","max-image-preview":"max-image-preview:large","max-video-preview":"max-video-preview:-1"},"canonical":"https:\/\/vosgesinfo.fr\/remiremontinfo\/2019\/07\/remiremont-premier-concert-9eme-edition-festival-international-dorchestres-de-mandolines-de-guitares\/","twitter_card":"summary_large_image","twitter_title":"Remiremont : premier concert pour la 9\u00e8me \u00e9dition du Festival International d\u2019Orchestres de Mandolines et de Guitares - Remiremont Info","twitter_description":"Le premier d\u2019une s\u00e9rie de 3 concerts a eu lieu ce vendredi soir au Palais des Congr\u00e8s de Remiremont dans [&hellip;]","twitter_image":"https:\/\/vosgesinfo.fr\/app\/uploads\/sites\/5\/2024\/09\/2019071210431.jpg","twitter_creator":"@VosgesInfo88","twitter_site":"@VosgesInfo88","twitter_misc":{"\u00c9crit par":"C D","Dur\u00e9e de lecture estim\u00e9e":"2 minutes"},"schema":{"@context":"https:\/\/schema.org","@graph":[{"@type":"Article","@id":"https:\/\/vosgesinfo.fr\/remiremontinfo\/2019\/07\/remiremont-premier-concert-9eme-edition-festival-international-dorchestres-de-mandolines-de-guitares\/#article","isPartOf":{"@id":"https:\/\/vosgesinfo.fr\/remiremontinfo\/2019\/07\/remiremont-premier-concert-9eme-edition-festival-international-dorchestres-de-mandolines-de-guitares\/"},"author":{"name":"C D","@id":"https:\/\/vosgesinfo.fr\/remiremontinfo\/#\/schema\/person\/3bfd164d5218a185b1db68655a265316"},"headline":"Remiremont : premier concert pour la 9\u00e8me \u00e9dition du Festival International d\u2019Orchestres de Mandolines et de Guitares","datePublished":"2019-07-13T05:43:27+00:00","dateModified":"2019-07-13T05:43:27+00:00","mainEntityOfPage":{"@id":"https:\/\/vosgesinfo.fr\/remiremontinfo\/2019\/07\/remiremont-premier-concert-9eme-edition-festival-international-dorchestres-de-mandolines-de-guitares\/"},"wordCount":364,"commentCount":0,"publisher":{"@id":"https:\/\/vosgesinfo.fr\/remiremontinfo\/#organization"},"image":{"@id":"https:\/\/vosgesinfo.fr\/remiremontinfo\/2019\/07\/remiremont-premier-concert-9eme-edition-festival-international-dorchestres-de-mandolines-de-guitares\/#primaryimage"},"thumbnailUrl":"https:\/\/vosgesinfo.fr\/app\/uploads\/sites\/5\/2024\/09\/2019071210431.jpg","articleSection":["A la Une","Culture","Loisirs","Remiremont","Remiremont &amp; son canton"],"inLanguage":"fr-FR","potentialAction":[{"@type":"CommentAction","name":"Comment","target":["https:\/\/vosgesinfo.fr\/remiremontinfo\/2019\/07\/remiremont-premier-concert-9eme-edition-festival-international-dorchestres-de-mandolines-de-guitares\/#respond"]}]},{"@type":"WebPage","@id":"https:\/\/vosgesinfo.fr\/remiremontinfo\/2019\/07\/remiremont-premier-concert-9eme-edition-festival-international-dorchestres-de-mandolines-de-guitares\/","url":"https:\/\/vosgesinfo.fr\/remiremontinfo\/2019\/07\/remiremont-premier-concert-9eme-edition-festival-international-dorchestres-de-mandolines-de-guitares\/","name":"Remiremont : premier concert pour la 9\u00e8me \u00e9dition du Festival International d\u2019Orchestres de Mandolines et de Guitares - Remiremont Info","isPartOf":{"@id":"https:\/\/vosgesinfo.fr\/remiremontinfo\/#website"},"primaryImageOfPage":{"@id":"https:\/\/vosgesinfo.fr\/remiremontinfo\/2019\/07\/remiremont-premier-concert-9eme-edition-festival-international-dorchestres-de-mandolines-de-guitares\/#primaryimage"},"image":{"@id":"https:\/\/vosgesinfo.fr\/remiremontinfo\/2019\/07\/remiremont-premier-concert-9eme-edition-festival-international-dorchestres-de-mandolines-de-guitares\/#primaryimage"},"thumbnailUrl":"https:\/\/vosgesinfo.fr\/app\/uploads\/sites\/5\/2024\/09\/2019071210431.jpg","datePublished":"2019-07-13T05:43:27+00:00","dateModified":"2019-07-13T05:43:27+00:00","breadcrumb":{"@id":"https:\/\/vosgesinfo.fr\/remiremontinfo\/2019\/07\/remiremont-premier-concert-9eme-edition-festival-international-dorchestres-de-mandolines-de-guitares\/#breadcrumb"},"inLanguage":"fr-FR","potentialAction":[{"@type":"ReadAction","target":["https:\/\/vosgesinfo.fr\/remiremontinfo\/2019\/07\/remiremont-premier-concert-9eme-edition-festival-international-dorchestres-de-mandolines-de-guitares\/"]}]},{"@type":"ImageObject","inLanguage":"fr-FR","@id":"https:\/\/vosgesinfo.fr\/remiremontinfo\/2019\/07\/remiremont-premier-concert-9eme-edition-festival-international-dorchestres-de-mandolines-de-guitares\/#primaryimage","url":"https:\/\/vosgesinfo.fr\/app\/uploads\/sites\/5\/2024\/09\/2019071210431.jpg","contentUrl":"https:\/\/vosgesinfo.fr\/app\/uploads\/sites\/5\/2024\/09\/2019071210431.jpg","width":2048,"height":1536},{"@type":"BreadcrumbList","@id":"https:\/\/vosgesinfo.fr\/remiremontinfo\/2019\/07\/remiremont-premier-concert-9eme-edition-festival-international-dorchestres-de-mandolines-de-guitares\/#breadcrumb","itemListElement":[{"@type":"ListItem","position":1,"name":"Home","item":"https:\/\/vosgesinfo.fr\/remiremontinfo\/"},{"@type":"ListItem","position":2,"name":"Remiremont : premier concert pour la 9\u00e8me \u00e9dition du Festival International d\u2019Orchestres de Mandolines et de Guitares"}]},{"@type":"WebSite","@id":"https:\/\/vosgesinfo.fr\/remiremontinfo\/#website","url":"https:\/\/vosgesinfo.fr\/remiremontinfo\/","name":"Remiremont Info","description":"Toute l&#039;actualit\u00e9 de Remiremont","publisher":{"@id":"https:\/\/vosgesinfo.fr\/remiremontinfo\/#organization"},"alternateName":"Toute l'actualit\u00e9 de Remiremont","potentialAction":[{"@type":"SearchAction","target":{"@type":"EntryPoint","urlTemplate":"https:\/\/vosgesinfo.fr\/remiremontinfo\/?s={search_term_string}"},"query-input":"required name=search_term_string"}],"inLanguage":"fr-FR"},{"@type":"Organization","@id":"https:\/\/vosgesinfo.fr\/remiremontinfo\/#organization","name":"Remiremont Info","url":"https:\/\/vosgesinfo.fr\/remiremontinfo\/","logo":{"@type":"ImageObject","inLanguage":"fr-FR","@id":"https:\/\/vosgesinfo.fr\/remiremontinfo\/#\/schema\/logo\/image\/","url":"https:\/\/vosgesinfo.fr\/app\/uploads\/sites\/5\/2023\/08\/favicon-remiremontinfo.png","contentUrl":"https:\/\/vosgesinfo.fr\/app\/uploads\/sites\/5\/2023\/08\/favicon-remiremontinfo.png","width":512,"height":512,"caption":"Remiremont Info"},"image":{"@id":"https:\/\/vosgesinfo.fr\/remiremontinfo\/#\/schema\/logo\/image\/"},"sameAs":["https:\/\/www.facebook.com\/remiremontinfo","https:\/\/x.com\/VosgesInfo88","https:\/\/www.youtube.com\/@vosgesinfo"]},{"@type":"Person","@id":"https:\/\/vosgesinfo.fr\/remiremontinfo\/#\/schema\/person\/3bfd164d5218a185b1db68655a265316","name":"C D","image":{"@type":"ImageObject","inLanguage":"fr-FR","@id":"https:\/\/vosgesinfo.fr\/remiremontinfo\/#\/schema\/person\/image\/","url":"https:\/\/secure.gravatar.com\/avatar\/1f9a70007336511a47468b8f1c66f922b8b7cf617b02a31149ada43893a5d48f?s=96&d=mm&r=g","contentUrl":"https:\/\/secure.gravatar.com\/avatar\/1f9a70007336511a47468b8f1c66f922b8b7cf617b02a31149ada43893a5d48f?s=96&d=mm&r=g","caption":"C D"},"url":"https:\/\/vosgesinfo.fr\/remiremontinfo\/author\/cedric-drevet\/"}]}},"_links":{"self":[{"href":"https:\/\/vosgesinfo.fr\/remiremontinfo\/wp-json\/wp\/v2\/posts\/17537","targetHints":{"allow":["GET"]}}],"collection":[{"href":"https:\/\/vosgesinfo.fr\/remiremontinfo\/wp-json\/wp\/v2\/posts"}],"about":[{"href":"https:\/\/vosgesinfo.fr\/remiremontinfo\/wp-json\/wp\/v2\/types\/post"}],"author":[{"embeddable":true,"href":"https:\/\/vosgesinfo.fr\/remiremontinfo\/wp-json\/wp\/v2\/users\/407"}],"replies":[{"embeddable":true,"href":"https:\/\/vosgesinfo.fr\/remiremontinfo\/wp-json\/wp\/v2\/comments?post=17537"}],"version-history":[{"count":0,"href":"https:\/\/vosgesinfo.fr\/remiremontinfo\/wp-json\/wp\/v2\/posts\/17537\/revisions"}],"wp:featuredmedia":[{"embeddable":true,"href":"https:\/\/vosgesinfo.fr\/remiremontinfo\/wp-json\/wp\/v2\/media\/17538"}],"wp:attachment":[{"href":"https:\/\/vosgesinfo.fr\/remiremontinfo\/wp-json\/wp\/v2\/media?parent=17537"}],"wp:term":[{"taxonomy":"category","embeddable":true,"href":"https:\/\/vosgesinfo.fr\/remiremontinfo\/wp-json\/wp\/v2\/categories?post=17537"},{"taxonomy":"post_tag","embeddable":true,"href":"https:\/\/vosgesinfo.fr\/remiremontinfo\/wp-json\/wp\/v2\/tags?post=17537"}],"curies":[{"name":"wp","href":"https:\/\/api.w.org\/{rel}","templated":true}]}}