{"id":17574,"date":"2019-07-13T06:45:02","date_gmt":"2019-07-13T04:45:02","guid":{"rendered":"https:\/\/vosgesinfo.fr\/remiremontinfo\/2019\/07\/trace-vosgienne-vtt-revient-27-28-juillet\/"},"modified":"2019-07-13T06:45:02","modified_gmt":"2019-07-13T04:45:02","slug":"trace-vosgienne-vtt-revient-27-28-juillet","status":"publish","type":"post","link":"https:\/\/vosgesinfo.fr\/remiremontinfo\/2019\/07\/trace-vosgienne-vtt-revient-27-28-juillet\/","title":{"rendered":"La Trace Vosgienne VTT revient les 27 &#038; 28 juillet !"},"content":{"rendered":"<h2><a href=\"\/2019\/07\/Capture-d\u2019e\u0301cran-2019-07-13-a\u0300-10.17.33.png\"><img decoding=\"async\" class=\"alignnone size-full wp-image-264013\" src=\"\/2019\/07\/Capture-d\u2019e\u0301cran-2019-07-13-a\u0300-10.17.33.png\" alt=\"Capture d\u2019e\u0301cran 2019-07-13 a\u0300 10.17.33\" width=\"2096\" height=\"992\" \/><\/a><\/h2>\n<h2 style=\"text-align: center;\"><span style=\"font-size: 12pt;\"><strong>La Trace Vosgienne VTT revient les 27 &amp; 28 juillet ! Voici le programme :\u00a0<\/strong><\/span><\/h2>\n<p><em><strong>Samedi 27\u00a0Juillet<\/strong><\/em><br \/>\nLe Samedi c\u2019est rando ! roulez sans chrono !<br \/>\nUn bidon offert par le SIVU Tourisme remis au moment de l\u2019inscription.<\/p>\n<p>\u2022 Randonn\u00e9es : d\u00e9part entre 8h30 et 11h ( fin de rando \u00e0 17h)<br \/>\n\u2022 D\u00e9part \/ Arriv\u00e9e au Lac de XONRUPT-LONGEMER<br \/>\n\u2022 Trace Vosgienne : 14h-19h remise des dossards salle polyvalente de XONRUPT-LONGEMER<\/p>\n<p><em><strong>Dimanche 28 Juillet<\/strong><\/em><\/p>\n<ul>\n<li>D\u00e9part \/ Arriv\u00e9e au Lac de XONRUPT-LONGEMER\u00a07h20-8h30 : Remise des dossards sur le site de d\u00e9part<\/li>\n<li>9h : D\u00e9part Trace MARATHON \u2013 75 Km*<\/li>\n<\/ul>\n<p>Barri\u00e8re horaire 75 km : 11H30 \u00e0 la bifurcation 45 km \/ 75 Km. Au del\u00e0 de cet horaire, les concurrents seront redirig\u00e9s sur le parcours du 45 Km et class\u00e9s sur cette distance<\/p>\n<ul>\n<li>9h15 : D\u00e9part Trace Vosgienne \u2013 45 Km*<\/li>\n<li>9h30 : D\u00e9part Mini Trace \u2013 25 Km*<\/li>\n<li>\u00a09h40 : D\u00e9part Trace Mini Kids \u2013 1.5 Km<\/li>\n<li>9h50 : D\u00e9part Trace Kids \u2013 3 Km<\/li>\n<li>12h00 : Restauration sur le site d\u00e9part \/ arriv\u00e9e<\/li>\n<li>14h30 : Palmar\u00e8s, remise des r\u00e9compenses<br \/>\n* les distances sont donn\u00e9es \u00e0 titre indicatif \u2013 les distances exactes seront pr\u00e9cis\u00e9es sur le site d\u00e9s que le parcours sera d\u00e9finitif<\/li>\n<\/ul>\n<p><em><strong>Voici les parcours des diff\u00e9rentes courses :\u00a0<\/strong><\/em><\/p>\n\n<p><em><strong>Infos Utiles :<\/strong><\/em><\/p>\n<ul>\n<li>Cadeau souvenir \u201cTrace Vosgienne\u201d pour tous les participants : Nombreuses r\u00e9compenses sur toutes les courses. Tirage au sort apr\u00e8s le palmar\u00e8s , pr\u00e9sence obligatoire.<\/li>\n<li>Chronom\u00e9trage : par puces \u00e9lectroniques<\/li>\n<li>Prot\u00e9geons la nature : Ne jetons rien, gardons nos d\u00e9chets et d\u00e9posons-les dans les poubelles de tri pr\u00e9vues \u00e0 cet effet.<\/li>\n<li>Course interdite aux v\u00e9los \u00e9lectriques !<\/li>\n<li>Votre s\u00e9curit\u00e9 : elle sera assur\u00e9e par des m\u00e9decins et des m\u00e9decins urgentistes et les secouristes de la croix rouge pour la comp\u00e9tition du dimanche.<\/li>\n<\/ul>\n<p><strong><em>AUCUNE INSCRIPTION SUR PLACE LE DIMANCHE<\/em><\/strong><\/p>\n<p>En vous inscrivant \u00e0 la Trace Vosgienne, vous autorisez l\u2019utilisation gratuite et inconditionnelle de votre image, votre voix et nom pour des publications sous quelque forme que ce soit : m\u00e9dias vid\u00e9os, audios, presse, internet ou encore publication de presse ou publicit\u00e9 ayant un rapport avec la Trace Vosgienne.<\/p>\n<p><em>Plus d&rsquo;infos sur\u00a0http:\/\/www.tracevosgienne.org<\/em><\/p>\n<p>&nbsp;<\/p>\n","protected":false},"excerpt":{"rendered":"<p>La Trace Vosgienne VTT revient les 27 &amp; 28 juillet ! Voici le programme :\u00a0 Samedi 27\u00a0Juillet Le Samedi c\u2019est [&hellip;]<\/p>\n","protected":false},"author":407,"featured_media":17575,"comment_status":"open","ping_status":"open","sticky":false,"template":"","format":"standard","meta":{"footnotes":""},"categories":[26,14,18],"tags":[],"class_list":["post-17574","post","type-post","status-publish","format-standard","has-post-thumbnail","hentry","category-a-la-une","category-sport","category-vosges"],"acf":[],"yoast_head":"<!-- This site is optimized with the Yoast SEO plugin v22.5 - https:\/\/yoast.com\/wordpress\/plugins\/seo\/ -->\n<title>La Trace Vosgienne VTT revient les 27 &amp; 28 juillet ! - Remiremont Info<\/title>\n<meta name=\"robots\" content=\"index, follow, max-snippet:-1, max-image-preview:large, max-video-preview:-1\" \/>\n<link rel=\"canonical\" href=\"https:\/\/vosgesinfo.fr\/remiremontinfo\/2019\/07\/trace-vosgienne-vtt-revient-27-28-juillet\/\" \/>\n<meta name=\"twitter:card\" content=\"summary_large_image\" \/>\n<meta name=\"twitter:title\" content=\"La Trace Vosgienne VTT revient les 27 &amp; 28 juillet ! - Remiremont Info\" \/>\n<meta name=\"twitter:description\" content=\"La Trace Vosgienne VTT revient les 27 &amp; 28 juillet ! Voici le programme :\u00a0 Samedi 27\u00a0Juillet Le Samedi c\u2019est [&hellip;]\" \/>\n<meta name=\"twitter:image\" content=\"https:\/\/vosgesinfo.fr\/app\/uploads\/sites\/5\/2024\/09\/201907capture-decran-2019-07-13-a-10.17.33.png\" \/>\n<meta name=\"twitter:creator\" content=\"@VosgesInfo88\" \/>\n<meta name=\"twitter:site\" content=\"@VosgesInfo88\" \/>\n<meta name=\"twitter:label1\" content=\"\u00c9crit par\" \/>\n\t<meta name=\"twitter:data1\" content=\"C D\" \/>\n\t<meta name=\"twitter:label2\" content=\"Dur\u00e9e de lecture estim\u00e9e\" \/>\n\t<meta name=\"twitter:data2\" content=\"2 minutes\" \/>\n<script type=\"application\/ld+json\" class=\"yoast-schema-graph\">{\"@context\":\"https:\/\/schema.org\",\"@graph\":[{\"@type\":\"Article\",\"@id\":\"https:\/\/vosgesinfo.fr\/remiremontinfo\/2019\/07\/trace-vosgienne-vtt-revient-27-28-juillet\/#article\",\"isPartOf\":{\"@id\":\"https:\/\/vosgesinfo.fr\/remiremontinfo\/2019\/07\/trace-vosgienne-vtt-revient-27-28-juillet\/\"},\"author\":{\"name\":\"C D\",\"@id\":\"https:\/\/vosgesinfo.fr\/remiremontinfo\/#\/schema\/person\/3bfd164d5218a185b1db68655a265316\"},\"headline\":\"La Trace Vosgienne VTT revient les 27 &#038; 28 juillet !\",\"datePublished\":\"2019-07-13T04:45:02+00:00\",\"dateModified\":\"2019-07-13T04:45:02+00:00\",\"mainEntityOfPage\":{\"@id\":\"https:\/\/vosgesinfo.fr\/remiremontinfo\/2019\/07\/trace-vosgienne-vtt-revient-27-28-juillet\/\"},\"wordCount\":367,\"commentCount\":0,\"publisher\":{\"@id\":\"https:\/\/vosgesinfo.fr\/remiremontinfo\/#organization\"},\"image\":{\"@id\":\"https:\/\/vosgesinfo.fr\/remiremontinfo\/2019\/07\/trace-vosgienne-vtt-revient-27-28-juillet\/#primaryimage\"},\"thumbnailUrl\":\"https:\/\/vosgesinfo.fr\/app\/uploads\/sites\/5\/2024\/09\/201907capture-decran-2019-07-13-a-10.17.33.png\",\"articleSection\":[\"A la Une\",\"Sport\",\"Vosges\"],\"inLanguage\":\"fr-FR\",\"potentialAction\":[{\"@type\":\"CommentAction\",\"name\":\"Comment\",\"target\":[\"https:\/\/vosgesinfo.fr\/remiremontinfo\/2019\/07\/trace-vosgienne-vtt-revient-27-28-juillet\/#respond\"]}]},{\"@type\":\"WebPage\",\"@id\":\"https:\/\/vosgesinfo.fr\/remiremontinfo\/2019\/07\/trace-vosgienne-vtt-revient-27-28-juillet\/\",\"url\":\"https:\/\/vosgesinfo.fr\/remiremontinfo\/2019\/07\/trace-vosgienne-vtt-revient-27-28-juillet\/\",\"name\":\"La Trace Vosgienne VTT revient les 27 & 28 juillet ! - Remiremont Info\",\"isPartOf\":{\"@id\":\"https:\/\/vosgesinfo.fr\/remiremontinfo\/#website\"},\"primaryImageOfPage\":{\"@id\":\"https:\/\/vosgesinfo.fr\/remiremontinfo\/2019\/07\/trace-vosgienne-vtt-revient-27-28-juillet\/#primaryimage\"},\"image\":{\"@id\":\"https:\/\/vosgesinfo.fr\/remiremontinfo\/2019\/07\/trace-vosgienne-vtt-revient-27-28-juillet\/#primaryimage\"},\"thumbnailUrl\":\"https:\/\/vosgesinfo.fr\/app\/uploads\/sites\/5\/2024\/09\/201907capture-decran-2019-07-13-a-10.17.33.png\",\"datePublished\":\"2019-07-13T04:45:02+00:00\",\"dateModified\":\"2019-07-13T04:45:02+00:00\",\"breadcrumb\":{\"@id\":\"https:\/\/vosgesinfo.fr\/remiremontinfo\/2019\/07\/trace-vosgienne-vtt-revient-27-28-juillet\/#breadcrumb\"},\"inLanguage\":\"fr-FR\",\"potentialAction\":[{\"@type\":\"ReadAction\",\"target\":[\"https:\/\/vosgesinfo.fr\/remiremontinfo\/2019\/07\/trace-vosgienne-vtt-revient-27-28-juillet\/\"]}]},{\"@type\":\"ImageObject\",\"inLanguage\":\"fr-FR\",\"@id\":\"https:\/\/vosgesinfo.fr\/remiremontinfo\/2019\/07\/trace-vosgienne-vtt-revient-27-28-juillet\/#primaryimage\",\"url\":\"https:\/\/vosgesinfo.fr\/app\/uploads\/sites\/5\/2024\/09\/201907capture-decran-2019-07-13-a-10.17.33.png\",\"contentUrl\":\"https:\/\/vosgesinfo.fr\/app\/uploads\/sites\/5\/2024\/09\/201907capture-decran-2019-07-13-a-10.17.33.png\",\"width\":2096,\"height\":992},{\"@type\":\"BreadcrumbList\",\"@id\":\"https:\/\/vosgesinfo.fr\/remiremontinfo\/2019\/07\/trace-vosgienne-vtt-revient-27-28-juillet\/#breadcrumb\",\"itemListElement\":[{\"@type\":\"ListItem\",\"position\":1,\"name\":\"Home\",\"item\":\"https:\/\/vosgesinfo.fr\/remiremontinfo\/\"},{\"@type\":\"ListItem\",\"position\":2,\"name\":\"La Trace Vosgienne VTT revient les 27 &#038; 28 juillet !\"}]},{\"@type\":\"WebSite\",\"@id\":\"https:\/\/vosgesinfo.fr\/remiremontinfo\/#website\",\"url\":\"https:\/\/vosgesinfo.fr\/remiremontinfo\/\",\"name\":\"Remiremont Info\",\"description\":\"Toute l&#039;actualit\u00e9 de Remiremont\",\"publisher\":{\"@id\":\"https:\/\/vosgesinfo.fr\/remiremontinfo\/#organization\"},\"alternateName\":\"Toute l'actualit\u00e9 de Remiremont\",\"potentialAction\":[{\"@type\":\"SearchAction\",\"target\":{\"@type\":\"EntryPoint\",\"urlTemplate\":\"https:\/\/vosgesinfo.fr\/remiremontinfo\/?s={search_term_string}\"},\"query-input\":\"required name=search_term_string\"}],\"inLanguage\":\"fr-FR\"},{\"@type\":\"Organization\",\"@id\":\"https:\/\/vosgesinfo.fr\/remiremontinfo\/#organization\",\"name\":\"Remiremont Info\",\"url\":\"https:\/\/vosgesinfo.fr\/remiremontinfo\/\",\"logo\":{\"@type\":\"ImageObject\",\"inLanguage\":\"fr-FR\",\"@id\":\"https:\/\/vosgesinfo.fr\/remiremontinfo\/#\/schema\/logo\/image\/\",\"url\":\"https:\/\/vosgesinfo.fr\/app\/uploads\/sites\/5\/2023\/08\/favicon-remiremontinfo.png\",\"contentUrl\":\"https:\/\/vosgesinfo.fr\/app\/uploads\/sites\/5\/2023\/08\/favicon-remiremontinfo.png\",\"width\":512,\"height\":512,\"caption\":\"Remiremont Info\"},\"image\":{\"@id\":\"https:\/\/vosgesinfo.fr\/remiremontinfo\/#\/schema\/logo\/image\/\"},\"sameAs\":[\"https:\/\/www.facebook.com\/remiremontinfo\",\"https:\/\/x.com\/VosgesInfo88\",\"https:\/\/www.youtube.com\/@vosgesinfo\"]},{\"@type\":\"Person\",\"@id\":\"https:\/\/vosgesinfo.fr\/remiremontinfo\/#\/schema\/person\/3bfd164d5218a185b1db68655a265316\",\"name\":\"C D\",\"image\":{\"@type\":\"ImageObject\",\"inLanguage\":\"fr-FR\",\"@id\":\"https:\/\/vosgesinfo.fr\/remiremontinfo\/#\/schema\/person\/image\/\",\"url\":\"https:\/\/secure.gravatar.com\/avatar\/1f9a70007336511a47468b8f1c66f922b8b7cf617b02a31149ada43893a5d48f?s=96&d=mm&r=g\",\"contentUrl\":\"https:\/\/secure.gravatar.com\/avatar\/1f9a70007336511a47468b8f1c66f922b8b7cf617b02a31149ada43893a5d48f?s=96&d=mm&r=g\",\"caption\":\"C D\"},\"url\":\"https:\/\/vosgesinfo.fr\/remiremontinfo\/author\/cedric-drevet\/\"}]}<\/script>\n<!-- \/ Yoast SEO plugin. -->","yoast_head_json":{"title":"La Trace Vosgienne VTT revient les 27 & 28 juillet ! - Remiremont Info","robots":{"index":"index","follow":"follow","max-snippet":"max-snippet:-1","max-image-preview":"max-image-preview:large","max-video-preview":"max-video-preview:-1"},"canonical":"https:\/\/vosgesinfo.fr\/remiremontinfo\/2019\/07\/trace-vosgienne-vtt-revient-27-28-juillet\/","twitter_card":"summary_large_image","twitter_title":"La Trace Vosgienne VTT revient les 27 & 28 juillet ! - Remiremont Info","twitter_description":"La Trace Vosgienne VTT revient les 27 &amp; 28 juillet ! Voici le programme :\u00a0 Samedi 27\u00a0Juillet Le Samedi c\u2019est [&hellip;]","twitter_image":"https:\/\/vosgesinfo.fr\/app\/uploads\/sites\/5\/2024\/09\/201907capture-decran-2019-07-13-a-10.17.33.png","twitter_creator":"@VosgesInfo88","twitter_site":"@VosgesInfo88","twitter_misc":{"\u00c9crit par":"C D","Dur\u00e9e de lecture estim\u00e9e":"2 minutes"},"schema":{"@context":"https:\/\/schema.org","@graph":[{"@type":"Article","@id":"https:\/\/vosgesinfo.fr\/remiremontinfo\/2019\/07\/trace-vosgienne-vtt-revient-27-28-juillet\/#article","isPartOf":{"@id":"https:\/\/vosgesinfo.fr\/remiremontinfo\/2019\/07\/trace-vosgienne-vtt-revient-27-28-juillet\/"},"author":{"name":"C D","@id":"https:\/\/vosgesinfo.fr\/remiremontinfo\/#\/schema\/person\/3bfd164d5218a185b1db68655a265316"},"headline":"La Trace Vosgienne VTT revient les 27 &#038; 28 juillet !","datePublished":"2019-07-13T04:45:02+00:00","dateModified":"2019-07-13T04:45:02+00:00","mainEntityOfPage":{"@id":"https:\/\/vosgesinfo.fr\/remiremontinfo\/2019\/07\/trace-vosgienne-vtt-revient-27-28-juillet\/"},"wordCount":367,"commentCount":0,"publisher":{"@id":"https:\/\/vosgesinfo.fr\/remiremontinfo\/#organization"},"image":{"@id":"https:\/\/vosgesinfo.fr\/remiremontinfo\/2019\/07\/trace-vosgienne-vtt-revient-27-28-juillet\/#primaryimage"},"thumbnailUrl":"https:\/\/vosgesinfo.fr\/app\/uploads\/sites\/5\/2024\/09\/201907capture-decran-2019-07-13-a-10.17.33.png","articleSection":["A la Une","Sport","Vosges"],"inLanguage":"fr-FR","potentialAction":[{"@type":"CommentAction","name":"Comment","target":["https:\/\/vosgesinfo.fr\/remiremontinfo\/2019\/07\/trace-vosgienne-vtt-revient-27-28-juillet\/#respond"]}]},{"@type":"WebPage","@id":"https:\/\/vosgesinfo.fr\/remiremontinfo\/2019\/07\/trace-vosgienne-vtt-revient-27-28-juillet\/","url":"https:\/\/vosgesinfo.fr\/remiremontinfo\/2019\/07\/trace-vosgienne-vtt-revient-27-28-juillet\/","name":"La Trace Vosgienne VTT revient les 27 & 28 juillet ! - Remiremont Info","isPartOf":{"@id":"https:\/\/vosgesinfo.fr\/remiremontinfo\/#website"},"primaryImageOfPage":{"@id":"https:\/\/vosgesinfo.fr\/remiremontinfo\/2019\/07\/trace-vosgienne-vtt-revient-27-28-juillet\/#primaryimage"},"image":{"@id":"https:\/\/vosgesinfo.fr\/remiremontinfo\/2019\/07\/trace-vosgienne-vtt-revient-27-28-juillet\/#primaryimage"},"thumbnailUrl":"https:\/\/vosgesinfo.fr\/app\/uploads\/sites\/5\/2024\/09\/201907capture-decran-2019-07-13-a-10.17.33.png","datePublished":"2019-07-13T04:45:02+00:00","dateModified":"2019-07-13T04:45:02+00:00","breadcrumb":{"@id":"https:\/\/vosgesinfo.fr\/remiremontinfo\/2019\/07\/trace-vosgienne-vtt-revient-27-28-juillet\/#breadcrumb"},"inLanguage":"fr-FR","potentialAction":[{"@type":"ReadAction","target":["https:\/\/vosgesinfo.fr\/remiremontinfo\/2019\/07\/trace-vosgienne-vtt-revient-27-28-juillet\/"]}]},{"@type":"ImageObject","inLanguage":"fr-FR","@id":"https:\/\/vosgesinfo.fr\/remiremontinfo\/2019\/07\/trace-vosgienne-vtt-revient-27-28-juillet\/#primaryimage","url":"https:\/\/vosgesinfo.fr\/app\/uploads\/sites\/5\/2024\/09\/201907capture-decran-2019-07-13-a-10.17.33.png","contentUrl":"https:\/\/vosgesinfo.fr\/app\/uploads\/sites\/5\/2024\/09\/201907capture-decran-2019-07-13-a-10.17.33.png","width":2096,"height":992},{"@type":"BreadcrumbList","@id":"https:\/\/vosgesinfo.fr\/remiremontinfo\/2019\/07\/trace-vosgienne-vtt-revient-27-28-juillet\/#breadcrumb","itemListElement":[{"@type":"ListItem","position":1,"name":"Home","item":"https:\/\/vosgesinfo.fr\/remiremontinfo\/"},{"@type":"ListItem","position":2,"name":"La Trace Vosgienne VTT revient les 27 &#038; 28 juillet !"}]},{"@type":"WebSite","@id":"https:\/\/vosgesinfo.fr\/remiremontinfo\/#website","url":"https:\/\/vosgesinfo.fr\/remiremontinfo\/","name":"Remiremont Info","description":"Toute l&#039;actualit\u00e9 de Remiremont","publisher":{"@id":"https:\/\/vosgesinfo.fr\/remiremontinfo\/#organization"},"alternateName":"Toute l'actualit\u00e9 de Remiremont","potentialAction":[{"@type":"SearchAction","target":{"@type":"EntryPoint","urlTemplate":"https:\/\/vosgesinfo.fr\/remiremontinfo\/?s={search_term_string}"},"query-input":"required name=search_term_string"}],"inLanguage":"fr-FR"},{"@type":"Organization","@id":"https:\/\/vosgesinfo.fr\/remiremontinfo\/#organization","name":"Remiremont Info","url":"https:\/\/vosgesinfo.fr\/remiremontinfo\/","logo":{"@type":"ImageObject","inLanguage":"fr-FR","@id":"https:\/\/vosgesinfo.fr\/remiremontinfo\/#\/schema\/logo\/image\/","url":"https:\/\/vosgesinfo.fr\/app\/uploads\/sites\/5\/2023\/08\/favicon-remiremontinfo.png","contentUrl":"https:\/\/vosgesinfo.fr\/app\/uploads\/sites\/5\/2023\/08\/favicon-remiremontinfo.png","width":512,"height":512,"caption":"Remiremont Info"},"image":{"@id":"https:\/\/vosgesinfo.fr\/remiremontinfo\/#\/schema\/logo\/image\/"},"sameAs":["https:\/\/www.facebook.com\/remiremontinfo","https:\/\/x.com\/VosgesInfo88","https:\/\/www.youtube.com\/@vosgesinfo"]},{"@type":"Person","@id":"https:\/\/vosgesinfo.fr\/remiremontinfo\/#\/schema\/person\/3bfd164d5218a185b1db68655a265316","name":"C D","image":{"@type":"ImageObject","inLanguage":"fr-FR","@id":"https:\/\/vosgesinfo.fr\/remiremontinfo\/#\/schema\/person\/image\/","url":"https:\/\/secure.gravatar.com\/avatar\/1f9a70007336511a47468b8f1c66f922b8b7cf617b02a31149ada43893a5d48f?s=96&d=mm&r=g","contentUrl":"https:\/\/secure.gravatar.com\/avatar\/1f9a70007336511a47468b8f1c66f922b8b7cf617b02a31149ada43893a5d48f?s=96&d=mm&r=g","caption":"C D"},"url":"https:\/\/vosgesinfo.fr\/remiremontinfo\/author\/cedric-drevet\/"}]}},"_links":{"self":[{"href":"https:\/\/vosgesinfo.fr\/remiremontinfo\/wp-json\/wp\/v2\/posts\/17574","targetHints":{"allow":["GET"]}}],"collection":[{"href":"https:\/\/vosgesinfo.fr\/remiremontinfo\/wp-json\/wp\/v2\/posts"}],"about":[{"href":"https:\/\/vosgesinfo.fr\/remiremontinfo\/wp-json\/wp\/v2\/types\/post"}],"author":[{"embeddable":true,"href":"https:\/\/vosgesinfo.fr\/remiremontinfo\/wp-json\/wp\/v2\/users\/407"}],"replies":[{"embeddable":true,"href":"https:\/\/vosgesinfo.fr\/remiremontinfo\/wp-json\/wp\/v2\/comments?post=17574"}],"version-history":[{"count":0,"href":"https:\/\/vosgesinfo.fr\/remiremontinfo\/wp-json\/wp\/v2\/posts\/17574\/revisions"}],"wp:featuredmedia":[{"embeddable":true,"href":"https:\/\/vosgesinfo.fr\/remiremontinfo\/wp-json\/wp\/v2\/media\/17575"}],"wp:attachment":[{"href":"https:\/\/vosgesinfo.fr\/remiremontinfo\/wp-json\/wp\/v2\/media?parent=17574"}],"wp:term":[{"taxonomy":"category","embeddable":true,"href":"https:\/\/vosgesinfo.fr\/remiremontinfo\/wp-json\/wp\/v2\/categories?post=17574"},{"taxonomy":"post_tag","embeddable":true,"href":"https:\/\/vosgesinfo.fr\/remiremontinfo\/wp-json\/wp\/v2\/tags?post=17574"}],"curies":[{"name":"wp","href":"https:\/\/api.w.org\/{rel}","templated":true}]}}