{"id":17817,"date":"2019-07-16T11:53:41","date_gmt":"2019-07-16T09:53:41","guid":{"rendered":"https:\/\/vosgesinfo.fr\/remiremontinfo\/2019\/07\/canicule-de-retour-debut-de-semaine-prochaine\/"},"modified":"2019-07-16T11:53:41","modified_gmt":"2019-07-16T09:53:41","slug":"canicule-de-retour-debut-de-semaine-prochaine","status":"publish","type":"post","link":"https:\/\/vosgesinfo.fr\/remiremontinfo\/2019\/07\/canicule-de-retour-debut-de-semaine-prochaine\/","title":{"rendered":"La canicule de retour en d\u00e9but de semaine prochaine?"},"content":{"rendered":"<p><a href=\"\/2019\/06\/soleil-chaleur-thermometer-3581190_960_720.jpg\"><img decoding=\"async\" class=\"alignnone wp-image-262000 size-full\" src=\"\/2019\/06\/soleil-chaleur-thermometer-3581190_960_720.jpg\" alt=\"soleil-chaleur-thermometer-3581190_960_720\" width=\"960\" height=\"481\" \/><\/a><\/p>\n<h2>Il va faire chaud, tr\u00e8s chaud ! M\u00e9t\u00e9o France annonce le retour de la canicule d\u00e8s la semaine prochaine. Les temp\u00e9ratures pourraient de nouveau atteindre les 40 degr\u00e9s \u00e0 certains endroits.<\/h2>\n<p>Le thermom\u00e8tre va \u00e0 nouveau grimper d\u00e8s la semaine prochaine. M\u00e9t\u00e9o France pr\u00e9voir un nouvel \u00e9pisode de chaleur intense sur le Pays. Les pr\u00e9visions annoncent\u00a0 des temp\u00e9ratures pouvant atteindre les 40 degr\u00e9s \u00e0 partir de mardi prochain. D\u00e8s lundi, il fera d\u00e9j\u00e0 plus de 30 degr\u00e9s.<\/p>\n<p>L\u2019animation\u00a0fournie par\u00a0<a href=\"https:\/\/twitter.com\/Meteovilles\" target=\"_blank\" data-original-fontsize=\"19px\" data-original-lineheight=\"30px\" rel=\"noopener\">M\u00e9t\u00e9o villes<\/a>\u00a0montre comment la masse d\u2019air devrait se r\u00e9chauffer. D\u00e8s dimanche, l\u2019air chaud remontera par le sud du pays. Dans les Vosges, le thermom\u00e8tre pourrait atteindre les 36 degr\u00e9s et ne devrait pas descendre, sous les seuils caniculaires, la nuit.<\/p>\n<p><a class=\"broken_link\" href=\"http:\/\/%3Cblockquote%20class%3D%22twitter-tweet%22%20data-lang%3D%22fr%22%3E%3Cp%20lang%3D%22fr%22%20dir%3D%22ltr%22%3Evers%20une%20nouvelle%20%3Ca%20href%3D%22https\/\/twitter.com\/hashtag\/canicule?src=hash&amp;ref_src=twsrc%5Etfw%22%3E#canicule%3C\/a%3E%20la%20semaine%20prochaine%20?%20On%20commence%20%C3%A0%20surveiller%20l'%C3%A9volution%20des%20sc%C3%A9narios%20%3E%3E%20%3Ca%20href=%22https:\/\/t.co\/OcSUI4JExW%22%3Ehttps:\/\/t.co\/OcSUI4JExW%3C\/a%3E%20%3Ca%20href=%22https:\/\/t.co\/0mT5eg6AdV%22%3Epic.twitter.com\/0mT5eg6AdV%3C\/a%3E%3C\/p%3E%E2%80%94%20M%C3%A9t%C3%A9o%20Villes%20(@Meteovilles)%20%3Ca%20href=%22https:\/\/twitter.com\/Meteovilles\/status\/1150796845595201536?ref_src=twsrc%5Etfw%22%3E15%20juillet%202019%3C\/a%3E%3C\/blockquote%3E%20%3Cscript%20async%20src=%22https:\/\/platform.twitter.com\/widgets.js%22%20charset=%22utf-8%22%3E%3C\/script%3E\" target=\"_blank\" rel=\"noopener\">http:\/\/<\/a><\/p>\n<p>C.K.N.<\/p>\n","protected":false},"excerpt":{"rendered":"<p>Il va faire chaud, tr\u00e8s chaud ! M\u00e9t\u00e9o France annonce le retour de la canicule d\u00e8s la semaine prochaine. Les [&hellip;]<\/p>\n","protected":false},"author":407,"featured_media":17818,"comment_status":"open","ping_status":"open","sticky":false,"template":"","format":"standard","meta":{"footnotes":""},"categories":[26,127,18],"tags":[],"class_list":["post-17817","post","type-post","status-publish","format-standard","has-post-thumbnail","hentry","category-a-la-une","category-meteo","category-vosges"],"acf":[],"yoast_head":"<!-- This site is optimized with the Yoast SEO plugin v22.5 - https:\/\/yoast.com\/wordpress\/plugins\/seo\/ -->\n<title>La canicule de retour en d\u00e9but de semaine prochaine? - Remiremont Info<\/title>\n<meta name=\"robots\" content=\"index, follow, max-snippet:-1, max-image-preview:large, max-video-preview:-1\" \/>\n<link rel=\"canonical\" href=\"https:\/\/vosgesinfo.fr\/remiremontinfo\/2019\/07\/canicule-de-retour-debut-de-semaine-prochaine\/\" \/>\n<meta name=\"twitter:card\" content=\"summary_large_image\" \/>\n<meta name=\"twitter:title\" content=\"La canicule de retour en d\u00e9but de semaine prochaine? - Remiremont Info\" \/>\n<meta name=\"twitter:description\" content=\"Il va faire chaud, tr\u00e8s chaud ! M\u00e9t\u00e9o France annonce le retour de la canicule d\u00e8s la semaine prochaine. Les [&hellip;]\" \/>\n<meta name=\"twitter:image\" content=\"https:\/\/vosgesinfo.fr\/app\/uploads\/sites\/5\/2024\/09\/201808soleil-chaleur-thermometer-3581190-960-720-2.jpg\" \/>\n<meta name=\"twitter:creator\" content=\"@VosgesInfo88\" \/>\n<meta name=\"twitter:site\" content=\"@VosgesInfo88\" \/>\n<meta name=\"twitter:label1\" content=\"\u00c9crit par\" \/>\n\t<meta name=\"twitter:data1\" content=\"C D\" \/>\n\t<meta name=\"twitter:label2\" content=\"Dur\u00e9e de lecture estim\u00e9e\" \/>\n\t<meta name=\"twitter:data2\" content=\"1 minute\" \/>\n<script type=\"application\/ld+json\" class=\"yoast-schema-graph\">{\"@context\":\"https:\/\/schema.org\",\"@graph\":[{\"@type\":\"Article\",\"@id\":\"https:\/\/vosgesinfo.fr\/remiremontinfo\/2019\/07\/canicule-de-retour-debut-de-semaine-prochaine\/#article\",\"isPartOf\":{\"@id\":\"https:\/\/vosgesinfo.fr\/remiremontinfo\/2019\/07\/canicule-de-retour-debut-de-semaine-prochaine\/\"},\"author\":{\"name\":\"C D\",\"@id\":\"https:\/\/vosgesinfo.fr\/remiremontinfo\/#\/schema\/person\/3bfd164d5218a185b1db68655a265316\"},\"headline\":\"La canicule de retour en d\u00e9but de semaine prochaine?\",\"datePublished\":\"2019-07-16T09:53:41+00:00\",\"dateModified\":\"2019-07-16T09:53:41+00:00\",\"mainEntityOfPage\":{\"@id\":\"https:\/\/vosgesinfo.fr\/remiremontinfo\/2019\/07\/canicule-de-retour-debut-de-semaine-prochaine\/\"},\"wordCount\":153,\"commentCount\":0,\"publisher\":{\"@id\":\"https:\/\/vosgesinfo.fr\/remiremontinfo\/#organization\"},\"image\":{\"@id\":\"https:\/\/vosgesinfo.fr\/remiremontinfo\/2019\/07\/canicule-de-retour-debut-de-semaine-prochaine\/#primaryimage\"},\"thumbnailUrl\":\"https:\/\/vosgesinfo.fr\/app\/uploads\/sites\/5\/2024\/09\/201808soleil-chaleur-thermometer-3581190-960-720-2.jpg\",\"articleSection\":[\"A la Une\",\"M\u00e9t\u00e9o\",\"Vosges\"],\"inLanguage\":\"fr-FR\",\"potentialAction\":[{\"@type\":\"CommentAction\",\"name\":\"Comment\",\"target\":[\"https:\/\/vosgesinfo.fr\/remiremontinfo\/2019\/07\/canicule-de-retour-debut-de-semaine-prochaine\/#respond\"]}]},{\"@type\":\"WebPage\",\"@id\":\"https:\/\/vosgesinfo.fr\/remiremontinfo\/2019\/07\/canicule-de-retour-debut-de-semaine-prochaine\/\",\"url\":\"https:\/\/vosgesinfo.fr\/remiremontinfo\/2019\/07\/canicule-de-retour-debut-de-semaine-prochaine\/\",\"name\":\"La canicule de retour en d\u00e9but de semaine prochaine? - Remiremont Info\",\"isPartOf\":{\"@id\":\"https:\/\/vosgesinfo.fr\/remiremontinfo\/#website\"},\"primaryImageOfPage\":{\"@id\":\"https:\/\/vosgesinfo.fr\/remiremontinfo\/2019\/07\/canicule-de-retour-debut-de-semaine-prochaine\/#primaryimage\"},\"image\":{\"@id\":\"https:\/\/vosgesinfo.fr\/remiremontinfo\/2019\/07\/canicule-de-retour-debut-de-semaine-prochaine\/#primaryimage\"},\"thumbnailUrl\":\"https:\/\/vosgesinfo.fr\/app\/uploads\/sites\/5\/2024\/09\/201808soleil-chaleur-thermometer-3581190-960-720-2.jpg\",\"datePublished\":\"2019-07-16T09:53:41+00:00\",\"dateModified\":\"2019-07-16T09:53:41+00:00\",\"breadcrumb\":{\"@id\":\"https:\/\/vosgesinfo.fr\/remiremontinfo\/2019\/07\/canicule-de-retour-debut-de-semaine-prochaine\/#breadcrumb\"},\"inLanguage\":\"fr-FR\",\"potentialAction\":[{\"@type\":\"ReadAction\",\"target\":[\"https:\/\/vosgesinfo.fr\/remiremontinfo\/2019\/07\/canicule-de-retour-debut-de-semaine-prochaine\/\"]}]},{\"@type\":\"ImageObject\",\"inLanguage\":\"fr-FR\",\"@id\":\"https:\/\/vosgesinfo.fr\/remiremontinfo\/2019\/07\/canicule-de-retour-debut-de-semaine-prochaine\/#primaryimage\",\"url\":\"https:\/\/vosgesinfo.fr\/app\/uploads\/sites\/5\/2024\/09\/201808soleil-chaleur-thermometer-3581190-960-720-2.jpg\",\"contentUrl\":\"https:\/\/vosgesinfo.fr\/app\/uploads\/sites\/5\/2024\/09\/201808soleil-chaleur-thermometer-3581190-960-720-2.jpg\",\"width\":960,\"height\":481},{\"@type\":\"BreadcrumbList\",\"@id\":\"https:\/\/vosgesinfo.fr\/remiremontinfo\/2019\/07\/canicule-de-retour-debut-de-semaine-prochaine\/#breadcrumb\",\"itemListElement\":[{\"@type\":\"ListItem\",\"position\":1,\"name\":\"Home\",\"item\":\"https:\/\/vosgesinfo.fr\/remiremontinfo\/\"},{\"@type\":\"ListItem\",\"position\":2,\"name\":\"La canicule de retour en d\u00e9but de semaine prochaine?\"}]},{\"@type\":\"WebSite\",\"@id\":\"https:\/\/vosgesinfo.fr\/remiremontinfo\/#website\",\"url\":\"https:\/\/vosgesinfo.fr\/remiremontinfo\/\",\"name\":\"Remiremont Info\",\"description\":\"Toute l&#039;actualit\u00e9 de Remiremont\",\"publisher\":{\"@id\":\"https:\/\/vosgesinfo.fr\/remiremontinfo\/#organization\"},\"alternateName\":\"Toute l'actualit\u00e9 de Remiremont\",\"potentialAction\":[{\"@type\":\"SearchAction\",\"target\":{\"@type\":\"EntryPoint\",\"urlTemplate\":\"https:\/\/vosgesinfo.fr\/remiremontinfo\/?s={search_term_string}\"},\"query-input\":\"required name=search_term_string\"}],\"inLanguage\":\"fr-FR\"},{\"@type\":\"Organization\",\"@id\":\"https:\/\/vosgesinfo.fr\/remiremontinfo\/#organization\",\"name\":\"Remiremont Info\",\"url\":\"https:\/\/vosgesinfo.fr\/remiremontinfo\/\",\"logo\":{\"@type\":\"ImageObject\",\"inLanguage\":\"fr-FR\",\"@id\":\"https:\/\/vosgesinfo.fr\/remiremontinfo\/#\/schema\/logo\/image\/\",\"url\":\"https:\/\/vosgesinfo.fr\/app\/uploads\/sites\/5\/2023\/08\/favicon-remiremontinfo.png\",\"contentUrl\":\"https:\/\/vosgesinfo.fr\/app\/uploads\/sites\/5\/2023\/08\/favicon-remiremontinfo.png\",\"width\":512,\"height\":512,\"caption\":\"Remiremont Info\"},\"image\":{\"@id\":\"https:\/\/vosgesinfo.fr\/remiremontinfo\/#\/schema\/logo\/image\/\"},\"sameAs\":[\"https:\/\/www.facebook.com\/remiremontinfo\",\"https:\/\/x.com\/VosgesInfo88\",\"https:\/\/www.youtube.com\/@vosgesinfo\"]},{\"@type\":\"Person\",\"@id\":\"https:\/\/vosgesinfo.fr\/remiremontinfo\/#\/schema\/person\/3bfd164d5218a185b1db68655a265316\",\"name\":\"C D\",\"image\":{\"@type\":\"ImageObject\",\"inLanguage\":\"fr-FR\",\"@id\":\"https:\/\/vosgesinfo.fr\/remiremontinfo\/#\/schema\/person\/image\/\",\"url\":\"https:\/\/secure.gravatar.com\/avatar\/1f9a70007336511a47468b8f1c66f922b8b7cf617b02a31149ada43893a5d48f?s=96&d=mm&r=g\",\"contentUrl\":\"https:\/\/secure.gravatar.com\/avatar\/1f9a70007336511a47468b8f1c66f922b8b7cf617b02a31149ada43893a5d48f?s=96&d=mm&r=g\",\"caption\":\"C D\"},\"url\":\"https:\/\/vosgesinfo.fr\/remiremontinfo\/author\/cedric-drevet\/\"}]}<\/script>\n<!-- \/ Yoast SEO plugin. -->","yoast_head_json":{"title":"La canicule de retour en d\u00e9but de semaine prochaine? - Remiremont Info","robots":{"index":"index","follow":"follow","max-snippet":"max-snippet:-1","max-image-preview":"max-image-preview:large","max-video-preview":"max-video-preview:-1"},"canonical":"https:\/\/vosgesinfo.fr\/remiremontinfo\/2019\/07\/canicule-de-retour-debut-de-semaine-prochaine\/","twitter_card":"summary_large_image","twitter_title":"La canicule de retour en d\u00e9but de semaine prochaine? - Remiremont Info","twitter_description":"Il va faire chaud, tr\u00e8s chaud ! M\u00e9t\u00e9o France annonce le retour de la canicule d\u00e8s la semaine prochaine. Les [&hellip;]","twitter_image":"https:\/\/vosgesinfo.fr\/app\/uploads\/sites\/5\/2024\/09\/201808soleil-chaleur-thermometer-3581190-960-720-2.jpg","twitter_creator":"@VosgesInfo88","twitter_site":"@VosgesInfo88","twitter_misc":{"\u00c9crit par":"C D","Dur\u00e9e de lecture estim\u00e9e":"1 minute"},"schema":{"@context":"https:\/\/schema.org","@graph":[{"@type":"Article","@id":"https:\/\/vosgesinfo.fr\/remiremontinfo\/2019\/07\/canicule-de-retour-debut-de-semaine-prochaine\/#article","isPartOf":{"@id":"https:\/\/vosgesinfo.fr\/remiremontinfo\/2019\/07\/canicule-de-retour-debut-de-semaine-prochaine\/"},"author":{"name":"C D","@id":"https:\/\/vosgesinfo.fr\/remiremontinfo\/#\/schema\/person\/3bfd164d5218a185b1db68655a265316"},"headline":"La canicule de retour en d\u00e9but de semaine prochaine?","datePublished":"2019-07-16T09:53:41+00:00","dateModified":"2019-07-16T09:53:41+00:00","mainEntityOfPage":{"@id":"https:\/\/vosgesinfo.fr\/remiremontinfo\/2019\/07\/canicule-de-retour-debut-de-semaine-prochaine\/"},"wordCount":153,"commentCount":0,"publisher":{"@id":"https:\/\/vosgesinfo.fr\/remiremontinfo\/#organization"},"image":{"@id":"https:\/\/vosgesinfo.fr\/remiremontinfo\/2019\/07\/canicule-de-retour-debut-de-semaine-prochaine\/#primaryimage"},"thumbnailUrl":"https:\/\/vosgesinfo.fr\/app\/uploads\/sites\/5\/2024\/09\/201808soleil-chaleur-thermometer-3581190-960-720-2.jpg","articleSection":["A la Une","M\u00e9t\u00e9o","Vosges"],"inLanguage":"fr-FR","potentialAction":[{"@type":"CommentAction","name":"Comment","target":["https:\/\/vosgesinfo.fr\/remiremontinfo\/2019\/07\/canicule-de-retour-debut-de-semaine-prochaine\/#respond"]}]},{"@type":"WebPage","@id":"https:\/\/vosgesinfo.fr\/remiremontinfo\/2019\/07\/canicule-de-retour-debut-de-semaine-prochaine\/","url":"https:\/\/vosgesinfo.fr\/remiremontinfo\/2019\/07\/canicule-de-retour-debut-de-semaine-prochaine\/","name":"La canicule de retour en d\u00e9but de semaine prochaine? - Remiremont Info","isPartOf":{"@id":"https:\/\/vosgesinfo.fr\/remiremontinfo\/#website"},"primaryImageOfPage":{"@id":"https:\/\/vosgesinfo.fr\/remiremontinfo\/2019\/07\/canicule-de-retour-debut-de-semaine-prochaine\/#primaryimage"},"image":{"@id":"https:\/\/vosgesinfo.fr\/remiremontinfo\/2019\/07\/canicule-de-retour-debut-de-semaine-prochaine\/#primaryimage"},"thumbnailUrl":"https:\/\/vosgesinfo.fr\/app\/uploads\/sites\/5\/2024\/09\/201808soleil-chaleur-thermometer-3581190-960-720-2.jpg","datePublished":"2019-07-16T09:53:41+00:00","dateModified":"2019-07-16T09:53:41+00:00","breadcrumb":{"@id":"https:\/\/vosgesinfo.fr\/remiremontinfo\/2019\/07\/canicule-de-retour-debut-de-semaine-prochaine\/#breadcrumb"},"inLanguage":"fr-FR","potentialAction":[{"@type":"ReadAction","target":["https:\/\/vosgesinfo.fr\/remiremontinfo\/2019\/07\/canicule-de-retour-debut-de-semaine-prochaine\/"]}]},{"@type":"ImageObject","inLanguage":"fr-FR","@id":"https:\/\/vosgesinfo.fr\/remiremontinfo\/2019\/07\/canicule-de-retour-debut-de-semaine-prochaine\/#primaryimage","url":"https:\/\/vosgesinfo.fr\/app\/uploads\/sites\/5\/2024\/09\/201808soleil-chaleur-thermometer-3581190-960-720-2.jpg","contentUrl":"https:\/\/vosgesinfo.fr\/app\/uploads\/sites\/5\/2024\/09\/201808soleil-chaleur-thermometer-3581190-960-720-2.jpg","width":960,"height":481},{"@type":"BreadcrumbList","@id":"https:\/\/vosgesinfo.fr\/remiremontinfo\/2019\/07\/canicule-de-retour-debut-de-semaine-prochaine\/#breadcrumb","itemListElement":[{"@type":"ListItem","position":1,"name":"Home","item":"https:\/\/vosgesinfo.fr\/remiremontinfo\/"},{"@type":"ListItem","position":2,"name":"La canicule de retour en d\u00e9but de semaine prochaine?"}]},{"@type":"WebSite","@id":"https:\/\/vosgesinfo.fr\/remiremontinfo\/#website","url":"https:\/\/vosgesinfo.fr\/remiremontinfo\/","name":"Remiremont Info","description":"Toute l&#039;actualit\u00e9 de Remiremont","publisher":{"@id":"https:\/\/vosgesinfo.fr\/remiremontinfo\/#organization"},"alternateName":"Toute l'actualit\u00e9 de Remiremont","potentialAction":[{"@type":"SearchAction","target":{"@type":"EntryPoint","urlTemplate":"https:\/\/vosgesinfo.fr\/remiremontinfo\/?s={search_term_string}"},"query-input":"required name=search_term_string"}],"inLanguage":"fr-FR"},{"@type":"Organization","@id":"https:\/\/vosgesinfo.fr\/remiremontinfo\/#organization","name":"Remiremont Info","url":"https:\/\/vosgesinfo.fr\/remiremontinfo\/","logo":{"@type":"ImageObject","inLanguage":"fr-FR","@id":"https:\/\/vosgesinfo.fr\/remiremontinfo\/#\/schema\/logo\/image\/","url":"https:\/\/vosgesinfo.fr\/app\/uploads\/sites\/5\/2023\/08\/favicon-remiremontinfo.png","contentUrl":"https:\/\/vosgesinfo.fr\/app\/uploads\/sites\/5\/2023\/08\/favicon-remiremontinfo.png","width":512,"height":512,"caption":"Remiremont Info"},"image":{"@id":"https:\/\/vosgesinfo.fr\/remiremontinfo\/#\/schema\/logo\/image\/"},"sameAs":["https:\/\/www.facebook.com\/remiremontinfo","https:\/\/x.com\/VosgesInfo88","https:\/\/www.youtube.com\/@vosgesinfo"]},{"@type":"Person","@id":"https:\/\/vosgesinfo.fr\/remiremontinfo\/#\/schema\/person\/3bfd164d5218a185b1db68655a265316","name":"C D","image":{"@type":"ImageObject","inLanguage":"fr-FR","@id":"https:\/\/vosgesinfo.fr\/remiremontinfo\/#\/schema\/person\/image\/","url":"https:\/\/secure.gravatar.com\/avatar\/1f9a70007336511a47468b8f1c66f922b8b7cf617b02a31149ada43893a5d48f?s=96&d=mm&r=g","contentUrl":"https:\/\/secure.gravatar.com\/avatar\/1f9a70007336511a47468b8f1c66f922b8b7cf617b02a31149ada43893a5d48f?s=96&d=mm&r=g","caption":"C D"},"url":"https:\/\/vosgesinfo.fr\/remiremontinfo\/author\/cedric-drevet\/"}]}},"_links":{"self":[{"href":"https:\/\/vosgesinfo.fr\/remiremontinfo\/wp-json\/wp\/v2\/posts\/17817","targetHints":{"allow":["GET"]}}],"collection":[{"href":"https:\/\/vosgesinfo.fr\/remiremontinfo\/wp-json\/wp\/v2\/posts"}],"about":[{"href":"https:\/\/vosgesinfo.fr\/remiremontinfo\/wp-json\/wp\/v2\/types\/post"}],"author":[{"embeddable":true,"href":"https:\/\/vosgesinfo.fr\/remiremontinfo\/wp-json\/wp\/v2\/users\/407"}],"replies":[{"embeddable":true,"href":"https:\/\/vosgesinfo.fr\/remiremontinfo\/wp-json\/wp\/v2\/comments?post=17817"}],"version-history":[{"count":0,"href":"https:\/\/vosgesinfo.fr\/remiremontinfo\/wp-json\/wp\/v2\/posts\/17817\/revisions"}],"wp:featuredmedia":[{"embeddable":true,"href":"https:\/\/vosgesinfo.fr\/remiremontinfo\/wp-json\/wp\/v2\/media\/17818"}],"wp:attachment":[{"href":"https:\/\/vosgesinfo.fr\/remiremontinfo\/wp-json\/wp\/v2\/media?parent=17817"}],"wp:term":[{"taxonomy":"category","embeddable":true,"href":"https:\/\/vosgesinfo.fr\/remiremontinfo\/wp-json\/wp\/v2\/categories?post=17817"},{"taxonomy":"post_tag","embeddable":true,"href":"https:\/\/vosgesinfo.fr\/remiremontinfo\/wp-json\/wp\/v2\/tags?post=17817"}],"curies":[{"name":"wp","href":"https:\/\/api.w.org\/{rel}","templated":true}]}}