{"id":17823,"date":"2019-07-16T13:54:59","date_gmt":"2019-07-16T11:54:59","guid":{"rendered":"https:\/\/vosgesinfo.fr\/remiremontinfo\/2019\/07\/vosges-places-disponibles-collegiens-sortant-de-3eme-affectation\/"},"modified":"2019-07-16T13:54:59","modified_gmt":"2019-07-16T11:54:59","slug":"vosges-places-disponibles-collegiens-sortant-de-3eme-affectation","status":"publish","type":"post","link":"https:\/\/vosgesinfo.fr\/remiremontinfo\/2019\/07\/vosges-places-disponibles-collegiens-sortant-de-3eme-affectation\/","title":{"rendered":"Vosges : des places disponibles pour les coll\u00e9giens sortant de 3\u00e8me sans affectation"},"content":{"rendered":"<p>Pour les coll\u00e9giens sortant de 3\u00e8me et qui n\u2019ont pas encore d\u2019affectation pour la rentr\u00e9e prochaine, voici la liste des lyc\u00e9es professionnels qui proposent encore des places disponibles en seconde professionnelle et en 1\u00e8re ann\u00e9e de CAP dans des formations professionnelles vers des secteurs qui recrutent. D\u2019autres seront disponibles \u00e0 la rentr\u00e9e et il est encore possible de chercher des formations par la voie de l\u2019apprentissage.<\/p>\n<p><a href=\"\/2019\/07\/Capture-d\u2019e\u0301cran-2019-07-16-a\u0300-15.50.29.png\"><img decoding=\"async\" class=\"alignnone size-large wp-image-264328\" src=\"\/2019\/07\/Capture-d\u2019e\u0301cran-2019-07-16-a\u0300-15.50.29-1024x751.png\" alt=\"Capture d\u2019e\u0301cran 2019-07-16 a\u0300 15.50.29\" width=\"960\" height=\"704\" \/><\/a><\/p>\n<p>Ces sp\u00e9cialit\u00e9s professionnelles proposent actuellement des emplois et peinent \u00e0 recruter des salari\u00e9s form\u00e9s \u00e0 l\u2019issue de leurs \u00e9tudes. Les \u00e9l\u00e8ves peuvent y trouver une voie de r\u00e9ussite vers une insertion imm\u00e9diate dans la vie active ou vers des poursuites d&rsquo;\u00e9tudes apr\u00e8s le Bac.<\/p>\n<p>Une nouvelle commission d\u2019affectation aura lieu le 11 septembre dans chaque d\u00e9partement, il conviendra d\u2019avoir candidat\u00e9 pour le 9 septembre au plus tard.<\/p>\n<p>Le coll\u00e9gien et sa famille doivent simplement contacter le principal de leur coll\u00e8ge ou se rapprocher d\u2019un CIO qui pourra leur indiquer les places vacantes et les aider \u00e0 compl\u00e9ter leur demande d\u2019affectation.<\/p>\n<p>http:\/\/www4.ac-nancy-metz.fr\/lio\/cio.htm<\/p>\n<p style=\"text-align: center;\"><a href=\"\/2019\/07\/Capture-d\u2019e\u0301cran-2019-07-16-a\u0300-15.50.39.png\"><img decoding=\"async\" class=\"alignnone size-full wp-image-264329\" src=\"\/2019\/07\/Capture-d\u2019e\u0301cran-2019-07-16-a\u0300-15.50.39.png\" alt=\"Capture d\u2019e\u0301cran 2019-07-16 a\u0300 15.50.39\" width=\"220\" height=\"330\" \/><\/a><\/p>\n","protected":false},"excerpt":{"rendered":"<p>Pour les coll\u00e9giens sortant de 3\u00e8me et qui n\u2019ont pas encore d\u2019affectation pour la rentr\u00e9e prochaine, voici la liste des [&hellip;]<\/p>\n","protected":false},"author":407,"featured_media":17824,"comment_status":"open","ping_status":"open","sticky":false,"template":"","format":"standard","meta":{"footnotes":""},"categories":[26,165,18],"tags":[],"class_list":["post-17823","post","type-post","status-publish","format-standard","has-post-thumbnail","hentry","category-a-la-une","category-enseignement","category-vosges"],"acf":[],"yoast_head":"<!-- This site is optimized with the Yoast SEO plugin v22.5 - https:\/\/yoast.com\/wordpress\/plugins\/seo\/ -->\n<title>Vosges : des places disponibles pour les coll\u00e9giens sortant de 3\u00e8me sans affectation - Remiremont Info<\/title>\n<meta name=\"robots\" content=\"index, follow, max-snippet:-1, max-image-preview:large, max-video-preview:-1\" \/>\n<link rel=\"canonical\" href=\"https:\/\/vosgesinfo.fr\/remiremontinfo\/2019\/07\/vosges-places-disponibles-collegiens-sortant-de-3eme-affectation\/\" \/>\n<meta name=\"twitter:card\" content=\"summary_large_image\" \/>\n<meta name=\"twitter:title\" content=\"Vosges : des places disponibles pour les coll\u00e9giens sortant de 3\u00e8me sans affectation - Remiremont Info\" \/>\n<meta name=\"twitter:description\" content=\"Pour les coll\u00e9giens sortant de 3\u00e8me et qui n\u2019ont pas encore d\u2019affectation pour la rentr\u00e9e prochaine, voici la liste des [&hellip;]\" \/>\n<meta name=\"twitter:image\" content=\"https:\/\/vosgesinfo.fr\/app\/uploads\/sites\/5\/2024\/09\/201902computer-1185626-1280-4.jpg\" \/>\n<meta name=\"twitter:creator\" content=\"@VosgesInfo88\" \/>\n<meta name=\"twitter:site\" content=\"@VosgesInfo88\" \/>\n<meta name=\"twitter:label1\" content=\"\u00c9crit par\" \/>\n\t<meta name=\"twitter:data1\" content=\"C D\" \/>\n\t<meta name=\"twitter:label2\" content=\"Dur\u00e9e de lecture estim\u00e9e\" \/>\n\t<meta name=\"twitter:data2\" content=\"1 minute\" \/>\n<script type=\"application\/ld+json\" class=\"yoast-schema-graph\">{\"@context\":\"https:\/\/schema.org\",\"@graph\":[{\"@type\":\"Article\",\"@id\":\"https:\/\/vosgesinfo.fr\/remiremontinfo\/2019\/07\/vosges-places-disponibles-collegiens-sortant-de-3eme-affectation\/#article\",\"isPartOf\":{\"@id\":\"https:\/\/vosgesinfo.fr\/remiremontinfo\/2019\/07\/vosges-places-disponibles-collegiens-sortant-de-3eme-affectation\/\"},\"author\":{\"name\":\"C D\",\"@id\":\"https:\/\/vosgesinfo.fr\/remiremontinfo\/#\/schema\/person\/3bfd164d5218a185b1db68655a265316\"},\"headline\":\"Vosges : des places disponibles pour les coll\u00e9giens sortant de 3\u00e8me sans affectation\",\"datePublished\":\"2019-07-16T11:54:59+00:00\",\"dateModified\":\"2019-07-16T11:54:59+00:00\",\"mainEntityOfPage\":{\"@id\":\"https:\/\/vosgesinfo.fr\/remiremontinfo\/2019\/07\/vosges-places-disponibles-collegiens-sortant-de-3eme-affectation\/\"},\"wordCount\":207,\"commentCount\":0,\"publisher\":{\"@id\":\"https:\/\/vosgesinfo.fr\/remiremontinfo\/#organization\"},\"image\":{\"@id\":\"https:\/\/vosgesinfo.fr\/remiremontinfo\/2019\/07\/vosges-places-disponibles-collegiens-sortant-de-3eme-affectation\/#primaryimage\"},\"thumbnailUrl\":\"https:\/\/vosgesinfo.fr\/app\/uploads\/sites\/5\/2024\/09\/201902computer-1185626-1280-4.jpg\",\"articleSection\":[\"A la Une\",\"Enseignement\",\"Vosges\"],\"inLanguage\":\"fr-FR\",\"potentialAction\":[{\"@type\":\"CommentAction\",\"name\":\"Comment\",\"target\":[\"https:\/\/vosgesinfo.fr\/remiremontinfo\/2019\/07\/vosges-places-disponibles-collegiens-sortant-de-3eme-affectation\/#respond\"]}]},{\"@type\":\"WebPage\",\"@id\":\"https:\/\/vosgesinfo.fr\/remiremontinfo\/2019\/07\/vosges-places-disponibles-collegiens-sortant-de-3eme-affectation\/\",\"url\":\"https:\/\/vosgesinfo.fr\/remiremontinfo\/2019\/07\/vosges-places-disponibles-collegiens-sortant-de-3eme-affectation\/\",\"name\":\"Vosges : des places disponibles pour les coll\u00e9giens sortant de 3\u00e8me sans affectation - Remiremont Info\",\"isPartOf\":{\"@id\":\"https:\/\/vosgesinfo.fr\/remiremontinfo\/#website\"},\"primaryImageOfPage\":{\"@id\":\"https:\/\/vosgesinfo.fr\/remiremontinfo\/2019\/07\/vosges-places-disponibles-collegiens-sortant-de-3eme-affectation\/#primaryimage\"},\"image\":{\"@id\":\"https:\/\/vosgesinfo.fr\/remiremontinfo\/2019\/07\/vosges-places-disponibles-collegiens-sortant-de-3eme-affectation\/#primaryimage\"},\"thumbnailUrl\":\"https:\/\/vosgesinfo.fr\/app\/uploads\/sites\/5\/2024\/09\/201902computer-1185626-1280-4.jpg\",\"datePublished\":\"2019-07-16T11:54:59+00:00\",\"dateModified\":\"2019-07-16T11:54:59+00:00\",\"breadcrumb\":{\"@id\":\"https:\/\/vosgesinfo.fr\/remiremontinfo\/2019\/07\/vosges-places-disponibles-collegiens-sortant-de-3eme-affectation\/#breadcrumb\"},\"inLanguage\":\"fr-FR\",\"potentialAction\":[{\"@type\":\"ReadAction\",\"target\":[\"https:\/\/vosgesinfo.fr\/remiremontinfo\/2019\/07\/vosges-places-disponibles-collegiens-sortant-de-3eme-affectation\/\"]}]},{\"@type\":\"ImageObject\",\"inLanguage\":\"fr-FR\",\"@id\":\"https:\/\/vosgesinfo.fr\/remiremontinfo\/2019\/07\/vosges-places-disponibles-collegiens-sortant-de-3eme-affectation\/#primaryimage\",\"url\":\"https:\/\/vosgesinfo.fr\/app\/uploads\/sites\/5\/2024\/09\/201902computer-1185626-1280-4.jpg\",\"contentUrl\":\"https:\/\/vosgesinfo.fr\/app\/uploads\/sites\/5\/2024\/09\/201902computer-1185626-1280-4.jpg\",\"width\":1280,\"height\":853},{\"@type\":\"BreadcrumbList\",\"@id\":\"https:\/\/vosgesinfo.fr\/remiremontinfo\/2019\/07\/vosges-places-disponibles-collegiens-sortant-de-3eme-affectation\/#breadcrumb\",\"itemListElement\":[{\"@type\":\"ListItem\",\"position\":1,\"name\":\"Home\",\"item\":\"https:\/\/vosgesinfo.fr\/remiremontinfo\/\"},{\"@type\":\"ListItem\",\"position\":2,\"name\":\"Vosges : des places disponibles pour les coll\u00e9giens sortant de 3\u00e8me sans affectation\"}]},{\"@type\":\"WebSite\",\"@id\":\"https:\/\/vosgesinfo.fr\/remiremontinfo\/#website\",\"url\":\"https:\/\/vosgesinfo.fr\/remiremontinfo\/\",\"name\":\"Remiremont Info\",\"description\":\"Toute l&#039;actualit\u00e9 de Remiremont\",\"publisher\":{\"@id\":\"https:\/\/vosgesinfo.fr\/remiremontinfo\/#organization\"},\"alternateName\":\"Toute l'actualit\u00e9 de Remiremont\",\"potentialAction\":[{\"@type\":\"SearchAction\",\"target\":{\"@type\":\"EntryPoint\",\"urlTemplate\":\"https:\/\/vosgesinfo.fr\/remiremontinfo\/?s={search_term_string}\"},\"query-input\":\"required name=search_term_string\"}],\"inLanguage\":\"fr-FR\"},{\"@type\":\"Organization\",\"@id\":\"https:\/\/vosgesinfo.fr\/remiremontinfo\/#organization\",\"name\":\"Remiremont Info\",\"url\":\"https:\/\/vosgesinfo.fr\/remiremontinfo\/\",\"logo\":{\"@type\":\"ImageObject\",\"inLanguage\":\"fr-FR\",\"@id\":\"https:\/\/vosgesinfo.fr\/remiremontinfo\/#\/schema\/logo\/image\/\",\"url\":\"https:\/\/vosgesinfo.fr\/app\/uploads\/sites\/5\/2023\/08\/favicon-remiremontinfo.png\",\"contentUrl\":\"https:\/\/vosgesinfo.fr\/app\/uploads\/sites\/5\/2023\/08\/favicon-remiremontinfo.png\",\"width\":512,\"height\":512,\"caption\":\"Remiremont Info\"},\"image\":{\"@id\":\"https:\/\/vosgesinfo.fr\/remiremontinfo\/#\/schema\/logo\/image\/\"},\"sameAs\":[\"https:\/\/www.facebook.com\/remiremontinfo\",\"https:\/\/x.com\/VosgesInfo88\",\"https:\/\/www.youtube.com\/@vosgesinfo\"]},{\"@type\":\"Person\",\"@id\":\"https:\/\/vosgesinfo.fr\/remiremontinfo\/#\/schema\/person\/3bfd164d5218a185b1db68655a265316\",\"name\":\"C D\",\"image\":{\"@type\":\"ImageObject\",\"inLanguage\":\"fr-FR\",\"@id\":\"https:\/\/vosgesinfo.fr\/remiremontinfo\/#\/schema\/person\/image\/\",\"url\":\"https:\/\/secure.gravatar.com\/avatar\/1f9a70007336511a47468b8f1c66f922b8b7cf617b02a31149ada43893a5d48f?s=96&d=mm&r=g\",\"contentUrl\":\"https:\/\/secure.gravatar.com\/avatar\/1f9a70007336511a47468b8f1c66f922b8b7cf617b02a31149ada43893a5d48f?s=96&d=mm&r=g\",\"caption\":\"C D\"},\"url\":\"https:\/\/vosgesinfo.fr\/remiremontinfo\/author\/cedric-drevet\/\"}]}<\/script>\n<!-- \/ Yoast SEO plugin. -->","yoast_head_json":{"title":"Vosges : des places disponibles pour les coll\u00e9giens sortant de 3\u00e8me sans affectation - Remiremont Info","robots":{"index":"index","follow":"follow","max-snippet":"max-snippet:-1","max-image-preview":"max-image-preview:large","max-video-preview":"max-video-preview:-1"},"canonical":"https:\/\/vosgesinfo.fr\/remiremontinfo\/2019\/07\/vosges-places-disponibles-collegiens-sortant-de-3eme-affectation\/","twitter_card":"summary_large_image","twitter_title":"Vosges : des places disponibles pour les coll\u00e9giens sortant de 3\u00e8me sans affectation - Remiremont Info","twitter_description":"Pour les coll\u00e9giens sortant de 3\u00e8me et qui n\u2019ont pas encore d\u2019affectation pour la rentr\u00e9e prochaine, voici la liste des [&hellip;]","twitter_image":"https:\/\/vosgesinfo.fr\/app\/uploads\/sites\/5\/2024\/09\/201902computer-1185626-1280-4.jpg","twitter_creator":"@VosgesInfo88","twitter_site":"@VosgesInfo88","twitter_misc":{"\u00c9crit par":"C D","Dur\u00e9e de lecture estim\u00e9e":"1 minute"},"schema":{"@context":"https:\/\/schema.org","@graph":[{"@type":"Article","@id":"https:\/\/vosgesinfo.fr\/remiremontinfo\/2019\/07\/vosges-places-disponibles-collegiens-sortant-de-3eme-affectation\/#article","isPartOf":{"@id":"https:\/\/vosgesinfo.fr\/remiremontinfo\/2019\/07\/vosges-places-disponibles-collegiens-sortant-de-3eme-affectation\/"},"author":{"name":"C D","@id":"https:\/\/vosgesinfo.fr\/remiremontinfo\/#\/schema\/person\/3bfd164d5218a185b1db68655a265316"},"headline":"Vosges : des places disponibles pour les coll\u00e9giens sortant de 3\u00e8me sans affectation","datePublished":"2019-07-16T11:54:59+00:00","dateModified":"2019-07-16T11:54:59+00:00","mainEntityOfPage":{"@id":"https:\/\/vosgesinfo.fr\/remiremontinfo\/2019\/07\/vosges-places-disponibles-collegiens-sortant-de-3eme-affectation\/"},"wordCount":207,"commentCount":0,"publisher":{"@id":"https:\/\/vosgesinfo.fr\/remiremontinfo\/#organization"},"image":{"@id":"https:\/\/vosgesinfo.fr\/remiremontinfo\/2019\/07\/vosges-places-disponibles-collegiens-sortant-de-3eme-affectation\/#primaryimage"},"thumbnailUrl":"https:\/\/vosgesinfo.fr\/app\/uploads\/sites\/5\/2024\/09\/201902computer-1185626-1280-4.jpg","articleSection":["A la Une","Enseignement","Vosges"],"inLanguage":"fr-FR","potentialAction":[{"@type":"CommentAction","name":"Comment","target":["https:\/\/vosgesinfo.fr\/remiremontinfo\/2019\/07\/vosges-places-disponibles-collegiens-sortant-de-3eme-affectation\/#respond"]}]},{"@type":"WebPage","@id":"https:\/\/vosgesinfo.fr\/remiremontinfo\/2019\/07\/vosges-places-disponibles-collegiens-sortant-de-3eme-affectation\/","url":"https:\/\/vosgesinfo.fr\/remiremontinfo\/2019\/07\/vosges-places-disponibles-collegiens-sortant-de-3eme-affectation\/","name":"Vosges : des places disponibles pour les coll\u00e9giens sortant de 3\u00e8me sans affectation - Remiremont Info","isPartOf":{"@id":"https:\/\/vosgesinfo.fr\/remiremontinfo\/#website"},"primaryImageOfPage":{"@id":"https:\/\/vosgesinfo.fr\/remiremontinfo\/2019\/07\/vosges-places-disponibles-collegiens-sortant-de-3eme-affectation\/#primaryimage"},"image":{"@id":"https:\/\/vosgesinfo.fr\/remiremontinfo\/2019\/07\/vosges-places-disponibles-collegiens-sortant-de-3eme-affectation\/#primaryimage"},"thumbnailUrl":"https:\/\/vosgesinfo.fr\/app\/uploads\/sites\/5\/2024\/09\/201902computer-1185626-1280-4.jpg","datePublished":"2019-07-16T11:54:59+00:00","dateModified":"2019-07-16T11:54:59+00:00","breadcrumb":{"@id":"https:\/\/vosgesinfo.fr\/remiremontinfo\/2019\/07\/vosges-places-disponibles-collegiens-sortant-de-3eme-affectation\/#breadcrumb"},"inLanguage":"fr-FR","potentialAction":[{"@type":"ReadAction","target":["https:\/\/vosgesinfo.fr\/remiremontinfo\/2019\/07\/vosges-places-disponibles-collegiens-sortant-de-3eme-affectation\/"]}]},{"@type":"ImageObject","inLanguage":"fr-FR","@id":"https:\/\/vosgesinfo.fr\/remiremontinfo\/2019\/07\/vosges-places-disponibles-collegiens-sortant-de-3eme-affectation\/#primaryimage","url":"https:\/\/vosgesinfo.fr\/app\/uploads\/sites\/5\/2024\/09\/201902computer-1185626-1280-4.jpg","contentUrl":"https:\/\/vosgesinfo.fr\/app\/uploads\/sites\/5\/2024\/09\/201902computer-1185626-1280-4.jpg","width":1280,"height":853},{"@type":"BreadcrumbList","@id":"https:\/\/vosgesinfo.fr\/remiremontinfo\/2019\/07\/vosges-places-disponibles-collegiens-sortant-de-3eme-affectation\/#breadcrumb","itemListElement":[{"@type":"ListItem","position":1,"name":"Home","item":"https:\/\/vosgesinfo.fr\/remiremontinfo\/"},{"@type":"ListItem","position":2,"name":"Vosges : des places disponibles pour les coll\u00e9giens sortant de 3\u00e8me sans affectation"}]},{"@type":"WebSite","@id":"https:\/\/vosgesinfo.fr\/remiremontinfo\/#website","url":"https:\/\/vosgesinfo.fr\/remiremontinfo\/","name":"Remiremont Info","description":"Toute l&#039;actualit\u00e9 de Remiremont","publisher":{"@id":"https:\/\/vosgesinfo.fr\/remiremontinfo\/#organization"},"alternateName":"Toute l'actualit\u00e9 de Remiremont","potentialAction":[{"@type":"SearchAction","target":{"@type":"EntryPoint","urlTemplate":"https:\/\/vosgesinfo.fr\/remiremontinfo\/?s={search_term_string}"},"query-input":"required name=search_term_string"}],"inLanguage":"fr-FR"},{"@type":"Organization","@id":"https:\/\/vosgesinfo.fr\/remiremontinfo\/#organization","name":"Remiremont Info","url":"https:\/\/vosgesinfo.fr\/remiremontinfo\/","logo":{"@type":"ImageObject","inLanguage":"fr-FR","@id":"https:\/\/vosgesinfo.fr\/remiremontinfo\/#\/schema\/logo\/image\/","url":"https:\/\/vosgesinfo.fr\/app\/uploads\/sites\/5\/2023\/08\/favicon-remiremontinfo.png","contentUrl":"https:\/\/vosgesinfo.fr\/app\/uploads\/sites\/5\/2023\/08\/favicon-remiremontinfo.png","width":512,"height":512,"caption":"Remiremont Info"},"image":{"@id":"https:\/\/vosgesinfo.fr\/remiremontinfo\/#\/schema\/logo\/image\/"},"sameAs":["https:\/\/www.facebook.com\/remiremontinfo","https:\/\/x.com\/VosgesInfo88","https:\/\/www.youtube.com\/@vosgesinfo"]},{"@type":"Person","@id":"https:\/\/vosgesinfo.fr\/remiremontinfo\/#\/schema\/person\/3bfd164d5218a185b1db68655a265316","name":"C D","image":{"@type":"ImageObject","inLanguage":"fr-FR","@id":"https:\/\/vosgesinfo.fr\/remiremontinfo\/#\/schema\/person\/image\/","url":"https:\/\/secure.gravatar.com\/avatar\/1f9a70007336511a47468b8f1c66f922b8b7cf617b02a31149ada43893a5d48f?s=96&d=mm&r=g","contentUrl":"https:\/\/secure.gravatar.com\/avatar\/1f9a70007336511a47468b8f1c66f922b8b7cf617b02a31149ada43893a5d48f?s=96&d=mm&r=g","caption":"C D"},"url":"https:\/\/vosgesinfo.fr\/remiremontinfo\/author\/cedric-drevet\/"}]}},"_links":{"self":[{"href":"https:\/\/vosgesinfo.fr\/remiremontinfo\/wp-json\/wp\/v2\/posts\/17823","targetHints":{"allow":["GET"]}}],"collection":[{"href":"https:\/\/vosgesinfo.fr\/remiremontinfo\/wp-json\/wp\/v2\/posts"}],"about":[{"href":"https:\/\/vosgesinfo.fr\/remiremontinfo\/wp-json\/wp\/v2\/types\/post"}],"author":[{"embeddable":true,"href":"https:\/\/vosgesinfo.fr\/remiremontinfo\/wp-json\/wp\/v2\/users\/407"}],"replies":[{"embeddable":true,"href":"https:\/\/vosgesinfo.fr\/remiremontinfo\/wp-json\/wp\/v2\/comments?post=17823"}],"version-history":[{"count":0,"href":"https:\/\/vosgesinfo.fr\/remiremontinfo\/wp-json\/wp\/v2\/posts\/17823\/revisions"}],"wp:featuredmedia":[{"embeddable":true,"href":"https:\/\/vosgesinfo.fr\/remiremontinfo\/wp-json\/wp\/v2\/media\/17824"}],"wp:attachment":[{"href":"https:\/\/vosgesinfo.fr\/remiremontinfo\/wp-json\/wp\/v2\/media?parent=17823"}],"wp:term":[{"taxonomy":"category","embeddable":true,"href":"https:\/\/vosgesinfo.fr\/remiremontinfo\/wp-json\/wp\/v2\/categories?post=17823"},{"taxonomy":"post_tag","embeddable":true,"href":"https:\/\/vosgesinfo.fr\/remiremontinfo\/wp-json\/wp\/v2\/tags?post=17823"}],"curies":[{"name":"wp","href":"https:\/\/api.w.org\/{rel}","templated":true}]}}