{"id":17885,"date":"2019-07-17T05:50:18","date_gmt":"2019-07-17T03:50:18","guid":{"rendered":"https:\/\/vosgesinfo.fr\/remiremontinfo\/2019\/07\/plombieres-marches-terroir-de-ruaux\/"},"modified":"2019-07-17T05:50:18","modified_gmt":"2019-07-17T03:50:18","slug":"plombieres-marches-terroir-de-ruaux","status":"publish","type":"post","link":"https:\/\/vosgesinfo.fr\/remiremontinfo\/2019\/07\/plombieres-marches-terroir-de-ruaux\/","title":{"rendered":"Plombi\u00e8res : les March\u00e9s du Terroir de Ruaux"},"content":{"rendered":"<div class=\"media-body\">\n<h4 class=\"media-heading\"><a href=\"\/2019\/07\/Capture-d\u2019e\u0301cran-2019-07-17-a\u0300-12.12.55.png\"><img decoding=\"async\" class=\"alignnone size-large wp-image-264412\" src=\"\/2019\/07\/Capture-d\u2019e\u0301cran-2019-07-17-a\u0300-12.12.55-1024x721.png\" alt=\"Capture d\u2019e\u0301cran 2019-07-17 a\u0300 12.12.55\" width=\"960\" height=\"676\" \/><\/a><\/h4>\n<h2><span style=\"font-size: 12pt;\"><strong>Au fil des ans, les March\u00e9s du Terroir de Ruaux sont devenus un \u00e9l\u00e9ment incontournable de la vie locale. Du 06 juillet au 17 ao\u00fbt, un samedi sur deux, les ruaudais vous donnent rendez-vous pour une soir\u00e9e en toute convivialit\u00e9.<\/strong><\/span><\/h2>\n<p>Chaque March\u00e9 du Terroir de Ruaux est anim\u00e9 par une association locale diff\u00e9rente, diversifiant ainsi leur style et leur ambiance.\u00a0 Elles proposent \u00e9galement une restauration avec une buvette sur fond musical.<br \/>\nUne grande halle en bois \u00e9quip\u00e9e de tables de pique-nique est disponible, vous offrant la possibilit\u00e9 de consommer sur place les produits achet\u00e9s sur le march\u00e9 du jour.<\/p>\n<p><em><strong>Au programme :\u00a0<\/strong><\/em><\/p>\n<\/div>\n<div class=\"media-body-secondary\">\n<div>\n<p><strong>06 juillet 2019 :<\/strong>\u00a0Fr\u00e9d\u00e9ric BRESCHI, buvette et repas assur\u00e9s par F\u00eate et renaissance<\/p>\n<p><strong>20 juillet 2019 :<\/strong>\u00a0Ruda, buvette et repas assur\u00e9s par Les Raz&rsquo;moquettes<\/p>\n<p><strong>03 ao\u00fbt 2019 :<\/strong>\u00a0Rock et Country du Val d&rsquo;Ajol, buvette et repas assur\u00e9s par la Soci\u00e9t\u00e9 de chasse de Plombi\u00e8res-les-Bains<\/p>\n<p><strong>17 ao\u00fbt 2019 :<\/strong>\u00a0Katy ALYZEE, buvette et repas assur\u00e9s par 4 Pattes plus un toit<\/p>\n<\/div>\n<div><em>Rendez-vous les samedis\u00a006 et 20 juillet\u00a0et\u00a003 et 17 ao\u00fbt\u00a0de\u00a018h00 \u00e0 21h00\u00a0\u00e0\u00a0Ruaux<\/em><\/div>\n<\/div>\n","protected":false},"excerpt":{"rendered":"<p>Au fil des ans, les March\u00e9s du Terroir de Ruaux sont devenus un \u00e9l\u00e9ment incontournable de la vie locale. Du [&hellip;]<\/p>\n","protected":false},"author":407,"featured_media":17886,"comment_status":"open","ping_status":"open","sticky":false,"template":"","format":"standard","meta":{"footnotes":""},"categories":[26,120,82,54,102],"tags":[],"class_list":["post-17885","post","type-post","status-publish","format-standard","has-post-thumbnail","hentry","category-a-la-une","category-commerce","category-le-val-dajol-son-canton","category-loisirs","category-plombieres-les-bains"],"acf":[],"yoast_head":"<!-- This site is optimized with the Yoast SEO plugin v22.5 - https:\/\/yoast.com\/wordpress\/plugins\/seo\/ -->\n<title>Plombi\u00e8res : les March\u00e9s du Terroir de Ruaux - Remiremont Info<\/title>\n<meta name=\"robots\" content=\"index, follow, max-snippet:-1, max-image-preview:large, max-video-preview:-1\" \/>\n<link rel=\"canonical\" href=\"https:\/\/vosgesinfo.fr\/remiremontinfo\/2019\/07\/plombieres-marches-terroir-de-ruaux\/\" \/>\n<meta name=\"twitter:card\" content=\"summary_large_image\" \/>\n<meta name=\"twitter:title\" content=\"Plombi\u00e8res : les March\u00e9s du Terroir de Ruaux - Remiremont Info\" \/>\n<meta name=\"twitter:description\" content=\"Au fil des ans, les March\u00e9s du Terroir de Ruaux sont devenus un \u00e9l\u00e9ment incontournable de la vie locale. Du [&hellip;]\" \/>\n<meta name=\"twitter:image\" content=\"https:\/\/vosgesinfo.fr\/app\/uploads\/sites\/5\/2024\/09\/201907capture-decran-2019-07-17-a-12.12.55.png\" \/>\n<meta name=\"twitter:creator\" content=\"@VosgesInfo88\" \/>\n<meta name=\"twitter:site\" content=\"@VosgesInfo88\" \/>\n<meta name=\"twitter:label1\" content=\"\u00c9crit par\" \/>\n\t<meta name=\"twitter:data1\" content=\"C D\" \/>\n\t<meta name=\"twitter:label2\" content=\"Dur\u00e9e de lecture estim\u00e9e\" \/>\n\t<meta name=\"twitter:data2\" content=\"1 minute\" \/>\n<script type=\"application\/ld+json\" class=\"yoast-schema-graph\">{\"@context\":\"https:\/\/schema.org\",\"@graph\":[{\"@type\":\"Article\",\"@id\":\"https:\/\/vosgesinfo.fr\/remiremontinfo\/2019\/07\/plombieres-marches-terroir-de-ruaux\/#article\",\"isPartOf\":{\"@id\":\"https:\/\/vosgesinfo.fr\/remiremontinfo\/2019\/07\/plombieres-marches-terroir-de-ruaux\/\"},\"author\":{\"name\":\"C D\",\"@id\":\"https:\/\/vosgesinfo.fr\/remiremontinfo\/#\/schema\/person\/3bfd164d5218a185b1db68655a265316\"},\"headline\":\"Plombi\u00e8res : les March\u00e9s du Terroir de Ruaux\",\"datePublished\":\"2019-07-17T03:50:18+00:00\",\"dateModified\":\"2019-07-17T03:50:18+00:00\",\"mainEntityOfPage\":{\"@id\":\"https:\/\/vosgesinfo.fr\/remiremontinfo\/2019\/07\/plombieres-marches-terroir-de-ruaux\/\"},\"wordCount\":191,\"commentCount\":0,\"publisher\":{\"@id\":\"https:\/\/vosgesinfo.fr\/remiremontinfo\/#organization\"},\"image\":{\"@id\":\"https:\/\/vosgesinfo.fr\/remiremontinfo\/2019\/07\/plombieres-marches-terroir-de-ruaux\/#primaryimage\"},\"thumbnailUrl\":\"https:\/\/vosgesinfo.fr\/app\/uploads\/sites\/5\/2024\/09\/201907capture-decran-2019-07-17-a-12.12.55.png\",\"articleSection\":[\"A la Une\",\"Commerce\",\"Le Val-d'Ajol &amp; son canton\",\"Loisirs\",\"Plombi\u00e8res-l\u00e8s-Bains\"],\"inLanguage\":\"fr-FR\",\"potentialAction\":[{\"@type\":\"CommentAction\",\"name\":\"Comment\",\"target\":[\"https:\/\/vosgesinfo.fr\/remiremontinfo\/2019\/07\/plombieres-marches-terroir-de-ruaux\/#respond\"]}]},{\"@type\":\"WebPage\",\"@id\":\"https:\/\/vosgesinfo.fr\/remiremontinfo\/2019\/07\/plombieres-marches-terroir-de-ruaux\/\",\"url\":\"https:\/\/vosgesinfo.fr\/remiremontinfo\/2019\/07\/plombieres-marches-terroir-de-ruaux\/\",\"name\":\"Plombi\u00e8res : les March\u00e9s du Terroir de Ruaux - Remiremont Info\",\"isPartOf\":{\"@id\":\"https:\/\/vosgesinfo.fr\/remiremontinfo\/#website\"},\"primaryImageOfPage\":{\"@id\":\"https:\/\/vosgesinfo.fr\/remiremontinfo\/2019\/07\/plombieres-marches-terroir-de-ruaux\/#primaryimage\"},\"image\":{\"@id\":\"https:\/\/vosgesinfo.fr\/remiremontinfo\/2019\/07\/plombieres-marches-terroir-de-ruaux\/#primaryimage\"},\"thumbnailUrl\":\"https:\/\/vosgesinfo.fr\/app\/uploads\/sites\/5\/2024\/09\/201907capture-decran-2019-07-17-a-12.12.55.png\",\"datePublished\":\"2019-07-17T03:50:18+00:00\",\"dateModified\":\"2019-07-17T03:50:18+00:00\",\"breadcrumb\":{\"@id\":\"https:\/\/vosgesinfo.fr\/remiremontinfo\/2019\/07\/plombieres-marches-terroir-de-ruaux\/#breadcrumb\"},\"inLanguage\":\"fr-FR\",\"potentialAction\":[{\"@type\":\"ReadAction\",\"target\":[\"https:\/\/vosgesinfo.fr\/remiremontinfo\/2019\/07\/plombieres-marches-terroir-de-ruaux\/\"]}]},{\"@type\":\"ImageObject\",\"inLanguage\":\"fr-FR\",\"@id\":\"https:\/\/vosgesinfo.fr\/remiremontinfo\/2019\/07\/plombieres-marches-terroir-de-ruaux\/#primaryimage\",\"url\":\"https:\/\/vosgesinfo.fr\/app\/uploads\/sites\/5\/2024\/09\/201907capture-decran-2019-07-17-a-12.12.55.png\",\"contentUrl\":\"https:\/\/vosgesinfo.fr\/app\/uploads\/sites\/5\/2024\/09\/201907capture-decran-2019-07-17-a-12.12.55.png\",\"width\":1496,\"height\":1054},{\"@type\":\"BreadcrumbList\",\"@id\":\"https:\/\/vosgesinfo.fr\/remiremontinfo\/2019\/07\/plombieres-marches-terroir-de-ruaux\/#breadcrumb\",\"itemListElement\":[{\"@type\":\"ListItem\",\"position\":1,\"name\":\"Home\",\"item\":\"https:\/\/vosgesinfo.fr\/remiremontinfo\/\"},{\"@type\":\"ListItem\",\"position\":2,\"name\":\"Plombi\u00e8res : les March\u00e9s du Terroir de Ruaux\"}]},{\"@type\":\"WebSite\",\"@id\":\"https:\/\/vosgesinfo.fr\/remiremontinfo\/#website\",\"url\":\"https:\/\/vosgesinfo.fr\/remiremontinfo\/\",\"name\":\"Remiremont Info\",\"description\":\"Toute l&#039;actualit\u00e9 de Remiremont\",\"publisher\":{\"@id\":\"https:\/\/vosgesinfo.fr\/remiremontinfo\/#organization\"},\"alternateName\":\"Toute l'actualit\u00e9 de Remiremont\",\"potentialAction\":[{\"@type\":\"SearchAction\",\"target\":{\"@type\":\"EntryPoint\",\"urlTemplate\":\"https:\/\/vosgesinfo.fr\/remiremontinfo\/?s={search_term_string}\"},\"query-input\":\"required name=search_term_string\"}],\"inLanguage\":\"fr-FR\"},{\"@type\":\"Organization\",\"@id\":\"https:\/\/vosgesinfo.fr\/remiremontinfo\/#organization\",\"name\":\"Remiremont Info\",\"url\":\"https:\/\/vosgesinfo.fr\/remiremontinfo\/\",\"logo\":{\"@type\":\"ImageObject\",\"inLanguage\":\"fr-FR\",\"@id\":\"https:\/\/vosgesinfo.fr\/remiremontinfo\/#\/schema\/logo\/image\/\",\"url\":\"https:\/\/vosgesinfo.fr\/app\/uploads\/sites\/5\/2023\/08\/favicon-remiremontinfo.png\",\"contentUrl\":\"https:\/\/vosgesinfo.fr\/app\/uploads\/sites\/5\/2023\/08\/favicon-remiremontinfo.png\",\"width\":512,\"height\":512,\"caption\":\"Remiremont Info\"},\"image\":{\"@id\":\"https:\/\/vosgesinfo.fr\/remiremontinfo\/#\/schema\/logo\/image\/\"},\"sameAs\":[\"https:\/\/www.facebook.com\/remiremontinfo\",\"https:\/\/x.com\/VosgesInfo88\",\"https:\/\/www.youtube.com\/@vosgesinfo\"]},{\"@type\":\"Person\",\"@id\":\"https:\/\/vosgesinfo.fr\/remiremontinfo\/#\/schema\/person\/3bfd164d5218a185b1db68655a265316\",\"name\":\"C D\",\"image\":{\"@type\":\"ImageObject\",\"inLanguage\":\"fr-FR\",\"@id\":\"https:\/\/vosgesinfo.fr\/remiremontinfo\/#\/schema\/person\/image\/\",\"url\":\"https:\/\/secure.gravatar.com\/avatar\/1f9a70007336511a47468b8f1c66f922b8b7cf617b02a31149ada43893a5d48f?s=96&d=mm&r=g\",\"contentUrl\":\"https:\/\/secure.gravatar.com\/avatar\/1f9a70007336511a47468b8f1c66f922b8b7cf617b02a31149ada43893a5d48f?s=96&d=mm&r=g\",\"caption\":\"C D\"},\"url\":\"https:\/\/vosgesinfo.fr\/remiremontinfo\/author\/cedric-drevet\/\"}]}<\/script>\n<!-- \/ Yoast SEO plugin. -->","yoast_head_json":{"title":"Plombi\u00e8res : les March\u00e9s du Terroir de Ruaux - Remiremont Info","robots":{"index":"index","follow":"follow","max-snippet":"max-snippet:-1","max-image-preview":"max-image-preview:large","max-video-preview":"max-video-preview:-1"},"canonical":"https:\/\/vosgesinfo.fr\/remiremontinfo\/2019\/07\/plombieres-marches-terroir-de-ruaux\/","twitter_card":"summary_large_image","twitter_title":"Plombi\u00e8res : les March\u00e9s du Terroir de Ruaux - Remiremont Info","twitter_description":"Au fil des ans, les March\u00e9s du Terroir de Ruaux sont devenus un \u00e9l\u00e9ment incontournable de la vie locale. Du [&hellip;]","twitter_image":"https:\/\/vosgesinfo.fr\/app\/uploads\/sites\/5\/2024\/09\/201907capture-decran-2019-07-17-a-12.12.55.png","twitter_creator":"@VosgesInfo88","twitter_site":"@VosgesInfo88","twitter_misc":{"\u00c9crit par":"C D","Dur\u00e9e de lecture estim\u00e9e":"1 minute"},"schema":{"@context":"https:\/\/schema.org","@graph":[{"@type":"Article","@id":"https:\/\/vosgesinfo.fr\/remiremontinfo\/2019\/07\/plombieres-marches-terroir-de-ruaux\/#article","isPartOf":{"@id":"https:\/\/vosgesinfo.fr\/remiremontinfo\/2019\/07\/plombieres-marches-terroir-de-ruaux\/"},"author":{"name":"C D","@id":"https:\/\/vosgesinfo.fr\/remiremontinfo\/#\/schema\/person\/3bfd164d5218a185b1db68655a265316"},"headline":"Plombi\u00e8res : les March\u00e9s du Terroir de Ruaux","datePublished":"2019-07-17T03:50:18+00:00","dateModified":"2019-07-17T03:50:18+00:00","mainEntityOfPage":{"@id":"https:\/\/vosgesinfo.fr\/remiremontinfo\/2019\/07\/plombieres-marches-terroir-de-ruaux\/"},"wordCount":191,"commentCount":0,"publisher":{"@id":"https:\/\/vosgesinfo.fr\/remiremontinfo\/#organization"},"image":{"@id":"https:\/\/vosgesinfo.fr\/remiremontinfo\/2019\/07\/plombieres-marches-terroir-de-ruaux\/#primaryimage"},"thumbnailUrl":"https:\/\/vosgesinfo.fr\/app\/uploads\/sites\/5\/2024\/09\/201907capture-decran-2019-07-17-a-12.12.55.png","articleSection":["A la Une","Commerce","Le Val-d'Ajol &amp; son canton","Loisirs","Plombi\u00e8res-l\u00e8s-Bains"],"inLanguage":"fr-FR","potentialAction":[{"@type":"CommentAction","name":"Comment","target":["https:\/\/vosgesinfo.fr\/remiremontinfo\/2019\/07\/plombieres-marches-terroir-de-ruaux\/#respond"]}]},{"@type":"WebPage","@id":"https:\/\/vosgesinfo.fr\/remiremontinfo\/2019\/07\/plombieres-marches-terroir-de-ruaux\/","url":"https:\/\/vosgesinfo.fr\/remiremontinfo\/2019\/07\/plombieres-marches-terroir-de-ruaux\/","name":"Plombi\u00e8res : les March\u00e9s du Terroir de Ruaux - Remiremont Info","isPartOf":{"@id":"https:\/\/vosgesinfo.fr\/remiremontinfo\/#website"},"primaryImageOfPage":{"@id":"https:\/\/vosgesinfo.fr\/remiremontinfo\/2019\/07\/plombieres-marches-terroir-de-ruaux\/#primaryimage"},"image":{"@id":"https:\/\/vosgesinfo.fr\/remiremontinfo\/2019\/07\/plombieres-marches-terroir-de-ruaux\/#primaryimage"},"thumbnailUrl":"https:\/\/vosgesinfo.fr\/app\/uploads\/sites\/5\/2024\/09\/201907capture-decran-2019-07-17-a-12.12.55.png","datePublished":"2019-07-17T03:50:18+00:00","dateModified":"2019-07-17T03:50:18+00:00","breadcrumb":{"@id":"https:\/\/vosgesinfo.fr\/remiremontinfo\/2019\/07\/plombieres-marches-terroir-de-ruaux\/#breadcrumb"},"inLanguage":"fr-FR","potentialAction":[{"@type":"ReadAction","target":["https:\/\/vosgesinfo.fr\/remiremontinfo\/2019\/07\/plombieres-marches-terroir-de-ruaux\/"]}]},{"@type":"ImageObject","inLanguage":"fr-FR","@id":"https:\/\/vosgesinfo.fr\/remiremontinfo\/2019\/07\/plombieres-marches-terroir-de-ruaux\/#primaryimage","url":"https:\/\/vosgesinfo.fr\/app\/uploads\/sites\/5\/2024\/09\/201907capture-decran-2019-07-17-a-12.12.55.png","contentUrl":"https:\/\/vosgesinfo.fr\/app\/uploads\/sites\/5\/2024\/09\/201907capture-decran-2019-07-17-a-12.12.55.png","width":1496,"height":1054},{"@type":"BreadcrumbList","@id":"https:\/\/vosgesinfo.fr\/remiremontinfo\/2019\/07\/plombieres-marches-terroir-de-ruaux\/#breadcrumb","itemListElement":[{"@type":"ListItem","position":1,"name":"Home","item":"https:\/\/vosgesinfo.fr\/remiremontinfo\/"},{"@type":"ListItem","position":2,"name":"Plombi\u00e8res : les March\u00e9s du Terroir de Ruaux"}]},{"@type":"WebSite","@id":"https:\/\/vosgesinfo.fr\/remiremontinfo\/#website","url":"https:\/\/vosgesinfo.fr\/remiremontinfo\/","name":"Remiremont Info","description":"Toute l&#039;actualit\u00e9 de Remiremont","publisher":{"@id":"https:\/\/vosgesinfo.fr\/remiremontinfo\/#organization"},"alternateName":"Toute l'actualit\u00e9 de Remiremont","potentialAction":[{"@type":"SearchAction","target":{"@type":"EntryPoint","urlTemplate":"https:\/\/vosgesinfo.fr\/remiremontinfo\/?s={search_term_string}"},"query-input":"required name=search_term_string"}],"inLanguage":"fr-FR"},{"@type":"Organization","@id":"https:\/\/vosgesinfo.fr\/remiremontinfo\/#organization","name":"Remiremont Info","url":"https:\/\/vosgesinfo.fr\/remiremontinfo\/","logo":{"@type":"ImageObject","inLanguage":"fr-FR","@id":"https:\/\/vosgesinfo.fr\/remiremontinfo\/#\/schema\/logo\/image\/","url":"https:\/\/vosgesinfo.fr\/app\/uploads\/sites\/5\/2023\/08\/favicon-remiremontinfo.png","contentUrl":"https:\/\/vosgesinfo.fr\/app\/uploads\/sites\/5\/2023\/08\/favicon-remiremontinfo.png","width":512,"height":512,"caption":"Remiremont Info"},"image":{"@id":"https:\/\/vosgesinfo.fr\/remiremontinfo\/#\/schema\/logo\/image\/"},"sameAs":["https:\/\/www.facebook.com\/remiremontinfo","https:\/\/x.com\/VosgesInfo88","https:\/\/www.youtube.com\/@vosgesinfo"]},{"@type":"Person","@id":"https:\/\/vosgesinfo.fr\/remiremontinfo\/#\/schema\/person\/3bfd164d5218a185b1db68655a265316","name":"C D","image":{"@type":"ImageObject","inLanguage":"fr-FR","@id":"https:\/\/vosgesinfo.fr\/remiremontinfo\/#\/schema\/person\/image\/","url":"https:\/\/secure.gravatar.com\/avatar\/1f9a70007336511a47468b8f1c66f922b8b7cf617b02a31149ada43893a5d48f?s=96&d=mm&r=g","contentUrl":"https:\/\/secure.gravatar.com\/avatar\/1f9a70007336511a47468b8f1c66f922b8b7cf617b02a31149ada43893a5d48f?s=96&d=mm&r=g","caption":"C D"},"url":"https:\/\/vosgesinfo.fr\/remiremontinfo\/author\/cedric-drevet\/"}]}},"_links":{"self":[{"href":"https:\/\/vosgesinfo.fr\/remiremontinfo\/wp-json\/wp\/v2\/posts\/17885","targetHints":{"allow":["GET"]}}],"collection":[{"href":"https:\/\/vosgesinfo.fr\/remiremontinfo\/wp-json\/wp\/v2\/posts"}],"about":[{"href":"https:\/\/vosgesinfo.fr\/remiremontinfo\/wp-json\/wp\/v2\/types\/post"}],"author":[{"embeddable":true,"href":"https:\/\/vosgesinfo.fr\/remiremontinfo\/wp-json\/wp\/v2\/users\/407"}],"replies":[{"embeddable":true,"href":"https:\/\/vosgesinfo.fr\/remiremontinfo\/wp-json\/wp\/v2\/comments?post=17885"}],"version-history":[{"count":0,"href":"https:\/\/vosgesinfo.fr\/remiremontinfo\/wp-json\/wp\/v2\/posts\/17885\/revisions"}],"wp:featuredmedia":[{"embeddable":true,"href":"https:\/\/vosgesinfo.fr\/remiremontinfo\/wp-json\/wp\/v2\/media\/17886"}],"wp:attachment":[{"href":"https:\/\/vosgesinfo.fr\/remiremontinfo\/wp-json\/wp\/v2\/media?parent=17885"}],"wp:term":[{"taxonomy":"category","embeddable":true,"href":"https:\/\/vosgesinfo.fr\/remiremontinfo\/wp-json\/wp\/v2\/categories?post=17885"},{"taxonomy":"post_tag","embeddable":true,"href":"https:\/\/vosgesinfo.fr\/remiremontinfo\/wp-json\/wp\/v2\/tags?post=17885"}],"curies":[{"name":"wp","href":"https:\/\/api.w.org\/{rel}","templated":true}]}}