{"id":18210,"date":"2019-07-26T07:54:33","date_gmt":"2019-07-26T05:54:33","guid":{"rendered":"https:\/\/vosgesinfo.fr\/remiremontinfo\/2019\/07\/remiremont-23-nouvelles-aides-soignantes-recoivent-diplome\/"},"modified":"2019-07-26T07:54:33","modified_gmt":"2019-07-26T05:54:33","slug":"remiremont-23-nouvelles-aides-soignantes-recoivent-diplome","status":"publish","type":"post","link":"https:\/\/vosgesinfo.fr\/remiremontinfo\/2019\/07\/remiremont-23-nouvelles-aides-soignantes-recoivent-diplome\/","title":{"rendered":"Remiremont : 23 nouvelles aides soignantes re\u00e7oivent leur dipl\u00f4me"},"content":{"rendered":"<h2 class=\"p2\"><a href=\"\/2019\/07\/P1250310.jpg\"><img decoding=\"async\" class=\"alignnone wp-image-264886 size-large\" src=\"\/2019\/07\/P1250310-1024x768.jpg\" alt=\"P1250310\" width=\"960\" height=\"720\" \/><\/a><\/h2>\n<h2 class=\"p2\"><span style=\"font-size: 12pt;\"><strong><span class=\"s1\">Ce jeudi, \u00e0 l\u2019Institut de Formation en soins Infirmiers de Remiremont, les nouveaux aides soignants se sont rassembl\u00e9s pour recevoir leurs dipl\u00f4me. Toutes des femmes. Sur 27 candidats, 23 ont obtenu le dipl\u00f4me d\u2019Etat d\u2019Aide-Soignant, soit 85% de r\u00e9ussite. <\/span><\/strong><\/span><\/h2>\n<p class=\"p2\"><span class=\"s1\">Apr\u00e8s 1435 heures de formation, r\u00e9parties entre l\u2019enseignement th\u00e9orique et un stage, C\u00e9line Nurdin arrive major de la promotion, suivie par Aline Allemandet, Vanessa Blandez. Madame Vaxelaire a souhait\u00e9 \u00e0 <a href=\"\/2019\/07\/P1250295.jpg\"><img decoding=\"async\" class=\"size-medium wp-image-264885 alignright\" src=\"\/2019\/07\/P1250295-340x255.jpg\" alt=\"P1250295\" width=\"340\" height=\"255\" \/><\/a>l\u2019ensemble des jeunes femmes pr\u00e9sentes une longue carri\u00e8re professionelle : \u00ab\u00a0un m\u00e9tier exigeant, un m\u00e9tier passionnant\u00a0\u00bb. <\/span><\/p>\n<p class=\"p2\"><span class=\"s1\">Chacune des nouvelles dipl\u00f4m\u00e9es a un parcours diff\u00e9rent. Blandine Delaitre a 20 ans, elle est originaire de Vagney. Elle a obtenu un bac pro accompagnement soin et services \u00e0 la personne. \u00ab\u00a0J\u2019ai pu voir diff\u00e9rents publics. Le m\u00e9tier d\u2019aide soignante m\u2019a plu, j\u2019ai tout de suite accroch\u00e9 ! Ma formation a confirm\u00e9 mes choix\u00a0\u00bb. Elle travaille d\u00e9sormais \u00e0 l\u2019Hopital de Remiremont.<\/span><\/p>\n<p class=\"p2\" style=\"text-align: center;\">\n<p class=\"p2\" style=\"text-align: center;\"><em><strong>Voici la liste des dipl\u00f4m\u00e9es :\u00a0<\/strong><\/em><\/p>\n<p class=\"p2\" style=\"text-align: center;\">Celine Nurdin<\/p>\n<p class=\"p2\" style=\"text-align: center;\">Aline Allemandet<\/p>\n<p class=\"p2\" style=\"text-align: center;\">Vanessa Blaudez<\/p>\n<p class=\"p2\" style=\"text-align: center;\">Sandra Crouvezier<\/p>\n<p class=\"p2\" style=\"text-align: center;\">Laetitia Chopinez<\/p>\n<p class=\"p2\" style=\"text-align: center;\">Blandine Delaitre<\/p>\n<p class=\"p2\" style=\"text-align: center;\">Elodie Villemin<\/p>\n<p class=\"p2\" style=\"text-align: center;\">Elisa Doillon<\/p>\n<p class=\"p2\" style=\"text-align: center;\">L\u00e9a Dos Santos<\/p>\n<p class=\"p2\" style=\"text-align: center;\">Estelle Frattini<\/p>\n<p class=\"p2\" style=\"text-align: center;\">M\u00e9lissa Gallemard<\/p>\n<p class=\"p2\" style=\"text-align: center;\">Virginie Genet<\/p>\n<p class=\"p2\" style=\"text-align: center;\">Elisabeth Jacquemin<\/p>\n<p class=\"p2\" style=\"text-align: center;\">Ang\u00e9lique Jardy<\/p>\n<p class=\"p2\" style=\"text-align: center;\">Olivia Mathieu<\/p>\n<p class=\"p2\" style=\"text-align: center;\">L\u00e9a Mathiot<\/p>\n<p class=\"p2\" style=\"text-align: center;\">Elodie Mondi<\/p>\n<p class=\"p2\" style=\"text-align: center;\">Alexandra Mougenot<\/p>\n<p class=\"p2\" style=\"text-align: center;\">Ang\u00e9lique Oudot<\/p>\n<p class=\"p2\" style=\"text-align: center;\">Elodie Peersmann<\/p>\n<p class=\"p2\" style=\"text-align: center;\">Morgane Richard<\/p>\n<p class=\"p2\" style=\"text-align: center;\">Laurence Gehin<\/p>\n<p class=\"p2\" style=\"text-align: center;\">Nathalie Laroche<\/p>\n","protected":false},"excerpt":{"rendered":"<p>Ce jeudi, \u00e0 l\u2019Institut de Formation en soins Infirmiers de Remiremont, les nouveaux aides soignants se sont rassembl\u00e9s pour recevoir [&hellip;]<\/p>\n","protected":false},"author":407,"featured_media":18211,"comment_status":"open","ping_status":"open","sticky":false,"template":"","format":"standard","meta":{"footnotes":""},"categories":[26,1556,35,12],"tags":[],"class_list":["post-18210","post","type-post","status-publish","format-standard","has-post-thumbnail","hentry","category-a-la-une","category-remiremont-remiremont-son-canton-2","category-remiremont-son-canton","category-sante"],"acf":[],"yoast_head":"<!-- This site is optimized with the Yoast SEO plugin v22.5 - https:\/\/yoast.com\/wordpress\/plugins\/seo\/ -->\n<title>Remiremont : 23 nouvelles aides soignantes re\u00e7oivent leur dipl\u00f4me - Remiremont Info<\/title>\n<meta name=\"robots\" content=\"index, follow, max-snippet:-1, max-image-preview:large, max-video-preview:-1\" \/>\n<link rel=\"canonical\" href=\"https:\/\/vosgesinfo.fr\/remiremontinfo\/2019\/07\/remiremont-23-nouvelles-aides-soignantes-recoivent-diplome\/\" \/>\n<meta name=\"twitter:card\" content=\"summary_large_image\" \/>\n<meta name=\"twitter:title\" content=\"Remiremont : 23 nouvelles aides soignantes re\u00e7oivent leur dipl\u00f4me - Remiremont Info\" \/>\n<meta name=\"twitter:description\" content=\"Ce jeudi, \u00e0 l\u2019Institut de Formation en soins Infirmiers de Remiremont, les nouveaux aides soignants se sont rassembl\u00e9s pour recevoir [&hellip;]\" \/>\n<meta name=\"twitter:image\" content=\"https:\/\/vosgesinfo.fr\/app\/uploads\/sites\/5\/2024\/09\/201907p1250310.jpg\" \/>\n<meta name=\"twitter:creator\" content=\"@VosgesInfo88\" \/>\n<meta name=\"twitter:site\" content=\"@VosgesInfo88\" \/>\n<meta name=\"twitter:label1\" content=\"\u00c9crit par\" \/>\n\t<meta name=\"twitter:data1\" content=\"C D\" \/>\n\t<meta name=\"twitter:label2\" content=\"Dur\u00e9e de lecture estim\u00e9e\" \/>\n\t<meta name=\"twitter:data2\" content=\"1 minute\" \/>\n<script type=\"application\/ld+json\" class=\"yoast-schema-graph\">{\"@context\":\"https:\/\/schema.org\",\"@graph\":[{\"@type\":\"Article\",\"@id\":\"https:\/\/vosgesinfo.fr\/remiremontinfo\/2019\/07\/remiremont-23-nouvelles-aides-soignantes-recoivent-diplome\/#article\",\"isPartOf\":{\"@id\":\"https:\/\/vosgesinfo.fr\/remiremontinfo\/2019\/07\/remiremont-23-nouvelles-aides-soignantes-recoivent-diplome\/\"},\"author\":{\"name\":\"C D\",\"@id\":\"https:\/\/vosgesinfo.fr\/remiremontinfo\/#\/schema\/person\/3bfd164d5218a185b1db68655a265316\"},\"headline\":\"Remiremont : 23 nouvelles aides soignantes re\u00e7oivent leur dipl\u00f4me\",\"datePublished\":\"2019-07-26T05:54:33+00:00\",\"dateModified\":\"2019-07-26T05:54:33+00:00\",\"mainEntityOfPage\":{\"@id\":\"https:\/\/vosgesinfo.fr\/remiremontinfo\/2019\/07\/remiremont-23-nouvelles-aides-soignantes-recoivent-diplome\/\"},\"wordCount\":231,\"commentCount\":0,\"publisher\":{\"@id\":\"https:\/\/vosgesinfo.fr\/remiremontinfo\/#organization\"},\"image\":{\"@id\":\"https:\/\/vosgesinfo.fr\/remiremontinfo\/2019\/07\/remiremont-23-nouvelles-aides-soignantes-recoivent-diplome\/#primaryimage\"},\"thumbnailUrl\":\"https:\/\/vosgesinfo.fr\/app\/uploads\/sites\/5\/2024\/09\/201907p1250310.jpg\",\"articleSection\":[\"A la Une\",\"Remiremont\",\"Remiremont &amp; son canton\",\"Sant\u00e9\"],\"inLanguage\":\"fr-FR\",\"potentialAction\":[{\"@type\":\"CommentAction\",\"name\":\"Comment\",\"target\":[\"https:\/\/vosgesinfo.fr\/remiremontinfo\/2019\/07\/remiremont-23-nouvelles-aides-soignantes-recoivent-diplome\/#respond\"]}]},{\"@type\":\"WebPage\",\"@id\":\"https:\/\/vosgesinfo.fr\/remiremontinfo\/2019\/07\/remiremont-23-nouvelles-aides-soignantes-recoivent-diplome\/\",\"url\":\"https:\/\/vosgesinfo.fr\/remiremontinfo\/2019\/07\/remiremont-23-nouvelles-aides-soignantes-recoivent-diplome\/\",\"name\":\"Remiremont : 23 nouvelles aides soignantes re\u00e7oivent leur dipl\u00f4me - Remiremont Info\",\"isPartOf\":{\"@id\":\"https:\/\/vosgesinfo.fr\/remiremontinfo\/#website\"},\"primaryImageOfPage\":{\"@id\":\"https:\/\/vosgesinfo.fr\/remiremontinfo\/2019\/07\/remiremont-23-nouvelles-aides-soignantes-recoivent-diplome\/#primaryimage\"},\"image\":{\"@id\":\"https:\/\/vosgesinfo.fr\/remiremontinfo\/2019\/07\/remiremont-23-nouvelles-aides-soignantes-recoivent-diplome\/#primaryimage\"},\"thumbnailUrl\":\"https:\/\/vosgesinfo.fr\/app\/uploads\/sites\/5\/2024\/09\/201907p1250310.jpg\",\"datePublished\":\"2019-07-26T05:54:33+00:00\",\"dateModified\":\"2019-07-26T05:54:33+00:00\",\"breadcrumb\":{\"@id\":\"https:\/\/vosgesinfo.fr\/remiremontinfo\/2019\/07\/remiremont-23-nouvelles-aides-soignantes-recoivent-diplome\/#breadcrumb\"},\"inLanguage\":\"fr-FR\",\"potentialAction\":[{\"@type\":\"ReadAction\",\"target\":[\"https:\/\/vosgesinfo.fr\/remiremontinfo\/2019\/07\/remiremont-23-nouvelles-aides-soignantes-recoivent-diplome\/\"]}]},{\"@type\":\"ImageObject\",\"inLanguage\":\"fr-FR\",\"@id\":\"https:\/\/vosgesinfo.fr\/remiremontinfo\/2019\/07\/remiremont-23-nouvelles-aides-soignantes-recoivent-diplome\/#primaryimage\",\"url\":\"https:\/\/vosgesinfo.fr\/app\/uploads\/sites\/5\/2024\/09\/201907p1250310.jpg\",\"contentUrl\":\"https:\/\/vosgesinfo.fr\/app\/uploads\/sites\/5\/2024\/09\/201907p1250310.jpg\",\"width\":2048,\"height\":1536},{\"@type\":\"BreadcrumbList\",\"@id\":\"https:\/\/vosgesinfo.fr\/remiremontinfo\/2019\/07\/remiremont-23-nouvelles-aides-soignantes-recoivent-diplome\/#breadcrumb\",\"itemListElement\":[{\"@type\":\"ListItem\",\"position\":1,\"name\":\"Home\",\"item\":\"https:\/\/vosgesinfo.fr\/remiremontinfo\/\"},{\"@type\":\"ListItem\",\"position\":2,\"name\":\"Remiremont : 23 nouvelles aides soignantes re\u00e7oivent leur dipl\u00f4me\"}]},{\"@type\":\"WebSite\",\"@id\":\"https:\/\/vosgesinfo.fr\/remiremontinfo\/#website\",\"url\":\"https:\/\/vosgesinfo.fr\/remiremontinfo\/\",\"name\":\"Remiremont Info\",\"description\":\"Toute l&#039;actualit\u00e9 de Remiremont\",\"publisher\":{\"@id\":\"https:\/\/vosgesinfo.fr\/remiremontinfo\/#organization\"},\"alternateName\":\"Toute l'actualit\u00e9 de Remiremont\",\"potentialAction\":[{\"@type\":\"SearchAction\",\"target\":{\"@type\":\"EntryPoint\",\"urlTemplate\":\"https:\/\/vosgesinfo.fr\/remiremontinfo\/?s={search_term_string}\"},\"query-input\":\"required name=search_term_string\"}],\"inLanguage\":\"fr-FR\"},{\"@type\":\"Organization\",\"@id\":\"https:\/\/vosgesinfo.fr\/remiremontinfo\/#organization\",\"name\":\"Remiremont Info\",\"url\":\"https:\/\/vosgesinfo.fr\/remiremontinfo\/\",\"logo\":{\"@type\":\"ImageObject\",\"inLanguage\":\"fr-FR\",\"@id\":\"https:\/\/vosgesinfo.fr\/remiremontinfo\/#\/schema\/logo\/image\/\",\"url\":\"https:\/\/vosgesinfo.fr\/app\/uploads\/sites\/5\/2023\/08\/favicon-remiremontinfo.png\",\"contentUrl\":\"https:\/\/vosgesinfo.fr\/app\/uploads\/sites\/5\/2023\/08\/favicon-remiremontinfo.png\",\"width\":512,\"height\":512,\"caption\":\"Remiremont Info\"},\"image\":{\"@id\":\"https:\/\/vosgesinfo.fr\/remiremontinfo\/#\/schema\/logo\/image\/\"},\"sameAs\":[\"https:\/\/www.facebook.com\/remiremontinfo\",\"https:\/\/x.com\/VosgesInfo88\",\"https:\/\/www.youtube.com\/@vosgesinfo\"]},{\"@type\":\"Person\",\"@id\":\"https:\/\/vosgesinfo.fr\/remiremontinfo\/#\/schema\/person\/3bfd164d5218a185b1db68655a265316\",\"name\":\"C D\",\"image\":{\"@type\":\"ImageObject\",\"inLanguage\":\"fr-FR\",\"@id\":\"https:\/\/vosgesinfo.fr\/remiremontinfo\/#\/schema\/person\/image\/\",\"url\":\"https:\/\/secure.gravatar.com\/avatar\/1f9a70007336511a47468b8f1c66f922b8b7cf617b02a31149ada43893a5d48f?s=96&d=mm&r=g\",\"contentUrl\":\"https:\/\/secure.gravatar.com\/avatar\/1f9a70007336511a47468b8f1c66f922b8b7cf617b02a31149ada43893a5d48f?s=96&d=mm&r=g\",\"caption\":\"C D\"},\"url\":\"https:\/\/vosgesinfo.fr\/remiremontinfo\/author\/cedric-drevet\/\"}]}<\/script>\n<!-- \/ Yoast SEO plugin. -->","yoast_head_json":{"title":"Remiremont : 23 nouvelles aides soignantes re\u00e7oivent leur dipl\u00f4me - Remiremont Info","robots":{"index":"index","follow":"follow","max-snippet":"max-snippet:-1","max-image-preview":"max-image-preview:large","max-video-preview":"max-video-preview:-1"},"canonical":"https:\/\/vosgesinfo.fr\/remiremontinfo\/2019\/07\/remiremont-23-nouvelles-aides-soignantes-recoivent-diplome\/","twitter_card":"summary_large_image","twitter_title":"Remiremont : 23 nouvelles aides soignantes re\u00e7oivent leur dipl\u00f4me - Remiremont Info","twitter_description":"Ce jeudi, \u00e0 l\u2019Institut de Formation en soins Infirmiers de Remiremont, les nouveaux aides soignants se sont rassembl\u00e9s pour recevoir [&hellip;]","twitter_image":"https:\/\/vosgesinfo.fr\/app\/uploads\/sites\/5\/2024\/09\/201907p1250310.jpg","twitter_creator":"@VosgesInfo88","twitter_site":"@VosgesInfo88","twitter_misc":{"\u00c9crit par":"C D","Dur\u00e9e de lecture estim\u00e9e":"1 minute"},"schema":{"@context":"https:\/\/schema.org","@graph":[{"@type":"Article","@id":"https:\/\/vosgesinfo.fr\/remiremontinfo\/2019\/07\/remiremont-23-nouvelles-aides-soignantes-recoivent-diplome\/#article","isPartOf":{"@id":"https:\/\/vosgesinfo.fr\/remiremontinfo\/2019\/07\/remiremont-23-nouvelles-aides-soignantes-recoivent-diplome\/"},"author":{"name":"C D","@id":"https:\/\/vosgesinfo.fr\/remiremontinfo\/#\/schema\/person\/3bfd164d5218a185b1db68655a265316"},"headline":"Remiremont : 23 nouvelles aides soignantes re\u00e7oivent leur dipl\u00f4me","datePublished":"2019-07-26T05:54:33+00:00","dateModified":"2019-07-26T05:54:33+00:00","mainEntityOfPage":{"@id":"https:\/\/vosgesinfo.fr\/remiremontinfo\/2019\/07\/remiremont-23-nouvelles-aides-soignantes-recoivent-diplome\/"},"wordCount":231,"commentCount":0,"publisher":{"@id":"https:\/\/vosgesinfo.fr\/remiremontinfo\/#organization"},"image":{"@id":"https:\/\/vosgesinfo.fr\/remiremontinfo\/2019\/07\/remiremont-23-nouvelles-aides-soignantes-recoivent-diplome\/#primaryimage"},"thumbnailUrl":"https:\/\/vosgesinfo.fr\/app\/uploads\/sites\/5\/2024\/09\/201907p1250310.jpg","articleSection":["A la Une","Remiremont","Remiremont &amp; son canton","Sant\u00e9"],"inLanguage":"fr-FR","potentialAction":[{"@type":"CommentAction","name":"Comment","target":["https:\/\/vosgesinfo.fr\/remiremontinfo\/2019\/07\/remiremont-23-nouvelles-aides-soignantes-recoivent-diplome\/#respond"]}]},{"@type":"WebPage","@id":"https:\/\/vosgesinfo.fr\/remiremontinfo\/2019\/07\/remiremont-23-nouvelles-aides-soignantes-recoivent-diplome\/","url":"https:\/\/vosgesinfo.fr\/remiremontinfo\/2019\/07\/remiremont-23-nouvelles-aides-soignantes-recoivent-diplome\/","name":"Remiremont : 23 nouvelles aides soignantes re\u00e7oivent leur dipl\u00f4me - Remiremont Info","isPartOf":{"@id":"https:\/\/vosgesinfo.fr\/remiremontinfo\/#website"},"primaryImageOfPage":{"@id":"https:\/\/vosgesinfo.fr\/remiremontinfo\/2019\/07\/remiremont-23-nouvelles-aides-soignantes-recoivent-diplome\/#primaryimage"},"image":{"@id":"https:\/\/vosgesinfo.fr\/remiremontinfo\/2019\/07\/remiremont-23-nouvelles-aides-soignantes-recoivent-diplome\/#primaryimage"},"thumbnailUrl":"https:\/\/vosgesinfo.fr\/app\/uploads\/sites\/5\/2024\/09\/201907p1250310.jpg","datePublished":"2019-07-26T05:54:33+00:00","dateModified":"2019-07-26T05:54:33+00:00","breadcrumb":{"@id":"https:\/\/vosgesinfo.fr\/remiremontinfo\/2019\/07\/remiremont-23-nouvelles-aides-soignantes-recoivent-diplome\/#breadcrumb"},"inLanguage":"fr-FR","potentialAction":[{"@type":"ReadAction","target":["https:\/\/vosgesinfo.fr\/remiremontinfo\/2019\/07\/remiremont-23-nouvelles-aides-soignantes-recoivent-diplome\/"]}]},{"@type":"ImageObject","inLanguage":"fr-FR","@id":"https:\/\/vosgesinfo.fr\/remiremontinfo\/2019\/07\/remiremont-23-nouvelles-aides-soignantes-recoivent-diplome\/#primaryimage","url":"https:\/\/vosgesinfo.fr\/app\/uploads\/sites\/5\/2024\/09\/201907p1250310.jpg","contentUrl":"https:\/\/vosgesinfo.fr\/app\/uploads\/sites\/5\/2024\/09\/201907p1250310.jpg","width":2048,"height":1536},{"@type":"BreadcrumbList","@id":"https:\/\/vosgesinfo.fr\/remiremontinfo\/2019\/07\/remiremont-23-nouvelles-aides-soignantes-recoivent-diplome\/#breadcrumb","itemListElement":[{"@type":"ListItem","position":1,"name":"Home","item":"https:\/\/vosgesinfo.fr\/remiremontinfo\/"},{"@type":"ListItem","position":2,"name":"Remiremont : 23 nouvelles aides soignantes re\u00e7oivent leur dipl\u00f4me"}]},{"@type":"WebSite","@id":"https:\/\/vosgesinfo.fr\/remiremontinfo\/#website","url":"https:\/\/vosgesinfo.fr\/remiremontinfo\/","name":"Remiremont Info","description":"Toute l&#039;actualit\u00e9 de Remiremont","publisher":{"@id":"https:\/\/vosgesinfo.fr\/remiremontinfo\/#organization"},"alternateName":"Toute l'actualit\u00e9 de Remiremont","potentialAction":[{"@type":"SearchAction","target":{"@type":"EntryPoint","urlTemplate":"https:\/\/vosgesinfo.fr\/remiremontinfo\/?s={search_term_string}"},"query-input":"required name=search_term_string"}],"inLanguage":"fr-FR"},{"@type":"Organization","@id":"https:\/\/vosgesinfo.fr\/remiremontinfo\/#organization","name":"Remiremont Info","url":"https:\/\/vosgesinfo.fr\/remiremontinfo\/","logo":{"@type":"ImageObject","inLanguage":"fr-FR","@id":"https:\/\/vosgesinfo.fr\/remiremontinfo\/#\/schema\/logo\/image\/","url":"https:\/\/vosgesinfo.fr\/app\/uploads\/sites\/5\/2023\/08\/favicon-remiremontinfo.png","contentUrl":"https:\/\/vosgesinfo.fr\/app\/uploads\/sites\/5\/2023\/08\/favicon-remiremontinfo.png","width":512,"height":512,"caption":"Remiremont Info"},"image":{"@id":"https:\/\/vosgesinfo.fr\/remiremontinfo\/#\/schema\/logo\/image\/"},"sameAs":["https:\/\/www.facebook.com\/remiremontinfo","https:\/\/x.com\/VosgesInfo88","https:\/\/www.youtube.com\/@vosgesinfo"]},{"@type":"Person","@id":"https:\/\/vosgesinfo.fr\/remiremontinfo\/#\/schema\/person\/3bfd164d5218a185b1db68655a265316","name":"C D","image":{"@type":"ImageObject","inLanguage":"fr-FR","@id":"https:\/\/vosgesinfo.fr\/remiremontinfo\/#\/schema\/person\/image\/","url":"https:\/\/secure.gravatar.com\/avatar\/1f9a70007336511a47468b8f1c66f922b8b7cf617b02a31149ada43893a5d48f?s=96&d=mm&r=g","contentUrl":"https:\/\/secure.gravatar.com\/avatar\/1f9a70007336511a47468b8f1c66f922b8b7cf617b02a31149ada43893a5d48f?s=96&d=mm&r=g","caption":"C D"},"url":"https:\/\/vosgesinfo.fr\/remiremontinfo\/author\/cedric-drevet\/"}]}},"_links":{"self":[{"href":"https:\/\/vosgesinfo.fr\/remiremontinfo\/wp-json\/wp\/v2\/posts\/18210","targetHints":{"allow":["GET"]}}],"collection":[{"href":"https:\/\/vosgesinfo.fr\/remiremontinfo\/wp-json\/wp\/v2\/posts"}],"about":[{"href":"https:\/\/vosgesinfo.fr\/remiremontinfo\/wp-json\/wp\/v2\/types\/post"}],"author":[{"embeddable":true,"href":"https:\/\/vosgesinfo.fr\/remiremontinfo\/wp-json\/wp\/v2\/users\/407"}],"replies":[{"embeddable":true,"href":"https:\/\/vosgesinfo.fr\/remiremontinfo\/wp-json\/wp\/v2\/comments?post=18210"}],"version-history":[{"count":0,"href":"https:\/\/vosgesinfo.fr\/remiremontinfo\/wp-json\/wp\/v2\/posts\/18210\/revisions"}],"wp:featuredmedia":[{"embeddable":true,"href":"https:\/\/vosgesinfo.fr\/remiremontinfo\/wp-json\/wp\/v2\/media\/18211"}],"wp:attachment":[{"href":"https:\/\/vosgesinfo.fr\/remiremontinfo\/wp-json\/wp\/v2\/media?parent=18210"}],"wp:term":[{"taxonomy":"category","embeddable":true,"href":"https:\/\/vosgesinfo.fr\/remiremontinfo\/wp-json\/wp\/v2\/categories?post=18210"},{"taxonomy":"post_tag","embeddable":true,"href":"https:\/\/vosgesinfo.fr\/remiremontinfo\/wp-json\/wp\/v2\/tags?post=18210"}],"curies":[{"name":"wp","href":"https:\/\/api.w.org\/{rel}","templated":true}]}}