{"id":1854,"date":"2023-10-11T13:32:29","date_gmt":"2023-10-11T11:32:29","guid":{"rendered":"https:\/\/vosgesinfo.fr\/remiremontinfo\/2023\/10\/soiree-participative-au-rhumont-initie-par-la-ccpvm\/"},"modified":"2023-10-11T13:32:29","modified_gmt":"2023-10-11T11:32:29","slug":"soiree-participative-au-rhumont-initie-par-la-ccpvm","status":"publish","type":"post","link":"https:\/\/vosgesinfo.fr\/remiremontinfo\/2023\/10\/soiree-participative-au-rhumont-initie-par-la-ccpvm\/","title":{"rendered":"Soir\u00e9e participative au Rhumont initi\u00e9 par la CCPVM"},"content":{"rendered":"<p>Le Rhumont, quartier <a href=\"https:\/\/remiremontinfo.fr\/wp-content\/uploads\/2023\/10\/Rhumont.jpg\"><img decoding=\"async\" class=\"alignright size-medium wp-image-377875\" src=\"https:\/\/vosgesinfo.fr\/app\/uploads\/sites\/5\/2023\/10\/rhumont.jpg\" alt=\"Rhumont\" width=\"255\" height=\"255\" \/><\/a>prioritaire au titre du contrat de ville courant sur une dur\u00e9e de 6 ann\u00e9es, est valide encore quelques mois, et fera l&rsquo;objet d&rsquo;un renouvellement pour la m\u00eame\u00a0p\u00e9riode avec un point entre les acteurs du processus chaque ann\u00e9e, et un bilan \u00e0 mi- contrat. C&rsquo;est ce que rappelait le Maire en ouvrant la s\u00e9ance, pr\u00e9cisant que ce contrat de ville se terminant en d\u00e9cembre, serait certainement renouvel\u00e9. Jean-Beno\u00eet TISSERAND affichait sa satisfaction de voir des habitants issus de l&rsquo;ensemble du quartier et souhaitait pour chacune et chacun, un travail positif et constructif.<\/p>\n<p>C&rsquo;est dans un climat compliqu\u00e9 qu&rsquo;\u00e9tait organis\u00e9e cette soir\u00e9e, compte-tenu des derniers \u00e9pisodes conflictuels existant entre le Centre Social et le milieu associatif du quartier depuis quelques semaines, diff\u00e9rents qui n&rsquo;\u00e9taient visiblement pas r\u00e9gl\u00e9s, ou tout au plus sujet \u00e0 apaisement.<\/p>\n<p>L&rsquo;animateur de la soir\u00e9e pr\u00e9sentait le programme de la r\u00e9union, qu&rsquo;il souhaitait diviser en 3 ateliers comme les mobilit\u00e9s, un espace vivre ensemble et un intitul\u00e9 faire ensemble. Celui-ci demandait si d&rsquo;autres sujets devaient \u00eatre trait\u00e9s et une premi\u00e8re r\u00e9ponse \u00e9tait formul\u00e9e : \u00ab\u00a0<em>L&#8217;emploi et la formation des jeunes et des moins jeunes&#8230;Chaque habitant doit s&rsquo;exprimer&#8230;\u00a0\u00bb.\u00a0\u00a0<\/em>L&rsquo;intervenant souhaitait quant \u00e0 lui, garder l&rsquo;id\u00e9e des ateliers, estimant que<a href=\"https:\/\/remiremontinfo.fr\/wp-content\/uploads\/2023\/10\/Rhumont.jpg\"><img decoding=\"async\" class=\"alignright size-medium wp-image-377875\" src=\"https:\/\/vosgesinfo.fr\/app\/uploads\/sites\/5\/2023\/10\/rhumont.jpg\" alt=\"Rhumont\" width=\"255\" height=\"255\" \/><\/a> s&rsquo;exprimer devant tout le monde n&rsquo;apportait rien, et pr\u00e9cisait que quelque soit l&rsquo;issue de cette r\u00e9union, aucune d\u00e9cision ne serait prise \u00e0 l&rsquo;issue.<\/p>\n<p>La tension \u00e9tait palpable dans l&rsquo;assembl\u00e9e, certains relevant que les diff\u00e9rents intervenants ne se soient pas pr\u00e9sent\u00e9s. \u00ab\u00a0<em>Qui intervient ? qui est qui et qui fait quoi ici ?\u00a0\u00bb<\/em> lan\u00e7ait une habitante, la pr\u00e9sentation qui suivait \u00e9tait inaudible et confuse. La repr\u00e9sentante de la pr\u00e9fecture prenant la parole \u00e0 son tour, n&rsquo;\u00e9tait pas plus entendue, l&rsquo;intervention \u00e9tant rapide, technique et non adapt\u00e9e \u00e0 l&rsquo;esprit de la soir\u00e9e, ni \u00e0 l&rsquo;auditoire attendant du positif , des avanc\u00e9es notoires.\u00a0 Finalement l&rsquo;animateur r\u00e9ussissait \u00e0 cr\u00e9er 3 ateliers sur les th\u00e8mes \u00e9voqu\u00e9s sur les 6 pr\u00e9vus \u00e0 l&rsquo;origine, le Maire venant r\u00e9guli\u00e8rement donner quelques signes de mod\u00e9ration.<\/p>\n<p>Il faut relever quelques remarques int\u00e9ressantes venant d&rsquo;habitants et r\u00e9sumant en partie l&rsquo;ambiance de la r\u00e9union : <em>\u00ab\u00a0On n&rsquo;est plus des enfants, vous nous infantilisez et nous avons d\u00e9j\u00e0 eu ce genre de r\u00e9union&#8230;<\/em>\u00a0\u00bb Ou encore : <em>\u00ab\u00a0Le social d&rsquo;avant n&rsquo;a plus rien \u00e0 voir avec celui d&rsquo;aujourd&rsquo;hui&#8230;on d\u00e9centralise en ville, il y a de la distance et du temps perdu&#8230;\u00a0\u00bb. \u00ab\u00a0Si je comprends bien, on est oblig\u00e9 de suivre votre sch\u00e9ma ? C&rsquo;est encore les d\u00e9cideurs qui embauchent l&rsquo;intervenant&#8230;\u00a0\u00bb.\u00a0<\/em><\/p>\n<p>Rapidement, un Pr\u00e9sident d&rsquo;association pr\u00e9f\u00e9rait quitter un instant la r\u00e9union pour \u00e9vitez d&rsquo;ajouter aux tentions. Des commentaires entendus au dehors \u00e9voquaient des<a href=\"https:\/\/remiremontinfo.fr\/wp-content\/uploads\/2023\/10\/Rhumont-1.jpg\"><img decoding=\"async\" class=\"alignright size-medium wp-image-377876\" src=\"https:\/\/vosgesinfo.fr\/app\/uploads\/sites\/5\/2023\/10\/rhumont-1.jpg\" alt=\"Rhumont 1\" width=\"255\" height=\"255\" \/><\/a> m\u00e9diateurs de quartier qui ne sont pas du quartier, un manque total de communication avec la ville. Un petit retour arri\u00e8re faisait \u00e9tat de la perte de la pharmacie, de l&rsquo;\u00e9picerie, de certaines classes de l&rsquo;\u00e9cole de quartier, de l&rsquo;antenne du centre social&#8230;.\u00a0Il \u00e9tait clairement \u00e9tabli dans l&rsquo;esprit des habitants du Rhumont, que la ville utilisait le quartier pour obtenir des subventions qui servaient \u00e0 d&rsquo;autres projets. Une partie de l&rsquo;assistance d\u00e9cidait alors de quitter ce qui \u00e9tait pour eux \u00ab\u00a0la r\u00e9union de trop\u00a0\u00bb, estimant qu&rsquo;un animateur ne connaissant pas la vie des quartiers, n&rsquo;avait pas la l\u00e9gitimit\u00e9 n\u00e9cessaire a intervenir dans une telle r\u00e9union.<\/p>\n<p>Finalement, les personnes pr\u00e9sentes \u00e9taient convi\u00e9es \u00e0 rejoindre un des 3 ateliers pr\u00e9vus et pouvaient alors pour une grande partie, s&rsquo;exprimer en toute franchise. De ces ateliers \u00e9tait mise en \u00e9vidence une r\u00e9elle fracture entre la ville et les r\u00e9sidents, exprimant \u00e0 cette occasion le sentiment d&rsquo;une v\u00e9ritable mise \u00e0 l&rsquo;\u00e9cart. Les commentaires des habitants, recueillis en fin de s\u00e9ance faisaient \u00e9tat notamment de leur sentiment \u00e0 n&rsquo;\u00eatre importants qu&rsquo;\u00e0 la veille des \u00e9lections, et de voir le quartier d\u00e9p\u00e9rir malgr\u00e9 son caract\u00e8re prioritaire.<\/p>\n<p>En r\u00e9sum\u00e9 et apr\u00e8s bien des discutions, l&rsquo;organisation des ateliers de paroles ont eu un effet positif en terme d&rsquo;\u00e9changes et de d\u00e9bat, permettant \u00e0 la municipalit\u00e9 et tous les acteurs de la politique de la ville, de prendre conscience de v\u00e9ritables probl\u00e8mes existentiels per\u00e7us par les r\u00e9sidents qui, sans le soutien et l&rsquo;encadrement du monde associatif pr\u00f4nant la mod\u00e9ration, ne feraient qu&rsquo;aggraver la situation. Les responsables des forces vives du quartier exprimaient une certaine satisfaction quant au r\u00e9sultat des ateliers, et pr\u00e9cisaient que la balle \u00e9tait d\u00e9sormais dans le camp des d\u00e9cideurs, charge \u00e0 eux de proposer de vraies actions pour le Rhumont.<\/p>\n<p>&nbsp;<\/p>\n<p>&nbsp;<\/p>\n<p>&nbsp;<\/p>\n","protected":false},"excerpt":{"rendered":"<p>Le Rhumont, quartier prioritaire au titre du contrat de ville courant sur une dur\u00e9e de 6 ann\u00e9es, est valide encore [&hellip;]<\/p>\n","protected":false},"author":412,"featured_media":1855,"comment_status":"open","ping_status":"open","sticky":false,"template":"","format":"standard","meta":{"footnotes":""},"categories":[26,10,18],"tags":[126,269,44,32],"class_list":["post-1854","post","type-post","status-publish","format-standard","has-post-thumbnail","hentry","category-a-la-une","category-politique","category-vosges","tag-politique","tag-quartiers","tag-remiremont","tag-vosges"],"acf":[],"yoast_head":"<!-- This site is optimized with the Yoast SEO plugin v22.5 - https:\/\/yoast.com\/wordpress\/plugins\/seo\/ -->\n<title>Soir\u00e9e participative au Rhumont initi\u00e9 par la CCPVM - Remiremont Info<\/title>\n<meta name=\"robots\" content=\"index, follow, max-snippet:-1, max-image-preview:large, max-video-preview:-1\" \/>\n<link rel=\"canonical\" href=\"https:\/\/vosgesinfo.fr\/remiremontinfo\/2023\/10\/soiree-participative-au-rhumont-initie-par-la-ccpvm\/\" \/>\n<meta name=\"twitter:card\" content=\"summary_large_image\" \/>\n<meta name=\"twitter:title\" content=\"Soir\u00e9e participative au Rhumont initi\u00e9 par la CCPVM - Remiremont Info\" \/>\n<meta name=\"twitter:description\" content=\"Le Rhumont, quartier prioritaire au titre du contrat de ville courant sur une dur\u00e9e de 6 ann\u00e9es, est valide encore [&hellip;]\" \/>\n<meta name=\"twitter:image\" content=\"https:\/\/vosgesinfo.fr\/app\/uploads\/sites\/5\/2023\/10\/rhumont-3.jpg\" \/>\n<meta name=\"twitter:creator\" content=\"@VosgesInfo88\" \/>\n<meta name=\"twitter:site\" content=\"@VosgesInfo88\" \/>\n<meta name=\"twitter:label1\" content=\"\u00c9crit par\" \/>\n\t<meta name=\"twitter:data1\" content=\"Stany Maurice\" \/>\n\t<meta name=\"twitter:label2\" content=\"Dur\u00e9e de lecture estim\u00e9e\" \/>\n\t<meta name=\"twitter:data2\" content=\"4 minutes\" \/>\n<script type=\"application\/ld+json\" class=\"yoast-schema-graph\">{\"@context\":\"https:\/\/schema.org\",\"@graph\":[{\"@type\":\"Article\",\"@id\":\"https:\/\/vosgesinfo.fr\/remiremontinfo\/2023\/10\/soiree-participative-au-rhumont-initie-par-la-ccpvm\/#article\",\"isPartOf\":{\"@id\":\"https:\/\/vosgesinfo.fr\/remiremontinfo\/2023\/10\/soiree-participative-au-rhumont-initie-par-la-ccpvm\/\"},\"author\":{\"name\":\"Stany Maurice\",\"@id\":\"https:\/\/vosgesinfo.fr\/remiremontinfo\/#\/schema\/person\/bec388675ce53b5a637aec04392f977e\"},\"headline\":\"Soir\u00e9e participative au Rhumont initi\u00e9 par la CCPVM\",\"datePublished\":\"2023-10-11T11:32:29+00:00\",\"dateModified\":\"2023-10-11T11:32:29+00:00\",\"mainEntityOfPage\":{\"@id\":\"https:\/\/vosgesinfo.fr\/remiremontinfo\/2023\/10\/soiree-participative-au-rhumont-initie-par-la-ccpvm\/\"},\"wordCount\":849,\"commentCount\":0,\"publisher\":{\"@id\":\"https:\/\/vosgesinfo.fr\/remiremontinfo\/#organization\"},\"image\":{\"@id\":\"https:\/\/vosgesinfo.fr\/remiremontinfo\/2023\/10\/soiree-participative-au-rhumont-initie-par-la-ccpvm\/#primaryimage\"},\"thumbnailUrl\":\"https:\/\/vosgesinfo.fr\/app\/uploads\/sites\/5\/2023\/10\/rhumont-3.jpg\",\"keywords\":[\"politique\",\"quartiers\",\"remiremont\",\"Vosges\"],\"articleSection\":[\"A la Une\",\"Politique\",\"Vosges\"],\"inLanguage\":\"fr-FR\",\"potentialAction\":[{\"@type\":\"CommentAction\",\"name\":\"Comment\",\"target\":[\"https:\/\/vosgesinfo.fr\/remiremontinfo\/2023\/10\/soiree-participative-au-rhumont-initie-par-la-ccpvm\/#respond\"]}]},{\"@type\":\"WebPage\",\"@id\":\"https:\/\/vosgesinfo.fr\/remiremontinfo\/2023\/10\/soiree-participative-au-rhumont-initie-par-la-ccpvm\/\",\"url\":\"https:\/\/vosgesinfo.fr\/remiremontinfo\/2023\/10\/soiree-participative-au-rhumont-initie-par-la-ccpvm\/\",\"name\":\"Soir\u00e9e participative au Rhumont initi\u00e9 par la CCPVM - Remiremont Info\",\"isPartOf\":{\"@id\":\"https:\/\/vosgesinfo.fr\/remiremontinfo\/#website\"},\"primaryImageOfPage\":{\"@id\":\"https:\/\/vosgesinfo.fr\/remiremontinfo\/2023\/10\/soiree-participative-au-rhumont-initie-par-la-ccpvm\/#primaryimage\"},\"image\":{\"@id\":\"https:\/\/vosgesinfo.fr\/remiremontinfo\/2023\/10\/soiree-participative-au-rhumont-initie-par-la-ccpvm\/#primaryimage\"},\"thumbnailUrl\":\"https:\/\/vosgesinfo.fr\/app\/uploads\/sites\/5\/2023\/10\/rhumont-3.jpg\",\"datePublished\":\"2023-10-11T11:32:29+00:00\",\"dateModified\":\"2023-10-11T11:32:29+00:00\",\"breadcrumb\":{\"@id\":\"https:\/\/vosgesinfo.fr\/remiremontinfo\/2023\/10\/soiree-participative-au-rhumont-initie-par-la-ccpvm\/#breadcrumb\"},\"inLanguage\":\"fr-FR\",\"potentialAction\":[{\"@type\":\"ReadAction\",\"target\":[\"https:\/\/vosgesinfo.fr\/remiremontinfo\/2023\/10\/soiree-participative-au-rhumont-initie-par-la-ccpvm\/\"]}]},{\"@type\":\"ImageObject\",\"inLanguage\":\"fr-FR\",\"@id\":\"https:\/\/vosgesinfo.fr\/remiremontinfo\/2023\/10\/soiree-participative-au-rhumont-initie-par-la-ccpvm\/#primaryimage\",\"url\":\"https:\/\/vosgesinfo.fr\/app\/uploads\/sites\/5\/2023\/10\/rhumont-3.jpg\",\"contentUrl\":\"https:\/\/vosgesinfo.fr\/app\/uploads\/sites\/5\/2023\/10\/rhumont-3.jpg\",\"width\":1080,\"height\":1080},{\"@type\":\"BreadcrumbList\",\"@id\":\"https:\/\/vosgesinfo.fr\/remiremontinfo\/2023\/10\/soiree-participative-au-rhumont-initie-par-la-ccpvm\/#breadcrumb\",\"itemListElement\":[{\"@type\":\"ListItem\",\"position\":1,\"name\":\"Home\",\"item\":\"https:\/\/vosgesinfo.fr\/remiremontinfo\/\"},{\"@type\":\"ListItem\",\"position\":2,\"name\":\"Soir\u00e9e participative au Rhumont initi\u00e9 par la CCPVM\"}]},{\"@type\":\"WebSite\",\"@id\":\"https:\/\/vosgesinfo.fr\/remiremontinfo\/#website\",\"url\":\"https:\/\/vosgesinfo.fr\/remiremontinfo\/\",\"name\":\"Remiremont Info\",\"description\":\"Toute l&#039;actualit\u00e9 de Remiremont\",\"publisher\":{\"@id\":\"https:\/\/vosgesinfo.fr\/remiremontinfo\/#organization\"},\"alternateName\":\"Toute l'actualit\u00e9 de Remiremont\",\"potentialAction\":[{\"@type\":\"SearchAction\",\"target\":{\"@type\":\"EntryPoint\",\"urlTemplate\":\"https:\/\/vosgesinfo.fr\/remiremontinfo\/?s={search_term_string}\"},\"query-input\":\"required name=search_term_string\"}],\"inLanguage\":\"fr-FR\"},{\"@type\":\"Organization\",\"@id\":\"https:\/\/vosgesinfo.fr\/remiremontinfo\/#organization\",\"name\":\"Remiremont Info\",\"url\":\"https:\/\/vosgesinfo.fr\/remiremontinfo\/\",\"logo\":{\"@type\":\"ImageObject\",\"inLanguage\":\"fr-FR\",\"@id\":\"https:\/\/vosgesinfo.fr\/remiremontinfo\/#\/schema\/logo\/image\/\",\"url\":\"https:\/\/vosgesinfo.fr\/app\/uploads\/sites\/5\/2023\/08\/favicon-remiremontinfo.png\",\"contentUrl\":\"https:\/\/vosgesinfo.fr\/app\/uploads\/sites\/5\/2023\/08\/favicon-remiremontinfo.png\",\"width\":512,\"height\":512,\"caption\":\"Remiremont Info\"},\"image\":{\"@id\":\"https:\/\/vosgesinfo.fr\/remiremontinfo\/#\/schema\/logo\/image\/\"},\"sameAs\":[\"https:\/\/www.facebook.com\/remiremontinfo\",\"https:\/\/x.com\/VosgesInfo88\",\"https:\/\/www.youtube.com\/@vosgesinfo\"]},{\"@type\":\"Person\",\"@id\":\"https:\/\/vosgesinfo.fr\/remiremontinfo\/#\/schema\/person\/bec388675ce53b5a637aec04392f977e\",\"name\":\"Stany Maurice\",\"image\":{\"@type\":\"ImageObject\",\"inLanguage\":\"fr-FR\",\"@id\":\"https:\/\/vosgesinfo.fr\/remiremontinfo\/#\/schema\/person\/image\/\",\"url\":\"https:\/\/secure.gravatar.com\/avatar\/68520b0c74251371bd10958bd19c3ce39a212093b8fff0dc3edbfcfddd089807?s=96&d=mm&r=g\",\"contentUrl\":\"https:\/\/secure.gravatar.com\/avatar\/68520b0c74251371bd10958bd19c3ce39a212093b8fff0dc3edbfcfddd089807?s=96&d=mm&r=g\",\"caption\":\"Stany Maurice\"},\"url\":\"https:\/\/vosgesinfo.fr\/remiremontinfo\/author\/s-maurice\/\"}]}<\/script>\n<!-- \/ Yoast SEO plugin. -->","yoast_head_json":{"title":"Soir\u00e9e participative au Rhumont initi\u00e9 par la CCPVM - Remiremont Info","robots":{"index":"index","follow":"follow","max-snippet":"max-snippet:-1","max-image-preview":"max-image-preview:large","max-video-preview":"max-video-preview:-1"},"canonical":"https:\/\/vosgesinfo.fr\/remiremontinfo\/2023\/10\/soiree-participative-au-rhumont-initie-par-la-ccpvm\/","twitter_card":"summary_large_image","twitter_title":"Soir\u00e9e participative au Rhumont initi\u00e9 par la CCPVM - Remiremont Info","twitter_description":"Le Rhumont, quartier prioritaire au titre du contrat de ville courant sur une dur\u00e9e de 6 ann\u00e9es, est valide encore [&hellip;]","twitter_image":"https:\/\/vosgesinfo.fr\/app\/uploads\/sites\/5\/2023\/10\/rhumont-3.jpg","twitter_creator":"@VosgesInfo88","twitter_site":"@VosgesInfo88","twitter_misc":{"\u00c9crit par":"Stany Maurice","Dur\u00e9e de lecture estim\u00e9e":"4 minutes"},"schema":{"@context":"https:\/\/schema.org","@graph":[{"@type":"Article","@id":"https:\/\/vosgesinfo.fr\/remiremontinfo\/2023\/10\/soiree-participative-au-rhumont-initie-par-la-ccpvm\/#article","isPartOf":{"@id":"https:\/\/vosgesinfo.fr\/remiremontinfo\/2023\/10\/soiree-participative-au-rhumont-initie-par-la-ccpvm\/"},"author":{"name":"Stany Maurice","@id":"https:\/\/vosgesinfo.fr\/remiremontinfo\/#\/schema\/person\/bec388675ce53b5a637aec04392f977e"},"headline":"Soir\u00e9e participative au Rhumont initi\u00e9 par la CCPVM","datePublished":"2023-10-11T11:32:29+00:00","dateModified":"2023-10-11T11:32:29+00:00","mainEntityOfPage":{"@id":"https:\/\/vosgesinfo.fr\/remiremontinfo\/2023\/10\/soiree-participative-au-rhumont-initie-par-la-ccpvm\/"},"wordCount":849,"commentCount":0,"publisher":{"@id":"https:\/\/vosgesinfo.fr\/remiremontinfo\/#organization"},"image":{"@id":"https:\/\/vosgesinfo.fr\/remiremontinfo\/2023\/10\/soiree-participative-au-rhumont-initie-par-la-ccpvm\/#primaryimage"},"thumbnailUrl":"https:\/\/vosgesinfo.fr\/app\/uploads\/sites\/5\/2023\/10\/rhumont-3.jpg","keywords":["politique","quartiers","remiremont","Vosges"],"articleSection":["A la Une","Politique","Vosges"],"inLanguage":"fr-FR","potentialAction":[{"@type":"CommentAction","name":"Comment","target":["https:\/\/vosgesinfo.fr\/remiremontinfo\/2023\/10\/soiree-participative-au-rhumont-initie-par-la-ccpvm\/#respond"]}]},{"@type":"WebPage","@id":"https:\/\/vosgesinfo.fr\/remiremontinfo\/2023\/10\/soiree-participative-au-rhumont-initie-par-la-ccpvm\/","url":"https:\/\/vosgesinfo.fr\/remiremontinfo\/2023\/10\/soiree-participative-au-rhumont-initie-par-la-ccpvm\/","name":"Soir\u00e9e participative au Rhumont initi\u00e9 par la CCPVM - Remiremont Info","isPartOf":{"@id":"https:\/\/vosgesinfo.fr\/remiremontinfo\/#website"},"primaryImageOfPage":{"@id":"https:\/\/vosgesinfo.fr\/remiremontinfo\/2023\/10\/soiree-participative-au-rhumont-initie-par-la-ccpvm\/#primaryimage"},"image":{"@id":"https:\/\/vosgesinfo.fr\/remiremontinfo\/2023\/10\/soiree-participative-au-rhumont-initie-par-la-ccpvm\/#primaryimage"},"thumbnailUrl":"https:\/\/vosgesinfo.fr\/app\/uploads\/sites\/5\/2023\/10\/rhumont-3.jpg","datePublished":"2023-10-11T11:32:29+00:00","dateModified":"2023-10-11T11:32:29+00:00","breadcrumb":{"@id":"https:\/\/vosgesinfo.fr\/remiremontinfo\/2023\/10\/soiree-participative-au-rhumont-initie-par-la-ccpvm\/#breadcrumb"},"inLanguage":"fr-FR","potentialAction":[{"@type":"ReadAction","target":["https:\/\/vosgesinfo.fr\/remiremontinfo\/2023\/10\/soiree-participative-au-rhumont-initie-par-la-ccpvm\/"]}]},{"@type":"ImageObject","inLanguage":"fr-FR","@id":"https:\/\/vosgesinfo.fr\/remiremontinfo\/2023\/10\/soiree-participative-au-rhumont-initie-par-la-ccpvm\/#primaryimage","url":"https:\/\/vosgesinfo.fr\/app\/uploads\/sites\/5\/2023\/10\/rhumont-3.jpg","contentUrl":"https:\/\/vosgesinfo.fr\/app\/uploads\/sites\/5\/2023\/10\/rhumont-3.jpg","width":1080,"height":1080},{"@type":"BreadcrumbList","@id":"https:\/\/vosgesinfo.fr\/remiremontinfo\/2023\/10\/soiree-participative-au-rhumont-initie-par-la-ccpvm\/#breadcrumb","itemListElement":[{"@type":"ListItem","position":1,"name":"Home","item":"https:\/\/vosgesinfo.fr\/remiremontinfo\/"},{"@type":"ListItem","position":2,"name":"Soir\u00e9e participative au Rhumont initi\u00e9 par la CCPVM"}]},{"@type":"WebSite","@id":"https:\/\/vosgesinfo.fr\/remiremontinfo\/#website","url":"https:\/\/vosgesinfo.fr\/remiremontinfo\/","name":"Remiremont Info","description":"Toute l&#039;actualit\u00e9 de Remiremont","publisher":{"@id":"https:\/\/vosgesinfo.fr\/remiremontinfo\/#organization"},"alternateName":"Toute l'actualit\u00e9 de Remiremont","potentialAction":[{"@type":"SearchAction","target":{"@type":"EntryPoint","urlTemplate":"https:\/\/vosgesinfo.fr\/remiremontinfo\/?s={search_term_string}"},"query-input":"required name=search_term_string"}],"inLanguage":"fr-FR"},{"@type":"Organization","@id":"https:\/\/vosgesinfo.fr\/remiremontinfo\/#organization","name":"Remiremont Info","url":"https:\/\/vosgesinfo.fr\/remiremontinfo\/","logo":{"@type":"ImageObject","inLanguage":"fr-FR","@id":"https:\/\/vosgesinfo.fr\/remiremontinfo\/#\/schema\/logo\/image\/","url":"https:\/\/vosgesinfo.fr\/app\/uploads\/sites\/5\/2023\/08\/favicon-remiremontinfo.png","contentUrl":"https:\/\/vosgesinfo.fr\/app\/uploads\/sites\/5\/2023\/08\/favicon-remiremontinfo.png","width":512,"height":512,"caption":"Remiremont Info"},"image":{"@id":"https:\/\/vosgesinfo.fr\/remiremontinfo\/#\/schema\/logo\/image\/"},"sameAs":["https:\/\/www.facebook.com\/remiremontinfo","https:\/\/x.com\/VosgesInfo88","https:\/\/www.youtube.com\/@vosgesinfo"]},{"@type":"Person","@id":"https:\/\/vosgesinfo.fr\/remiremontinfo\/#\/schema\/person\/bec388675ce53b5a637aec04392f977e","name":"Stany Maurice","image":{"@type":"ImageObject","inLanguage":"fr-FR","@id":"https:\/\/vosgesinfo.fr\/remiremontinfo\/#\/schema\/person\/image\/","url":"https:\/\/secure.gravatar.com\/avatar\/68520b0c74251371bd10958bd19c3ce39a212093b8fff0dc3edbfcfddd089807?s=96&d=mm&r=g","contentUrl":"https:\/\/secure.gravatar.com\/avatar\/68520b0c74251371bd10958bd19c3ce39a212093b8fff0dc3edbfcfddd089807?s=96&d=mm&r=g","caption":"Stany Maurice"},"url":"https:\/\/vosgesinfo.fr\/remiremontinfo\/author\/s-maurice\/"}]}},"_links":{"self":[{"href":"https:\/\/vosgesinfo.fr\/remiremontinfo\/wp-json\/wp\/v2\/posts\/1854","targetHints":{"allow":["GET"]}}],"collection":[{"href":"https:\/\/vosgesinfo.fr\/remiremontinfo\/wp-json\/wp\/v2\/posts"}],"about":[{"href":"https:\/\/vosgesinfo.fr\/remiremontinfo\/wp-json\/wp\/v2\/types\/post"}],"author":[{"embeddable":true,"href":"https:\/\/vosgesinfo.fr\/remiremontinfo\/wp-json\/wp\/v2\/users\/412"}],"replies":[{"embeddable":true,"href":"https:\/\/vosgesinfo.fr\/remiremontinfo\/wp-json\/wp\/v2\/comments?post=1854"}],"version-history":[{"count":0,"href":"https:\/\/vosgesinfo.fr\/remiremontinfo\/wp-json\/wp\/v2\/posts\/1854\/revisions"}],"wp:featuredmedia":[{"embeddable":true,"href":"https:\/\/vosgesinfo.fr\/remiremontinfo\/wp-json\/wp\/v2\/media\/1855"}],"wp:attachment":[{"href":"https:\/\/vosgesinfo.fr\/remiremontinfo\/wp-json\/wp\/v2\/media?parent=1854"}],"wp:term":[{"taxonomy":"category","embeddable":true,"href":"https:\/\/vosgesinfo.fr\/remiremontinfo\/wp-json\/wp\/v2\/categories?post=1854"},{"taxonomy":"post_tag","embeddable":true,"href":"https:\/\/vosgesinfo.fr\/remiremontinfo\/wp-json\/wp\/v2\/tags?post=1854"}],"curies":[{"name":"wp","href":"https:\/\/api.w.org\/{rel}","templated":true}]}}