{"id":18645,"date":"2019-08-06T06:58:09","date_gmt":"2019-08-06T04:58:09","guid":{"rendered":"https:\/\/vosgesinfo.fr\/remiremontinfo\/2019\/08\/soiree-beignets-rapes-de-laccordeon-ete-anime-a-cornimont\/"},"modified":"2019-08-06T06:58:09","modified_gmt":"2019-08-06T04:58:09","slug":"soiree-beignets-rapes-de-laccordeon-ete-anime-a-cornimont","status":"publish","type":"post","link":"https:\/\/vosgesinfo.fr\/remiremontinfo\/2019\/08\/soiree-beignets-rapes-de-laccordeon-ete-anime-a-cornimont\/","title":{"rendered":"Soir\u00e9e beignets r\u00e2p\u00e9s au son de l\u2019accord\u00e9on : un \u00e9t\u00e9 anim\u00e9 \u00e0 Cornimont !"},"content":{"rendered":"<h2 class=\"p1\"><span style=\"font-size: 12pt;\"><strong><span class=\"s1\">Cornimont s\u2019anime cet \u00e9t\u00e9 avec de nombreux \u00e9v\u00e9nements. Apr\u00e8s le passage de Romain Dieudonn\u00e9 au Th\u00e9\u00e2tre de verdure ce vendredi avec le spectacle \u00ab\u00a0Le service des objets perdus\u00a0\u00bb, c\u2019\u00e9tait soir\u00e9e beignets r\u00e2p\u00e9s ce lundi !<\/span><\/strong><\/span><\/h2>\n<p class=\"p1\"><span class=\"s1\">Cornimont Loisir et Tourisme et le comit\u00e9 des f\u00eates de la ville organisait la f\u00eate des beignets r\u00e2p\u00e9s sur la place de la Pranzi\u00e8res. Un moment de convivialit\u00e9 avec le repas campagnard et l\u2019ap\u00e9ritif au son de l\u2019accord\u00e9on. Le tout anim\u00e9 par Maryse et Hubert. Prochains rendez-vous : \u00ab\u00a0La tourn\u00e9e verte\u00a0\u00bb, expo et stands autour du th\u00e8me de la transition \u00e9cologique, ce vendredi \u00e0 15 et le m\u00eame jour \u00ab\u00a0Les Pieds s\u2019ent\u00eatent\u00a0\u00bb pr\u00e9senteront un conte musical au th\u00e9\u00e2tre de verdure.<\/span><\/p>\n<p class=\"p1\"><em>Photos de Claude No\u00ebl\u00a0<\/em><\/p>\n\n","protected":false},"excerpt":{"rendered":"<p>Cornimont s\u2019anime cet \u00e9t\u00e9 avec de nombreux \u00e9v\u00e9nements. Apr\u00e8s le passage de Romain Dieudonn\u00e9 au Th\u00e9\u00e2tre de verdure ce vendredi [&hellip;]<\/p>\n","protected":false},"author":407,"featured_media":18646,"comment_status":"open","ping_status":"open","sticky":false,"template":"","format":"standard","meta":{"footnotes":""},"categories":[26,34,4,124,25],"tags":[],"class_list":["post-18645","post","type-post","status-publish","format-standard","has-post-thumbnail","hentry","category-a-la-une","category-cornimont","category-culture","category-fetes","category-la-bresse-son-canton"],"acf":[],"yoast_head":"<!-- This site is optimized with the Yoast SEO plugin v22.5 - https:\/\/yoast.com\/wordpress\/plugins\/seo\/ -->\n<title>Soir\u00e9e beignets r\u00e2p\u00e9s au son de l\u2019accord\u00e9on : un \u00e9t\u00e9 anim\u00e9 \u00e0 Cornimont ! - Remiremont Info<\/title>\n<meta name=\"robots\" content=\"index, follow, max-snippet:-1, max-image-preview:large, max-video-preview:-1\" \/>\n<link rel=\"canonical\" href=\"https:\/\/vosgesinfo.fr\/remiremontinfo\/2019\/08\/soiree-beignets-rapes-de-laccordeon-ete-anime-a-cornimont\/\" \/>\n<meta name=\"twitter:card\" content=\"summary_large_image\" \/>\n<meta name=\"twitter:title\" content=\"Soir\u00e9e beignets r\u00e2p\u00e9s au son de l\u2019accord\u00e9on : un \u00e9t\u00e9 anim\u00e9 \u00e0 Cornimont ! - Remiremont Info\" \/>\n<meta name=\"twitter:description\" content=\"Cornimont s\u2019anime cet \u00e9t\u00e9 avec de nombreux \u00e9v\u00e9nements. Apr\u00e8s le passage de Romain Dieudonn\u00e9 au Th\u00e9\u00e2tre de verdure ce vendredi [&hellip;]\" \/>\n<meta name=\"twitter:image\" content=\"https:\/\/vosgesinfo.fr\/app\/uploads\/sites\/5\/2024\/09\/20190867665011-10217804165989415-5605281884373254144-o.jpg\" \/>\n<meta name=\"twitter:creator\" content=\"@VosgesInfo88\" \/>\n<meta name=\"twitter:site\" content=\"@VosgesInfo88\" \/>\n<meta name=\"twitter:label1\" content=\"\u00c9crit par\" \/>\n\t<meta name=\"twitter:data1\" content=\"C D\" \/>\n\t<meta name=\"twitter:label2\" content=\"Dur\u00e9e de lecture estim\u00e9e\" \/>\n\t<meta name=\"twitter:data2\" content=\"1 minute\" \/>\n<script type=\"application\/ld+json\" class=\"yoast-schema-graph\">{\"@context\":\"https:\/\/schema.org\",\"@graph\":[{\"@type\":\"Article\",\"@id\":\"https:\/\/vosgesinfo.fr\/remiremontinfo\/2019\/08\/soiree-beignets-rapes-de-laccordeon-ete-anime-a-cornimont\/#article\",\"isPartOf\":{\"@id\":\"https:\/\/vosgesinfo.fr\/remiremontinfo\/2019\/08\/soiree-beignets-rapes-de-laccordeon-ete-anime-a-cornimont\/\"},\"author\":{\"name\":\"C D\",\"@id\":\"https:\/\/vosgesinfo.fr\/remiremontinfo\/#\/schema\/person\/3bfd164d5218a185b1db68655a265316\"},\"headline\":\"Soir\u00e9e beignets r\u00e2p\u00e9s au son de l\u2019accord\u00e9on : un \u00e9t\u00e9 anim\u00e9 \u00e0 Cornimont !\",\"datePublished\":\"2019-08-06T04:58:09+00:00\",\"dateModified\":\"2019-08-06T04:58:09+00:00\",\"mainEntityOfPage\":{\"@id\":\"https:\/\/vosgesinfo.fr\/remiremontinfo\/2019\/08\/soiree-beignets-rapes-de-laccordeon-ete-anime-a-cornimont\/\"},\"wordCount\":164,\"commentCount\":0,\"publisher\":{\"@id\":\"https:\/\/vosgesinfo.fr\/remiremontinfo\/#organization\"},\"image\":{\"@id\":\"https:\/\/vosgesinfo.fr\/remiremontinfo\/2019\/08\/soiree-beignets-rapes-de-laccordeon-ete-anime-a-cornimont\/#primaryimage\"},\"thumbnailUrl\":\"https:\/\/vosgesinfo.fr\/app\/uploads\/sites\/5\/2024\/09\/20190867665011-10217804165989415-5605281884373254144-o.jpg\",\"articleSection\":[\"A la Une\",\"Cornimont\",\"Culture\",\"F\u00eates\",\"La Bresse &amp; son canton\"],\"inLanguage\":\"fr-FR\",\"potentialAction\":[{\"@type\":\"CommentAction\",\"name\":\"Comment\",\"target\":[\"https:\/\/vosgesinfo.fr\/remiremontinfo\/2019\/08\/soiree-beignets-rapes-de-laccordeon-ete-anime-a-cornimont\/#respond\"]}]},{\"@type\":\"WebPage\",\"@id\":\"https:\/\/vosgesinfo.fr\/remiremontinfo\/2019\/08\/soiree-beignets-rapes-de-laccordeon-ete-anime-a-cornimont\/\",\"url\":\"https:\/\/vosgesinfo.fr\/remiremontinfo\/2019\/08\/soiree-beignets-rapes-de-laccordeon-ete-anime-a-cornimont\/\",\"name\":\"Soir\u00e9e beignets r\u00e2p\u00e9s au son de l\u2019accord\u00e9on : un \u00e9t\u00e9 anim\u00e9 \u00e0 Cornimont ! - Remiremont Info\",\"isPartOf\":{\"@id\":\"https:\/\/vosgesinfo.fr\/remiremontinfo\/#website\"},\"primaryImageOfPage\":{\"@id\":\"https:\/\/vosgesinfo.fr\/remiremontinfo\/2019\/08\/soiree-beignets-rapes-de-laccordeon-ete-anime-a-cornimont\/#primaryimage\"},\"image\":{\"@id\":\"https:\/\/vosgesinfo.fr\/remiremontinfo\/2019\/08\/soiree-beignets-rapes-de-laccordeon-ete-anime-a-cornimont\/#primaryimage\"},\"thumbnailUrl\":\"https:\/\/vosgesinfo.fr\/app\/uploads\/sites\/5\/2024\/09\/20190867665011-10217804165989415-5605281884373254144-o.jpg\",\"datePublished\":\"2019-08-06T04:58:09+00:00\",\"dateModified\":\"2019-08-06T04:58:09+00:00\",\"breadcrumb\":{\"@id\":\"https:\/\/vosgesinfo.fr\/remiremontinfo\/2019\/08\/soiree-beignets-rapes-de-laccordeon-ete-anime-a-cornimont\/#breadcrumb\"},\"inLanguage\":\"fr-FR\",\"potentialAction\":[{\"@type\":\"ReadAction\",\"target\":[\"https:\/\/vosgesinfo.fr\/remiremontinfo\/2019\/08\/soiree-beignets-rapes-de-laccordeon-ete-anime-a-cornimont\/\"]}]},{\"@type\":\"ImageObject\",\"inLanguage\":\"fr-FR\",\"@id\":\"https:\/\/vosgesinfo.fr\/remiremontinfo\/2019\/08\/soiree-beignets-rapes-de-laccordeon-ete-anime-a-cornimont\/#primaryimage\",\"url\":\"https:\/\/vosgesinfo.fr\/app\/uploads\/sites\/5\/2024\/09\/20190867665011-10217804165989415-5605281884373254144-o.jpg\",\"contentUrl\":\"https:\/\/vosgesinfo.fr\/app\/uploads\/sites\/5\/2024\/09\/20190867665011-10217804165989415-5605281884373254144-o.jpg\",\"width\":2048,\"height\":1365},{\"@type\":\"BreadcrumbList\",\"@id\":\"https:\/\/vosgesinfo.fr\/remiremontinfo\/2019\/08\/soiree-beignets-rapes-de-laccordeon-ete-anime-a-cornimont\/#breadcrumb\",\"itemListElement\":[{\"@type\":\"ListItem\",\"position\":1,\"name\":\"Home\",\"item\":\"https:\/\/vosgesinfo.fr\/remiremontinfo\/\"},{\"@type\":\"ListItem\",\"position\":2,\"name\":\"Soir\u00e9e beignets r\u00e2p\u00e9s au son de l\u2019accord\u00e9on : un \u00e9t\u00e9 anim\u00e9 \u00e0 Cornimont !\"}]},{\"@type\":\"WebSite\",\"@id\":\"https:\/\/vosgesinfo.fr\/remiremontinfo\/#website\",\"url\":\"https:\/\/vosgesinfo.fr\/remiremontinfo\/\",\"name\":\"Remiremont Info\",\"description\":\"Toute l&#039;actualit\u00e9 de Remiremont\",\"publisher\":{\"@id\":\"https:\/\/vosgesinfo.fr\/remiremontinfo\/#organization\"},\"alternateName\":\"Toute l'actualit\u00e9 de Remiremont\",\"potentialAction\":[{\"@type\":\"SearchAction\",\"target\":{\"@type\":\"EntryPoint\",\"urlTemplate\":\"https:\/\/vosgesinfo.fr\/remiremontinfo\/?s={search_term_string}\"},\"query-input\":\"required name=search_term_string\"}],\"inLanguage\":\"fr-FR\"},{\"@type\":\"Organization\",\"@id\":\"https:\/\/vosgesinfo.fr\/remiremontinfo\/#organization\",\"name\":\"Remiremont Info\",\"url\":\"https:\/\/vosgesinfo.fr\/remiremontinfo\/\",\"logo\":{\"@type\":\"ImageObject\",\"inLanguage\":\"fr-FR\",\"@id\":\"https:\/\/vosgesinfo.fr\/remiremontinfo\/#\/schema\/logo\/image\/\",\"url\":\"https:\/\/vosgesinfo.fr\/app\/uploads\/sites\/5\/2023\/08\/favicon-remiremontinfo.png\",\"contentUrl\":\"https:\/\/vosgesinfo.fr\/app\/uploads\/sites\/5\/2023\/08\/favicon-remiremontinfo.png\",\"width\":512,\"height\":512,\"caption\":\"Remiremont Info\"},\"image\":{\"@id\":\"https:\/\/vosgesinfo.fr\/remiremontinfo\/#\/schema\/logo\/image\/\"},\"sameAs\":[\"https:\/\/www.facebook.com\/remiremontinfo\",\"https:\/\/x.com\/VosgesInfo88\",\"https:\/\/www.youtube.com\/@vosgesinfo\"]},{\"@type\":\"Person\",\"@id\":\"https:\/\/vosgesinfo.fr\/remiremontinfo\/#\/schema\/person\/3bfd164d5218a185b1db68655a265316\",\"name\":\"C D\",\"image\":{\"@type\":\"ImageObject\",\"inLanguage\":\"fr-FR\",\"@id\":\"https:\/\/vosgesinfo.fr\/remiremontinfo\/#\/schema\/person\/image\/\",\"url\":\"https:\/\/secure.gravatar.com\/avatar\/1f9a70007336511a47468b8f1c66f922b8b7cf617b02a31149ada43893a5d48f?s=96&d=mm&r=g\",\"contentUrl\":\"https:\/\/secure.gravatar.com\/avatar\/1f9a70007336511a47468b8f1c66f922b8b7cf617b02a31149ada43893a5d48f?s=96&d=mm&r=g\",\"caption\":\"C D\"},\"url\":\"https:\/\/vosgesinfo.fr\/remiremontinfo\/author\/cedric-drevet\/\"}]}<\/script>\n<!-- \/ Yoast SEO plugin. -->","yoast_head_json":{"title":"Soir\u00e9e beignets r\u00e2p\u00e9s au son de l\u2019accord\u00e9on : un \u00e9t\u00e9 anim\u00e9 \u00e0 Cornimont ! - Remiremont Info","robots":{"index":"index","follow":"follow","max-snippet":"max-snippet:-1","max-image-preview":"max-image-preview:large","max-video-preview":"max-video-preview:-1"},"canonical":"https:\/\/vosgesinfo.fr\/remiremontinfo\/2019\/08\/soiree-beignets-rapes-de-laccordeon-ete-anime-a-cornimont\/","twitter_card":"summary_large_image","twitter_title":"Soir\u00e9e beignets r\u00e2p\u00e9s au son de l\u2019accord\u00e9on : un \u00e9t\u00e9 anim\u00e9 \u00e0 Cornimont ! - Remiremont Info","twitter_description":"Cornimont s\u2019anime cet \u00e9t\u00e9 avec de nombreux \u00e9v\u00e9nements. Apr\u00e8s le passage de Romain Dieudonn\u00e9 au Th\u00e9\u00e2tre de verdure ce vendredi [&hellip;]","twitter_image":"https:\/\/vosgesinfo.fr\/app\/uploads\/sites\/5\/2024\/09\/20190867665011-10217804165989415-5605281884373254144-o.jpg","twitter_creator":"@VosgesInfo88","twitter_site":"@VosgesInfo88","twitter_misc":{"\u00c9crit par":"C D","Dur\u00e9e de lecture estim\u00e9e":"1 minute"},"schema":{"@context":"https:\/\/schema.org","@graph":[{"@type":"Article","@id":"https:\/\/vosgesinfo.fr\/remiremontinfo\/2019\/08\/soiree-beignets-rapes-de-laccordeon-ete-anime-a-cornimont\/#article","isPartOf":{"@id":"https:\/\/vosgesinfo.fr\/remiremontinfo\/2019\/08\/soiree-beignets-rapes-de-laccordeon-ete-anime-a-cornimont\/"},"author":{"name":"C D","@id":"https:\/\/vosgesinfo.fr\/remiremontinfo\/#\/schema\/person\/3bfd164d5218a185b1db68655a265316"},"headline":"Soir\u00e9e beignets r\u00e2p\u00e9s au son de l\u2019accord\u00e9on : un \u00e9t\u00e9 anim\u00e9 \u00e0 Cornimont !","datePublished":"2019-08-06T04:58:09+00:00","dateModified":"2019-08-06T04:58:09+00:00","mainEntityOfPage":{"@id":"https:\/\/vosgesinfo.fr\/remiremontinfo\/2019\/08\/soiree-beignets-rapes-de-laccordeon-ete-anime-a-cornimont\/"},"wordCount":164,"commentCount":0,"publisher":{"@id":"https:\/\/vosgesinfo.fr\/remiremontinfo\/#organization"},"image":{"@id":"https:\/\/vosgesinfo.fr\/remiremontinfo\/2019\/08\/soiree-beignets-rapes-de-laccordeon-ete-anime-a-cornimont\/#primaryimage"},"thumbnailUrl":"https:\/\/vosgesinfo.fr\/app\/uploads\/sites\/5\/2024\/09\/20190867665011-10217804165989415-5605281884373254144-o.jpg","articleSection":["A la Une","Cornimont","Culture","F\u00eates","La Bresse &amp; son canton"],"inLanguage":"fr-FR","potentialAction":[{"@type":"CommentAction","name":"Comment","target":["https:\/\/vosgesinfo.fr\/remiremontinfo\/2019\/08\/soiree-beignets-rapes-de-laccordeon-ete-anime-a-cornimont\/#respond"]}]},{"@type":"WebPage","@id":"https:\/\/vosgesinfo.fr\/remiremontinfo\/2019\/08\/soiree-beignets-rapes-de-laccordeon-ete-anime-a-cornimont\/","url":"https:\/\/vosgesinfo.fr\/remiremontinfo\/2019\/08\/soiree-beignets-rapes-de-laccordeon-ete-anime-a-cornimont\/","name":"Soir\u00e9e beignets r\u00e2p\u00e9s au son de l\u2019accord\u00e9on : un \u00e9t\u00e9 anim\u00e9 \u00e0 Cornimont ! - Remiremont Info","isPartOf":{"@id":"https:\/\/vosgesinfo.fr\/remiremontinfo\/#website"},"primaryImageOfPage":{"@id":"https:\/\/vosgesinfo.fr\/remiremontinfo\/2019\/08\/soiree-beignets-rapes-de-laccordeon-ete-anime-a-cornimont\/#primaryimage"},"image":{"@id":"https:\/\/vosgesinfo.fr\/remiremontinfo\/2019\/08\/soiree-beignets-rapes-de-laccordeon-ete-anime-a-cornimont\/#primaryimage"},"thumbnailUrl":"https:\/\/vosgesinfo.fr\/app\/uploads\/sites\/5\/2024\/09\/20190867665011-10217804165989415-5605281884373254144-o.jpg","datePublished":"2019-08-06T04:58:09+00:00","dateModified":"2019-08-06T04:58:09+00:00","breadcrumb":{"@id":"https:\/\/vosgesinfo.fr\/remiremontinfo\/2019\/08\/soiree-beignets-rapes-de-laccordeon-ete-anime-a-cornimont\/#breadcrumb"},"inLanguage":"fr-FR","potentialAction":[{"@type":"ReadAction","target":["https:\/\/vosgesinfo.fr\/remiremontinfo\/2019\/08\/soiree-beignets-rapes-de-laccordeon-ete-anime-a-cornimont\/"]}]},{"@type":"ImageObject","inLanguage":"fr-FR","@id":"https:\/\/vosgesinfo.fr\/remiremontinfo\/2019\/08\/soiree-beignets-rapes-de-laccordeon-ete-anime-a-cornimont\/#primaryimage","url":"https:\/\/vosgesinfo.fr\/app\/uploads\/sites\/5\/2024\/09\/20190867665011-10217804165989415-5605281884373254144-o.jpg","contentUrl":"https:\/\/vosgesinfo.fr\/app\/uploads\/sites\/5\/2024\/09\/20190867665011-10217804165989415-5605281884373254144-o.jpg","width":2048,"height":1365},{"@type":"BreadcrumbList","@id":"https:\/\/vosgesinfo.fr\/remiremontinfo\/2019\/08\/soiree-beignets-rapes-de-laccordeon-ete-anime-a-cornimont\/#breadcrumb","itemListElement":[{"@type":"ListItem","position":1,"name":"Home","item":"https:\/\/vosgesinfo.fr\/remiremontinfo\/"},{"@type":"ListItem","position":2,"name":"Soir\u00e9e beignets r\u00e2p\u00e9s au son de l\u2019accord\u00e9on : un \u00e9t\u00e9 anim\u00e9 \u00e0 Cornimont !"}]},{"@type":"WebSite","@id":"https:\/\/vosgesinfo.fr\/remiremontinfo\/#website","url":"https:\/\/vosgesinfo.fr\/remiremontinfo\/","name":"Remiremont Info","description":"Toute l&#039;actualit\u00e9 de Remiremont","publisher":{"@id":"https:\/\/vosgesinfo.fr\/remiremontinfo\/#organization"},"alternateName":"Toute l'actualit\u00e9 de Remiremont","potentialAction":[{"@type":"SearchAction","target":{"@type":"EntryPoint","urlTemplate":"https:\/\/vosgesinfo.fr\/remiremontinfo\/?s={search_term_string}"},"query-input":"required name=search_term_string"}],"inLanguage":"fr-FR"},{"@type":"Organization","@id":"https:\/\/vosgesinfo.fr\/remiremontinfo\/#organization","name":"Remiremont Info","url":"https:\/\/vosgesinfo.fr\/remiremontinfo\/","logo":{"@type":"ImageObject","inLanguage":"fr-FR","@id":"https:\/\/vosgesinfo.fr\/remiremontinfo\/#\/schema\/logo\/image\/","url":"https:\/\/vosgesinfo.fr\/app\/uploads\/sites\/5\/2023\/08\/favicon-remiremontinfo.png","contentUrl":"https:\/\/vosgesinfo.fr\/app\/uploads\/sites\/5\/2023\/08\/favicon-remiremontinfo.png","width":512,"height":512,"caption":"Remiremont Info"},"image":{"@id":"https:\/\/vosgesinfo.fr\/remiremontinfo\/#\/schema\/logo\/image\/"},"sameAs":["https:\/\/www.facebook.com\/remiremontinfo","https:\/\/x.com\/VosgesInfo88","https:\/\/www.youtube.com\/@vosgesinfo"]},{"@type":"Person","@id":"https:\/\/vosgesinfo.fr\/remiremontinfo\/#\/schema\/person\/3bfd164d5218a185b1db68655a265316","name":"C D","image":{"@type":"ImageObject","inLanguage":"fr-FR","@id":"https:\/\/vosgesinfo.fr\/remiremontinfo\/#\/schema\/person\/image\/","url":"https:\/\/secure.gravatar.com\/avatar\/1f9a70007336511a47468b8f1c66f922b8b7cf617b02a31149ada43893a5d48f?s=96&d=mm&r=g","contentUrl":"https:\/\/secure.gravatar.com\/avatar\/1f9a70007336511a47468b8f1c66f922b8b7cf617b02a31149ada43893a5d48f?s=96&d=mm&r=g","caption":"C D"},"url":"https:\/\/vosgesinfo.fr\/remiremontinfo\/author\/cedric-drevet\/"}]}},"_links":{"self":[{"href":"https:\/\/vosgesinfo.fr\/remiremontinfo\/wp-json\/wp\/v2\/posts\/18645","targetHints":{"allow":["GET"]}}],"collection":[{"href":"https:\/\/vosgesinfo.fr\/remiremontinfo\/wp-json\/wp\/v2\/posts"}],"about":[{"href":"https:\/\/vosgesinfo.fr\/remiremontinfo\/wp-json\/wp\/v2\/types\/post"}],"author":[{"embeddable":true,"href":"https:\/\/vosgesinfo.fr\/remiremontinfo\/wp-json\/wp\/v2\/users\/407"}],"replies":[{"embeddable":true,"href":"https:\/\/vosgesinfo.fr\/remiremontinfo\/wp-json\/wp\/v2\/comments?post=18645"}],"version-history":[{"count":0,"href":"https:\/\/vosgesinfo.fr\/remiremontinfo\/wp-json\/wp\/v2\/posts\/18645\/revisions"}],"wp:featuredmedia":[{"embeddable":true,"href":"https:\/\/vosgesinfo.fr\/remiremontinfo\/wp-json\/wp\/v2\/media\/18646"}],"wp:attachment":[{"href":"https:\/\/vosgesinfo.fr\/remiremontinfo\/wp-json\/wp\/v2\/media?parent=18645"}],"wp:term":[{"taxonomy":"category","embeddable":true,"href":"https:\/\/vosgesinfo.fr\/remiremontinfo\/wp-json\/wp\/v2\/categories?post=18645"},{"taxonomy":"post_tag","embeddable":true,"href":"https:\/\/vosgesinfo.fr\/remiremontinfo\/wp-json\/wp\/v2\/tags?post=18645"}],"curies":[{"name":"wp","href":"https:\/\/api.w.org\/{rel}","templated":true}]}}