{"id":18653,"date":"2019-08-06T09:00:45","date_gmt":"2019-08-06T07:00:45","guid":{"rendered":"https:\/\/vosgesinfo.fr\/remiremontinfo\/2019\/08\/protection-civile-formations-sauver-vies\/"},"modified":"2019-08-06T09:00:45","modified_gmt":"2019-08-06T07:00:45","slug":"protection-civile-formations-sauver-vies","status":"publish","type":"post","link":"https:\/\/vosgesinfo.fr\/remiremontinfo\/2019\/08\/protection-civile-formations-sauver-vies\/","title":{"rendered":"La Protection Civile : des formations pour sauver des vies"},"content":{"rendered":"<p class=\"p1\"><a href=\"\/2019\/08\/P1260603.jpg\"><img decoding=\"async\" class=\"alignnone size-large wp-image-265584\" src=\"\/2019\/08\/P1260603-1024x768.jpg\" alt=\"P1260603\" width=\"960\" height=\"720\" \/><\/a><\/p>\n<h2 class=\"p1\"><span style=\"font-size: 12pt;\"><strong><span class=\"s1\">\u00ab\u00a0Aider, secourir, former\u00a0\u00bb : dans tout le pays, la Protection Civile est pr\u00e9sente sur des milliers d&rsquo;\u00e9v\u00e8nements\u00a0 afin de prodiguer les premiers gestes qui sauvent aux acteurs et au public en cas de blessures ou de malaises. Elle \u00e9tait notamment pr\u00e9sente dimanche dernier \u00e0 <a href=\"https:\/\/remiremontinfo.fr\/2019\/08\/sapois-centaines-de-visiteurs-47eme-fete-schlittage\/\">la f\u00eate du Schlittage \u00e0 Sapois.<\/a><\/span><\/strong><\/span><\/h2>\n<p class=\"p1\"><span class=\"s1\">Les \u00e9quipes de b\u00e9n\u00e9voles, form\u00e9s et \u00e9quip\u00e9s de mat\u00e9riel performant, organisent des postes de secours en s&rsquo;adaptant \u00e0 la situation et \u00e0 la taille et la nature de l\u2019\u00e9v\u00e8nement. R\u00e9partis sur l&rsquo;ensemble du territoire m\u00e9tropolitain et ultramarin, les 32.000 b\u00e9n\u00e9voles sont mobilisables rapidement en cas de crise. Assister les personnes dans des moments difficiles, les aider \u00e0 un retour \u00e0 la vie normale, organiser des h\u00e9bergements d&rsquo;urgence, apporter du r\u00e9confort. <\/span><\/p>\n<p class=\"p1\"><span class=\"s1\">La Protection civile est implant\u00e9e dans les Vosges avec des antennes \u00e0 Raon-aux-Bois, Epinal, Anould et Ch\u00e2tel-sur-Moselle. On d\u00e9nombre environ 260 b\u00e9n\u00e9voles install\u00e9s dans le d\u00e9partement. Ils sont amen\u00e9s \u00e0 agir sur le territoire vosgien, mais \u00e9galement \u00e0 se d\u00e9placer dans le pays ou \u00e0 l\u2019\u00e9tranger selon les besoins pour porter main forte : catastrophes naturelles, temp\u00eates, attentats etc.<\/span><\/p>\n<p class=\"p1\"><span class=\"s1\">L&rsquo;une des premi\u00e8res missions de la Protection Civile est de sensibiliser et former les citoyens aux gestes qui sauvent sur l&rsquo;ensemble du territoire fran\u00e7ais. Pour cela, elle dispose d\u2019agr\u00e9ments nationaux pour r\u00e9aliser des formations aupr\u00e8s des particuliers, associations, collectivit\u00e9s et entreprises. Des formations internes et des formations ouvertes aux personnes ext\u00e9rieures. Un r\u00e9seau de centaines de formateurs r\u00e9partis sur toute la France dispense des formations conformes aux exigences de r\u00e9f\u00e9rentiels nationaux.<\/span><\/p>\n<p class=\"p1\"><span class=\"s1\">A Raon-aux-Bois, pendant une semaine, un groupe de 16 personne s\u2019est entrain\u00e9 sur diff\u00e9rents exercices et a pass\u00e9 les niveaux PSE1 (Premiers Secours en Equipe) et PSE2. Durant ces formations, on apprend l\u2019organisation des services et dispositifs de secours puis la conduite \u00e0 tenir face \u00e0 une victime pr\u00e9sentant une d\u00e9tresse. Tout au long de l\u2019enseignement, on alterne entre \u00e9changes th\u00e9oriques, apprentissages pratiques et \u00e9valuations lors de mises en situation.<\/span><\/p>\n\n","protected":false},"excerpt":{"rendered":"<p>\u00ab\u00a0Aider, secourir, former\u00a0\u00bb : dans tout le pays, la Protection Civile est pr\u00e9sente sur des milliers d&rsquo;\u00e9v\u00e8nements\u00a0 afin de prodiguer [&hellip;]<\/p>\n","protected":false},"author":407,"featured_media":18654,"comment_status":"open","ping_status":"open","sticky":false,"template":"","format":"standard","meta":{"footnotes":""},"categories":[26,35,13,18],"tags":[],"class_list":["post-18653","post","type-post","status-publish","format-standard","has-post-thumbnail","hentry","category-a-la-une","category-remiremont-son-canton","category-societe","category-vosges"],"acf":[],"yoast_head":"<!-- This site is optimized with the Yoast SEO plugin v22.5 - https:\/\/yoast.com\/wordpress\/plugins\/seo\/ -->\n<title>La Protection Civile : des formations pour sauver des vies - Remiremont Info<\/title>\n<meta name=\"robots\" content=\"index, follow, max-snippet:-1, max-image-preview:large, max-video-preview:-1\" \/>\n<link rel=\"canonical\" href=\"https:\/\/vosgesinfo.fr\/remiremontinfo\/2019\/08\/protection-civile-formations-sauver-vies\/\" \/>\n<meta name=\"twitter:card\" content=\"summary_large_image\" \/>\n<meta name=\"twitter:title\" content=\"La Protection Civile : des formations pour sauver des vies - Remiremont Info\" \/>\n<meta name=\"twitter:description\" content=\"\u00ab\u00a0Aider, secourir, former\u00a0\u00bb : dans tout le pays, la Protection Civile est pr\u00e9sente sur des milliers d&rsquo;\u00e9v\u00e8nements\u00a0 afin de prodiguer [&hellip;]\" \/>\n<meta name=\"twitter:image\" content=\"https:\/\/vosgesinfo.fr\/app\/uploads\/sites\/5\/2024\/09\/201908p1260603.jpg\" \/>\n<meta name=\"twitter:creator\" content=\"@VosgesInfo88\" \/>\n<meta name=\"twitter:site\" content=\"@VosgesInfo88\" \/>\n<meta name=\"twitter:label1\" content=\"\u00c9crit par\" \/>\n\t<meta name=\"twitter:data1\" content=\"C D\" \/>\n\t<meta name=\"twitter:label2\" content=\"Dur\u00e9e de lecture estim\u00e9e\" \/>\n\t<meta name=\"twitter:data2\" content=\"2 minutes\" \/>\n<script type=\"application\/ld+json\" class=\"yoast-schema-graph\">{\"@context\":\"https:\/\/schema.org\",\"@graph\":[{\"@type\":\"Article\",\"@id\":\"https:\/\/vosgesinfo.fr\/remiremontinfo\/2019\/08\/protection-civile-formations-sauver-vies\/#article\",\"isPartOf\":{\"@id\":\"https:\/\/vosgesinfo.fr\/remiremontinfo\/2019\/08\/protection-civile-formations-sauver-vies\/\"},\"author\":{\"name\":\"C D\",\"@id\":\"https:\/\/vosgesinfo.fr\/remiremontinfo\/#\/schema\/person\/3bfd164d5218a185b1db68655a265316\"},\"headline\":\"La Protection Civile : des formations pour sauver des vies\",\"datePublished\":\"2019-08-06T07:00:45+00:00\",\"dateModified\":\"2019-08-06T07:00:45+00:00\",\"mainEntityOfPage\":{\"@id\":\"https:\/\/vosgesinfo.fr\/remiremontinfo\/2019\/08\/protection-civile-formations-sauver-vies\/\"},\"wordCount\":373,\"commentCount\":0,\"publisher\":{\"@id\":\"https:\/\/vosgesinfo.fr\/remiremontinfo\/#organization\"},\"image\":{\"@id\":\"https:\/\/vosgesinfo.fr\/remiremontinfo\/2019\/08\/protection-civile-formations-sauver-vies\/#primaryimage\"},\"thumbnailUrl\":\"https:\/\/vosgesinfo.fr\/app\/uploads\/sites\/5\/2024\/09\/201908p1260603.jpg\",\"articleSection\":[\"A la Une\",\"Remiremont &amp; son canton\",\"Soci\u00e9t\u00e9\",\"Vosges\"],\"inLanguage\":\"fr-FR\",\"potentialAction\":[{\"@type\":\"CommentAction\",\"name\":\"Comment\",\"target\":[\"https:\/\/vosgesinfo.fr\/remiremontinfo\/2019\/08\/protection-civile-formations-sauver-vies\/#respond\"]}]},{\"@type\":\"WebPage\",\"@id\":\"https:\/\/vosgesinfo.fr\/remiremontinfo\/2019\/08\/protection-civile-formations-sauver-vies\/\",\"url\":\"https:\/\/vosgesinfo.fr\/remiremontinfo\/2019\/08\/protection-civile-formations-sauver-vies\/\",\"name\":\"La Protection Civile : des formations pour sauver des vies - Remiremont Info\",\"isPartOf\":{\"@id\":\"https:\/\/vosgesinfo.fr\/remiremontinfo\/#website\"},\"primaryImageOfPage\":{\"@id\":\"https:\/\/vosgesinfo.fr\/remiremontinfo\/2019\/08\/protection-civile-formations-sauver-vies\/#primaryimage\"},\"image\":{\"@id\":\"https:\/\/vosgesinfo.fr\/remiremontinfo\/2019\/08\/protection-civile-formations-sauver-vies\/#primaryimage\"},\"thumbnailUrl\":\"https:\/\/vosgesinfo.fr\/app\/uploads\/sites\/5\/2024\/09\/201908p1260603.jpg\",\"datePublished\":\"2019-08-06T07:00:45+00:00\",\"dateModified\":\"2019-08-06T07:00:45+00:00\",\"breadcrumb\":{\"@id\":\"https:\/\/vosgesinfo.fr\/remiremontinfo\/2019\/08\/protection-civile-formations-sauver-vies\/#breadcrumb\"},\"inLanguage\":\"fr-FR\",\"potentialAction\":[{\"@type\":\"ReadAction\",\"target\":[\"https:\/\/vosgesinfo.fr\/remiremontinfo\/2019\/08\/protection-civile-formations-sauver-vies\/\"]}]},{\"@type\":\"ImageObject\",\"inLanguage\":\"fr-FR\",\"@id\":\"https:\/\/vosgesinfo.fr\/remiremontinfo\/2019\/08\/protection-civile-formations-sauver-vies\/#primaryimage\",\"url\":\"https:\/\/vosgesinfo.fr\/app\/uploads\/sites\/5\/2024\/09\/201908p1260603.jpg\",\"contentUrl\":\"https:\/\/vosgesinfo.fr\/app\/uploads\/sites\/5\/2024\/09\/201908p1260603.jpg\",\"width\":2048,\"height\":1536},{\"@type\":\"BreadcrumbList\",\"@id\":\"https:\/\/vosgesinfo.fr\/remiremontinfo\/2019\/08\/protection-civile-formations-sauver-vies\/#breadcrumb\",\"itemListElement\":[{\"@type\":\"ListItem\",\"position\":1,\"name\":\"Home\",\"item\":\"https:\/\/vosgesinfo.fr\/remiremontinfo\/\"},{\"@type\":\"ListItem\",\"position\":2,\"name\":\"La Protection Civile : des formations pour sauver des vies\"}]},{\"@type\":\"WebSite\",\"@id\":\"https:\/\/vosgesinfo.fr\/remiremontinfo\/#website\",\"url\":\"https:\/\/vosgesinfo.fr\/remiremontinfo\/\",\"name\":\"Remiremont Info\",\"description\":\"Toute l&#039;actualit\u00e9 de Remiremont\",\"publisher\":{\"@id\":\"https:\/\/vosgesinfo.fr\/remiremontinfo\/#organization\"},\"alternateName\":\"Toute l'actualit\u00e9 de Remiremont\",\"potentialAction\":[{\"@type\":\"SearchAction\",\"target\":{\"@type\":\"EntryPoint\",\"urlTemplate\":\"https:\/\/vosgesinfo.fr\/remiremontinfo\/?s={search_term_string}\"},\"query-input\":\"required name=search_term_string\"}],\"inLanguage\":\"fr-FR\"},{\"@type\":\"Organization\",\"@id\":\"https:\/\/vosgesinfo.fr\/remiremontinfo\/#organization\",\"name\":\"Remiremont Info\",\"url\":\"https:\/\/vosgesinfo.fr\/remiremontinfo\/\",\"logo\":{\"@type\":\"ImageObject\",\"inLanguage\":\"fr-FR\",\"@id\":\"https:\/\/vosgesinfo.fr\/remiremontinfo\/#\/schema\/logo\/image\/\",\"url\":\"https:\/\/vosgesinfo.fr\/app\/uploads\/sites\/5\/2023\/08\/favicon-remiremontinfo.png\",\"contentUrl\":\"https:\/\/vosgesinfo.fr\/app\/uploads\/sites\/5\/2023\/08\/favicon-remiremontinfo.png\",\"width\":512,\"height\":512,\"caption\":\"Remiremont Info\"},\"image\":{\"@id\":\"https:\/\/vosgesinfo.fr\/remiremontinfo\/#\/schema\/logo\/image\/\"},\"sameAs\":[\"https:\/\/www.facebook.com\/remiremontinfo\",\"https:\/\/x.com\/VosgesInfo88\",\"https:\/\/www.youtube.com\/@vosgesinfo\"]},{\"@type\":\"Person\",\"@id\":\"https:\/\/vosgesinfo.fr\/remiremontinfo\/#\/schema\/person\/3bfd164d5218a185b1db68655a265316\",\"name\":\"C D\",\"image\":{\"@type\":\"ImageObject\",\"inLanguage\":\"fr-FR\",\"@id\":\"https:\/\/vosgesinfo.fr\/remiremontinfo\/#\/schema\/person\/image\/\",\"url\":\"https:\/\/secure.gravatar.com\/avatar\/1f9a70007336511a47468b8f1c66f922b8b7cf617b02a31149ada43893a5d48f?s=96&d=mm&r=g\",\"contentUrl\":\"https:\/\/secure.gravatar.com\/avatar\/1f9a70007336511a47468b8f1c66f922b8b7cf617b02a31149ada43893a5d48f?s=96&d=mm&r=g\",\"caption\":\"C D\"},\"url\":\"https:\/\/vosgesinfo.fr\/remiremontinfo\/author\/cedric-drevet\/\"}]}<\/script>\n<!-- \/ Yoast SEO plugin. -->","yoast_head_json":{"title":"La Protection Civile : des formations pour sauver des vies - Remiremont Info","robots":{"index":"index","follow":"follow","max-snippet":"max-snippet:-1","max-image-preview":"max-image-preview:large","max-video-preview":"max-video-preview:-1"},"canonical":"https:\/\/vosgesinfo.fr\/remiremontinfo\/2019\/08\/protection-civile-formations-sauver-vies\/","twitter_card":"summary_large_image","twitter_title":"La Protection Civile : des formations pour sauver des vies - Remiremont Info","twitter_description":"\u00ab\u00a0Aider, secourir, former\u00a0\u00bb : dans tout le pays, la Protection Civile est pr\u00e9sente sur des milliers d&rsquo;\u00e9v\u00e8nements\u00a0 afin de prodiguer [&hellip;]","twitter_image":"https:\/\/vosgesinfo.fr\/app\/uploads\/sites\/5\/2024\/09\/201908p1260603.jpg","twitter_creator":"@VosgesInfo88","twitter_site":"@VosgesInfo88","twitter_misc":{"\u00c9crit par":"C D","Dur\u00e9e de lecture estim\u00e9e":"2 minutes"},"schema":{"@context":"https:\/\/schema.org","@graph":[{"@type":"Article","@id":"https:\/\/vosgesinfo.fr\/remiremontinfo\/2019\/08\/protection-civile-formations-sauver-vies\/#article","isPartOf":{"@id":"https:\/\/vosgesinfo.fr\/remiremontinfo\/2019\/08\/protection-civile-formations-sauver-vies\/"},"author":{"name":"C D","@id":"https:\/\/vosgesinfo.fr\/remiremontinfo\/#\/schema\/person\/3bfd164d5218a185b1db68655a265316"},"headline":"La Protection Civile : des formations pour sauver des vies","datePublished":"2019-08-06T07:00:45+00:00","dateModified":"2019-08-06T07:00:45+00:00","mainEntityOfPage":{"@id":"https:\/\/vosgesinfo.fr\/remiremontinfo\/2019\/08\/protection-civile-formations-sauver-vies\/"},"wordCount":373,"commentCount":0,"publisher":{"@id":"https:\/\/vosgesinfo.fr\/remiremontinfo\/#organization"},"image":{"@id":"https:\/\/vosgesinfo.fr\/remiremontinfo\/2019\/08\/protection-civile-formations-sauver-vies\/#primaryimage"},"thumbnailUrl":"https:\/\/vosgesinfo.fr\/app\/uploads\/sites\/5\/2024\/09\/201908p1260603.jpg","articleSection":["A la Une","Remiremont &amp; son canton","Soci\u00e9t\u00e9","Vosges"],"inLanguage":"fr-FR","potentialAction":[{"@type":"CommentAction","name":"Comment","target":["https:\/\/vosgesinfo.fr\/remiremontinfo\/2019\/08\/protection-civile-formations-sauver-vies\/#respond"]}]},{"@type":"WebPage","@id":"https:\/\/vosgesinfo.fr\/remiremontinfo\/2019\/08\/protection-civile-formations-sauver-vies\/","url":"https:\/\/vosgesinfo.fr\/remiremontinfo\/2019\/08\/protection-civile-formations-sauver-vies\/","name":"La Protection Civile : des formations pour sauver des vies - Remiremont Info","isPartOf":{"@id":"https:\/\/vosgesinfo.fr\/remiremontinfo\/#website"},"primaryImageOfPage":{"@id":"https:\/\/vosgesinfo.fr\/remiremontinfo\/2019\/08\/protection-civile-formations-sauver-vies\/#primaryimage"},"image":{"@id":"https:\/\/vosgesinfo.fr\/remiremontinfo\/2019\/08\/protection-civile-formations-sauver-vies\/#primaryimage"},"thumbnailUrl":"https:\/\/vosgesinfo.fr\/app\/uploads\/sites\/5\/2024\/09\/201908p1260603.jpg","datePublished":"2019-08-06T07:00:45+00:00","dateModified":"2019-08-06T07:00:45+00:00","breadcrumb":{"@id":"https:\/\/vosgesinfo.fr\/remiremontinfo\/2019\/08\/protection-civile-formations-sauver-vies\/#breadcrumb"},"inLanguage":"fr-FR","potentialAction":[{"@type":"ReadAction","target":["https:\/\/vosgesinfo.fr\/remiremontinfo\/2019\/08\/protection-civile-formations-sauver-vies\/"]}]},{"@type":"ImageObject","inLanguage":"fr-FR","@id":"https:\/\/vosgesinfo.fr\/remiremontinfo\/2019\/08\/protection-civile-formations-sauver-vies\/#primaryimage","url":"https:\/\/vosgesinfo.fr\/app\/uploads\/sites\/5\/2024\/09\/201908p1260603.jpg","contentUrl":"https:\/\/vosgesinfo.fr\/app\/uploads\/sites\/5\/2024\/09\/201908p1260603.jpg","width":2048,"height":1536},{"@type":"BreadcrumbList","@id":"https:\/\/vosgesinfo.fr\/remiremontinfo\/2019\/08\/protection-civile-formations-sauver-vies\/#breadcrumb","itemListElement":[{"@type":"ListItem","position":1,"name":"Home","item":"https:\/\/vosgesinfo.fr\/remiremontinfo\/"},{"@type":"ListItem","position":2,"name":"La Protection Civile : des formations pour sauver des vies"}]},{"@type":"WebSite","@id":"https:\/\/vosgesinfo.fr\/remiremontinfo\/#website","url":"https:\/\/vosgesinfo.fr\/remiremontinfo\/","name":"Remiremont Info","description":"Toute l&#039;actualit\u00e9 de Remiremont","publisher":{"@id":"https:\/\/vosgesinfo.fr\/remiremontinfo\/#organization"},"alternateName":"Toute l'actualit\u00e9 de Remiremont","potentialAction":[{"@type":"SearchAction","target":{"@type":"EntryPoint","urlTemplate":"https:\/\/vosgesinfo.fr\/remiremontinfo\/?s={search_term_string}"},"query-input":"required name=search_term_string"}],"inLanguage":"fr-FR"},{"@type":"Organization","@id":"https:\/\/vosgesinfo.fr\/remiremontinfo\/#organization","name":"Remiremont Info","url":"https:\/\/vosgesinfo.fr\/remiremontinfo\/","logo":{"@type":"ImageObject","inLanguage":"fr-FR","@id":"https:\/\/vosgesinfo.fr\/remiremontinfo\/#\/schema\/logo\/image\/","url":"https:\/\/vosgesinfo.fr\/app\/uploads\/sites\/5\/2023\/08\/favicon-remiremontinfo.png","contentUrl":"https:\/\/vosgesinfo.fr\/app\/uploads\/sites\/5\/2023\/08\/favicon-remiremontinfo.png","width":512,"height":512,"caption":"Remiremont Info"},"image":{"@id":"https:\/\/vosgesinfo.fr\/remiremontinfo\/#\/schema\/logo\/image\/"},"sameAs":["https:\/\/www.facebook.com\/remiremontinfo","https:\/\/x.com\/VosgesInfo88","https:\/\/www.youtube.com\/@vosgesinfo"]},{"@type":"Person","@id":"https:\/\/vosgesinfo.fr\/remiremontinfo\/#\/schema\/person\/3bfd164d5218a185b1db68655a265316","name":"C D","image":{"@type":"ImageObject","inLanguage":"fr-FR","@id":"https:\/\/vosgesinfo.fr\/remiremontinfo\/#\/schema\/person\/image\/","url":"https:\/\/secure.gravatar.com\/avatar\/1f9a70007336511a47468b8f1c66f922b8b7cf617b02a31149ada43893a5d48f?s=96&d=mm&r=g","contentUrl":"https:\/\/secure.gravatar.com\/avatar\/1f9a70007336511a47468b8f1c66f922b8b7cf617b02a31149ada43893a5d48f?s=96&d=mm&r=g","caption":"C D"},"url":"https:\/\/vosgesinfo.fr\/remiremontinfo\/author\/cedric-drevet\/"}]}},"_links":{"self":[{"href":"https:\/\/vosgesinfo.fr\/remiremontinfo\/wp-json\/wp\/v2\/posts\/18653","targetHints":{"allow":["GET"]}}],"collection":[{"href":"https:\/\/vosgesinfo.fr\/remiremontinfo\/wp-json\/wp\/v2\/posts"}],"about":[{"href":"https:\/\/vosgesinfo.fr\/remiremontinfo\/wp-json\/wp\/v2\/types\/post"}],"author":[{"embeddable":true,"href":"https:\/\/vosgesinfo.fr\/remiremontinfo\/wp-json\/wp\/v2\/users\/407"}],"replies":[{"embeddable":true,"href":"https:\/\/vosgesinfo.fr\/remiremontinfo\/wp-json\/wp\/v2\/comments?post=18653"}],"version-history":[{"count":0,"href":"https:\/\/vosgesinfo.fr\/remiremontinfo\/wp-json\/wp\/v2\/posts\/18653\/revisions"}],"wp:featuredmedia":[{"embeddable":true,"href":"https:\/\/vosgesinfo.fr\/remiremontinfo\/wp-json\/wp\/v2\/media\/18654"}],"wp:attachment":[{"href":"https:\/\/vosgesinfo.fr\/remiremontinfo\/wp-json\/wp\/v2\/media?parent=18653"}],"wp:term":[{"taxonomy":"category","embeddable":true,"href":"https:\/\/vosgesinfo.fr\/remiremontinfo\/wp-json\/wp\/v2\/categories?post=18653"},{"taxonomy":"post_tag","embeddable":true,"href":"https:\/\/vosgesinfo.fr\/remiremontinfo\/wp-json\/wp\/v2\/tags?post=18653"}],"curies":[{"name":"wp","href":"https:\/\/api.w.org\/{rel}","templated":true}]}}