{"id":18675,"date":"2019-08-06T07:21:55","date_gmt":"2019-08-06T05:21:55","guid":{"rendered":"https:\/\/vosgesinfo.fr\/remiremontinfo\/2019\/08\/remiremont-gagnants-concours-maisons-fleuries\/"},"modified":"2019-08-06T07:21:55","modified_gmt":"2019-08-06T05:21:55","slug":"remiremont-gagnants-concours-maisons-fleuries","status":"publish","type":"post","link":"https:\/\/vosgesinfo.fr\/remiremontinfo\/2019\/08\/remiremont-gagnants-concours-maisons-fleuries\/","title":{"rendered":"Remiremont : les gagnants du concours des maisons fleuries sont&#8230;"},"content":{"rendered":"<h2><a href=\"\/2019\/08\/house-2707262_1280.jpg\"><img decoding=\"async\" class=\"alignnone size-large wp-image-265566\" src=\"\/2019\/08\/house-2707262_1280-1024x682.jpg\" alt=\"house-2707262_1280\" width=\"960\" height=\"639\" \/><\/a><\/h2>\n<h2><span style=\"font-size: 12pt;\"><strong>Suite au passage du jury il y a quelques semaines. Merci \u00e0 tous les participants et f\u00e9licitations aux gagnants ! Randez-vous le 16 septembre \u00e0 18h30 au Grand Salon de l&rsquo;H\u00f4tel de Ville pour la remise des prix. Les gagnants sont :<\/strong><\/span><\/h2>\n<p><span style=\"font-size: 12pt;\"><em><strong>Cat\u00e9gorie \u00ab\u00a0Maison avec jardin\u00a0\u00bb :<\/strong><\/em><\/span><br \/>\n<span style=\"font-size: 12pt;\">1 Madame DE ALMEIDA Emilia<\/span><br \/>\n<span style=\"font-size: 12pt;\">2 Madame GERARD Nicole<\/span><br \/>\n<span style=\"font-size: 12pt;\">3 Madame DOS SANTOS Flora<\/span><br \/>\n<span style=\"font-size: 12pt;\">4 Madame COLIN Madeleine<\/span><br \/>\n<span style=\"font-size: 12pt;\">5 Monsieur S\u00e9bastien GALMICHE &amp; Raymond MOUGEL<\/span><br \/>\n<span style=\"font-size: 12pt;\">6 Monsieur GRANDJEAN G\u00e9rard<\/span><br \/>\n<span style=\"font-size: 12pt;\">7 Madame ROTA Nicole<\/span><br \/>\n<span style=\"font-size: 12pt;\">8 Monsieur Alain LALLEMAND<\/span><br \/>\n<span style=\"font-size: 12pt;\">9 Monsieur BODEZ Bernard<\/span><br \/>\n<span style=\"font-size: 12pt;\">10 Madame BOURCELOT Claudine<\/span><\/p>\n<p><em><strong>\u00a0Cat\u00e9gorie \u00ab\u00a0Balcon, terrasse ou fen\u00eatre\u00a0\u00bb :<\/strong><\/em><br \/>\n1 Madame MARCOT Isabelle<br \/>\n2 Madame COLIN Francine<br \/>\n3 Madame NOEL Brigitte<br \/>\n4 Madame MARCOFF Claude<br \/>\n5 Madame ANDR\u00c9 Claire<\/p>\n<p><em><strong>\u00a0Cat\u00e9gorie \u00ab\u00a0Immeuble collectif\u00a0\u00bb :<\/strong><\/em><br \/>\n1 Madame JOLY Yvonne<br \/>\n2 Madame PICARD Genevi\u00e8ve<br \/>\n3 R\u00e9sidence L&rsquo;Accueil<br \/>\n4 Monsieur MARIN Guy<br \/>\n5 EHPAD Le Ch\u00e2telet<\/p>\n<p><em><strong>Cat\u00e9gorie \u00ab\u00a0H\u00f4tels, restaurants, caf\u00e9s\u00a0\u00bb :<\/strong><\/em><br \/>\nBLACHE &#8211; Restaurant la Coupole<\/p>\n<p><em><strong>Cat\u00e9gorie \u00ab\u00a0Voisins d&rsquo;une m\u00eame rue\u00a0\u00bb :<\/strong><\/em><br \/>\nRue Jules Ferry<br \/>\nLALLEMAND Alain<br \/>\nPERRIN Dominique<br \/>\nMARCOFF Claude<br \/>\nMATHIEU Paulette<\/p>\n<p>&nbsp;<\/p>\n","protected":false},"excerpt":{"rendered":"<p>Suite au passage du jury il y a quelques semaines. Merci \u00e0 tous les participants et f\u00e9licitations aux gagnants ! [&hellip;]<\/p>\n","protected":false},"author":407,"featured_media":18676,"comment_status":"open","ping_status":"open","sticky":false,"template":"","format":"standard","meta":{"footnotes":""},"categories":[26,4,1556,35],"tags":[],"class_list":["post-18675","post","type-post","status-publish","format-standard","has-post-thumbnail","hentry","category-a-la-une","category-culture","category-remiremont-remiremont-son-canton-2","category-remiremont-son-canton"],"acf":[],"yoast_head":"<!-- This site is optimized with the Yoast SEO plugin v22.5 - https:\/\/yoast.com\/wordpress\/plugins\/seo\/ -->\n<title>Remiremont : les gagnants du concours des maisons fleuries sont... - Remiremont Info<\/title>\n<meta name=\"robots\" content=\"index, follow, max-snippet:-1, max-image-preview:large, max-video-preview:-1\" \/>\n<link rel=\"canonical\" href=\"https:\/\/vosgesinfo.fr\/remiremontinfo\/2019\/08\/remiremont-gagnants-concours-maisons-fleuries\/\" \/>\n<meta name=\"twitter:card\" content=\"summary_large_image\" \/>\n<meta name=\"twitter:title\" content=\"Remiremont : les gagnants du concours des maisons fleuries sont... - Remiremont Info\" \/>\n<meta name=\"twitter:description\" content=\"Suite au passage du jury il y a quelques semaines. Merci \u00e0 tous les participants et f\u00e9licitations aux gagnants ! [&hellip;]\" \/>\n<meta name=\"twitter:image\" content=\"https:\/\/vosgesinfo.fr\/app\/uploads\/sites\/5\/2024\/09\/201908house-2707262-1280.jpg\" \/>\n<meta name=\"twitter:creator\" content=\"@VosgesInfo88\" \/>\n<meta name=\"twitter:site\" content=\"@VosgesInfo88\" \/>\n<meta name=\"twitter:label1\" content=\"\u00c9crit par\" \/>\n\t<meta name=\"twitter:data1\" content=\"C D\" \/>\n\t<meta name=\"twitter:label2\" content=\"Dur\u00e9e de lecture estim\u00e9e\" \/>\n\t<meta name=\"twitter:data2\" content=\"1 minute\" \/>\n<script type=\"application\/ld+json\" class=\"yoast-schema-graph\">{\"@context\":\"https:\/\/schema.org\",\"@graph\":[{\"@type\":\"Article\",\"@id\":\"https:\/\/vosgesinfo.fr\/remiremontinfo\/2019\/08\/remiremont-gagnants-concours-maisons-fleuries\/#article\",\"isPartOf\":{\"@id\":\"https:\/\/vosgesinfo.fr\/remiremontinfo\/2019\/08\/remiremont-gagnants-concours-maisons-fleuries\/\"},\"author\":{\"name\":\"C D\",\"@id\":\"https:\/\/vosgesinfo.fr\/remiremontinfo\/#\/schema\/person\/3bfd164d5218a185b1db68655a265316\"},\"headline\":\"Remiremont : les gagnants du concours des maisons fleuries sont&#8230;\",\"datePublished\":\"2019-08-06T05:21:55+00:00\",\"dateModified\":\"2019-08-06T05:21:55+00:00\",\"mainEntityOfPage\":{\"@id\":\"https:\/\/vosgesinfo.fr\/remiremontinfo\/2019\/08\/remiremont-gagnants-concours-maisons-fleuries\/\"},\"wordCount\":167,\"commentCount\":0,\"publisher\":{\"@id\":\"https:\/\/vosgesinfo.fr\/remiremontinfo\/#organization\"},\"image\":{\"@id\":\"https:\/\/vosgesinfo.fr\/remiremontinfo\/2019\/08\/remiremont-gagnants-concours-maisons-fleuries\/#primaryimage\"},\"thumbnailUrl\":\"https:\/\/vosgesinfo.fr\/app\/uploads\/sites\/5\/2024\/09\/201908house-2707262-1280.jpg\",\"articleSection\":[\"A la Une\",\"Culture\",\"Remiremont\",\"Remiremont &amp; son canton\"],\"inLanguage\":\"fr-FR\",\"potentialAction\":[{\"@type\":\"CommentAction\",\"name\":\"Comment\",\"target\":[\"https:\/\/vosgesinfo.fr\/remiremontinfo\/2019\/08\/remiremont-gagnants-concours-maisons-fleuries\/#respond\"]}]},{\"@type\":\"WebPage\",\"@id\":\"https:\/\/vosgesinfo.fr\/remiremontinfo\/2019\/08\/remiremont-gagnants-concours-maisons-fleuries\/\",\"url\":\"https:\/\/vosgesinfo.fr\/remiremontinfo\/2019\/08\/remiremont-gagnants-concours-maisons-fleuries\/\",\"name\":\"Remiremont : les gagnants du concours des maisons fleuries sont... - Remiremont Info\",\"isPartOf\":{\"@id\":\"https:\/\/vosgesinfo.fr\/remiremontinfo\/#website\"},\"primaryImageOfPage\":{\"@id\":\"https:\/\/vosgesinfo.fr\/remiremontinfo\/2019\/08\/remiremont-gagnants-concours-maisons-fleuries\/#primaryimage\"},\"image\":{\"@id\":\"https:\/\/vosgesinfo.fr\/remiremontinfo\/2019\/08\/remiremont-gagnants-concours-maisons-fleuries\/#primaryimage\"},\"thumbnailUrl\":\"https:\/\/vosgesinfo.fr\/app\/uploads\/sites\/5\/2024\/09\/201908house-2707262-1280.jpg\",\"datePublished\":\"2019-08-06T05:21:55+00:00\",\"dateModified\":\"2019-08-06T05:21:55+00:00\",\"breadcrumb\":{\"@id\":\"https:\/\/vosgesinfo.fr\/remiremontinfo\/2019\/08\/remiremont-gagnants-concours-maisons-fleuries\/#breadcrumb\"},\"inLanguage\":\"fr-FR\",\"potentialAction\":[{\"@type\":\"ReadAction\",\"target\":[\"https:\/\/vosgesinfo.fr\/remiremontinfo\/2019\/08\/remiremont-gagnants-concours-maisons-fleuries\/\"]}]},{\"@type\":\"ImageObject\",\"inLanguage\":\"fr-FR\",\"@id\":\"https:\/\/vosgesinfo.fr\/remiremontinfo\/2019\/08\/remiremont-gagnants-concours-maisons-fleuries\/#primaryimage\",\"url\":\"https:\/\/vosgesinfo.fr\/app\/uploads\/sites\/5\/2024\/09\/201908house-2707262-1280.jpg\",\"contentUrl\":\"https:\/\/vosgesinfo.fr\/app\/uploads\/sites\/5\/2024\/09\/201908house-2707262-1280.jpg\",\"width\":1280,\"height\":853},{\"@type\":\"BreadcrumbList\",\"@id\":\"https:\/\/vosgesinfo.fr\/remiremontinfo\/2019\/08\/remiremont-gagnants-concours-maisons-fleuries\/#breadcrumb\",\"itemListElement\":[{\"@type\":\"ListItem\",\"position\":1,\"name\":\"Home\",\"item\":\"https:\/\/vosgesinfo.fr\/remiremontinfo\/\"},{\"@type\":\"ListItem\",\"position\":2,\"name\":\"Remiremont : les gagnants du concours des maisons fleuries sont&#8230;\"}]},{\"@type\":\"WebSite\",\"@id\":\"https:\/\/vosgesinfo.fr\/remiremontinfo\/#website\",\"url\":\"https:\/\/vosgesinfo.fr\/remiremontinfo\/\",\"name\":\"Remiremont Info\",\"description\":\"Toute l&#039;actualit\u00e9 de Remiremont\",\"publisher\":{\"@id\":\"https:\/\/vosgesinfo.fr\/remiremontinfo\/#organization\"},\"alternateName\":\"Toute l'actualit\u00e9 de Remiremont\",\"potentialAction\":[{\"@type\":\"SearchAction\",\"target\":{\"@type\":\"EntryPoint\",\"urlTemplate\":\"https:\/\/vosgesinfo.fr\/remiremontinfo\/?s={search_term_string}\"},\"query-input\":\"required name=search_term_string\"}],\"inLanguage\":\"fr-FR\"},{\"@type\":\"Organization\",\"@id\":\"https:\/\/vosgesinfo.fr\/remiremontinfo\/#organization\",\"name\":\"Remiremont Info\",\"url\":\"https:\/\/vosgesinfo.fr\/remiremontinfo\/\",\"logo\":{\"@type\":\"ImageObject\",\"inLanguage\":\"fr-FR\",\"@id\":\"https:\/\/vosgesinfo.fr\/remiremontinfo\/#\/schema\/logo\/image\/\",\"url\":\"https:\/\/vosgesinfo.fr\/app\/uploads\/sites\/5\/2023\/08\/favicon-remiremontinfo.png\",\"contentUrl\":\"https:\/\/vosgesinfo.fr\/app\/uploads\/sites\/5\/2023\/08\/favicon-remiremontinfo.png\",\"width\":512,\"height\":512,\"caption\":\"Remiremont Info\"},\"image\":{\"@id\":\"https:\/\/vosgesinfo.fr\/remiremontinfo\/#\/schema\/logo\/image\/\"},\"sameAs\":[\"https:\/\/www.facebook.com\/remiremontinfo\",\"https:\/\/x.com\/VosgesInfo88\",\"https:\/\/www.youtube.com\/@vosgesinfo\"]},{\"@type\":\"Person\",\"@id\":\"https:\/\/vosgesinfo.fr\/remiremontinfo\/#\/schema\/person\/3bfd164d5218a185b1db68655a265316\",\"name\":\"C D\",\"image\":{\"@type\":\"ImageObject\",\"inLanguage\":\"fr-FR\",\"@id\":\"https:\/\/vosgesinfo.fr\/remiremontinfo\/#\/schema\/person\/image\/\",\"url\":\"https:\/\/secure.gravatar.com\/avatar\/1f9a70007336511a47468b8f1c66f922b8b7cf617b02a31149ada43893a5d48f?s=96&d=mm&r=g\",\"contentUrl\":\"https:\/\/secure.gravatar.com\/avatar\/1f9a70007336511a47468b8f1c66f922b8b7cf617b02a31149ada43893a5d48f?s=96&d=mm&r=g\",\"caption\":\"C D\"},\"url\":\"https:\/\/vosgesinfo.fr\/remiremontinfo\/author\/cedric-drevet\/\"}]}<\/script>\n<!-- \/ Yoast SEO plugin. -->","yoast_head_json":{"title":"Remiremont : les gagnants du concours des maisons fleuries sont... - Remiremont Info","robots":{"index":"index","follow":"follow","max-snippet":"max-snippet:-1","max-image-preview":"max-image-preview:large","max-video-preview":"max-video-preview:-1"},"canonical":"https:\/\/vosgesinfo.fr\/remiremontinfo\/2019\/08\/remiremont-gagnants-concours-maisons-fleuries\/","twitter_card":"summary_large_image","twitter_title":"Remiremont : les gagnants du concours des maisons fleuries sont... - Remiremont Info","twitter_description":"Suite au passage du jury il y a quelques semaines. Merci \u00e0 tous les participants et f\u00e9licitations aux gagnants ! [&hellip;]","twitter_image":"https:\/\/vosgesinfo.fr\/app\/uploads\/sites\/5\/2024\/09\/201908house-2707262-1280.jpg","twitter_creator":"@VosgesInfo88","twitter_site":"@VosgesInfo88","twitter_misc":{"\u00c9crit par":"C D","Dur\u00e9e de lecture estim\u00e9e":"1 minute"},"schema":{"@context":"https:\/\/schema.org","@graph":[{"@type":"Article","@id":"https:\/\/vosgesinfo.fr\/remiremontinfo\/2019\/08\/remiremont-gagnants-concours-maisons-fleuries\/#article","isPartOf":{"@id":"https:\/\/vosgesinfo.fr\/remiremontinfo\/2019\/08\/remiremont-gagnants-concours-maisons-fleuries\/"},"author":{"name":"C D","@id":"https:\/\/vosgesinfo.fr\/remiremontinfo\/#\/schema\/person\/3bfd164d5218a185b1db68655a265316"},"headline":"Remiremont : les gagnants du concours des maisons fleuries sont&#8230;","datePublished":"2019-08-06T05:21:55+00:00","dateModified":"2019-08-06T05:21:55+00:00","mainEntityOfPage":{"@id":"https:\/\/vosgesinfo.fr\/remiremontinfo\/2019\/08\/remiremont-gagnants-concours-maisons-fleuries\/"},"wordCount":167,"commentCount":0,"publisher":{"@id":"https:\/\/vosgesinfo.fr\/remiremontinfo\/#organization"},"image":{"@id":"https:\/\/vosgesinfo.fr\/remiremontinfo\/2019\/08\/remiremont-gagnants-concours-maisons-fleuries\/#primaryimage"},"thumbnailUrl":"https:\/\/vosgesinfo.fr\/app\/uploads\/sites\/5\/2024\/09\/201908house-2707262-1280.jpg","articleSection":["A la Une","Culture","Remiremont","Remiremont &amp; son canton"],"inLanguage":"fr-FR","potentialAction":[{"@type":"CommentAction","name":"Comment","target":["https:\/\/vosgesinfo.fr\/remiremontinfo\/2019\/08\/remiremont-gagnants-concours-maisons-fleuries\/#respond"]}]},{"@type":"WebPage","@id":"https:\/\/vosgesinfo.fr\/remiremontinfo\/2019\/08\/remiremont-gagnants-concours-maisons-fleuries\/","url":"https:\/\/vosgesinfo.fr\/remiremontinfo\/2019\/08\/remiremont-gagnants-concours-maisons-fleuries\/","name":"Remiremont : les gagnants du concours des maisons fleuries sont... - Remiremont Info","isPartOf":{"@id":"https:\/\/vosgesinfo.fr\/remiremontinfo\/#website"},"primaryImageOfPage":{"@id":"https:\/\/vosgesinfo.fr\/remiremontinfo\/2019\/08\/remiremont-gagnants-concours-maisons-fleuries\/#primaryimage"},"image":{"@id":"https:\/\/vosgesinfo.fr\/remiremontinfo\/2019\/08\/remiremont-gagnants-concours-maisons-fleuries\/#primaryimage"},"thumbnailUrl":"https:\/\/vosgesinfo.fr\/app\/uploads\/sites\/5\/2024\/09\/201908house-2707262-1280.jpg","datePublished":"2019-08-06T05:21:55+00:00","dateModified":"2019-08-06T05:21:55+00:00","breadcrumb":{"@id":"https:\/\/vosgesinfo.fr\/remiremontinfo\/2019\/08\/remiremont-gagnants-concours-maisons-fleuries\/#breadcrumb"},"inLanguage":"fr-FR","potentialAction":[{"@type":"ReadAction","target":["https:\/\/vosgesinfo.fr\/remiremontinfo\/2019\/08\/remiremont-gagnants-concours-maisons-fleuries\/"]}]},{"@type":"ImageObject","inLanguage":"fr-FR","@id":"https:\/\/vosgesinfo.fr\/remiremontinfo\/2019\/08\/remiremont-gagnants-concours-maisons-fleuries\/#primaryimage","url":"https:\/\/vosgesinfo.fr\/app\/uploads\/sites\/5\/2024\/09\/201908house-2707262-1280.jpg","contentUrl":"https:\/\/vosgesinfo.fr\/app\/uploads\/sites\/5\/2024\/09\/201908house-2707262-1280.jpg","width":1280,"height":853},{"@type":"BreadcrumbList","@id":"https:\/\/vosgesinfo.fr\/remiremontinfo\/2019\/08\/remiremont-gagnants-concours-maisons-fleuries\/#breadcrumb","itemListElement":[{"@type":"ListItem","position":1,"name":"Home","item":"https:\/\/vosgesinfo.fr\/remiremontinfo\/"},{"@type":"ListItem","position":2,"name":"Remiremont : les gagnants du concours des maisons fleuries sont&#8230;"}]},{"@type":"WebSite","@id":"https:\/\/vosgesinfo.fr\/remiremontinfo\/#website","url":"https:\/\/vosgesinfo.fr\/remiremontinfo\/","name":"Remiremont Info","description":"Toute l&#039;actualit\u00e9 de Remiremont","publisher":{"@id":"https:\/\/vosgesinfo.fr\/remiremontinfo\/#organization"},"alternateName":"Toute l'actualit\u00e9 de Remiremont","potentialAction":[{"@type":"SearchAction","target":{"@type":"EntryPoint","urlTemplate":"https:\/\/vosgesinfo.fr\/remiremontinfo\/?s={search_term_string}"},"query-input":"required name=search_term_string"}],"inLanguage":"fr-FR"},{"@type":"Organization","@id":"https:\/\/vosgesinfo.fr\/remiremontinfo\/#organization","name":"Remiremont Info","url":"https:\/\/vosgesinfo.fr\/remiremontinfo\/","logo":{"@type":"ImageObject","inLanguage":"fr-FR","@id":"https:\/\/vosgesinfo.fr\/remiremontinfo\/#\/schema\/logo\/image\/","url":"https:\/\/vosgesinfo.fr\/app\/uploads\/sites\/5\/2023\/08\/favicon-remiremontinfo.png","contentUrl":"https:\/\/vosgesinfo.fr\/app\/uploads\/sites\/5\/2023\/08\/favicon-remiremontinfo.png","width":512,"height":512,"caption":"Remiremont Info"},"image":{"@id":"https:\/\/vosgesinfo.fr\/remiremontinfo\/#\/schema\/logo\/image\/"},"sameAs":["https:\/\/www.facebook.com\/remiremontinfo","https:\/\/x.com\/VosgesInfo88","https:\/\/www.youtube.com\/@vosgesinfo"]},{"@type":"Person","@id":"https:\/\/vosgesinfo.fr\/remiremontinfo\/#\/schema\/person\/3bfd164d5218a185b1db68655a265316","name":"C D","image":{"@type":"ImageObject","inLanguage":"fr-FR","@id":"https:\/\/vosgesinfo.fr\/remiremontinfo\/#\/schema\/person\/image\/","url":"https:\/\/secure.gravatar.com\/avatar\/1f9a70007336511a47468b8f1c66f922b8b7cf617b02a31149ada43893a5d48f?s=96&d=mm&r=g","contentUrl":"https:\/\/secure.gravatar.com\/avatar\/1f9a70007336511a47468b8f1c66f922b8b7cf617b02a31149ada43893a5d48f?s=96&d=mm&r=g","caption":"C D"},"url":"https:\/\/vosgesinfo.fr\/remiremontinfo\/author\/cedric-drevet\/"}]}},"_links":{"self":[{"href":"https:\/\/vosgesinfo.fr\/remiremontinfo\/wp-json\/wp\/v2\/posts\/18675","targetHints":{"allow":["GET"]}}],"collection":[{"href":"https:\/\/vosgesinfo.fr\/remiremontinfo\/wp-json\/wp\/v2\/posts"}],"about":[{"href":"https:\/\/vosgesinfo.fr\/remiremontinfo\/wp-json\/wp\/v2\/types\/post"}],"author":[{"embeddable":true,"href":"https:\/\/vosgesinfo.fr\/remiremontinfo\/wp-json\/wp\/v2\/users\/407"}],"replies":[{"embeddable":true,"href":"https:\/\/vosgesinfo.fr\/remiremontinfo\/wp-json\/wp\/v2\/comments?post=18675"}],"version-history":[{"count":0,"href":"https:\/\/vosgesinfo.fr\/remiremontinfo\/wp-json\/wp\/v2\/posts\/18675\/revisions"}],"wp:featuredmedia":[{"embeddable":true,"href":"https:\/\/vosgesinfo.fr\/remiremontinfo\/wp-json\/wp\/v2\/media\/18676"}],"wp:attachment":[{"href":"https:\/\/vosgesinfo.fr\/remiremontinfo\/wp-json\/wp\/v2\/media?parent=18675"}],"wp:term":[{"taxonomy":"category","embeddable":true,"href":"https:\/\/vosgesinfo.fr\/remiremontinfo\/wp-json\/wp\/v2\/categories?post=18675"},{"taxonomy":"post_tag","embeddable":true,"href":"https:\/\/vosgesinfo.fr\/remiremontinfo\/wp-json\/wp\/v2\/tags?post=18675"}],"curies":[{"name":"wp","href":"https:\/\/api.w.org\/{rel}","templated":true}]}}