{"id":1873,"date":"2023-10-14T07:48:53","date_gmt":"2023-10-14T05:48:53","guid":{"rendered":"https:\/\/vosgesinfo.fr\/remiremontinfo\/2023\/10\/planning-charge-pour-les-candidates-a-lelection-miss-lorraine\/"},"modified":"2023-10-14T07:48:53","modified_gmt":"2023-10-14T05:48:53","slug":"planning-charge-pour-les-candidates-a-lelection-miss-lorraine","status":"publish","type":"post","link":"https:\/\/vosgesinfo.fr\/remiremontinfo\/2023\/10\/planning-charge-pour-les-candidates-a-lelection-miss-lorraine\/","title":{"rendered":"Planning charg\u00e9 pour les candidates \u00e0 l&rsquo;\u00e9lection Miss Lorraine"},"content":{"rendered":"<p>Le weekend des 6 et 7 octobre \u00e9tait la derni\u00e8re ligne droite pour les candidates \u00e0 l&rsquo;\u00e9lections Miss Lorraine avant l&rsquo;\u00e9ch\u00e9ance finale du sacre du samedi.<a href=\"https:\/\/remiremontinfo.fr\/wp-content\/uploads\/2023\/10\/Miss-Lorraine-2023-23.jpg\"><img decoding=\"async\" class=\"alignright size-medium wp-image-378019\" src=\"https:\/\/vosgesinfo.fr\/app\/uploads\/sites\/5\/2023\/10\/miss-lorraine-2023-23.jpg\" alt=\"Miss Lorraine 2023 23\" width=\"191\" height=\"255\" \/><\/a><\/p>\n<p>Effervescence d\u00e8s le matin vendredi dernier \u00e0 la salle de l&rsquo;Arsenal de Toul, pour le premier jour de r\u00e9p\u00e9titions de la soir\u00e9e de gala de l&rsquo;\u00e9lection Miss Lorraine, titre donnant directement \u00e0 l&rsquo;\u00e9lue, son billet pour l&rsquo;aventure Miss France. Pendant que les membres de la D\u00e9l\u00e9gation prenaient possession de la salle et organisaient l&rsquo;accueil du public et les loges, les candidates \u00e9taient accueillies par la D\u00e9l\u00e9gu\u00e9e R\u00e9gionale Miss France, St\u00e9phanie DIDON, pour un briefing et un petit d\u00e9jeuner, d\u00e9part d&rsquo;un long et intense weekend.<\/p>\n<p>Toute la matin\u00e9e \u00e9tait consacr\u00e9 aux r\u00e9p\u00e9titions des 5 tableaux du spectacle, sous le contr\u00f4le de la chor\u00e9graphe Aur\u00e9lie GELMI, chor\u00e9graphies d\u00e9j\u00e0 r\u00e9p\u00e9t\u00e9es lors des pr\u00e9c\u00e9dentes r\u00e9unions, et revues pour chacune \u00e0 la maison en vid\u00e9o. Une pause d\u00e9jeuner prise en commun sur place et les r\u00e9p\u00e9titions red\u00e9marraient jusqu&rsquo;\u00e0 19 heures. A cette heure la, la salle \u00e9tait quasiment, entr\u00e9e, billetterie, couloir de s\u00e9curit\u00e9 et bulletins de votes pr\u00e9par\u00e9s, et les loges, les espaces coiffure et maquillage pr\u00eates, fl\u00e9ch\u00e9es et identifi\u00e9es. Les techniciens pr\u00e9sents depuis le jeudi peaufinaient l&rsquo;installation son et lumi\u00e8re, affinaient les r\u00e9glages et calaient le conducteur (pr\u00e9paration minut\u00e9e du spectacle, interventions, bande son, vid\u00e9o&#8230;etc.).<a href=\"https:\/\/remiremontinfo.fr\/wp-content\/uploads\/2023\/10\/Miss-Lorraine-2023-41.jpg\"><img decoding=\"async\" class=\"alignright size-medium wp-image-378020\" src=\"https:\/\/vosgesinfo.fr\/app\/uploads\/sites\/5\/2023\/10\/miss-lorraine-2023-41.jpg\" alt=\"Miss Lorraine 2023 41\" width=\"255\" height=\"255\" \/><\/a><\/p>\n<p>Le temps pour l&rsquo;ensemble de l&rsquo;\u00e9quipe de se rafraichir et c&rsquo;\u00e9tait le d\u00e9part pour un restaurant partenaire en ville, La Grande Brasserie du Commerce o\u00f9 les jeunes femmes et le staff re\u00e7us par C\u00e9line.\u00a0 L&rsquo;\u00e9quipe ce vendredi soir prenaient un repas d\u00e9tente et convivialit\u00e9 en commun, et cinq anciennes Miss Lorraine s&rsquo;\u00e9taient jointes \u00e0 l&rsquo;\u00e9quipe, pour partageaient avec les jeunes candidates, quelques anecdotes sur leur parcours et surtout adresser une somme de conseils pertinents pour la suite de l&rsquo;aventure. La fin du repas \u00e9tait ponctu\u00e9e par une s\u00e9ance de photos avec la directrice de de l&rsquo;\u00e9tablissement, avant de se diriger vers l&rsquo;H\u00f4tel de l&rsquo;Europe \u00e0 Toul, partenaire \u00e9galement de la D\u00e9l\u00e9gation Miss Lorraine.<\/p>\n<p>&nbsp;<\/p>\n<p><a href=\"https:\/\/remiremontinfo.fr\/wp-content\/uploads\/2023\/10\/Miss-Lorraine-2023-34.jpg\"><img decoding=\"async\" class=\"alignright size-medium wp-image-378025\" src=\"https:\/\/vosgesinfo.fr\/app\/uploads\/sites\/5\/2023\/10\/miss-lorraine-2023-34.jpg\" alt=\"Miss Lorraine 2023 34\" width=\"340\" height=\"255\" \/><\/a><a href=\"https:\/\/remiremontinfo.fr\/wp-content\/uploads\/2023\/10\/Miss-Lorraine-2023-37.jpg\"><img decoding=\"async\" class=\"alignright size-medium wp-image-378026\" src=\"https:\/\/vosgesinfo.fr\/app\/uploads\/sites\/5\/2023\/10\/miss-lorraine-2023-37.jpg\" alt=\"Miss Lorraine 2023 37\" width=\"255\" height=\"255\" \/><\/a><a href=\"https:\/\/remiremontinfo.fr\/wp-content\/uploads\/2023\/10\/Miss-Lorraine-2023-39.jpg\"><img decoding=\"async\" class=\"alignright size-medium wp-image-378027\" src=\"https:\/\/vosgesinfo.fr\/app\/uploads\/sites\/5\/2023\/10\/miss-lorraine-2023-39.jpg\" alt=\"Miss Lorraine 2023 39\" width=\"255\" height=\"255\" \/><\/a><a href=\"https:\/\/remiremontinfo.fr\/wp-content\/uploads\/2023\/10\/Miss-Lorraine-2023-46.jpg\"><img decoding=\"async\" class=\"alignright size-medium wp-image-378035\" src=\"https:\/\/vosgesinfo.fr\/app\/uploads\/sites\/5\/2023\/10\/miss-lorraine-2023-46.jpg\" alt=\"Miss Lorraine 2023 46\" width=\"255\" height=\"255\" \/><\/a><a href=\"https:\/\/remiremontinfo.fr\/wp-content\/uploads\/2023\/10\/Miss-Lorraine-2023-45.jpg\"><img decoding=\"async\" class=\"alignright size-medium wp-image-378028\" src=\"https:\/\/vosgesinfo.fr\/app\/uploads\/sites\/5\/2023\/10\/miss-lorraine-2023-45.jpg\" alt=\"Miss Lorraine 2023 45\" width=\"255\" height=\"255\" \/><\/a><a href=\"https:\/\/remiremontinfo.fr\/wp-content\/uploads\/2023\/10\/Miss-Lorraine-2023-47.jpg\"><img decoding=\"async\" class=\"alignright size-medium wp-image-378029\" src=\"https:\/\/vosgesinfo.fr\/app\/uploads\/sites\/5\/2023\/10\/miss-lorraine-2023-47.jpg\" alt=\"Miss Lorraine 2023 47\" width=\"255\" height=\"255\" \/><\/a><a href=\"https:\/\/remiremontinfo.fr\/wp-content\/uploads\/2023\/10\/Miss-Lorraine-2023-43.jpg\"><img decoding=\"async\" class=\"alignright size-medium wp-image-378031\" src=\"https:\/\/vosgesinfo.fr\/app\/uploads\/sites\/5\/2023\/10\/miss-lorraine-2023-43.jpg\" alt=\"Miss Lorraine 2023 43\" width=\"255\" height=\"255\" \/><\/a><\/p>\n<p><a href=\"https:\/\/remiremontinfo.fr\/wp-content\/uploads\/2023\/10\/Miss-Lorraine-2023-36.jpg\"><img decoding=\"async\" class=\"alignright size-medium wp-image-378022\" src=\"https:\/\/vosgesinfo.fr\/app\/uploads\/sites\/5\/2023\/10\/miss-lorraine-2023-36.jpg\" alt=\"Miss Lorraine 2023 36\" width=\"340\" height=\"255\" \/><\/a><\/p>\n","protected":false},"excerpt":{"rendered":"<p>Le weekend des 6 et 7 octobre \u00e9tait la derni\u00e8re ligne droite pour les candidates \u00e0 l&rsquo;\u00e9lections Miss Lorraine avant [&hellip;]<\/p>\n","protected":false},"author":412,"featured_media":1874,"comment_status":"open","ping_status":"open","sticky":false,"template":"","format":"standard","meta":{"footnotes":""},"categories":[26,43,35,13,18],"tags":[270,237,66],"class_list":["post-1873","post","type-post","status-publish","format-standard","has-post-thumbnail","hentry","category-a-la-une","category-remiremont-remiremont-son-canton","category-remiremont-son-canton","category-societe","category-vosges","tag-concours-de-beaute","tag-lorraine","tag-societe"],"acf":[],"yoast_head":"<!-- This site is optimized with the Yoast SEO plugin v22.5 - https:\/\/yoast.com\/wordpress\/plugins\/seo\/ -->\n<title>Planning charg\u00e9 pour les candidates \u00e0 l&#039;\u00e9lection Miss Lorraine - Remiremont Info<\/title>\n<meta name=\"robots\" content=\"index, follow, max-snippet:-1, max-image-preview:large, max-video-preview:-1\" \/>\n<link rel=\"canonical\" href=\"https:\/\/vosgesinfo.fr\/remiremontinfo\/2023\/10\/planning-charge-pour-les-candidates-a-lelection-miss-lorraine\/\" \/>\n<meta name=\"twitter:card\" content=\"summary_large_image\" \/>\n<meta name=\"twitter:title\" content=\"Planning charg\u00e9 pour les candidates \u00e0 l&#039;\u00e9lection Miss Lorraine - Remiremont Info\" \/>\n<meta name=\"twitter:description\" content=\"Le weekend des 6 et 7 octobre \u00e9tait la derni\u00e8re ligne droite pour les candidates \u00e0 l&rsquo;\u00e9lections Miss Lorraine avant [&hellip;]\" \/>\n<meta name=\"twitter:image\" content=\"https:\/\/vosgesinfo.fr\/app\/uploads\/sites\/5\/2023\/10\/miss-lorraine-2023-18.jpg\" \/>\n<meta name=\"twitter:creator\" content=\"@VosgesInfo88\" \/>\n<meta name=\"twitter:site\" content=\"@VosgesInfo88\" \/>\n<meta name=\"twitter:label1\" content=\"\u00c9crit par\" \/>\n\t<meta name=\"twitter:data1\" content=\"Stany Maurice\" \/>\n\t<meta name=\"twitter:label2\" content=\"Dur\u00e9e de lecture estim\u00e9e\" \/>\n\t<meta name=\"twitter:data2\" content=\"2 minutes\" \/>\n<script type=\"application\/ld+json\" class=\"yoast-schema-graph\">{\"@context\":\"https:\/\/schema.org\",\"@graph\":[{\"@type\":\"Article\",\"@id\":\"https:\/\/vosgesinfo.fr\/remiremontinfo\/2023\/10\/planning-charge-pour-les-candidates-a-lelection-miss-lorraine\/#article\",\"isPartOf\":{\"@id\":\"https:\/\/vosgesinfo.fr\/remiremontinfo\/2023\/10\/planning-charge-pour-les-candidates-a-lelection-miss-lorraine\/\"},\"author\":{\"name\":\"Stany Maurice\",\"@id\":\"https:\/\/vosgesinfo.fr\/remiremontinfo\/#\/schema\/person\/bec388675ce53b5a637aec04392f977e\"},\"headline\":\"Planning charg\u00e9 pour les candidates \u00e0 l&rsquo;\u00e9lection Miss Lorraine\",\"datePublished\":\"2023-10-14T05:48:53+00:00\",\"dateModified\":\"2023-10-14T05:48:53+00:00\",\"mainEntityOfPage\":{\"@id\":\"https:\/\/vosgesinfo.fr\/remiremontinfo\/2023\/10\/planning-charge-pour-les-candidates-a-lelection-miss-lorraine\/\"},\"wordCount\":407,\"commentCount\":0,\"publisher\":{\"@id\":\"https:\/\/vosgesinfo.fr\/remiremontinfo\/#organization\"},\"image\":{\"@id\":\"https:\/\/vosgesinfo.fr\/remiremontinfo\/2023\/10\/planning-charge-pour-les-candidates-a-lelection-miss-lorraine\/#primaryimage\"},\"thumbnailUrl\":\"https:\/\/vosgesinfo.fr\/app\/uploads\/sites\/5\/2023\/10\/miss-lorraine-2023-18.jpg\",\"keywords\":[\"concours de beaut\u00e9\",\"Lorraine\",\"Soci\u00e9t\u00e9\"],\"articleSection\":[\"A la Une\",\"Remiremont\",\"Remiremont &amp; son canton\",\"Soci\u00e9t\u00e9\",\"Vosges\"],\"inLanguage\":\"fr-FR\",\"potentialAction\":[{\"@type\":\"CommentAction\",\"name\":\"Comment\",\"target\":[\"https:\/\/vosgesinfo.fr\/remiremontinfo\/2023\/10\/planning-charge-pour-les-candidates-a-lelection-miss-lorraine\/#respond\"]}]},{\"@type\":\"WebPage\",\"@id\":\"https:\/\/vosgesinfo.fr\/remiremontinfo\/2023\/10\/planning-charge-pour-les-candidates-a-lelection-miss-lorraine\/\",\"url\":\"https:\/\/vosgesinfo.fr\/remiremontinfo\/2023\/10\/planning-charge-pour-les-candidates-a-lelection-miss-lorraine\/\",\"name\":\"Planning charg\u00e9 pour les candidates \u00e0 l'\u00e9lection Miss Lorraine - Remiremont Info\",\"isPartOf\":{\"@id\":\"https:\/\/vosgesinfo.fr\/remiremontinfo\/#website\"},\"primaryImageOfPage\":{\"@id\":\"https:\/\/vosgesinfo.fr\/remiremontinfo\/2023\/10\/planning-charge-pour-les-candidates-a-lelection-miss-lorraine\/#primaryimage\"},\"image\":{\"@id\":\"https:\/\/vosgesinfo.fr\/remiremontinfo\/2023\/10\/planning-charge-pour-les-candidates-a-lelection-miss-lorraine\/#primaryimage\"},\"thumbnailUrl\":\"https:\/\/vosgesinfo.fr\/app\/uploads\/sites\/5\/2023\/10\/miss-lorraine-2023-18.jpg\",\"datePublished\":\"2023-10-14T05:48:53+00:00\",\"dateModified\":\"2023-10-14T05:48:53+00:00\",\"breadcrumb\":{\"@id\":\"https:\/\/vosgesinfo.fr\/remiremontinfo\/2023\/10\/planning-charge-pour-les-candidates-a-lelection-miss-lorraine\/#breadcrumb\"},\"inLanguage\":\"fr-FR\",\"potentialAction\":[{\"@type\":\"ReadAction\",\"target\":[\"https:\/\/vosgesinfo.fr\/remiremontinfo\/2023\/10\/planning-charge-pour-les-candidates-a-lelection-miss-lorraine\/\"]}]},{\"@type\":\"ImageObject\",\"inLanguage\":\"fr-FR\",\"@id\":\"https:\/\/vosgesinfo.fr\/remiremontinfo\/2023\/10\/planning-charge-pour-les-candidates-a-lelection-miss-lorraine\/#primaryimage\",\"url\":\"https:\/\/vosgesinfo.fr\/app\/uploads\/sites\/5\/2023\/10\/miss-lorraine-2023-18.jpg\",\"contentUrl\":\"https:\/\/vosgesinfo.fr\/app\/uploads\/sites\/5\/2023\/10\/miss-lorraine-2023-18.jpg\",\"width\":1080,\"height\":1440},{\"@type\":\"BreadcrumbList\",\"@id\":\"https:\/\/vosgesinfo.fr\/remiremontinfo\/2023\/10\/planning-charge-pour-les-candidates-a-lelection-miss-lorraine\/#breadcrumb\",\"itemListElement\":[{\"@type\":\"ListItem\",\"position\":1,\"name\":\"Home\",\"item\":\"https:\/\/vosgesinfo.fr\/remiremontinfo\/\"},{\"@type\":\"ListItem\",\"position\":2,\"name\":\"Planning charg\u00e9 pour les candidates \u00e0 l&rsquo;\u00e9lection Miss Lorraine\"}]},{\"@type\":\"WebSite\",\"@id\":\"https:\/\/vosgesinfo.fr\/remiremontinfo\/#website\",\"url\":\"https:\/\/vosgesinfo.fr\/remiremontinfo\/\",\"name\":\"Remiremont Info\",\"description\":\"Toute l&#039;actualit\u00e9 de Remiremont\",\"publisher\":{\"@id\":\"https:\/\/vosgesinfo.fr\/remiremontinfo\/#organization\"},\"alternateName\":\"Toute l'actualit\u00e9 de Remiremont\",\"potentialAction\":[{\"@type\":\"SearchAction\",\"target\":{\"@type\":\"EntryPoint\",\"urlTemplate\":\"https:\/\/vosgesinfo.fr\/remiremontinfo\/?s={search_term_string}\"},\"query-input\":\"required name=search_term_string\"}],\"inLanguage\":\"fr-FR\"},{\"@type\":\"Organization\",\"@id\":\"https:\/\/vosgesinfo.fr\/remiremontinfo\/#organization\",\"name\":\"Remiremont Info\",\"url\":\"https:\/\/vosgesinfo.fr\/remiremontinfo\/\",\"logo\":{\"@type\":\"ImageObject\",\"inLanguage\":\"fr-FR\",\"@id\":\"https:\/\/vosgesinfo.fr\/remiremontinfo\/#\/schema\/logo\/image\/\",\"url\":\"https:\/\/vosgesinfo.fr\/app\/uploads\/sites\/5\/2023\/08\/favicon-remiremontinfo.png\",\"contentUrl\":\"https:\/\/vosgesinfo.fr\/app\/uploads\/sites\/5\/2023\/08\/favicon-remiremontinfo.png\",\"width\":512,\"height\":512,\"caption\":\"Remiremont Info\"},\"image\":{\"@id\":\"https:\/\/vosgesinfo.fr\/remiremontinfo\/#\/schema\/logo\/image\/\"},\"sameAs\":[\"https:\/\/www.facebook.com\/remiremontinfo\",\"https:\/\/x.com\/VosgesInfo88\",\"https:\/\/www.youtube.com\/@vosgesinfo\"]},{\"@type\":\"Person\",\"@id\":\"https:\/\/vosgesinfo.fr\/remiremontinfo\/#\/schema\/person\/bec388675ce53b5a637aec04392f977e\",\"name\":\"Stany Maurice\",\"image\":{\"@type\":\"ImageObject\",\"inLanguage\":\"fr-FR\",\"@id\":\"https:\/\/vosgesinfo.fr\/remiremontinfo\/#\/schema\/person\/image\/\",\"url\":\"https:\/\/secure.gravatar.com\/avatar\/68520b0c74251371bd10958bd19c3ce39a212093b8fff0dc3edbfcfddd089807?s=96&d=mm&r=g\",\"contentUrl\":\"https:\/\/secure.gravatar.com\/avatar\/68520b0c74251371bd10958bd19c3ce39a212093b8fff0dc3edbfcfddd089807?s=96&d=mm&r=g\",\"caption\":\"Stany Maurice\"},\"url\":\"https:\/\/vosgesinfo.fr\/remiremontinfo\/author\/s-maurice\/\"}]}<\/script>\n<!-- \/ Yoast SEO plugin. -->","yoast_head_json":{"title":"Planning charg\u00e9 pour les candidates \u00e0 l'\u00e9lection Miss Lorraine - Remiremont Info","robots":{"index":"index","follow":"follow","max-snippet":"max-snippet:-1","max-image-preview":"max-image-preview:large","max-video-preview":"max-video-preview:-1"},"canonical":"https:\/\/vosgesinfo.fr\/remiremontinfo\/2023\/10\/planning-charge-pour-les-candidates-a-lelection-miss-lorraine\/","twitter_card":"summary_large_image","twitter_title":"Planning charg\u00e9 pour les candidates \u00e0 l'\u00e9lection Miss Lorraine - Remiremont Info","twitter_description":"Le weekend des 6 et 7 octobre \u00e9tait la derni\u00e8re ligne droite pour les candidates \u00e0 l&rsquo;\u00e9lections Miss Lorraine avant [&hellip;]","twitter_image":"https:\/\/vosgesinfo.fr\/app\/uploads\/sites\/5\/2023\/10\/miss-lorraine-2023-18.jpg","twitter_creator":"@VosgesInfo88","twitter_site":"@VosgesInfo88","twitter_misc":{"\u00c9crit par":"Stany Maurice","Dur\u00e9e de lecture estim\u00e9e":"2 minutes"},"schema":{"@context":"https:\/\/schema.org","@graph":[{"@type":"Article","@id":"https:\/\/vosgesinfo.fr\/remiremontinfo\/2023\/10\/planning-charge-pour-les-candidates-a-lelection-miss-lorraine\/#article","isPartOf":{"@id":"https:\/\/vosgesinfo.fr\/remiremontinfo\/2023\/10\/planning-charge-pour-les-candidates-a-lelection-miss-lorraine\/"},"author":{"name":"Stany Maurice","@id":"https:\/\/vosgesinfo.fr\/remiremontinfo\/#\/schema\/person\/bec388675ce53b5a637aec04392f977e"},"headline":"Planning charg\u00e9 pour les candidates \u00e0 l&rsquo;\u00e9lection Miss Lorraine","datePublished":"2023-10-14T05:48:53+00:00","dateModified":"2023-10-14T05:48:53+00:00","mainEntityOfPage":{"@id":"https:\/\/vosgesinfo.fr\/remiremontinfo\/2023\/10\/planning-charge-pour-les-candidates-a-lelection-miss-lorraine\/"},"wordCount":407,"commentCount":0,"publisher":{"@id":"https:\/\/vosgesinfo.fr\/remiremontinfo\/#organization"},"image":{"@id":"https:\/\/vosgesinfo.fr\/remiremontinfo\/2023\/10\/planning-charge-pour-les-candidates-a-lelection-miss-lorraine\/#primaryimage"},"thumbnailUrl":"https:\/\/vosgesinfo.fr\/app\/uploads\/sites\/5\/2023\/10\/miss-lorraine-2023-18.jpg","keywords":["concours de beaut\u00e9","Lorraine","Soci\u00e9t\u00e9"],"articleSection":["A la Une","Remiremont","Remiremont &amp; son canton","Soci\u00e9t\u00e9","Vosges"],"inLanguage":"fr-FR","potentialAction":[{"@type":"CommentAction","name":"Comment","target":["https:\/\/vosgesinfo.fr\/remiremontinfo\/2023\/10\/planning-charge-pour-les-candidates-a-lelection-miss-lorraine\/#respond"]}]},{"@type":"WebPage","@id":"https:\/\/vosgesinfo.fr\/remiremontinfo\/2023\/10\/planning-charge-pour-les-candidates-a-lelection-miss-lorraine\/","url":"https:\/\/vosgesinfo.fr\/remiremontinfo\/2023\/10\/planning-charge-pour-les-candidates-a-lelection-miss-lorraine\/","name":"Planning charg\u00e9 pour les candidates \u00e0 l'\u00e9lection Miss Lorraine - Remiremont Info","isPartOf":{"@id":"https:\/\/vosgesinfo.fr\/remiremontinfo\/#website"},"primaryImageOfPage":{"@id":"https:\/\/vosgesinfo.fr\/remiremontinfo\/2023\/10\/planning-charge-pour-les-candidates-a-lelection-miss-lorraine\/#primaryimage"},"image":{"@id":"https:\/\/vosgesinfo.fr\/remiremontinfo\/2023\/10\/planning-charge-pour-les-candidates-a-lelection-miss-lorraine\/#primaryimage"},"thumbnailUrl":"https:\/\/vosgesinfo.fr\/app\/uploads\/sites\/5\/2023\/10\/miss-lorraine-2023-18.jpg","datePublished":"2023-10-14T05:48:53+00:00","dateModified":"2023-10-14T05:48:53+00:00","breadcrumb":{"@id":"https:\/\/vosgesinfo.fr\/remiremontinfo\/2023\/10\/planning-charge-pour-les-candidates-a-lelection-miss-lorraine\/#breadcrumb"},"inLanguage":"fr-FR","potentialAction":[{"@type":"ReadAction","target":["https:\/\/vosgesinfo.fr\/remiremontinfo\/2023\/10\/planning-charge-pour-les-candidates-a-lelection-miss-lorraine\/"]}]},{"@type":"ImageObject","inLanguage":"fr-FR","@id":"https:\/\/vosgesinfo.fr\/remiremontinfo\/2023\/10\/planning-charge-pour-les-candidates-a-lelection-miss-lorraine\/#primaryimage","url":"https:\/\/vosgesinfo.fr\/app\/uploads\/sites\/5\/2023\/10\/miss-lorraine-2023-18.jpg","contentUrl":"https:\/\/vosgesinfo.fr\/app\/uploads\/sites\/5\/2023\/10\/miss-lorraine-2023-18.jpg","width":1080,"height":1440},{"@type":"BreadcrumbList","@id":"https:\/\/vosgesinfo.fr\/remiremontinfo\/2023\/10\/planning-charge-pour-les-candidates-a-lelection-miss-lorraine\/#breadcrumb","itemListElement":[{"@type":"ListItem","position":1,"name":"Home","item":"https:\/\/vosgesinfo.fr\/remiremontinfo\/"},{"@type":"ListItem","position":2,"name":"Planning charg\u00e9 pour les candidates \u00e0 l&rsquo;\u00e9lection Miss Lorraine"}]},{"@type":"WebSite","@id":"https:\/\/vosgesinfo.fr\/remiremontinfo\/#website","url":"https:\/\/vosgesinfo.fr\/remiremontinfo\/","name":"Remiremont Info","description":"Toute l&#039;actualit\u00e9 de Remiremont","publisher":{"@id":"https:\/\/vosgesinfo.fr\/remiremontinfo\/#organization"},"alternateName":"Toute l'actualit\u00e9 de Remiremont","potentialAction":[{"@type":"SearchAction","target":{"@type":"EntryPoint","urlTemplate":"https:\/\/vosgesinfo.fr\/remiremontinfo\/?s={search_term_string}"},"query-input":"required name=search_term_string"}],"inLanguage":"fr-FR"},{"@type":"Organization","@id":"https:\/\/vosgesinfo.fr\/remiremontinfo\/#organization","name":"Remiremont Info","url":"https:\/\/vosgesinfo.fr\/remiremontinfo\/","logo":{"@type":"ImageObject","inLanguage":"fr-FR","@id":"https:\/\/vosgesinfo.fr\/remiremontinfo\/#\/schema\/logo\/image\/","url":"https:\/\/vosgesinfo.fr\/app\/uploads\/sites\/5\/2023\/08\/favicon-remiremontinfo.png","contentUrl":"https:\/\/vosgesinfo.fr\/app\/uploads\/sites\/5\/2023\/08\/favicon-remiremontinfo.png","width":512,"height":512,"caption":"Remiremont Info"},"image":{"@id":"https:\/\/vosgesinfo.fr\/remiremontinfo\/#\/schema\/logo\/image\/"},"sameAs":["https:\/\/www.facebook.com\/remiremontinfo","https:\/\/x.com\/VosgesInfo88","https:\/\/www.youtube.com\/@vosgesinfo"]},{"@type":"Person","@id":"https:\/\/vosgesinfo.fr\/remiremontinfo\/#\/schema\/person\/bec388675ce53b5a637aec04392f977e","name":"Stany Maurice","image":{"@type":"ImageObject","inLanguage":"fr-FR","@id":"https:\/\/vosgesinfo.fr\/remiremontinfo\/#\/schema\/person\/image\/","url":"https:\/\/secure.gravatar.com\/avatar\/68520b0c74251371bd10958bd19c3ce39a212093b8fff0dc3edbfcfddd089807?s=96&d=mm&r=g","contentUrl":"https:\/\/secure.gravatar.com\/avatar\/68520b0c74251371bd10958bd19c3ce39a212093b8fff0dc3edbfcfddd089807?s=96&d=mm&r=g","caption":"Stany Maurice"},"url":"https:\/\/vosgesinfo.fr\/remiremontinfo\/author\/s-maurice\/"}]}},"_links":{"self":[{"href":"https:\/\/vosgesinfo.fr\/remiremontinfo\/wp-json\/wp\/v2\/posts\/1873","targetHints":{"allow":["GET"]}}],"collection":[{"href":"https:\/\/vosgesinfo.fr\/remiremontinfo\/wp-json\/wp\/v2\/posts"}],"about":[{"href":"https:\/\/vosgesinfo.fr\/remiremontinfo\/wp-json\/wp\/v2\/types\/post"}],"author":[{"embeddable":true,"href":"https:\/\/vosgesinfo.fr\/remiremontinfo\/wp-json\/wp\/v2\/users\/412"}],"replies":[{"embeddable":true,"href":"https:\/\/vosgesinfo.fr\/remiremontinfo\/wp-json\/wp\/v2\/comments?post=1873"}],"version-history":[{"count":0,"href":"https:\/\/vosgesinfo.fr\/remiremontinfo\/wp-json\/wp\/v2\/posts\/1873\/revisions"}],"wp:featuredmedia":[{"embeddable":true,"href":"https:\/\/vosgesinfo.fr\/remiremontinfo\/wp-json\/wp\/v2\/media\/1874"}],"wp:attachment":[{"href":"https:\/\/vosgesinfo.fr\/remiremontinfo\/wp-json\/wp\/v2\/media?parent=1873"}],"wp:term":[{"taxonomy":"category","embeddable":true,"href":"https:\/\/vosgesinfo.fr\/remiremontinfo\/wp-json\/wp\/v2\/categories?post=1873"},{"taxonomy":"post_tag","embeddable":true,"href":"https:\/\/vosgesinfo.fr\/remiremontinfo\/wp-json\/wp\/v2\/tags?post=1873"}],"curies":[{"name":"wp","href":"https:\/\/api.w.org\/{rel}","templated":true}]}}