{"id":18751,"date":"2019-08-08T06:30:38","date_gmt":"2019-08-08T04:30:38","guid":{"rendered":"https:\/\/vosgesinfo.fr\/remiremontinfo\/2019\/08\/deces-maire-de-signes-dominique-peduzzi-exprime-emotion\/"},"modified":"2019-08-08T06:30:38","modified_gmt":"2019-08-08T04:30:38","slug":"deces-maire-de-signes-dominique-peduzzi-exprime-emotion","status":"publish","type":"post","link":"https:\/\/vosgesinfo.fr\/remiremontinfo\/2019\/08\/deces-maire-de-signes-dominique-peduzzi-exprime-emotion\/","title":{"rendered":"D\u00e9c\u00e8s du maire de Signes : Dominique Peduzzi exprime son \u00e9motion"},"content":{"rendered":"<div id=\"attachment_265704\" style=\"width: 810px\" class=\"wp-caption alignnone\"><a href=\"\/2019\/08\/P1230205.jpg\"><img decoding=\"async\" aria-describedby=\"caption-attachment-265704\" class=\"size-full wp-image-265704\" src=\"\/2019\/08\/P1230205.jpg\" alt=\"Dominique Peduzzi, pr\u00e9sident de l\u2019association des mairies des Vosges\" width=\"800\" height=\"600\" \/><\/a><p id=\"caption-attachment-265704\" class=\"wp-caption-text\">Dominique Peduzzi, pr\u00e9sident de l\u2019association des mairies des Vosges<\/p><\/div>\n<h2>Dominique PEDUZZI, Pr\u00e9sident de l\u2019AMV 88 (Association des maires et pr\u00e9sidents de communaut\u00e9s des Vosges) a souhait\u00e9 s\u2019exprimer au sujet du d\u00e9c\u00e8s du maire de Signes.<\/h2>\n<p><em>\u00ab\u00a0Dans le plein exercice de ses fonctions de maire, Monsieur Jean-Mathieu MICHEL, premier magistrat de la commune de Signes depuis 1983, est d\u00e9c\u00e9d\u00e9 dans des circonstances incompr\u00e9hensibles. D\u2019abord l\u2019effarement, ensuite la plus profonde tristesse, puis maintenant l\u2019\u00e9nergie de d\u00e9noncer de tels agissements !<\/em><\/p>\n<p><em>C\u2019est ce que je ressens pour notre coll\u00e8gue qui a perdu la vie alors qu\u2019il \u0153uvrait dans le cadre de la mission donn\u00e9e par les habitants de sa commune et dans le cadre de l\u2019ex\u00e9cution des pouvoirs de police, dont nous sommes d\u00e9positaires et ce, pour pouvoir constater et faire cesser un acte ill\u00e9gal.<\/em><\/p>\n<p><em>En tant que maires, nous sommes r\u00e9guli\u00e8rement et directement confront\u00e9s \u00e0 des incivilit\u00e9s, des d\u00e9t\u00e9riorations du cadre de vie et de bien d\u2019autres choses. Pour autant, doit-on payer de notre vie l\u2019exercice de notre mandat ? Nous sommes des \u00e9lus de la R\u00e9publique avec une caract\u00e9ristique propre : des \u00e9lus de proximit\u00e9 au contact du terrain et donc de tout danger. Notre force passe par notre soutien \u00e0 notre coll\u00e8gue. Aussi, afin de nous unir au rassemblement d\u2019hommage des habitants et des \u00e9lus pr\u00e9vu ce jeudi devant la mairie de Signes, j\u2019invite l\u2019ensemble des maires vosgiens \u00e0 placer le drapeau de leur mairie en berne.<\/em><\/p>\n<p><em>Solidairement,<\/em><\/p>\n<p><em>Dominique PEDUZZI Pr\u00e9sident de l\u2019AMV 88 (Association des maires et pr\u00e9sidents de communaut\u00e9s des Vosges) Maire de Fresse-sur-Moselle Pr\u00e9sident de la Communaut\u00e9 de communes des Ballons des Hautes-Vosges\u00a0\u00bb<\/em><\/p>\n","protected":false},"excerpt":{"rendered":"<p>Dominique PEDUZZI, Pr\u00e9sident de l\u2019AMV 88 (Association des maires et pr\u00e9sidents de communaut\u00e9s des Vosges) a souhait\u00e9 s\u2019exprimer au sujet [&hellip;]<\/p>\n","protected":false},"author":407,"featured_media":18752,"comment_status":"open","ping_status":"open","sticky":false,"template":"","format":"standard","meta":{"footnotes":""},"categories":[26,18],"tags":[],"class_list":["post-18751","post","type-post","status-publish","format-standard","has-post-thumbnail","hentry","category-a-la-une","category-vosges"],"acf":[],"yoast_head":"<!-- This site is optimized with the Yoast SEO plugin v22.5 - https:\/\/yoast.com\/wordpress\/plugins\/seo\/ -->\n<title>D\u00e9c\u00e8s du maire de Signes : Dominique Peduzzi exprime son \u00e9motion - Remiremont Info<\/title>\n<meta name=\"robots\" content=\"index, follow, max-snippet:-1, max-image-preview:large, max-video-preview:-1\" \/>\n<link rel=\"canonical\" href=\"https:\/\/vosgesinfo.fr\/remiremontinfo\/2019\/08\/deces-maire-de-signes-dominique-peduzzi-exprime-emotion\/\" \/>\n<meta name=\"twitter:card\" content=\"summary_large_image\" \/>\n<meta name=\"twitter:title\" content=\"D\u00e9c\u00e8s du maire de Signes : Dominique Peduzzi exprime son \u00e9motion - Remiremont Info\" \/>\n<meta name=\"twitter:description\" content=\"Dominique PEDUZZI, Pr\u00e9sident de l\u2019AMV 88 (Association des maires et pr\u00e9sidents de communaut\u00e9s des Vosges) a souhait\u00e9 s\u2019exprimer au sujet [&hellip;]\" \/>\n<meta name=\"twitter:image\" content=\"https:\/\/vosgesinfo.fr\/app\/uploads\/sites\/5\/2024\/09\/201908p1230205.jpg\" \/>\n<meta name=\"twitter:creator\" content=\"@VosgesInfo88\" \/>\n<meta name=\"twitter:site\" content=\"@VosgesInfo88\" \/>\n<meta name=\"twitter:label1\" content=\"\u00c9crit par\" \/>\n\t<meta name=\"twitter:data1\" content=\"C D\" \/>\n\t<meta name=\"twitter:label2\" content=\"Dur\u00e9e de lecture estim\u00e9e\" \/>\n\t<meta name=\"twitter:data2\" content=\"2 minutes\" \/>\n<script type=\"application\/ld+json\" class=\"yoast-schema-graph\">{\"@context\":\"https:\/\/schema.org\",\"@graph\":[{\"@type\":\"Article\",\"@id\":\"https:\/\/vosgesinfo.fr\/remiremontinfo\/2019\/08\/deces-maire-de-signes-dominique-peduzzi-exprime-emotion\/#article\",\"isPartOf\":{\"@id\":\"https:\/\/vosgesinfo.fr\/remiremontinfo\/2019\/08\/deces-maire-de-signes-dominique-peduzzi-exprime-emotion\/\"},\"author\":{\"name\":\"C D\",\"@id\":\"https:\/\/vosgesinfo.fr\/remiremontinfo\/#\/schema\/person\/3bfd164d5218a185b1db68655a265316\"},\"headline\":\"D\u00e9c\u00e8s du maire de Signes : Dominique Peduzzi exprime son \u00e9motion\",\"datePublished\":\"2019-08-08T04:30:38+00:00\",\"dateModified\":\"2019-08-08T04:30:38+00:00\",\"mainEntityOfPage\":{\"@id\":\"https:\/\/vosgesinfo.fr\/remiremontinfo\/2019\/08\/deces-maire-de-signes-dominique-peduzzi-exprime-emotion\/\"},\"wordCount\":320,\"commentCount\":0,\"publisher\":{\"@id\":\"https:\/\/vosgesinfo.fr\/remiremontinfo\/#organization\"},\"image\":{\"@id\":\"https:\/\/vosgesinfo.fr\/remiremontinfo\/2019\/08\/deces-maire-de-signes-dominique-peduzzi-exprime-emotion\/#primaryimage\"},\"thumbnailUrl\":\"https:\/\/vosgesinfo.fr\/app\/uploads\/sites\/5\/2024\/09\/201908p1230205.jpg\",\"articleSection\":[\"A la Une\",\"Vosges\"],\"inLanguage\":\"fr-FR\",\"potentialAction\":[{\"@type\":\"CommentAction\",\"name\":\"Comment\",\"target\":[\"https:\/\/vosgesinfo.fr\/remiremontinfo\/2019\/08\/deces-maire-de-signes-dominique-peduzzi-exprime-emotion\/#respond\"]}]},{\"@type\":\"WebPage\",\"@id\":\"https:\/\/vosgesinfo.fr\/remiremontinfo\/2019\/08\/deces-maire-de-signes-dominique-peduzzi-exprime-emotion\/\",\"url\":\"https:\/\/vosgesinfo.fr\/remiremontinfo\/2019\/08\/deces-maire-de-signes-dominique-peduzzi-exprime-emotion\/\",\"name\":\"D\u00e9c\u00e8s du maire de Signes : Dominique Peduzzi exprime son \u00e9motion - Remiremont Info\",\"isPartOf\":{\"@id\":\"https:\/\/vosgesinfo.fr\/remiremontinfo\/#website\"},\"primaryImageOfPage\":{\"@id\":\"https:\/\/vosgesinfo.fr\/remiremontinfo\/2019\/08\/deces-maire-de-signes-dominique-peduzzi-exprime-emotion\/#primaryimage\"},\"image\":{\"@id\":\"https:\/\/vosgesinfo.fr\/remiremontinfo\/2019\/08\/deces-maire-de-signes-dominique-peduzzi-exprime-emotion\/#primaryimage\"},\"thumbnailUrl\":\"https:\/\/vosgesinfo.fr\/app\/uploads\/sites\/5\/2024\/09\/201908p1230205.jpg\",\"datePublished\":\"2019-08-08T04:30:38+00:00\",\"dateModified\":\"2019-08-08T04:30:38+00:00\",\"breadcrumb\":{\"@id\":\"https:\/\/vosgesinfo.fr\/remiremontinfo\/2019\/08\/deces-maire-de-signes-dominique-peduzzi-exprime-emotion\/#breadcrumb\"},\"inLanguage\":\"fr-FR\",\"potentialAction\":[{\"@type\":\"ReadAction\",\"target\":[\"https:\/\/vosgesinfo.fr\/remiremontinfo\/2019\/08\/deces-maire-de-signes-dominique-peduzzi-exprime-emotion\/\"]}]},{\"@type\":\"ImageObject\",\"inLanguage\":\"fr-FR\",\"@id\":\"https:\/\/vosgesinfo.fr\/remiremontinfo\/2019\/08\/deces-maire-de-signes-dominique-peduzzi-exprime-emotion\/#primaryimage\",\"url\":\"https:\/\/vosgesinfo.fr\/app\/uploads\/sites\/5\/2024\/09\/201908p1230205.jpg\",\"contentUrl\":\"https:\/\/vosgesinfo.fr\/app\/uploads\/sites\/5\/2024\/09\/201908p1230205.jpg\",\"width\":800,\"height\":600},{\"@type\":\"BreadcrumbList\",\"@id\":\"https:\/\/vosgesinfo.fr\/remiremontinfo\/2019\/08\/deces-maire-de-signes-dominique-peduzzi-exprime-emotion\/#breadcrumb\",\"itemListElement\":[{\"@type\":\"ListItem\",\"position\":1,\"name\":\"Home\",\"item\":\"https:\/\/vosgesinfo.fr\/remiremontinfo\/\"},{\"@type\":\"ListItem\",\"position\":2,\"name\":\"D\u00e9c\u00e8s du maire de Signes : Dominique Peduzzi exprime son \u00e9motion\"}]},{\"@type\":\"WebSite\",\"@id\":\"https:\/\/vosgesinfo.fr\/remiremontinfo\/#website\",\"url\":\"https:\/\/vosgesinfo.fr\/remiremontinfo\/\",\"name\":\"Remiremont Info\",\"description\":\"Toute l&#039;actualit\u00e9 de Remiremont\",\"publisher\":{\"@id\":\"https:\/\/vosgesinfo.fr\/remiremontinfo\/#organization\"},\"alternateName\":\"Toute l'actualit\u00e9 de Remiremont\",\"potentialAction\":[{\"@type\":\"SearchAction\",\"target\":{\"@type\":\"EntryPoint\",\"urlTemplate\":\"https:\/\/vosgesinfo.fr\/remiremontinfo\/?s={search_term_string}\"},\"query-input\":\"required name=search_term_string\"}],\"inLanguage\":\"fr-FR\"},{\"@type\":\"Organization\",\"@id\":\"https:\/\/vosgesinfo.fr\/remiremontinfo\/#organization\",\"name\":\"Remiremont Info\",\"url\":\"https:\/\/vosgesinfo.fr\/remiremontinfo\/\",\"logo\":{\"@type\":\"ImageObject\",\"inLanguage\":\"fr-FR\",\"@id\":\"https:\/\/vosgesinfo.fr\/remiremontinfo\/#\/schema\/logo\/image\/\",\"url\":\"https:\/\/vosgesinfo.fr\/app\/uploads\/sites\/5\/2023\/08\/favicon-remiremontinfo.png\",\"contentUrl\":\"https:\/\/vosgesinfo.fr\/app\/uploads\/sites\/5\/2023\/08\/favicon-remiremontinfo.png\",\"width\":512,\"height\":512,\"caption\":\"Remiremont Info\"},\"image\":{\"@id\":\"https:\/\/vosgesinfo.fr\/remiremontinfo\/#\/schema\/logo\/image\/\"},\"sameAs\":[\"https:\/\/www.facebook.com\/remiremontinfo\",\"https:\/\/x.com\/VosgesInfo88\",\"https:\/\/www.youtube.com\/@vosgesinfo\"]},{\"@type\":\"Person\",\"@id\":\"https:\/\/vosgesinfo.fr\/remiremontinfo\/#\/schema\/person\/3bfd164d5218a185b1db68655a265316\",\"name\":\"C D\",\"image\":{\"@type\":\"ImageObject\",\"inLanguage\":\"fr-FR\",\"@id\":\"https:\/\/vosgesinfo.fr\/remiremontinfo\/#\/schema\/person\/image\/\",\"url\":\"https:\/\/secure.gravatar.com\/avatar\/1f9a70007336511a47468b8f1c66f922b8b7cf617b02a31149ada43893a5d48f?s=96&d=mm&r=g\",\"contentUrl\":\"https:\/\/secure.gravatar.com\/avatar\/1f9a70007336511a47468b8f1c66f922b8b7cf617b02a31149ada43893a5d48f?s=96&d=mm&r=g\",\"caption\":\"C D\"},\"url\":\"https:\/\/vosgesinfo.fr\/remiremontinfo\/author\/cedric-drevet\/\"}]}<\/script>\n<!-- \/ Yoast SEO plugin. -->","yoast_head_json":{"title":"D\u00e9c\u00e8s du maire de Signes : Dominique Peduzzi exprime son \u00e9motion - Remiremont Info","robots":{"index":"index","follow":"follow","max-snippet":"max-snippet:-1","max-image-preview":"max-image-preview:large","max-video-preview":"max-video-preview:-1"},"canonical":"https:\/\/vosgesinfo.fr\/remiremontinfo\/2019\/08\/deces-maire-de-signes-dominique-peduzzi-exprime-emotion\/","twitter_card":"summary_large_image","twitter_title":"D\u00e9c\u00e8s du maire de Signes : Dominique Peduzzi exprime son \u00e9motion - Remiremont Info","twitter_description":"Dominique PEDUZZI, Pr\u00e9sident de l\u2019AMV 88 (Association des maires et pr\u00e9sidents de communaut\u00e9s des Vosges) a souhait\u00e9 s\u2019exprimer au sujet [&hellip;]","twitter_image":"https:\/\/vosgesinfo.fr\/app\/uploads\/sites\/5\/2024\/09\/201908p1230205.jpg","twitter_creator":"@VosgesInfo88","twitter_site":"@VosgesInfo88","twitter_misc":{"\u00c9crit par":"C D","Dur\u00e9e de lecture estim\u00e9e":"2 minutes"},"schema":{"@context":"https:\/\/schema.org","@graph":[{"@type":"Article","@id":"https:\/\/vosgesinfo.fr\/remiremontinfo\/2019\/08\/deces-maire-de-signes-dominique-peduzzi-exprime-emotion\/#article","isPartOf":{"@id":"https:\/\/vosgesinfo.fr\/remiremontinfo\/2019\/08\/deces-maire-de-signes-dominique-peduzzi-exprime-emotion\/"},"author":{"name":"C D","@id":"https:\/\/vosgesinfo.fr\/remiremontinfo\/#\/schema\/person\/3bfd164d5218a185b1db68655a265316"},"headline":"D\u00e9c\u00e8s du maire de Signes : Dominique Peduzzi exprime son \u00e9motion","datePublished":"2019-08-08T04:30:38+00:00","dateModified":"2019-08-08T04:30:38+00:00","mainEntityOfPage":{"@id":"https:\/\/vosgesinfo.fr\/remiremontinfo\/2019\/08\/deces-maire-de-signes-dominique-peduzzi-exprime-emotion\/"},"wordCount":320,"commentCount":0,"publisher":{"@id":"https:\/\/vosgesinfo.fr\/remiremontinfo\/#organization"},"image":{"@id":"https:\/\/vosgesinfo.fr\/remiremontinfo\/2019\/08\/deces-maire-de-signes-dominique-peduzzi-exprime-emotion\/#primaryimage"},"thumbnailUrl":"https:\/\/vosgesinfo.fr\/app\/uploads\/sites\/5\/2024\/09\/201908p1230205.jpg","articleSection":["A la Une","Vosges"],"inLanguage":"fr-FR","potentialAction":[{"@type":"CommentAction","name":"Comment","target":["https:\/\/vosgesinfo.fr\/remiremontinfo\/2019\/08\/deces-maire-de-signes-dominique-peduzzi-exprime-emotion\/#respond"]}]},{"@type":"WebPage","@id":"https:\/\/vosgesinfo.fr\/remiremontinfo\/2019\/08\/deces-maire-de-signes-dominique-peduzzi-exprime-emotion\/","url":"https:\/\/vosgesinfo.fr\/remiremontinfo\/2019\/08\/deces-maire-de-signes-dominique-peduzzi-exprime-emotion\/","name":"D\u00e9c\u00e8s du maire de Signes : Dominique Peduzzi exprime son \u00e9motion - Remiremont Info","isPartOf":{"@id":"https:\/\/vosgesinfo.fr\/remiremontinfo\/#website"},"primaryImageOfPage":{"@id":"https:\/\/vosgesinfo.fr\/remiremontinfo\/2019\/08\/deces-maire-de-signes-dominique-peduzzi-exprime-emotion\/#primaryimage"},"image":{"@id":"https:\/\/vosgesinfo.fr\/remiremontinfo\/2019\/08\/deces-maire-de-signes-dominique-peduzzi-exprime-emotion\/#primaryimage"},"thumbnailUrl":"https:\/\/vosgesinfo.fr\/app\/uploads\/sites\/5\/2024\/09\/201908p1230205.jpg","datePublished":"2019-08-08T04:30:38+00:00","dateModified":"2019-08-08T04:30:38+00:00","breadcrumb":{"@id":"https:\/\/vosgesinfo.fr\/remiremontinfo\/2019\/08\/deces-maire-de-signes-dominique-peduzzi-exprime-emotion\/#breadcrumb"},"inLanguage":"fr-FR","potentialAction":[{"@type":"ReadAction","target":["https:\/\/vosgesinfo.fr\/remiremontinfo\/2019\/08\/deces-maire-de-signes-dominique-peduzzi-exprime-emotion\/"]}]},{"@type":"ImageObject","inLanguage":"fr-FR","@id":"https:\/\/vosgesinfo.fr\/remiremontinfo\/2019\/08\/deces-maire-de-signes-dominique-peduzzi-exprime-emotion\/#primaryimage","url":"https:\/\/vosgesinfo.fr\/app\/uploads\/sites\/5\/2024\/09\/201908p1230205.jpg","contentUrl":"https:\/\/vosgesinfo.fr\/app\/uploads\/sites\/5\/2024\/09\/201908p1230205.jpg","width":800,"height":600},{"@type":"BreadcrumbList","@id":"https:\/\/vosgesinfo.fr\/remiremontinfo\/2019\/08\/deces-maire-de-signes-dominique-peduzzi-exprime-emotion\/#breadcrumb","itemListElement":[{"@type":"ListItem","position":1,"name":"Home","item":"https:\/\/vosgesinfo.fr\/remiremontinfo\/"},{"@type":"ListItem","position":2,"name":"D\u00e9c\u00e8s du maire de Signes : Dominique Peduzzi exprime son \u00e9motion"}]},{"@type":"WebSite","@id":"https:\/\/vosgesinfo.fr\/remiremontinfo\/#website","url":"https:\/\/vosgesinfo.fr\/remiremontinfo\/","name":"Remiremont Info","description":"Toute l&#039;actualit\u00e9 de Remiremont","publisher":{"@id":"https:\/\/vosgesinfo.fr\/remiremontinfo\/#organization"},"alternateName":"Toute l'actualit\u00e9 de Remiremont","potentialAction":[{"@type":"SearchAction","target":{"@type":"EntryPoint","urlTemplate":"https:\/\/vosgesinfo.fr\/remiremontinfo\/?s={search_term_string}"},"query-input":"required name=search_term_string"}],"inLanguage":"fr-FR"},{"@type":"Organization","@id":"https:\/\/vosgesinfo.fr\/remiremontinfo\/#organization","name":"Remiremont Info","url":"https:\/\/vosgesinfo.fr\/remiremontinfo\/","logo":{"@type":"ImageObject","inLanguage":"fr-FR","@id":"https:\/\/vosgesinfo.fr\/remiremontinfo\/#\/schema\/logo\/image\/","url":"https:\/\/vosgesinfo.fr\/app\/uploads\/sites\/5\/2023\/08\/favicon-remiremontinfo.png","contentUrl":"https:\/\/vosgesinfo.fr\/app\/uploads\/sites\/5\/2023\/08\/favicon-remiremontinfo.png","width":512,"height":512,"caption":"Remiremont Info"},"image":{"@id":"https:\/\/vosgesinfo.fr\/remiremontinfo\/#\/schema\/logo\/image\/"},"sameAs":["https:\/\/www.facebook.com\/remiremontinfo","https:\/\/x.com\/VosgesInfo88","https:\/\/www.youtube.com\/@vosgesinfo"]},{"@type":"Person","@id":"https:\/\/vosgesinfo.fr\/remiremontinfo\/#\/schema\/person\/3bfd164d5218a185b1db68655a265316","name":"C D","image":{"@type":"ImageObject","inLanguage":"fr-FR","@id":"https:\/\/vosgesinfo.fr\/remiremontinfo\/#\/schema\/person\/image\/","url":"https:\/\/secure.gravatar.com\/avatar\/1f9a70007336511a47468b8f1c66f922b8b7cf617b02a31149ada43893a5d48f?s=96&d=mm&r=g","contentUrl":"https:\/\/secure.gravatar.com\/avatar\/1f9a70007336511a47468b8f1c66f922b8b7cf617b02a31149ada43893a5d48f?s=96&d=mm&r=g","caption":"C D"},"url":"https:\/\/vosgesinfo.fr\/remiremontinfo\/author\/cedric-drevet\/"}]}},"_links":{"self":[{"href":"https:\/\/vosgesinfo.fr\/remiremontinfo\/wp-json\/wp\/v2\/posts\/18751","targetHints":{"allow":["GET"]}}],"collection":[{"href":"https:\/\/vosgesinfo.fr\/remiremontinfo\/wp-json\/wp\/v2\/posts"}],"about":[{"href":"https:\/\/vosgesinfo.fr\/remiremontinfo\/wp-json\/wp\/v2\/types\/post"}],"author":[{"embeddable":true,"href":"https:\/\/vosgesinfo.fr\/remiremontinfo\/wp-json\/wp\/v2\/users\/407"}],"replies":[{"embeddable":true,"href":"https:\/\/vosgesinfo.fr\/remiremontinfo\/wp-json\/wp\/v2\/comments?post=18751"}],"version-history":[{"count":0,"href":"https:\/\/vosgesinfo.fr\/remiremontinfo\/wp-json\/wp\/v2\/posts\/18751\/revisions"}],"wp:featuredmedia":[{"embeddable":true,"href":"https:\/\/vosgesinfo.fr\/remiremontinfo\/wp-json\/wp\/v2\/media\/18752"}],"wp:attachment":[{"href":"https:\/\/vosgesinfo.fr\/remiremontinfo\/wp-json\/wp\/v2\/media?parent=18751"}],"wp:term":[{"taxonomy":"category","embeddable":true,"href":"https:\/\/vosgesinfo.fr\/remiremontinfo\/wp-json\/wp\/v2\/categories?post=18751"},{"taxonomy":"post_tag","embeddable":true,"href":"https:\/\/vosgesinfo.fr\/remiremontinfo\/wp-json\/wp\/v2\/tags?post=18751"}],"curies":[{"name":"wp","href":"https:\/\/api.w.org\/{rel}","templated":true}]}}